{"id":2883,"date":"2015-06-18T16:27:06","date_gmt":"2015-06-18T16:27:06","guid":{"rendered":"http:\/\/heidysandovalruiz.com\/?p=2883"},"modified":"2015-08-12T05:44:58","modified_gmt":"2015-08-12T05:44:58","slug":"en-la-cara-amiga-casa-de-munecas","status":"publish","type":"post","link":"https:\/\/heidysandovalruiz.com\/?p=2883","title":{"rendered":"En la cara amiga \u00abCasa de mu\u00f1ecas\u00bb"},"content":{"rendered":"<p style=\"text-align: justify;\">Hoy comparto con ustedes para \u201c<b>La cara amiga de los invitados de Heidy\u201d,<\/b> la entrevista con <b>Gerson Lam<\/b>, quien nos compartir\u00e1 la informaci\u00f3n del drama realista de Henry Ibsen que revolucion\u00f3 al mundo, me refiero a \u201cCasa de mu\u00f1ecas\u201d.<\/p>\n<p style=\"text-align: justify;\">Doy la bienvenida a Gerson asistente de la producci\u00f3n a este espacio donde se puede decir lo que se quiere y en otros lados no se puede.<\/p>\n<p style=\"text-align: justify;\"><b>\u00bfC\u00f3mo surge la idea de poner\u00a0 en escena \u201cCasa de mu\u00f1ecas? <\/b>En una pl\u00e1tica informal, durante un ensayo de otro proyecto, del a\u00f1o pasado (2014), Herbert Meneses y Rochy Arce platican sobre Casa de Mu\u00f1ecas y \u00e9l menciona que \u00a0hab\u00eda montado esta obra hace muchos a\u00f1os y que si se remontara, ella ser\u00eda un buen elemento para el papel de Nora.\u00a0 Ellos conversan sobre la posibilidad de que Rochy Arce produzca y Herbert Meneses dirija, pero con el paso de los meses, se vinieron otros compromisos y por motivos de salud, Herbert no puede continuar con el proyecto, el cual se queda rezagado. Posteriormente, para un proyecto universitario, Rochy Arce presenta una propuesta escenogr\u00e1fica creativa y el maestro la motiva para que decida entrarle de lleno y as\u00ed lo hace, Rochy empieza a armar el proyecto y a conformar el elenco.<\/p>\n<figure id=\"attachment_2885\" aria-describedby=\"caption-attachment-2885\" style=\"width: 150px\" class=\"wp-caption alignright\"><a href=\"https:\/\/heidysandovalruiz.com\/wp-content\/uploads\/2015\/06\/Rochy-Arce-es-Nora.jpg\"><img loading=\"lazy\" decoding=\"async\" class=\"size-thumbnail wp-image-2885\" alt=\"Rochy Arce es Nora\" src=\"https:\/\/heidysandovalruiz.com\/wp-content\/uploads\/2015\/06\/Rochy-Arce-es-Nora-150x150.jpg\" width=\"150\" height=\"150\" \/><\/a><figcaption id=\"caption-attachment-2885\" class=\"wp-caption-text\">Rochy Arce es Nora<\/figcaption><\/figure>\n<p style=\"text-align: justify;\"><b>\u00bfQui\u00e9n tiene la responsabilidad del montaje? <\/b>ARCE PRODUCCIONES.<b><\/b><\/p>\n<p style=\"text-align: justify;\"><b>\u00bfC\u00f3mo est\u00e1 integrado el elenco?<\/b><\/p>\n<ul>\n<li>Rochy Arce: \u00a0 \u00a0 \u00a0 \u00a0 \u00a0 \u00a0 \u00a0 \u00a0 \u00a0 \u00a0 \u00a0 \u00a0 Nora Helmer (esposa de Torvald)<\/li>\n<li>Fernando Mencos: \u00a0 \u00a0 \u00a0 \u00a0 \u00a0 \u00a0TorvaldHelmer (esposo de Nora)<\/li>\n<li>Roberto D\u00edaz Gomar: \u00a0 \u00a0 \u00a0 \u00a0Dr. Rank (amigo de los Helmer)<\/li>\n<li>Josu\u00e9 Morales:\u00a0\u00a0\u00a0\u00a0\u00a0\u00a0\u00a0\u00a0\u00a0\u00a0\u00a0\u00a0\u00a0\u00a0\u00a0\u00a0\u00a0\u00a0\u00a0 Krogstad (prestamista)<\/li>\n<li>Bitty Herrera: \u00a0 \u00a0 \u00a0 \u00a0 \u00a0 \u00a0 \u00a0 \u00a0 \u00a0 \u00a0 \u00a0Cristina de Linde (amiga de Nora)<\/li>\n<li>Ana Lilian Silva:\u00a0\u00a0\u00a0\u00a0\u00a0\u00a0\u00a0\u00a0\u00a0\u00a0\u00a0\u00a0\u00a0\u00a0\u00a0\u00a0\u00a0 Mariana (ni\u00f1era de Nora y ahora de sus hijos)<\/li>\n<\/ul>\n<p style=\"text-align: justify;\"><b>\u00bfCu\u00e1l es el escenario donde se presentar\u00e1 esta obra y cu\u00e1ntas funciones se llevar\u00e1n a cabo? <\/b>CASA DE MU\u00d1ECAS es una obra tan rica en todo su concepto integral, que permite que la producci\u00f3n sea tan original y creativa para poder conjugar una propuesta escenogr\u00e1fica libre de prejuicios. <b><\/b><\/p>\n<figure id=\"attachment_2886\" aria-describedby=\"caption-attachment-2886\" style=\"width: 150px\" class=\"wp-caption alignleft\"><a href=\"https:\/\/heidysandovalruiz.com\/wp-content\/uploads\/2015\/06\/Bitty-Herrera-es-Cristina.jpg\"><img loading=\"lazy\" decoding=\"async\" class=\"size-thumbnail wp-image-2886\" alt=\"Bitty Herrera es Cristina\" src=\"https:\/\/heidysandovalruiz.com\/wp-content\/uploads\/2015\/06\/Bitty-Herrera-es-Cristina-150x150.jpg\" width=\"150\" height=\"150\" \/><\/a><figcaption id=\"caption-attachment-2886\" class=\"wp-caption-text\">Bitty Herrera es Cristina<\/figcaption><\/figure>\n<p style=\"text-align: justify;\">ARCE PRODUCCIONES presenta un montaje visual de alta calidad y completamente original, creativo, moderno y fresco.\u00a0\u00a0 Lo que el espectador ver\u00e1 desde su perspectiva es claramente \u201cuna casa de mu\u00f1ecas\u201d. El p\u00fablico podr\u00e1 ver un drama realista dentro de una est\u00e9tica visual irreal en cuanto al uso de colores poco convencionales.\u00a0 Para los personajes principales, \u201csu casa\u201d es normal y tan real como cualquier otra, as\u00ed como las situaciones en las que se desenvuelven, pero el p\u00fablico es el \u00fanico que percibe la irrealidad est\u00e9tica as\u00ed como la realidad de los hechos, desde fuera (como en la ventana de Johari &#8211; el cuadrante del <b>\u00e1rea ciega &#8211; <\/b><b>lo que los otros perciben pero nosotros no)<\/b>.<b><\/b><\/p>\n<figure id=\"attachment_2892\" aria-describedby=\"caption-attachment-2892\" style=\"width: 150px\" class=\"wp-caption alignright\"><a href=\"https:\/\/heidysandovalruiz.com\/wp-content\/uploads\/2015\/06\/10526121_1374596796204065_2653419656588210256_n.jpg\"><img loading=\"lazy\" decoding=\"async\" class=\"size-thumbnail wp-image-2892 \" alt=\"10526121_1374596796204065_2653419656588210256_n\" src=\"https:\/\/heidysandovalruiz.com\/wp-content\/uploads\/2015\/06\/10526121_1374596796204065_2653419656588210256_n-150x150.jpg\" width=\"150\" height=\"150\" \/><\/a><figcaption id=\"caption-attachment-2892\" class=\"wp-caption-text\">Herbert Meneses<\/figcaption><\/figure>\n<p style=\"text-align: justify;\"><b><\/b><b>Pero en esta actividad se le rendir\u00e1 un homenaje al\u00a0 maestro de las artes esc\u00e9nicas Herberth Meneses, cu\u00e9ntanos al respecto? <\/b>HERBERT MENESES es un connotado artista nacional, director, gran maestro de las artes esc\u00e9nicas, actor de teatro y de reconocidos largometrajes guatemaltecos con una respetable y reconocida trayectoria art\u00edstica.<\/p>\n<p style=\"text-align: justify;\">Su aportaci\u00f3n al arte, la cultura y el legado art\u00edstico que Meneses ha dejado en Guatemala son motivo para rendir homenaje a este gran artista, de una gran calidad humana y que por su carisma ha sabido ganarse la simpat\u00eda de su p\u00fablico, amigos, disc\u00edpulos y seguidores.<\/p>\n<p style=\"text-align: justify;\">Herbert Meneses mont\u00f3 y dirigi\u00f3 la obra Casa de Mu\u00f1ecas en Guatemala en los a\u00f1os 70 y desde entonces la obra no se ha vuelto a presentar en cartelera nacional.\u00a0\u00a0\u00a0 Dada la coyuntura, se hace muy oportuno dedicar este estreno a este gran director.\u00a0\u00a0 Sin duda, esta nueva puesta en escena tiene una est\u00e9tica visual muy diferente al montaje anterior, porque se ha hecho una adaptaci\u00f3n a los tiempos modernos.<\/p>\n<p style=\"text-align: justify;\"><strong>\u00bfCu\u00e1les son los puntos clave del evento?<\/strong><\/p>\n<p style=\"text-align: justify;\">&#8211;\u00a0\u00a0\u00a0\u00a0\u00a0\u00a0\u00a0\u00a0\u00a0 <b>CONDUCCI\u00d3N DEL EVENTO:\u00a0 <\/b>Por<b>TUTI FURL\u00c1N\u00a0 (Guatevisi\u00f3n).<\/b><\/p>\n<p style=\"text-align: justify;\">&#8211;\u00a0\u00a0\u00a0\u00a0\u00a0\u00a0\u00a0\u00a0\u00a0 <b>PARTICIPACI\u00d3N DE M\u00daSICOS: <\/b>William Orbaugh y Paulo Alvarado.<\/p>\n<p style=\"text-align: justify;\">&#8211;\u00a0\u00a0\u00a0\u00a0\u00a0\u00a0\u00a0\u00a0\u00a0 <b>BRINDIS POR HOMENAJE:\u00a0 <\/b>Al finalizar la obra, con los artistas.<\/p>\n<p style=\"text-align: justify;\">&#8211;\u00a0\u00a0\u00a0\u00a0\u00a0\u00a0\u00a0\u00a0\u00a0 <b>CONVOCATORIA: <\/b>Se ha convocado con invitaci\u00f3n personal, a distinguidas personalidades del \u00e1mbito art\u00edstico, entidades privadas y gubernamentales (la Alcald\u00eda, la Municipalidad, el Ministerio de Cultura), miembros del cuerpo diplom\u00e1tico en Guatemala a trav\u00e9s de GRULAC \u2013 Grupo de Pa\u00edses de Am\u00e9rica Latina y del Caribe, acad\u00e9micos y directores de diferentes universidades e instituciones culturales, entre otros.<\/p>\n<p style=\"text-align: justify;\">&#8211;\u00a0\u00a0\u00a0\u00a0\u00a0\u00a0\u00a0\u00a0\u00a0 <b>DIVULGACI\u00d3N: <\/b>Se espera una divulgaci\u00f3n masiva a trav\u00e9s de las redes sociales y de todos los medios de comunicaci\u00f3n, para dar a conocer el evento y la temporada de la obra.\u00a0 Con algunos ya se tienen confirmadas\u00a0 entrevistas y reportajes para el d\u00eda del homenaje.<\/p>\n<figure id=\"attachment_2887\" aria-describedby=\"caption-attachment-2887\" style=\"width: 150px\" class=\"wp-caption alignleft\"><a href=\"https:\/\/heidysandovalruiz.com\/wp-content\/uploads\/2015\/06\/Roberto-D\u00edaz-Gomar-es-Rank.jpg\"><img loading=\"lazy\" decoding=\"async\" class=\"size-thumbnail wp-image-2887\" alt=\"Roberto D\u00edaz Gomar es Rank\" src=\"https:\/\/heidysandovalruiz.com\/wp-content\/uploads\/2015\/06\/Roberto-D\u00edaz-Gomar-es-Rank-150x150.jpg\" width=\"150\" height=\"150\" \/><\/a><figcaption id=\"caption-attachment-2887\" class=\"wp-caption-text\">Roberto D\u00edaz Gomar es Rank<\/figcaption><\/figure>\n<p style=\"text-align: justify;\"><b>\u00bfPuedes compartirnos cu\u00e1l es el enfoque de esta obra? <\/b>CASA DE MU\u00d1ECAS\u00a0es la obra m\u00e1s representativa de\u00a0HENRIK IBSEN.\u00a0\u00a0 En ella, el escritor noruego retrata la situaci\u00f3n de la mujer en la sociedad del siglo XIX a partir de la vida de Nora Helmer, que no s\u00f3lo se convirti\u00f3 en su personaje m\u00e1s emblem\u00e1tico, sino que lleg\u00f3 a ser un \u00edcono cultural de la liberaci\u00f3n de la mujer y la igualdad de g\u00e9nero, cuyo tema central sigue siendo una realidad en nuestra sociedad. <b><\/b><\/p>\n<p style=\"text-align: justify;\"><b><\/b><b>\u00bfQui\u00e9n es responsable de la\u00a0 adaptaci\u00f3n? <\/b>Alfredo Porras Smith es quien hace la adaptaci\u00f3n y la conversi\u00f3n a los tiempos modernos puesto que la obra tiene vigencia a\u00fan en nuestros d\u00edas.<\/p>\n<p style=\"text-align: justify;\"><b>\u00bfCu\u00e1ntos meses se llevaron en la preparaci\u00f3n? <\/b>Los preparativos empiezan en marzo y los ensayos en abril 2015<b><\/b><\/p>\n<p style=\"text-align: justify;\"><b>\u00bfQu\u00e9 esperan de p\u00fablico en las presentaciones que se tienen programadas? <\/b>El proyecto ha ido creciendo y creciendo conforme han ido avanzando las semanas.\u00a0 Hay mucha expectativa del p\u00fablico, pero todos y cada uno de los actores han ido trabajando arduamente en cada uno de sus personajes.\u00a0 Asimismo, la producci\u00f3n es de muy alta calidad y se espera una afluencia bastante fuerte.<\/p>\n<figure id=\"attachment_2888\" aria-describedby=\"caption-attachment-2888\" style=\"width: 150px\" class=\"wp-caption alignright\"><a href=\"https:\/\/heidysandovalruiz.com\/wp-content\/uploads\/2015\/06\/Fernando-Mencos-es-Torvald-Helmer.jpg\"><img loading=\"lazy\" decoding=\"async\" class=\"size-thumbnail wp-image-2888\" alt=\"Fernando Mencos es Torvald Helmer\" src=\"https:\/\/heidysandovalruiz.com\/wp-content\/uploads\/2015\/06\/Fernando-Mencos-es-Torvald-Helmer-150x150.jpg\" width=\"150\" height=\"150\" \/><\/a><figcaption id=\"caption-attachment-2888\" class=\"wp-caption-text\">Fernando Mencos es Torvald Helmer<\/figcaption><\/figure>\n<p style=\"text-align: justify;\"><b>\u00bfHay posibilidades de ampliar las fechas de las funciones? <\/b>Por supuesto que hay una alta posibilidad de extenderse en las 2 primeras semanas de julio, pero depender\u00e1 de la respuesta y aceptaci\u00f3n del p\u00fablico.<b><\/b><\/p>\n<p style=\"text-align: justify;\"><strong>\u00bfEn d\u00f3nde se pueden adquirir las entradas antes y el d\u00eda del evento?<\/strong><\/p>\n<p style=\"text-align: justify;\">Los boletos est\u00e1n en preventa en Todoticket, v\u00eda online o f\u00edsicamente en los siguientes puntos de venta:<\/p>\n<ul style=\"text-align: justify;\">\n<li><a href=\"http:\/\/www.todoticket.com\/#!entry\/46\">&amp;Caf\u00e9 Oakland Mall<\/a><\/li>\n<li><a href=\"http:\/\/www.todoticket.com\/#!entry\/45\">&amp;Caf\u00e9 C.C. Miraflores<\/a><\/li>\n<li><a href=\"http:\/\/www.todoticket.com\/#!entry\/44\">Kiosko Plaza Futeca<\/a><\/li>\n<li><a href=\"http:\/\/www.todoticket.com\/#!entry\/43\">Kiosko C.C. Galer\u00edas Primma<\/a><\/li>\n<li><a href=\"http:\/\/www.todoticket.com\/#!entry\/42\">Kiosko C.C. Escala Carr. a El Salvador<\/a><\/li>\n<li><a href=\"http:\/\/www.todoticket.com\/#!entry\/40\">Kiosco Plaza Obelisco<\/a><\/li>\n<\/ul>\n<p style=\"text-align: justify;\">\u00a0En preventa: Precio: Q.80 individual o Q. 120 por pareja.<\/p>\n<p style=\"text-align: justify;\">El d\u00eda del evento en la taquilla.\u00a0 Precio: Q100 individual o Q. 150 por pareja.<\/p>\n<figure id=\"attachment_2889\" aria-describedby=\"caption-attachment-2889\" style=\"width: 150px\" class=\"wp-caption alignleft\"><a href=\"https:\/\/heidysandovalruiz.com\/wp-content\/uploads\/2015\/06\/Ana-Lillian-Silva-es-MARIANA.jpg\"><img loading=\"lazy\" decoding=\"async\" class=\"size-thumbnail wp-image-2889\" alt=\"Ana Lillian Silva es MARIANA\" src=\"https:\/\/heidysandovalruiz.com\/wp-content\/uploads\/2015\/06\/Ana-Lillian-Silva-es-MARIANA-150x150.jpg\" width=\"150\" height=\"150\" \/><\/a><figcaption id=\"caption-attachment-2889\" class=\"wp-caption-text\">Ana Lillian Silva es MARIANA<\/figcaption><\/figure>\n<p style=\"text-align: justify;\"><b>\u00bfEn redes sociales donde se les localiza? <\/b>P\u00e1gina de la Productora Art\u00edstica:\u00a0 ARCE PRODUCCIONES \/ <b>\u00a0<\/b>Evento:\u00a0 casademu\u00f1ecasgt \/ Homenaje a Herbert Meneses<\/p>\n<p style=\"text-align: justify;\">Ha sido un gusto compartir la informaci\u00f3n de \u201cCasa de mu\u00f1ecas\u201d y agradecer a Gerson Lam, la oportunidad de llevarles a ustedes aspectos importantes de esta obra.\u00a0 Les deseamos que sea todo un \u00e9xito.<\/p>\n<p style=\"text-align: justify;\">Les invitamos para que se unan al grupo de \u00ab<b>Artistas de Guatemala para el Mundo<\/b>\u00bb en este link<b>\u00a0<\/b><a href=\"http:\/\/on.fb.me\/1sn2wSf\"><b>http:\/\/on.fb.me\/1sn2wSf<\/b><\/a>,\u00a0el cual tiene como prop\u00f3sito compartir videos, fotos, an\u00e9cdotas y todo lo de nuestros artistas en las diferentes d\u00e9cadas.<\/p>\n<p style=\"text-align: justify;\">Hemos creado el grupo \u201cLas entrevistas de Heidy\u201d que pueden localizar en <a href=\"http:\/\/on.fb.me\/1QxKypc\">http:\/\/on.fb.me\/1QxKypc<\/a><\/p>\n<p style=\"text-align: justify;\">Tambi\u00e9n ponemos a su disposici\u00f3n el grupo \u201c<b>Un siglo de anuncios<\/b>\u201d, un espacio donde pueden compartir o comentar los post que se publiquen <a href=\"http:\/\/on.fb.me\/1vASm2g\">http:\/\/on.fb.me\/1vASm2g<\/a><\/p>\n<p style=\"text-align: justify;\"><b>\u00a0<\/b><\/p>\n<p style=\"text-align: justify;\"><b>Las entrevistas las pueden leer en los siguientes links:<\/b><\/p>\n<p><a href=\"http:\/\/lasentrevistasdeheidy.blogspot.com\">http:\/\/lasentrevistasdeheidy.blogspot.com<\/a><\/p>\n<p><a title=\"Los invitados de Heidy\" href=\"https:\/\/www.facebook.com\/pages\/Los-invitados-de-Heidy\/892159284204965?ref=hl\">https:\/\/www.facebook.com\/pages\/Los-invitados-de-Heidy\/892159284204965?ref=hl<\/a><\/p>\n<p>&nbsp;<\/p>\n<p><b>Entrevista Heidy Sandoval Ruiz<\/b><\/p>\n","protected":false},"excerpt":{"rendered":"<div class=\"mh-excerpt\"><p>Hoy comparto con ustedes para \u201cLa cara amiga de los invitados de Heidy\u201d, la entrevista con Gerson Lam, quien nos compartir\u00e1 la informaci\u00f3n del drama <a class=\"mh-excerpt-more\" href=\"https:\/\/heidysandovalruiz.com\/?p=2883\" title=\"En la cara amiga \u00abCasa de mu\u00f1ecas\u00bb\">[&#8230;]<\/a><\/p>\n<\/div>","protected":false},"author":4,"featured_media":2894,"comment_status":"closed","ping_status":"closed","sticky":false,"template":"","format":"standard","meta":{"footnotes":""},"categories":[16],"tags":[237],"class_list":["post-2883","post","type-post","status-publish","format-standard","has-post-thumbnail","hentry","category-la-cara-amiga","tag-en-la-cara-amiga-casa-de-munecas"],"_links":{"self":[{"href":"https:\/\/heidysandovalruiz.com\/index.php?rest_route=\/wp\/v2\/posts\/2883","targetHints":{"allow":["GET"]}}],"collection":[{"href":"https:\/\/heidysandovalruiz.com\/index.php?rest_route=\/wp\/v2\/posts"}],"about":[{"href":"https:\/\/heidysandovalruiz.com\/index.php?rest_route=\/wp\/v2\/types\/post"}],"author":[{"embeddable":true,"href":"https:\/\/heidysandovalruiz.com\/index.php?rest_route=\/wp\/v2\/users\/4"}],"replies":[{"embeddable":true,"href":"https:\/\/heidysandovalruiz.com\/index.php?rest_route=%2Fwp%2Fv2%2Fcomments&post=2883"}],"version-history":[{"count":4,"href":"https:\/\/heidysandovalruiz.com\/index.php?rest_route=\/wp\/v2\/posts\/2883\/revisions"}],"predecessor-version":[{"id":2895,"href":"https:\/\/heidysandovalruiz.com\/index.php?rest_route=\/wp\/v2\/posts\/2883\/revisions\/2895"}],"wp:featuredmedia":[{"embeddable":true,"href":"https:\/\/heidysandovalruiz.com\/index.php?rest_route=\/wp\/v2\/media\/2894"}],"wp:attachment":[{"href":"https:\/\/heidysandovalruiz.com\/index.php?rest_route=%2Fwp%2Fv2%2Fmedia&parent=2883"}],"wp:term":[{"taxonomy":"category","embeddable":true,"href":"https:\/\/heidysandovalruiz.com\/index.php?rest_route=%2Fwp%2Fv2%2Fcategories&post=2883"},{"taxonomy":"post_tag","embeddable":true,"href":"https:\/\/heidysandovalruiz.com\/index.php?rest_route=%2Fwp%2Fv2%2Ftags&post=2883"}],"curies":[{"name":"wp","href":"https:\/\/api.w.org\/{rel}","templated":true}]}}