{"id":2925,"date":"2015-07-06T04:32:37","date_gmt":"2015-07-06T04:32:37","guid":{"rendered":"http:\/\/heidysandovalruiz.com\/?p=2925"},"modified":"2015-08-12T04:50:52","modified_gmt":"2015-08-12T04:50:52","slug":"la-cara-amiga-de-aura-guerrero","status":"publish","type":"post","link":"https:\/\/heidysandovalruiz.com\/?p=2925","title":{"rendered":"La cara amiga de \u00abAura Guerrero\u00bb"},"content":{"rendered":"<p style=\"text-align: justify;\">En esta oportunidad presento a ustedes en \u201c<strong>La cara amiga de los invitados de Heidy<\/strong>\u201d, la historia de <strong>Aura Guerrero<\/strong>, cantante, soprano coloratura, ejecuta varios instrumentos y recibi\u00f3 clases de ballet cl\u00e1sico. De esto y mucho m\u00e1s nos platicar\u00e1 nuestra invitada quien desde hace varios a\u00f1os radica en Grecia, pa\u00eds al que fue a radicarse porque el amor llam\u00f3 a su puerta.<\/p>\n<p style=\"text-align: justify;\">Doy la cordial bienvenida a Aura Guerrero a este espacio donde se puede decir lo que se quiere y en otros no se puede.<\/p>\n<p style=\"text-align: justify;\"><strong>Inicio la entrevista pregunt\u00e1ndote \u00bfC\u00f3mo recuerdas los momentos de tu juventud, que hac\u00edas, d\u00f3nde viv\u00edas?<\/strong> Hace tantos a\u00f1os, pero de lo que me acuerdo es que aparte del colegio, la mayor parte del tiempo me gustaba cantar y bailar, a veces cuando llov\u00eda, me encantaba salir, dando vueltas entre la lluvia y cantar.<\/p>\n<p style=\"text-align: justify;\">Mi padre V\u00edctor Manuel Guerrero Morales, me dijo un d\u00eda que tenia la voz de mi madre, porque ella cantaba lindo!!! su nombre es Berta Lili Mazariegos de Guerrero, ella se dedicaba a sus hijos y su hogar; Mi padre era un catedr\u00e1tico de m\u00fasica, tocaba varios instrumentos, como: marimba, piano, trompeta, saxof\u00f3n, armonio, \u00f3rgano, y daba clases de cada instrumento. Siempre me encantaba verlo y escucharlo y un d\u00eda cuando estaba tocando la trompeta me puse a imitarlo a escondidas y me encontr\u00f3 y recuerdo que me dijo: ven ac\u00e1, y le dije \u00bfsi pap\u00e1? se puso en el piano y cada sonido que escuches lo podr\u00edas cantar? y yo le dije si pap\u00e1 y as\u00ed fue como se dio cuenta que ten\u00eda bastante extensi\u00f3n en la voz y talento.<\/p>\n<p style=\"text-align: justify;\">Aparte de eso era muy!!! pero muy traviesa, y caprichosa, aprovechando la debilidad que me ten\u00eda mi padre.<\/p>\n<p style=\"text-align: justify;\"><strong>\u00bfPor qu\u00e9 decides dedicarte al canto?<\/strong> cuando mi pap\u00e1 se dio cuenta que ten\u00eda talento, me llev\u00f3 al Conservatorio Nacional de M\u00fasica, buscando un profesor de canto para que me guiara en el canto, y as\u00ed encontr\u00f3 a la distinguida Yolanda de Paniagua soprano, la cual le dijo que era muy peque\u00f1a para estudiar \u00f3pera por lo que tendr\u00eda que esperar a cumplir 16 a\u00f1os.<\/p>\n<p style=\"text-align: justify;\"><strong>\u00bfQu\u00e9 recuerdos vienen a tu mente si te menciono el programa \u201cBuscando Estrellas?<\/strong> Fue un programa fabuloso, con Jorge M\u00e9ndez una gran persona, en la cual del primer concurso gan\u00e9 el primer lugar, participando con muchos cantantes y lindas voces, pero la suerte la tuve yo, si no mal me acuerdo era cada s\u00e1bado, que sacaban a un finalista, y despu\u00e9s lleg\u00f3 el final, en el que tuve la oportunidad de conocerme con Sandra Patricia Molina, una cantante, muy buena y muy risue\u00f1a, y tambi\u00e9n con Mar\u00eda Velasco y otros, grandes de la canci\u00f3n. Lleg\u00f3 el final en el que ten\u00edamos que concursar todos los que hab\u00edamos ganado el primer lugar, cant\u00e9 \u201cJam\u00e1s\u201d de Camilo Sesto, y de los nervios se me olvid\u00f3 un p\u00e1rrafo de la canci\u00f3n, y aun as\u00ed gan\u00e9 el segundo lugar y Patricia Molina el primero, fueron momentos muy lindos llenos de suspenso.<\/p>\n<p style=\"text-align: justify;\"><strong>\u00bfRecuerdas a tus compa\u00f1eros que sobresal\u00edan en ese momento?<\/strong> eran muchos los cantantes que nos conocimos, incontables y buenas voces la una mejor que la otra gran programa \u201cBuscando Estrellas\u201d. Recuerdo a los compa\u00f1eros que sobresal\u00edan en ese momento, todos \u00e9ramos muy unidos, y el uno ayudaba al otro, cuando cantaban les hac\u00edamos coro y viceversa, no hab\u00edan envidias, nos junt\u00e1bamos en el camerino a comer y a platicar, de como nos sent\u00edamos y esper\u00e1bamos cada semana un nuevo ganador, y a felicitarlo.<\/p>\n<p style=\"text-align: justify;\"><strong>\u00bfCu\u00e9ntanos en qu\u00e9 momento formas parte del Grupo Tab\u00fa?<\/strong> un gran grupo de grandes artistas con una excelente cantante que formaba parte del grupo mi querid\u00edsima amiga y colega Rebeca Morales Ortiz \u201cRebesalsa\u201d, en el cual tuve el honor de ser acompa\u00f1ada por ese grupo, en el cual todos eran excelentes m\u00fasicos, muy queridas personas y admiradas.<\/p>\n<p style=\"text-align: justify;\"><strong>\u00bfQuiz\u00e1s pocos recuerden tu participaci\u00f3n en la OTI Guatemala, recuerdas qui\u00e9n fue el maestro que prepar\u00f3 los arreglos de tu canci\u00f3n?<\/strong> fue una gran experiencia para mi inolvidable. Participamos muchos cantantes con muy lindas voces, dif\u00edcil concursar, eran con mucha experiencia y profesionales, tambi\u00e9n, tuve la oportunidad de conocer a Roberto Rey, Herman May y Arkangel de Le\u00f3n y nuevamente estuvimos otra vez juntas con Sandra Patricia Molina, QEPD.<\/p>\n<p style=\"text-align: justify;\">El maestro que prepar\u00f3 los arreglos, de la canci\u00f3n fue nada m\u00e1s y nada menos, que mi querido amigo y compa\u00f1ero de estudios en el Conservatorio Nacional de M\u00fasica, un gran compositor y gran pianista, Vinicio Quezada a quien quiero mucho y lo respeto como m\u00fasico.<\/p>\n<p style=\"text-align: justify;\"><strong>\u00bfRecibiste clases de m\u00fasica en el Conservatorio Nacional?<\/strong> Pas\u00e9 casi toda mi juventud, desde los 10 a\u00f1os becada.<\/p>\n<p style=\"text-align: justify;\"><strong>A prop\u00f3sito \u00bfSabes ejecutar alg\u00fan instrumento?<\/strong> Tuve la oportunidad, de aprender a tocar, piano, 4 a\u00f1os de estudios, viol\u00edn 4, armonio 2 y arpa 1 a\u00f1o.<\/p>\n<p style=\"text-align: justify;\"><strong><a href=\"https:\/\/heidysandovalruiz.com\/wp-content\/uploads\/2015\/07\/10525775_809513892489860_3725129122982153093_n.jpg\"><img loading=\"lazy\" decoding=\"async\" class=\"size-medium wp-image-2927 alignleft\" alt=\"10525775_809513892489860_3725129122982153093_n\" src=\"https:\/\/heidysandovalruiz.com\/wp-content\/uploads\/2015\/07\/10525775_809513892489860_3725129122982153093_n-300x225.jpg\" width=\"300\" height=\"225\" srcset=\"https:\/\/heidysandovalruiz.com\/wp-content\/uploads\/2015\/07\/10525775_809513892489860_3725129122982153093_n-300x225.jpg 300w, https:\/\/heidysandovalruiz.com\/wp-content\/uploads\/2015\/07\/10525775_809513892489860_3725129122982153093_n.jpg 960w\" sizes=\"auto, (max-width: 300px) 100vw, 300px\" \/><\/a>\u00bfC\u00f3mo recuerdas tus participaciones en la \u201cFantas\u00eda Musical\u201d?<\/strong> Fueron tan lindos recuerdos el estar cantando con tan gratos y admirables cantantes como nuestra Alondra Alicia Azurdia, Elizabeth de Guatemala, Carmen Yolanda, Brenda Leticia Rebeca Ortiz, Arkangel de Le\u00f3n Paco C\u00e1ceres y otros que no me puedo acordar en este momento de los nombres, pero en mi coraz\u00f3n y en mi mente tengo grabados sus rostros, y sus sonrisas, bellos momentos y una bella experiencia, grande.<\/p>\n<p style=\"text-align: justify;\"><strong>\u00bfQu\u00e9 grado musical posees?<\/strong> Bueno lo que te s\u00e9 decir es que termin\u00e9 la \u00f3pera, con 5 a\u00f1os, 2 de teatro, pero en el teatro no te puedo decir que era muy buena porque me daba risa, jiji. pero yo intent\u00e9. Estudie todo lo que era relacionado y obligatorio en la m\u00fasica cl\u00e1sica, como: armon\u00eda, la cual estudi\u00e9 con mi gran maestro, compositor y director de orquesta, Jorge Sarmientos, con quien \u00e9ramos compa\u00f1eros de estudio.<\/p>\n<p style=\"text-align: justify;\">En ese tiempo con Jorge Sarmientos junior, mi gran amigo con quien tenemos comunicaci\u00f3n, el se encuentra en Brasil con una gran orquesta y un coro de 200 personas le deseo \u00e9xitos. Y para continuar con el tema de mis estudios musicales te cuento que hice bachierato musical en el Conservatorio, recuerdo que era en el primer piso en la noche, y me hicieron las equivalencias de la m\u00fasica en la cual no necesitaba aprender m\u00e1s.<\/p>\n<p style=\"text-align: justify;\"><strong>\u00bfParticipaste en festivales y ganaste alg\u00fan reconocimiento?<\/strong> Particip\u00e9 en un concurso de joven prodigio, de unos personajes que vinieron de New York, necesitaban precisamente un prodigio y fue as\u00ed de repente, que nos dieron el aviso a todos los estudiantes que si quer\u00edamos participar, y yo sin preguntarles a mis pap\u00e1s, pues no lo cre\u00ed necesario, la verdad es que no pens\u00e9 que era tan serio, y me inscrib\u00ed, le ped\u00ed la ayuda a Vinicio Quezada mi gran amigo y preparamos, una actuaci\u00f3n, donde tocaba el viol\u00edn, el piano y cantaba a la vez acompa\u00f1ada por el maestro jiji tenia como 13 a\u00f1os \u00e9ramos muy jovencitos, Vinicio siempre era muy servicial.<\/p>\n<p style=\"text-align: justify;\">Como an\u00e9cdota te cuento que nunca dec\u00eda que no! pero cuando algo no lo escuchaba bien? exclamaba, est\u00e1 horrible!!! ayyy!!!! mis o\u00eddos jaja que recuerdos. Bueno, la cuesti\u00f3n es que gan\u00e9 el primer lugar, fuimos pocos los que nos inscribimos para participar, asistieron de otros colegios que del Conservatorio fue una audici\u00f3n sin p\u00fablico solo con esos personajes; me dijeron que quer\u00edan hablar con mis padres y yo asustada les pregunt\u00e9 por qu\u00e9!!! qu\u00e9 hice!!! no nada me contestaron es porque cantas lindo y te queremos llevar a New York para que sigas hacienda las pel\u00edculas que hacia Diana Durvin hac\u00ed me acuerdo que me dijeron, bueno para no cansarte, es que: mi papa? Rotundamente dijo no!! y bueno ya sabes peque\u00f1a con sue\u00f1os, berrinche llanto hasta que se me quit\u00f3, en ese tiempo no dejaban que sus hijos se fueran al exterior y m\u00e1s si era mujer.<a href=\"https:\/\/heidysandovalruiz.com\/wp-content\/uploads\/2015\/07\/10734081_712128582205508_1760709643142806487_n.jpg\"><img loading=\"lazy\" decoding=\"async\" class=\"size-medium wp-image-2928 alignright\" alt=\"10734081_712128582205508_1760709643142806487_n\" src=\"https:\/\/heidysandovalruiz.com\/wp-content\/uploads\/2015\/07\/10734081_712128582205508_1760709643142806487_n-300x208.jpg\" width=\"300\" height=\"208\" srcset=\"https:\/\/heidysandovalruiz.com\/wp-content\/uploads\/2015\/07\/10734081_712128582205508_1760709643142806487_n-300x208.jpg 300w, https:\/\/heidysandovalruiz.com\/wp-content\/uploads\/2015\/07\/10734081_712128582205508_1760709643142806487_n.jpg 757w\" sizes=\"auto, (max-width: 300px) 100vw, 300px\" \/><\/a><\/p>\n<p style=\"text-align: justify;\"><strong>Eres una artista muy completa \u00bfQu\u00e9 recuerdas de tus clases de ballet?<\/strong> Cuando en el Conservatorio dijeron que era imposible que estudiara canto por la edad, mi pap\u00e1 me pregunt\u00f3 si quer\u00eda estudiar ballet, y yo alegre le dije siiiii!!! Aunque dijeron que era un poco grandecita para entrar al ballet pero aun as\u00ed, me aceptaron, empec\u00e9 normalmente, estaba todo cerca, por una puerta del Conservatorio entras al edificio del ballet y andaba siempre corriendo, hasta que llegu\u00e9 al tercer a\u00f1o de ballet cl\u00e1sico, y empec\u00e9 a tener problemas con una u\u00f1a que se me encarnaba y como no pod\u00eda usar zapatillas tuve que seguir con ballet moderno pues ten\u00eda la facilidad de ensayar descalza, estudi\u00e9 como por 4 a\u00f1os, pero lamentablemente ya no pude seguir eran muchos los estudios y no me daba tiempo ni para respirar, porque mientras en mis estudios musicales los grados sub\u00edan era m\u00e1s grande la responsabilidad y te exig\u00edan mas.<\/p>\n<p style=\"text-align: justify;\"><strong>Pero una de las actividades m\u00e1s importantes que has realizado fue que formaste parte de la Orquesta del Conservatorio Nacional \u00bfCu\u00e9ntanos de tu experiencia al respecto?<\/strong> Form\u00e9 parte en la Orquesta de estudiantes del Conservatorio Nacional de M\u00fasica y formaba parte tambi\u00e9n en la Orquesta Juvenil de M\u00fasica en la cual ten\u00eda miembros del ej\u00e9rcito y del Colegio Americano, las experiencias al respecto fueron maravillosas!!!! ojal\u00e1 que se pudieran regresar los a\u00f1os atr\u00e1s, y volviera a vivir esos bellos momentos.<\/p>\n<p style=\"text-align: justify;\">Recuerdo que viaj\u00e1bamos a casi toda Centro Am\u00e9rica y en M\u00e9xico, adem\u00e1s ten\u00edamos profesores que nos cuidaban, y nos llevaban a dar vueltas para que conoci\u00e9ramos los lugares en donde nos present\u00e1bamos. Que lindos recuerdos con mis compa\u00f1eros y compa\u00f1eras todos unidos y queridos fue una gran bendici\u00f3n el haber podido tener esas bellas experiencias. Gracias por hacerme revivir esos momentos tan bellos e importantes en mi vida.<\/p>\n<p style=\"text-align: justify;\"><strong>\u00bfRecuerdas algunos de los lugares en los que te presentabas?<\/strong> si me recuerdo unos de los lugares donde me presentaba como cantante de \u00f3pera, fue el Conservatorio Nacional de M\u00fasica, cantando la flauta m\u00e1gica, en la Alianza Francesa, en Cob\u00e1n en el concierto para una sola voz, de Mozart. fue una excelente experiencia, mucha gente me dec\u00eda que les gustaba, como cantaba.<\/p>\n<p style=\"text-align: justify;\">Cuando cantaba serraba mis ojos, y me entregaba al mundo de la m\u00fasica y volaba con las m\u00e1gicas notas y cuando terminaba de cantar me acuerdo que sent\u00eda como que despertaba de un sue\u00f1o lindo, con los aplausos de el bello p\u00fablio, en ese tiempo me recuerdo que muchas personas me ped\u00edan mi nombre y mi tel\u00e9fono por que quer\u00edan que les cantara cuando se casaran, y yo nunca dec\u00eda que no siempre me encantaba brindar mi voz.. Tambi\u00e9n con el Coro del Conservatorio Nacional de M\u00fasica, fui la solista con mi querido profesor Luis Felipe Ortega y tambi\u00e9n fui la solista del Coro de la Universidad de San Carlos.<\/p>\n<p style=\"text-align: justify;\"><strong>\u00bfQu\u00e9 significado tiene para ti la d\u00e9cada de los a\u00f1os setentas?<\/strong> unos a\u00f1os llenos de ilusiones, de sue\u00f1os, me acuerdo que siempre en ese entonces, cuando quer\u00eda meditar mis sue\u00f1os me encerraba en mi estudio en el Conservatorio Nacional y me pon\u00eda a tocar en el piano, \u201cClaro de luna de Bethoven\u201d, no s\u00e9 porque pero, esa sonata contiene algo dentro de ella que expresa mi vida, desde que me acuerdo de mi existencia, y tuve como todo el mundo mis secretos silenciosos que solo esta sonata que la siento a\u00fan como mi mejor amiga, confidente que fue la \u00fanica que me pod\u00eda escuchar sin siquiera tener que hablar, solo cerrando los ojos y toc\u00e1ndola, ella me permit\u00eda expresar mis sentimientos.<\/p>\n<p style=\"text-align: justify;\">En los a\u00f1os setenta lo \u00fanico que so\u00f1aba, era cantarle a todo el mundo, nunca pens\u00e9 en el dinero, solo en cantar, nunca pens\u00e9 en grabar discos, solo en cantar.<\/p>\n<p style=\"text-align: justify;\"><strong>\u00bfPor qu\u00e9 te vas a radicar a Grecia y desde cu\u00e1ndo?<\/strong> Cuando vine a Grecia, lo hice solamente por un mes porque ten\u00eda que regresar a seguir mis estudios, termin\u00e9 con la \u00f3pera y ten\u00eda que presentarme, y continuar con mis dem\u00e1s estudios y no regres\u00e9 nunca m\u00e1s, Las circunstancias de la vida, porque ten\u00eda otros proyectos, y tambi\u00e9n contratos que cumplir, en los cuales no cumpl\u00ed!!! no porque no quisiera si no porque no pude! me sent\u00ed agobiada y triste, pero la vida es as\u00ed. vine a Grecia el 3 de noviembre de 1983, jovencita con una ni\u00f1a en brazos. guatemalteca que es Mar\u00eda Kateria Athanasiadis, y tuve otro ni\u00f1o Gianis Enmanuel Athanasiadis el cual es griego. Ten\u00eda que esperar que se volvieran adultos para regresar, ese era mi \u00fanico sue\u00f1o.<\/p>\n<p style=\"text-align: justify;\"><strong>\u00bfQu\u00e9 extra\u00f1as de tu tierra, desde cuando no vienes?<\/strong> Lo extra\u00f1o todo, extra\u00f1o sus lluvias tropicales, sus paisajes, sus r\u00edos caudalosos, sus mares Pac\u00edfico y Atl\u00e1ntico con sus olas caudalosas que golpeen!! con la \u00fanica forma que pueden hacerlo ellas para expresarnos que ella tambi\u00e9n existen.<\/p>\n<p style=\"text-align: justify;\">Qu\u00e9 extra\u00f1o de Guatemala&#8230;.. hayyyyy es una pregunta que no termina nunca!!! me faltan su eterna primavera, sus comidas t\u00edpicas, su ma\u00edz, su frijol, sus tamales, sus paches, su fiambre, sus chicharrones, lo extra\u00f1o todo!!! y los extra\u00f1o a todos!!!!<\/p>\n<p style=\"text-align: justify;\">Mi tierra natal es Quetzaltenango, la tierra de donde son mi familia de parte de mi pap\u00e1, la gran familia Guerrero llena de m\u00fasicos, luchadores, sin rendirse, como lo dice el apellido Guerrero, porque siempre fue una familia digna de respeto, y con orgullo llevo mi apellido. quiero que sepan que los extra\u00f1o a todos, y los amo mucho!!!!<\/p>\n<p style=\"text-align: justify;\"><strong>\u00bfTe gustar\u00eda volver a vivir en Guatemala?<\/strong> jeje es mi mayor anhelo, el regresar a Guatemala, y cuando lo haga si Dios lo permite, lo primero que har\u00e9, es besar mi tierra antes de que la vaya a pisar.<\/p>\n<p style=\"text-align: justify;\"><strong>\u00bfC\u00f3mo aprendiste a hablar griego?<\/strong> mmmm es un pregunta buena: pues f\u00edjate que en la casa solo espa\u00f1ol se hablaba por que mi ex esposo lo hablaba perfectamente, pero se lleg\u00f3 el momento en el que los ni\u00f1os tuvieron que ir a la escuela y hablar el griego, y la familia de mi ex esposo, eran pocos los que hablaban el espa\u00f1ol solo los hermanos porque estuvieron en Latino Am\u00e9rica, de ah\u00ed? toda la familia en griego.<\/p>\n<p style=\"text-align: justify;\">Tuve que aprender porque de otra manera no podr\u00edas comprender que te dec\u00edan, y los ni\u00f1os cuando les hablaba en espa\u00f1ol contestaban en griego, y no los pod\u00eda comprender y as\u00ed sucesivamente tuve que aprender sola a hablarlo y la verdad es un idioma muy dif\u00edcil.<\/p>\n<p style=\"text-align: justify;\"><strong>\u00bfQu\u00e9 actividad realizas en Grecia, sigues cantando?<\/strong> mmmmm las cosas aqu\u00ed en Grecia no creas que son f\u00e1ciles, el que quiere hacer actividades y realizar sus sue\u00f1os lo principal es el griego, no creas que todos hablan ingl\u00e9s, solo los que tuvieron la oportunidad de aprenderlo y en las islas casi todos hablan ingl\u00e9s aparte del griego.<\/p>\n<p style=\"text-align: justify;\">Cuando empec\u00e9 a luchar, para realizar mis sue\u00f1os, ya me hab\u00eda divorciado, y no ten\u00eda a nadie, tuve muchas ca\u00eddas, pero me sent\u00eda fuerte y me levant\u00e9 mi \u00fanica arma fuerte era mi voz y con esa luch\u00e9, y luch\u00e9, y poco a poco me fui levantando, con la ayuda de un club de hispanos que hab\u00eda en este pa\u00eds de personas casadas con griegos como lo era yo, as\u00ed sucesivamente empec\u00e9 a trabajar aprendiendo las canciones en griego porque a ellos solo les gusta escuchar canciones en su idioma y as\u00ed me empec\u00e9 a dar a conocer, y tuve la oportunidad de conocer en persona y trabajar con el, a Julio Jara el \u00fanico que hab\u00eda quedado vivo del el Tr\u00edo de los Paraguayos, el que me ayudo a subir al nivel de cantantes de Grecia con artistas muy famosos como Giorgos Dalaras, un cantante que se hizo famoso con las canciones latino americanas quien hizo un grupo que se llamaba Raza de Cobre, el cual estaba integrado por chilenos y argentinos.<\/p>\n<p style=\"text-align: justify;\">El grupo pudo grabar su disco con canciones latino americanas y ten\u00edan de cantante a una mexicana, posteriormente tom\u00e9 su lugar. Despu\u00e9s me llamaron de un grupo que lo hizo un griego-venezolano llamado Apurimac, empezamos a hacer presentaciones en varios lugares y en Kipros Chipre, con artistas grandes de la canci\u00f3n como Vassilis Kashulis y el rockista de Grecia que es Gianis Giokaridis cr\u00e9eme que fue un \u00e9xito.<\/p>\n<p style=\"text-align: justify;\">Luego me conoci\u00f3 un manager y me pidi\u00f3 que trabajara con el, viajamos a varios pa\u00edses cantando canciones griegas y yo como cantante estelar y cantaba en espa\u00f1ol y les gustaba.<\/p>\n<p style=\"text-align: justify;\">Tambi\u00e9n fui comparsa, en una pel\u00edcula con la famosa Mery Jonopulo, quien se qued\u00f3 encantada, y conoc\u00ed personalmente a Eleni Chalikopulo una gran cantante griega con quien tuvimos la oportunidad de trabajar juntas en el mismo lugar, la recuerdo porque me brind\u00f3 consejos para que pudiera cantar con mejores bajos. En Rodos tuve la oportunidad de conocerme con el famoso disjey Llia Efsthatiou el que me pidi\u00f3 que cantara canciones de el y trabajar juntos con el y sigo trabajando y cantando.<\/p>\n<p style=\"text-align: justify;\">Gracias Heidy por tener esta ventana al artista nacional y darnos la oportunidad de confesarnos jajaja y contarles de nuestra vida y nuestros sue\u00f1os. Un saludo a todos mis amigos en Guatemala.<\/p>\n<p style=\"text-align: justify;\">Aura Guerrero ha sido la invitada en esta oportunidad y ha compartido su historia para que tanto ustedes como yo la conozcamos y podamos darnos cuenta del talento de esta artista que dej\u00f3 su tierra\u2026.por amor.<\/p>\n<p><iframe loading=\"lazy\" width=\"560\" height=\"315\" src=\"https:\/\/www.youtube.com\/embed\/yXF-r9eQVqg\" frameborder=\"0\" allowfullscreen><\/iframe><\/p>\n<p style=\"text-align: center;\">\n<p style=\"text-align: justify;\">Les invitamos para que se unan al grupo de \u00abArtistas de Guatemala para el Mundo\u00bb en este link <a href=\"http:\/\/on.fb.me\/1sn2wSf\">http:\/\/on.fb.me\/1sn2wSf<\/a>, el cual tiene como prop\u00f3sito compartir videos, fotos, an\u00e9cdotas y todo lo de nuestros artistas en las diferentes d\u00e9cadas.<\/p>\n<p style=\"text-align: justify;\">Hemos creado el grupo \u201cLas entrevistas de Heidy\u201d que pueden localizar en <a href=\"http:\/\/on.fb.me\/1QxKypc \">http:\/\/on.fb.me\/1QxKypc\u00a0<\/a><\/p>\n<p style=\"text-align: justify;\">Tambi\u00e9n ponemos a su disposici\u00f3n el grupo \u201cUn siglo de anuncios\u201d, un espacio donde pueden compartir o comentar los post que se publiquen http:\/\/on.fb.me\/1vASm2g<\/p>\n<p style=\"text-align: justify;\">Las entrevistas las pueden leer en los siguientes links:<br \/>\n<a href=\"http:\/\/lasentrevistasdeheidy.blogspot.com\">http:\/\/lasentrevistasdeheidy.blogspot.com<\/a><br \/>\n<a href=\"http:\/\/lasentrevistasdeheidy.blogspot.com\">https:\/\/www.facebook.com\/pages\/Los-invitados-de-Heidy\/892159284204965?ref=hl<\/a><\/p>\n<p style=\"text-align: justify;\">\n<p style=\"text-align: justify;\"><em><strong>Entrevista realizada por Heidy Sandoval Ruiz<\/strong><\/em><\/p>\n<p style=\"text-align: justify;\">Toda publicaci\u00f3n es responsabilidad de la Administraci\u00f3n<\/p>\n","protected":false},"excerpt":{"rendered":"<div class=\"mh-excerpt\"><p>En esta oportunidad presento a ustedes en \u201cLa cara amiga de los invitados de Heidy\u201d, la historia de Aura Guerrero, cantante, soprano coloratura, ejecuta varios <a class=\"mh-excerpt-more\" href=\"https:\/\/heidysandovalruiz.com\/?p=2925\" title=\"La cara amiga de \u00abAura Guerrero\u00bb\">[&#8230;]<\/a><\/p>\n<\/div>","protected":false},"author":4,"featured_media":3056,"comment_status":"closed","ping_status":"closed","sticky":false,"template":"","format":"standard","meta":{"footnotes":""},"categories":[16],"tags":[240],"class_list":["post-2925","post","type-post","status-publish","format-standard","has-post-thumbnail","hentry","category-la-cara-amiga","tag-la-cara-amiga-de-aura-guerrero"],"_links":{"self":[{"href":"https:\/\/heidysandovalruiz.com\/index.php?rest_route=\/wp\/v2\/posts\/2925","targetHints":{"allow":["GET"]}}],"collection":[{"href":"https:\/\/heidysandovalruiz.com\/index.php?rest_route=\/wp\/v2\/posts"}],"about":[{"href":"https:\/\/heidysandovalruiz.com\/index.php?rest_route=\/wp\/v2\/types\/post"}],"author":[{"embeddable":true,"href":"https:\/\/heidysandovalruiz.com\/index.php?rest_route=\/wp\/v2\/users\/4"}],"replies":[{"embeddable":true,"href":"https:\/\/heidysandovalruiz.com\/index.php?rest_route=%2Fwp%2Fv2%2Fcomments&post=2925"}],"version-history":[{"count":1,"href":"https:\/\/heidysandovalruiz.com\/index.php?rest_route=\/wp\/v2\/posts\/2925\/revisions"}],"predecessor-version":[{"id":2929,"href":"https:\/\/heidysandovalruiz.com\/index.php?rest_route=\/wp\/v2\/posts\/2925\/revisions\/2929"}],"wp:featuredmedia":[{"embeddable":true,"href":"https:\/\/heidysandovalruiz.com\/index.php?rest_route=\/wp\/v2\/media\/3056"}],"wp:attachment":[{"href":"https:\/\/heidysandovalruiz.com\/index.php?rest_route=%2Fwp%2Fv2%2Fmedia&parent=2925"}],"wp:term":[{"taxonomy":"category","embeddable":true,"href":"https:\/\/heidysandovalruiz.com\/index.php?rest_route=%2Fwp%2Fv2%2Fcategories&post=2925"},{"taxonomy":"post_tag","embeddable":true,"href":"https:\/\/heidysandovalruiz.com\/index.php?rest_route=%2Fwp%2Fv2%2Ftags&post=2925"}],"curies":[{"name":"wp","href":"https:\/\/api.w.org\/{rel}","templated":true}]}}