{"id":3446,"date":"2015-11-30T01:57:17","date_gmt":"2015-11-30T01:57:17","guid":{"rendered":"http:\/\/heidysandovalruiz.com\/?p=3446"},"modified":"2015-11-30T02:22:06","modified_gmt":"2015-11-30T02:22:06","slug":"la-cara-amiga-de-ingrid-xicay","status":"publish","type":"post","link":"https:\/\/heidysandovalruiz.com\/?p=3446","title":{"rendered":"\u201cLa cara amiga de Ingrid Xicay\u00bb"},"content":{"rendered":"<p style=\"text-align: justify;\">El 30 de noviembre se celebra el \u201cD\u00eda del periodista\u201d y para \u201c<strong>La cara amiga de los invitados de Heidy<\/strong>\u201d es un enorme gusto presentar a ustedes a una joven originaria de Malacat\u00e1n, San Marcos y que se considera antig\u00fce\u00f1a porque ha vivido desde muy peque\u00f1a en este bello lugar. <strong>Ingrid Xicay<\/strong> es la invitada de honor para que en esta fecha tan especial, nos cuente su maravillosa historia, sus retos, sus sue\u00f1os y muchas cosas m\u00e1s de esta periodista que hace con pasi\u00f3n su trabajo. \u00a0Adem\u00e1s en el medio a cubierto notas nacionales, \u00a0Metr\u00f3poli, el Mineduc, la Municipalidad, Salud, Hogar, espect\u00e1culos y sucesos.<\/p>\n<p style=\"text-align: justify;\">Bienvenida Ingrid a este espacio donde se puede decir lo que se quiere y en otros lados no se puede.<\/p>\n<p style=\"text-align: justify;\">Inicio la entrevista felicitando a una colega con la que hemos mantenido por muchos a\u00f1os una bonita amistad y salud\u00e1ndola porque hoy es exactamente el \u201cD\u00eda del y de la periodista\u201d.<\/p>\n<p style=\"text-align: justify;\"><strong>Y bien para entrar de lleno en el tema cu\u00e9ntanos \u00bfC\u00f3mo recuerdas los d\u00edas de tu juventud? <\/strong>Fue una etapa muy tranquila, con las emociones y sue\u00f1os de cuando llegamos a esa edad. Disfrut\u00e9 mis d\u00edas de estudiante cuando decid\u00ed ser maestra de primaria, de paseos con amigos y sobre todo con mi familia.<\/p>\n<p style=\"text-align: justify;\"><strong>\u00bfAlguna vez pensaste que ser\u00edas periodista? <\/strong>La verdad no pas\u00f3 por mi mente. Pero descubr\u00ed a tiempo un espacio en la universidad donde pude hacer lo que siempre me gust\u00f3, escribir, pues desde la primaria se me daba eso de contar con detalles cosas que me hab\u00edan pasado cuando la maestra nos ped\u00eda en el colegio escribir una composici\u00f3n.<\/p>\n<figure id=\"attachment_3448\" aria-describedby=\"caption-attachment-3448\" style=\"width: 300px\" class=\"wp-caption alignright\"><a href=\"https:\/\/heidysandovalruiz.com\/wp-content\/uploads\/2015\/11\/Con-el-equipo-de-al-d\u00eda-a-donde-entre-en-2002.jpg\"><img loading=\"lazy\" decoding=\"async\" class=\"size-medium wp-image-3448\" src=\"https:\/\/heidysandovalruiz.com\/wp-content\/uploads\/2015\/11\/Con-el-equipo-de-al-d\u00eda-a-donde-entre-en-2002-300x184.jpg\" alt=\"Con el equipo de Al D\u00eda a donde entre en 2002\" width=\"300\" height=\"184\" srcset=\"https:\/\/heidysandovalruiz.com\/wp-content\/uploads\/2015\/11\/Con-el-equipo-de-al-d\u00eda-a-donde-entre-en-2002-300x184.jpg 300w, https:\/\/heidysandovalruiz.com\/wp-content\/uploads\/2015\/11\/Con-el-equipo-de-al-d\u00eda-a-donde-entre-en-2002.jpg 719w\" sizes=\"auto, (max-width: 300px) 100vw, 300px\" \/><\/a><figcaption id=\"caption-attachment-3448\" class=\"wp-caption-text\">Con el equipo de Al D\u00eda a donde ingres\u00f3 en 2002<\/figcaption><\/figure>\n<p style=\"text-align: justify;\"><strong>A prop\u00f3sito \u00bfC\u00f3mo descubres tu vocaci\u00f3n? <\/strong>Estudi\u00e9 un a\u00f1o en la Facultad de Medicina y por razones que en ese entonces cre\u00ed que era lo m\u00edo entr\u00e9 a la facultad pero conforme avanz\u00f3 el tiempo me fui dando cuenta que hab\u00eda tomado una mala decisi\u00f3n. Aunque no me arrepiento, pues entre otras cosas aprend\u00ed a poner una inyecci\u00f3n, a tomar la presi\u00f3n arterial y venc\u00ed el miedo de entrar a la morgue para hacer una necropsia. Creo que ese a\u00f1o fue bien aprovechado en cuanto a conocimientos.<\/p>\n<p style=\"text-align: justify;\"><strong>Y \u00bfC\u00f3mo te das cuenta que la Medicina no era tu fuerte?\u00a0<\/strong>Una de las materias que llevaba era psicolog\u00eda cl\u00ednica, donde uno ten\u00eda que ir escribiendo un diario de todo lo que hac\u00eda en el d\u00eda, y el docente me dio una luz pues me dijo que mi narraci\u00f3n era buena que a lo mejor mi vocaci\u00f3n estaba en otra facultad pues a \u00e9l le confes\u00e9 que ten\u00eda dudas de mi verdadera vocaci\u00f3n. Es ah\u00ed cuando me menciona la Escuela de Comunicaci\u00f3n. Decid\u00ed investigar el pensum y descubr\u00ed que era otra cosa, con materias que eran mi fuerte y decido cambiar de carrera. Mi pap\u00e1 fue quien m\u00e1s lament\u00f3 el que haya abandonado medicina pero luego comprendi\u00f3 que no era para m\u00ed.<\/p>\n<figure id=\"attachment_3449\" aria-describedby=\"caption-attachment-3449\" style=\"width: 150px\" class=\"wp-caption alignleft\"><a href=\"https:\/\/heidysandovalruiz.com\/wp-content\/uploads\/2015\/11\/En-la-redaccion-de-aldia.jpg\"><img loading=\"lazy\" decoding=\"async\" class=\"wp-image-3449 size-thumbnail\" src=\"https:\/\/heidysandovalruiz.com\/wp-content\/uploads\/2015\/11\/En-la-redaccion-de-aldia-150x150.jpg\" alt=\"En la redacci\u00f3n de Al D\u00eda\" width=\"150\" height=\"150\" \/><\/a><figcaption id=\"caption-attachment-3449\" class=\"wp-caption-text\">En la redacci\u00f3n de Al D\u00eda<\/figcaption><\/figure>\n<p style=\"text-align: justify;\"><strong>Y ya en el medio \u00bfCu\u00e1l fue el primer peri\u00f3dico en el que trabajaste? \u00bfC\u00f3mo recuerdas esa parte de tu vida profesional? <\/strong>En el tercer semestre de la carrera hab\u00eda que hacer pr\u00e1cticas de fotograf\u00eda y fue cuando ped\u00ed una oportunidad en Al D\u00eda y todos los periodistas en ese entonces, hablo del a\u00f1o 2000, me apoyaron orient\u00e1ndome como era el trabajo period\u00edstico, me daban tips de fotograf\u00eda, c\u00f3mo hab\u00eda que acercarse a las fuentes de informaci\u00f3n y en especial un compa\u00f1ero me motiv\u00f3 a no solo hacer fotos sino redactar la nota y ah\u00ed es cuando empiezo de una vez a ir escribiendo.<\/p>\n<p style=\"text-align: justify;\">Luego sigo colaborando con la empresa adhonorem los fines de semana hasta que me dan la oportunidad de entrar para hacerme cargo del Archivo fotogr\u00e1fico y ah\u00ed poco a poco llega el d\u00eda en que entro como reportera y ah\u00ed fui creciendo. Al D\u00eda ha sido mi escuela para desempe\u00f1arme en esta carrera.En el 2006 tambi\u00e9n trabaj\u00e9 en el \u00e1rea de comunicaci\u00f3n del \u00e1rea de Desarrollo Social de la Municipalidad de Guatemala, otra etapa que me dej\u00f3 mucho aprendizaje porque tuve acercamiento con la gente desde el aspecto social.<\/p>\n<p style=\"text-align: justify;\"><strong>\u00bfCrees que la puntualidad en un periodista es indispensable? <\/strong>Definitivamente, dir\u00eda que es la carta de presentaci\u00f3n de la responsabilidad en todo lo que hacemos, pues en esta carrera el tiempo es vital y hay que saberlo aprovechar, pues no s\u00f3lo se cubre una actividad, sino hay casos en que hay que reportear hasta tres o cuatro fuentes en el d\u00eda y el atraso de una actividad, representa atraso en las otras coberturas.<\/p>\n<figure id=\"attachment_3451\" aria-describedby=\"caption-attachment-3451\" style=\"width: 300px\" class=\"wp-caption alignright\"><a href=\"https:\/\/heidysandovalruiz.com\/wp-content\/uploads\/2015\/11\/Con-el-equipo-de-Escena-de-Al-D\u00eda.jpg\"><img loading=\"lazy\" decoding=\"async\" class=\"size-medium wp-image-3451\" src=\"https:\/\/heidysandovalruiz.com\/wp-content\/uploads\/2015\/11\/Con-el-equipo-de-Escena-de-Al-D\u00eda-300x200.jpg\" alt=\"Con el equipo de Escena de Al D\u00eda\" width=\"300\" height=\"200\" srcset=\"https:\/\/heidysandovalruiz.com\/wp-content\/uploads\/2015\/11\/Con-el-equipo-de-Escena-de-Al-D\u00eda-300x200.jpg 300w, https:\/\/heidysandovalruiz.com\/wp-content\/uploads\/2015\/11\/Con-el-equipo-de-Escena-de-Al-D\u00eda-1024x682.jpg 1024w, https:\/\/heidysandovalruiz.com\/wp-content\/uploads\/2015\/11\/Con-el-equipo-de-Escena-de-Al-D\u00eda.jpg 1600w\" sizes=\"auto, (max-width: 300px) 100vw, 300px\" \/><\/a><figcaption id=\"caption-attachment-3451\" class=\"wp-caption-text\">Con el equipo de Escena de Al D\u00eda<\/figcaption><\/figure>\n<p style=\"text-align: justify;\"><strong>\u00bfCrees que\u00a0 hay rivalidad de alguna manera entre mujeres y hombres que ejercen el periodismo? <\/strong>A lo mejor en algunos medios s\u00ed, pero tambi\u00e9n se le ha dado espacios a las mujeres en esta carrera y se han desempe\u00f1ado muy bien, ganando la representatividad en los medios y eso es bueno. Por ejemplo, cuando entr\u00e9 a Diario Al D\u00eda, me di cuenta que eran a lo sumo dos o tres de ellas en las fuentes de la secci\u00f3n de Vida y Espect\u00e1culos, mientras que en las otras de nacionales solo cubr\u00edan hombres. Ahora el campo se ha abierto m\u00e1s y ya vemos a mujeres cubriendo sucesos o deportes y otras fuentes que eran acaparadas solo por varones.<\/p>\n<p style=\"text-align: justify;\"><strong>\u00bfHay alg\u00fan tema que no te guste trabajar dentro del periodismo? <\/strong>Quiz\u00e1 no es que\u00a0 no me guste, sino que\u00a0 nunca he incursionado en esa rama y es el \u00e1rea deportiva, pues en estos a\u00f1os de desempe\u00f1arme en el periodismo no he escrito una nota de deportes y creo que es lo que me falta.<\/p>\n<p style=\"text-align: justify;\"><strong>\u00bfHay algunas entrevistas qu\u00e9 recuerdes especialmente y por qu\u00e9? <\/strong>Han sido muchas y todas han tenido su momento especial porque han sido personas de diferentes sectores. Pero me gust\u00f3 mucho una serie que hice de ayuda social en Al D\u00eda en la que contaba historias humanas y les buscaba ayuda a las personas, por ejemplo, que necesitaban una silla de ruedas o alguna otra cosa para superar las adversidades. Tambi\u00e9n las que les he hecho a algunos artistas, pues ahora es la secci\u00f3n en la que me desempe\u00f1o y he podido conocer a algunos famosos, tanto nacionales como internacionales.<\/p>\n<p style=\"text-align: justify;\"><strong>\u00bfDentro de la secci\u00f3n de espect\u00e1culos qu\u00e9 es lo que m\u00e1s te gusta? \u00a0<\/strong>Poder ser una peque\u00f1a ventana para dar a conocer el talento de los artistas que est\u00e1n buscando un espacio para ganarse al p\u00fablico. No solo de gente del espect\u00e1culo, sino de otras ramas como la cultura, lo social o proyectos que tienen beneficio para otros. El que la gente agradezca que los entrevistes o les des un espacio en tu secci\u00f3n es algo gratificante, aunque de alguna manera ese es nuestro compromiso como comunicadores.<\/p>\n<figure id=\"attachment_3450\" aria-describedby=\"caption-attachment-3450\" style=\"width: 300px\" class=\"wp-caption alignleft\"><a href=\"https:\/\/heidysandovalruiz.com\/wp-content\/uploads\/2015\/11\/Con-el-L\u00edder-de-los-Tigres-del-Norte-Jorge-Hern\u00e1ndez.jpg\"><img loading=\"lazy\" decoding=\"async\" class=\"wp-image-3450 size-medium\" src=\"https:\/\/heidysandovalruiz.com\/wp-content\/uploads\/2015\/11\/Con-el-L\u00edder-de-los-Tigres-del-Norte-Jorge-Hern\u00e1ndez-300x281.jpg\" alt=\"Con el L\u00edder de los Tigres del Norte Jorge Hern\u00e1ndez\" width=\"300\" height=\"281\" srcset=\"https:\/\/heidysandovalruiz.com\/wp-content\/uploads\/2015\/11\/Con-el-L\u00edder-de-los-Tigres-del-Norte-Jorge-Hern\u00e1ndez-300x281.jpg 300w, https:\/\/heidysandovalruiz.com\/wp-content\/uploads\/2015\/11\/Con-el-L\u00edder-de-los-Tigres-del-Norte-Jorge-Hern\u00e1ndez.jpg 960w\" sizes=\"auto, (max-width: 300px) 100vw, 300px\" \/><\/a><figcaption id=\"caption-attachment-3450\" class=\"wp-caption-text\">Con el l\u00edder de los Tigres del Norte<br \/> Jorge Hern\u00e1ndez<\/figcaption><\/figure>\n<p style=\"text-align: justify;\"><strong>\u00bfQu\u00e9 obst\u00e1culos has tenido que superar para alcanzar tus metas? <\/strong>Creo que Dios me ha dado las oportunidades en los momentos precisos, no puedo decir que he tenido obst\u00e1culos sino al contrario, he llegado a conocer a las personas que me han abierto una puerta en el tiempo apropiado y eso es una bendici\u00f3n para en mi vida.<\/p>\n<p style=\"text-align: justify;\"><strong>\u00bfC\u00f3mo es un d\u00eda en la vida de Ingrid Xicay? <\/strong>Ufff\u2026 Comienza desde viajar desde La Antigua hacia la capital. Mi cargo requiere de planificar actividades semanales, pero d\u00eda a d\u00eda, ver con la coeditara qu\u00e9 publicaremos al d\u00eda siguiente, editar notas, seleccionar fotograf\u00edas, corregir textos, monitorear las agencias y otros medios digitales para ver qu\u00e9 hay en el ambiente art\u00edstico internacional, asignar coberturas, responder llamadas, entre otras cosas que suceden cada d\u00eda. Pero es algo que aunque regresas agotada a casa, fue bueno y cada d\u00eda aprendes algo nuevo.<\/p>\n<p style=\"text-align: justify;\"><strong>\u00bfCu\u00e1ndo tienes una c\u00e1mara que te gusta fotografiar? <\/strong>Depende mucho el lugar y la compa\u00f1\u00eda. Creo que cada momento tiene su encanto para plasmarlo en una fotograf\u00eda, especialmente cuando estoy con mi familia o en un lugar que a lo mejor no volver\u00e9 a estar o conoc\u00ed por primera vez.<\/p>\n<figure id=\"attachment_3452\" aria-describedby=\"caption-attachment-3452\" style=\"width: 300px\" class=\"wp-caption alignright\"><a href=\"https:\/\/heidysandovalruiz.com\/wp-content\/uploads\/2015\/11\/Con-periodistas-latinos-en-el-congreso-en-Per\u00fa.jpg\"><img loading=\"lazy\" decoding=\"async\" class=\"wp-image-3452 size-medium\" src=\"https:\/\/heidysandovalruiz.com\/wp-content\/uploads\/2015\/11\/Con-periodistas-latinos-en-el-congreso-en-Per\u00fa-300x225.jpg\" alt=\"Con periodistas latinos en el congreso en Per\u00fa\" width=\"300\" height=\"225\" srcset=\"https:\/\/heidysandovalruiz.com\/wp-content\/uploads\/2015\/11\/Con-periodistas-latinos-en-el-congreso-en-Per\u00fa-300x225.jpg 300w, https:\/\/heidysandovalruiz.com\/wp-content\/uploads\/2015\/11\/Con-periodistas-latinos-en-el-congreso-en-Per\u00fa-1024x768.jpg 1024w, https:\/\/heidysandovalruiz.com\/wp-content\/uploads\/2015\/11\/Con-periodistas-latinos-en-el-congreso-en-Per\u00fa.jpg 1600w\" sizes=\"auto, (max-width: 300px) 100vw, 300px\" \/><\/a><figcaption id=\"caption-attachment-3452\" class=\"wp-caption-text\">Con periodistas latinos en el congreso en Per\u00fa<\/figcaption><\/figure>\n<p style=\"text-align: justify;\"><strong>\u00bfCu\u00e1l ha sido tu experiencia fuera de Guatemala? <\/strong>Siempre digo que es una bendici\u00f3n que por mi trabajo he conocido a mucha gente y eso me ha llevado a ser invitada a otros pa\u00edses para hacer coberturas. Por ejemplo, la primera vez que viaj\u00e9 fue a Panam\u00e1 a un Congreso Latinoamericano de Salud, pues es una fuente que a\u00fan cubro. Tambi\u00e9n he tenido la dicha de estar en Carolina del Norte y recientemente en Per\u00fa, tambi\u00e9n en coberturas de salud. En septiembre de 2014 estuve en Houston, Texas, en el Primer Festival Chap\u00edn, organizado por la disquera Difosa.<\/p>\n<p style=\"text-align: justify;\"><strong>\u00bfCu\u00e1les son las fuentes que has cubierto y qu\u00e9 te ha gustado de cada una? <\/strong>Empec\u00e9 en nacionales, cubriendo Metr\u00f3poli, el Mineduc, la Municipalidad, Salud, Hogar, espect\u00e1culos y sucesos, escribiendo perfiles de personajes, entre otros. He hecho de todo un poco y cada una de estas es distinta, con temas totalmente diferentes. Cada una me dio un aprendizaje para ampliar mi panorama.<\/p>\n<p style=\"text-align: justify;\"><strong>\u00bfCu\u00e1l es tu trabajo espec\u00edfico como Editora de Escena? <\/strong>Planificar actividades, distribuir los espacios para cada cobertura, asignar coberturas, elegir fotograf\u00edas que acompa\u00f1an cada cobertura, editar las notas de los reporteros, corregir textos, estar al tanto de las redes sociales, monitorear los medios digitales, asistir a reuniones de editores, entre otras.<\/p>\n<p style=\"text-align: justify;\"><strong>\u00bfCu\u00e1l es tu aspiraci\u00f3n m\u00e1s grande? <\/strong>Gracias a Dios y a la confianza de mis superiores he llegado a ser editora, un cargo que requiere compromiso, dedicaci\u00f3n y responsabilidad. Tiene sus dificultades pero cada d\u00eda se aprende algo nuevo. Aunque tambi\u00e9n una de mis aspiraciones es llegar a tener mi propio proyecto de comunicaci\u00f3n.<\/p>\n<figure id=\"attachment_3453\" aria-describedby=\"caption-attachment-3453\" style=\"width: 300px\" class=\"wp-caption alignleft\"><a href=\"https:\/\/heidysandovalruiz.com\/wp-content\/uploads\/2015\/11\/Con-mis-padres-y-hermana.jpg\"><img loading=\"lazy\" decoding=\"async\" class=\"size-medium wp-image-3453\" src=\"https:\/\/heidysandovalruiz.com\/wp-content\/uploads\/2015\/11\/Con-mis-padres-y-hermana-300x225.jpg\" alt=\"Con sus padres y hermana\" width=\"300\" height=\"225\" srcset=\"https:\/\/heidysandovalruiz.com\/wp-content\/uploads\/2015\/11\/Con-mis-padres-y-hermana-300x225.jpg 300w, https:\/\/heidysandovalruiz.com\/wp-content\/uploads\/2015\/11\/Con-mis-padres-y-hermana.jpg 960w\" sizes=\"auto, (max-width: 300px) 100vw, 300px\" \/><\/a><figcaption id=\"caption-attachment-3453\" class=\"wp-caption-text\">Con sus padres y hermana<\/figcaption><\/figure>\n<p style=\"text-align: justify;\"><strong>\u00bfC\u00f3mo en este espacio se puede decir lo que se quiere y en otros lados no se puede, qu\u00e9 te gustar\u00eda expresar? <\/strong>Primero darte las gracias por tomarme en cuenta y es un honor para m\u00ed haber tenido un espacio entre tus entrevistas. Te conozco desde hace muchos a\u00f1os y siempre has sido muy profesional, humana y humilde, y me es grato contar con tu amistad y cari\u00f1o.<\/p>\n<p style=\"text-align: justify;\"><strong>\u00bfC\u00f3mo ha crecido Ingrid Xicay desde sus comienzos a la fecha? <\/strong>Dir\u00eda que ha sido un crecimiento grande y un poco acelerado desde que llegu\u00e9 como una practicante, pero he tenido retos que superar y espero estar haci\u00e9ndolo bien. He aprendido a tomar decisiones y eso fue algo a lo que siempre le tuve miedo pero lo he ido venciendo.<\/p>\n<p style=\"text-align: justify;\"><strong>\u00bfPuedes enviar un mensaje a quienes leen \u201cLas entrevistas de Heidy\u201d? <\/strong>Muchas gracias por tomarse el tiempo para leer nuestras historias y un poco m\u00e1s de su servidora, con quien pueden contar en alg\u00fan momento. Gracias por brindarme este espacio y al mismo tiempo env\u00edo un saludo a todos los colegas comunicadores, a quienes por medio del periodismo han hecho un buen nombre y nos han mantenido al tanto del acontecer nacional pues gracias a su labor hoy podemos estar informados en distintos aspectos.<\/p>\n<p style=\"text-align: justify;\">Agradecemos a Ingrid Xicay el haber compartido su maravillosa historia, sus inquietudes, sue\u00f1os y experiencias de una de las profesiones m\u00e1s bellas: el periodismo.\u00a0 Asimismo, aprovecho para agradecerte el apoyo que siempre me brindas con la \u201cGala de la Canci\u00f3n Guatemalteca\u201d y otras actividades.<\/p>\n<figure id=\"attachment_3454\" aria-describedby=\"caption-attachment-3454\" style=\"width: 300px\" class=\"wp-caption aligncenter\"><a href=\"https:\/\/heidysandovalruiz.com\/wp-content\/uploads\/2015\/11\/Con-el-grupo-ucraniano-MoonLight-en-su-visita-al-pa\u00eds.jpg\"><img loading=\"lazy\" decoding=\"async\" class=\"wp-image-3454 size-medium\" src=\"https:\/\/heidysandovalruiz.com\/wp-content\/uploads\/2015\/11\/Con-el-grupo-ucraniano-MoonLight-en-su-visita-al-pa\u00eds-300x201.jpg\" alt=\"Con el grupo ucraniano MoonLight en su visita al pa\u00eds\" width=\"300\" height=\"201\" srcset=\"https:\/\/heidysandovalruiz.com\/wp-content\/uploads\/2015\/11\/Con-el-grupo-ucraniano-MoonLight-en-su-visita-al-pa\u00eds-300x201.jpg 300w, https:\/\/heidysandovalruiz.com\/wp-content\/uploads\/2015\/11\/Con-el-grupo-ucraniano-MoonLight-en-su-visita-al-pa\u00eds-1024x684.jpg 1024w\" sizes=\"auto, (max-width: 300px) 100vw, 300px\" \/><\/a><figcaption id=\"caption-attachment-3454\" class=\"wp-caption-text\">Con el grupo ucraniano MoonLight en su visita al pa\u00eds<\/figcaption><\/figure>\n<figure id=\"attachment_3455\" aria-describedby=\"caption-attachment-3455\" style=\"width: 300px\" class=\"wp-caption aligncenter\"><a href=\"https:\/\/heidysandovalruiz.com\/wp-content\/uploads\/2015\/11\/Con-el-equipo-de-redacci\u00f3n-de-al-d\u00eda-2015.jpg\"><img loading=\"lazy\" decoding=\"async\" class=\"wp-image-3455 size-medium\" src=\"https:\/\/heidysandovalruiz.com\/wp-content\/uploads\/2015\/11\/Con-el-equipo-de-redacci\u00f3n-de-al-d\u00eda-2015-300x200.jpg\" alt=\"Con el equipo de redacci\u00f3n de al d\u00eda 2015\" width=\"300\" height=\"200\" srcset=\"https:\/\/heidysandovalruiz.com\/wp-content\/uploads\/2015\/11\/Con-el-equipo-de-redacci\u00f3n-de-al-d\u00eda-2015-300x200.jpg 300w, https:\/\/heidysandovalruiz.com\/wp-content\/uploads\/2015\/11\/Con-el-equipo-de-redacci\u00f3n-de-al-d\u00eda-2015.jpg 960w\" sizes=\"auto, (max-width: 300px) 100vw, 300px\" \/><\/a><figcaption id=\"caption-attachment-3455\" class=\"wp-caption-text\">Con el equipo de redacci\u00f3n de Al D\u00eda 2015<\/figcaption><\/figure>\n<figure id=\"attachment_3456\" aria-describedby=\"caption-attachment-3456\" style=\"width: 300px\" class=\"wp-caption aligncenter\"><a href=\"https:\/\/heidysandovalruiz.com\/wp-content\/uploads\/2015\/11\/Con-el-grupo-de-periodistas-del-Congreso-Latinoamericano-en-visita-a-Carolina-del-Norte.jpg\"><img loading=\"lazy\" decoding=\"async\" class=\"wp-image-3456 size-medium\" src=\"https:\/\/heidysandovalruiz.com\/wp-content\/uploads\/2015\/11\/Con-el-grupo-de-periodistas-del-Congreso-Latinoamericano-en-visita-a-Carolina-del-Norte-300x200.jpg\" alt=\"Con el grupo de periodistas del Congreso Latinoamericano en visita a Carolina del Norte\" width=\"300\" height=\"200\" srcset=\"https:\/\/heidysandovalruiz.com\/wp-content\/uploads\/2015\/11\/Con-el-grupo-de-periodistas-del-Congreso-Latinoamericano-en-visita-a-Carolina-del-Norte-300x200.jpg 300w, https:\/\/heidysandovalruiz.com\/wp-content\/uploads\/2015\/11\/Con-el-grupo-de-periodistas-del-Congreso-Latinoamericano-en-visita-a-Carolina-del-Norte-1024x683.jpg 1024w, https:\/\/heidysandovalruiz.com\/wp-content\/uploads\/2015\/11\/Con-el-grupo-de-periodistas-del-Congreso-Latinoamericano-en-visita-a-Carolina-del-Norte.jpg 1068w\" sizes=\"auto, (max-width: 300px) 100vw, 300px\" \/><\/a><figcaption id=\"caption-attachment-3456\" class=\"wp-caption-text\">Con el grupo de periodistas del Congreso Latinoamericano en visita a Carolina del Norte<\/figcaption><\/figure>\n<p style=\"text-align: justify;\">Les invitamos para que se unan al grupo de \u00ab<strong>Artistas de Guatemala para el Mundo<\/strong>\u00bb en este link<strong>\u00a0<\/strong><a href=\"http:\/\/on.fb.me\/1sn2wSf\"><strong>http:\/\/on.fb.me\/1sn2wSf<\/strong><\/a>\u00a0el cual tiene como prop\u00f3sito compartir videos, fotos, an\u00e9cdotas y todo lo de nuestros artistas en las diferentes d\u00e9cadas.<\/p>\n<p style=\"text-align: justify;\">Hemos creado el grupo \u201cLas entrevistas de Heidy\u201d que pueden localizar en <a href=\"http:\/\/on.fb.me\/1QxKypc\">http:\/\/on.fb.me\/1QxKypc<\/a><\/p>\n<p style=\"text-align: justify;\">Tambi\u00e9n ponemos a su disposici\u00f3n el grupo \u201c<strong>Un siglo de anuncios<\/strong>\u201d, un espacio donde pueden compartir o comentar los post que se publiquen <a href=\"http:\/\/on.fb.me\/1vASm2g\">http:\/\/on.fb.me\/1vASm2g<\/a><\/p>\n<p style=\"text-align: justify;\"><strong>Las entrevistas las pueden leer en los siguientes links:<\/strong><\/p>\n<p style=\"text-align: justify;\"><a href=\"http:\/\/www.heidysandovalruiz.com\/\">http:\/\/www.heidysandovalruiz.com<\/a><\/p>\n<p style=\"text-align: justify;\"><a href=\"http:\/\/lasentrevistasdeheidy.blogspot.com\/\">http:\/\/lasentrevistasdeheidy.blogspot.com<\/a><\/p>\n<p style=\"text-align: justify;\"><a href=\"https:\/\/www.facebook.com\/pages\/Los-invitados-de-Heidy\/892159284204965?ref=hl\">https:\/\/www.facebook.com\/pages\/Los-invitados-de-Heidy\/892159284204965?ref=hl<\/a><\/p>\n<p style=\"text-align: justify;\"><strong>Entrevista realizada por Heidy Sandoval Ruiz<\/strong><\/p>\n<p style=\"text-align: justify;\"><strong><em>Toda publicaci\u00f3n es responsabilidad de la Administraci\u00f3n<\/em><\/strong><\/p>\n","protected":false},"excerpt":{"rendered":"<div class=\"mh-excerpt\"><p>El 30 de noviembre se celebra el \u201cD\u00eda del periodista\u201d y para \u201cLa cara amiga de los invitados de Heidy\u201d es un enorme gusto presentar <a class=\"mh-excerpt-more\" href=\"https:\/\/heidysandovalruiz.com\/?p=3446\" title=\"\u201cLa cara amiga de Ingrid Xicay\u00bb\">[&#8230;]<\/a><\/p>\n<\/div>","protected":false},"author":4,"featured_media":3447,"comment_status":"closed","ping_status":"closed","sticky":false,"template":"","format":"standard","meta":{"footnotes":""},"categories":[16],"tags":[268],"class_list":["post-3446","post","type-post","status-publish","format-standard","has-post-thumbnail","hentry","category-la-cara-amiga","tag-la-cara-amiga-de-ingrid-xicay"],"_links":{"self":[{"href":"https:\/\/heidysandovalruiz.com\/index.php?rest_route=\/wp\/v2\/posts\/3446","targetHints":{"allow":["GET"]}}],"collection":[{"href":"https:\/\/heidysandovalruiz.com\/index.php?rest_route=\/wp\/v2\/posts"}],"about":[{"href":"https:\/\/heidysandovalruiz.com\/index.php?rest_route=\/wp\/v2\/types\/post"}],"author":[{"embeddable":true,"href":"https:\/\/heidysandovalruiz.com\/index.php?rest_route=\/wp\/v2\/users\/4"}],"replies":[{"embeddable":true,"href":"https:\/\/heidysandovalruiz.com\/index.php?rest_route=%2Fwp%2Fv2%2Fcomments&post=3446"}],"version-history":[{"count":4,"href":"https:\/\/heidysandovalruiz.com\/index.php?rest_route=\/wp\/v2\/posts\/3446\/revisions"}],"predecessor-version":[{"id":3460,"href":"https:\/\/heidysandovalruiz.com\/index.php?rest_route=\/wp\/v2\/posts\/3446\/revisions\/3460"}],"wp:featuredmedia":[{"embeddable":true,"href":"https:\/\/heidysandovalruiz.com\/index.php?rest_route=\/wp\/v2\/media\/3447"}],"wp:attachment":[{"href":"https:\/\/heidysandovalruiz.com\/index.php?rest_route=%2Fwp%2Fv2%2Fmedia&parent=3446"}],"wp:term":[{"taxonomy":"category","embeddable":true,"href":"https:\/\/heidysandovalruiz.com\/index.php?rest_route=%2Fwp%2Fv2%2Fcategories&post=3446"},{"taxonomy":"post_tag","embeddable":true,"href":"https:\/\/heidysandovalruiz.com\/index.php?rest_route=%2Fwp%2Fv2%2Ftags&post=3446"}],"curies":[{"name":"wp","href":"https:\/\/api.w.org\/{rel}","templated":true}]}}