{"id":35,"date":"2013-06-17T02:36:23","date_gmt":"2013-06-17T02:36:23","guid":{"rendered":"http:\/\/heidysandovalruiz.com\/?p=35"},"modified":"2017-01-29T05:59:37","modified_gmt":"2017-01-29T05:59:37","slug":"la-cara-amiga-de-fabian-brindis","status":"publish","type":"post","link":"https:\/\/heidysandovalruiz.com\/?p=35","title":{"rendered":"La cara amiga de \u00abFabian Brindis\u00bb"},"content":{"rendered":"<p style=\"text-align: justify;\"><span style=\"color: #0000ff;\">Con un estilo propio que lo ha mantenido vigente durante m\u00e1s de dos d\u00e9cadas en el \u00e1mbito musical guatemalteco, <strong>Fabi\u00e1n Brindis<\/strong> es el personaje invitado en la secci\u00f3n \u201cLa cara amiga de nuestros invitados\u201d.\u00a0 Para que los amigos de FB le conozcan mejor a\u00fan, le hemos solicitado al int\u00e9rprete de El Perdedor y Tu infame enga\u00f1o, nos responda las siguientes inquietudes:<\/span><\/p>\n<p style=\"text-align: justify;\"><strong><span style=\"color: #0000ff;\">Eres originario de Jutiapa, es ah\u00ed donde te surge el deseo de ser artista y a los cuantos a\u00f1os?\u00a0<\/span><\/strong><span style=\"color: #0000ff;\">Espec\u00edficamente soy de Asunci\u00f3n Mita y empec\u00e9 a cantar cuando ten\u00eda 8 a\u00f1os.<\/span><\/p>\n<p style=\"text-align: justify;\"><strong><span style=\"color: #0000ff;\">\u00bfQui\u00e9n te brind\u00f3 el primer empuj\u00f3n para empezar en la carrera art\u00edstica?<\/span><\/strong><span style=\"color: #0000ff;\">Mi amigo Eduardo Sarce\u00f1o y por supuesto un gran productor musical, Ren\u00e9 Piril (QEPD).<\/span><\/p>\n<p style=\"text-align: justify;\"><strong><span style=\"color: #0000ff;\">\u00bfCu\u00e1ntos discos has grabado hasta el momento y si tienes alguno de tu predilecci\u00f3n?\u00a0<\/span><\/strong><span style=\"color: #0000ff;\">Hasta el momento son 7 CD\u00b4s y todos son mis favoritos, cada uno tiene lo suyo, porque en su momento fueron muy importantes en mi carrera.<img loading=\"lazy\" decoding=\"async\" class=\"alignright wp-image-106 size-thumbnail\" src=\"https:\/\/heidysandovalruiz.com\/wp-content\/uploads\/2013\/11\/anAA025dvd-150x150.jpg\" alt=\"anAA025dvd\" width=\"150\" height=\"150\" \/><\/span><\/p>\n<p style=\"text-align: justify;\"><strong style=\"text-align: justify;\"><span style=\"color: #0000ff;\">\u00bfHas tenido el apoyo de los medios de comunicaci\u00f3n en tu carrera?\u00a0<\/span><\/strong><span style=\"color: #0000ff;\">Por supuesto, porque han sido y son el pilar fundamental para que yo todav\u00eda est\u00e9 bregando en el mundo art\u00edstico, despu\u00e9s de 22 a\u00f1os de carrera.<\/span><\/p>\n<p style=\"text-align: justify;\"><strong><span style=\"color: #0000ff;\">\u00bfCu\u00e1les son tus planes futuros a corto plazo?\u00a0<\/span><\/strong><span style=\"color: #0000ff;\">Terminar de grabar mi 8\u00ba. CD. Lo vengo preparando desde casi dos a\u00f1os y espero tenerlo listo para finales del 2013.<\/span><\/p>\n<p style=\"text-align: justify;\"><strong><span style=\"color: #0000ff;\">\u00bfEn tu carrera art\u00edstica hay alguien especial que te haya brindado apoyo incondicional?<\/span><\/strong><span style=\"color: #0000ff;\">\u00a0<\/span><span style=\"color: #0000ff;\">Hay muchas personas que lo han hecho, familia, amigos, colegas, medios de comunicaci\u00f3n en general, as\u00ed que a todos les doy infinitas gracias por todo ese apoyo.<\/span><\/p>\n<p style=\"text-align: justify;\"><strong><span style=\"color: #0000ff;\">\u00bfDeseas compartir con los seguidores de FB alguna direcci\u00f3n electr\u00f3nica donde te puedan contactar?\u00a0<\/span><\/strong><span style=\"color: #0000ff;\">Seguro que s\u00ed. Me pueden encontrar en Facebook como Fabi\u00e1n Brindis, me pueden seguir en twitter como: @Fabi\u00e1nBrindis y en mi p\u00e1gina web:\u00a0 <a href=\"http:\/\/www.fabianbrindis.com\/\"><span style=\"color: #0000ff;\">www.fabianbrindis.com<\/span><\/a><\/span><\/p>\n<p><iframe loading=\"lazy\" src=\"https:\/\/www.youtube.com\/embed\/g2SHiykjQX8\" width=\"560\" height=\"315\" frameborder=\"0\" allowfullscreen=\"allowfullscreen\"><\/iframe><\/p>\n<p><iframe loading=\"lazy\" src=\"https:\/\/www.youtube.com\/embed\/2UnimR2rOdI\" width=\"560\" height=\"315\" frameborder=\"0\" allowfullscreen=\"allowfullscreen\"><\/iframe><\/p>\n<p><iframe loading=\"lazy\" src=\"https:\/\/www.youtube.com\/embed\/RVXsWggl4eo\" width=\"560\" height=\"315\" frameborder=\"0\" allowfullscreen=\"allowfullscreen\"><\/iframe><\/p>\n<p><iframe loading=\"lazy\" src=\"https:\/\/www.youtube.com\/embed\/g7ZACxWJ9Bo\" width=\"560\" height=\"315\" frameborder=\"0\" allowfullscreen=\"allowfullscreen\"><\/iframe><\/p>\n<p style=\"text-align: justify;\"><span style=\"color: #0000ff;\">Les invitamos para que se unan al grupo de \u00ab<b>Artistas de Guatemala para el Mundo<\/b>\u00bb en este link<\/span><b><span style=\"color: #0000ff;\">\u00a0<\/span><a href=\"http:\/\/on.fb.me\/1sn2wSf\" data-blogger-escaped-data-mce-href=\"http:\/\/on.fb.me\/1sn2wSf\">http:\/\/on.fb.me\/1sn2wSf<\/a><\/b>,\u00a0<span style=\"color: #0000ff;\">el cual tiene como prop\u00f3sito compartir videos, fotos, an\u00e9cdotas y todo lo de nuestros artistas en las diferentes d\u00e9cadas.<\/span><b><\/b><\/p>\n<p style=\"text-align: center;\"><b>\u00a0<a href=\"https:\/\/heidysandovalruiz.com\/wp-content\/uploads\/2013\/06\/Untitled-1.jpg\"><img loading=\"lazy\" decoding=\"async\" class=\"alignnone wp-image-2327 size-medium\" src=\"https:\/\/heidysandovalruiz.com\/wp-content\/uploads\/2013\/06\/Untitled-1-230x300.jpg\" alt=\"Untitled-1\" width=\"230\" height=\"300\" srcset=\"https:\/\/heidysandovalruiz.com\/wp-content\/uploads\/2013\/06\/Untitled-1-230x300.jpg 230w, https:\/\/heidysandovalruiz.com\/wp-content\/uploads\/2013\/06\/Untitled-1-786x1024.jpg 786w, https:\/\/heidysandovalruiz.com\/wp-content\/uploads\/2013\/06\/Untitled-1.jpg 1626w\" sizes=\"auto, (max-width: 230px) 100vw, 230px\" \/><\/a><\/b><\/p>\n<p><span style=\"color: #0000ff;\"><b>Las entrevistas las pueden leer en los siguientes links:<\/b><\/span><\/p>\n<p><a title=\"La cara amiga de Fernando Scheel\" href=\"http:\/\/www.heidysandovalruiz.com\/\" data-blogger-escaped-data-mce-href=\"http:\/\/www.heidysandovalruiz.com\/\">http:\/\/www.heidysandovalruiz.com<\/a><\/p>\n<p><a title=\"La Cara amiga de &quot;Fernando Scheel&quot;\" href=\"http:\/\/losinvitadosdeheidy.blogspot.com\/\" data-blogger-escaped-data-mce-href=\"http:\/\/losinvitadosdeheidy.blogspot.com\/\">http:\/\/lasentrevistasdeheidy.blogspot.com<\/a><\/p>\n<p><a title=\"Los invitados de Heidy\" href=\"https:\/\/www.facebook.com\/pages\/Los-invitados-de-Heidy\/892159284204965?ref=hl\" data-blogger-escaped-data-mce-href=\"https:\/\/www.facebook.com\/pages\/Los-invitados-de-Heidy\/892159284204965?ref=hl\">https:\/\/www.facebook.com\/pages\/Los-invitados-de-Heidy\/892159284204965?ref=hl<\/a><\/p>\n<p>&nbsp;<\/p>\n<p style=\"text-align: justify;\"><span style=\"color: #0000ff;\"><strong><i>Entrevista realizada por Heidy Sandoval Ruiz.<\/i><\/strong><\/span><\/p>\n","protected":false},"excerpt":{"rendered":"<div class=\"mh-excerpt\"><p>Con un estilo propio que lo ha mantenido vigente durante m\u00e1s de dos d\u00e9cadas en el \u00e1mbito musical guatemalteco, Fabi\u00e1n Brindis es el personaje invitado <a class=\"mh-excerpt-more\" href=\"https:\/\/heidysandovalruiz.com\/?p=35\" title=\"La cara amiga de \u00abFabian Brindis\u00bb\">[&#8230;]<\/a><\/p>\n<\/div>","protected":false},"author":4,"featured_media":38,"comment_status":"closed","ping_status":"closed","sticky":false,"template":"","format":"standard","meta":{"footnotes":""},"categories":[16],"tags":[6],"class_list":["post-35","post","type-post","status-publish","format-standard","has-post-thumbnail","hentry","category-la-cara-amiga","tag-la-cara-amiga-de-fabian-brindis"],"_links":{"self":[{"href":"https:\/\/heidysandovalruiz.com\/index.php?rest_route=\/wp\/v2\/posts\/35","targetHints":{"allow":["GET"]}}],"collection":[{"href":"https:\/\/heidysandovalruiz.com\/index.php?rest_route=\/wp\/v2\/posts"}],"about":[{"href":"https:\/\/heidysandovalruiz.com\/index.php?rest_route=\/wp\/v2\/types\/post"}],"author":[{"embeddable":true,"href":"https:\/\/heidysandovalruiz.com\/index.php?rest_route=\/wp\/v2\/users\/4"}],"replies":[{"embeddable":true,"href":"https:\/\/heidysandovalruiz.com\/index.php?rest_route=%2Fwp%2Fv2%2Fcomments&post=35"}],"version-history":[{"count":14,"href":"https:\/\/heidysandovalruiz.com\/index.php?rest_route=\/wp\/v2\/posts\/35\/revisions"}],"predecessor-version":[{"id":4412,"href":"https:\/\/heidysandovalruiz.com\/index.php?rest_route=\/wp\/v2\/posts\/35\/revisions\/4412"}],"wp:featuredmedia":[{"embeddable":true,"href":"https:\/\/heidysandovalruiz.com\/index.php?rest_route=\/wp\/v2\/media\/38"}],"wp:attachment":[{"href":"https:\/\/heidysandovalruiz.com\/index.php?rest_route=%2Fwp%2Fv2%2Fmedia&parent=35"}],"wp:term":[{"taxonomy":"category","embeddable":true,"href":"https:\/\/heidysandovalruiz.com\/index.php?rest_route=%2Fwp%2Fv2%2Fcategories&post=35"},{"taxonomy":"post_tag","embeddable":true,"href":"https:\/\/heidysandovalruiz.com\/index.php?rest_route=%2Fwp%2Fv2%2Ftags&post=35"}],"curies":[{"name":"wp","href":"https:\/\/api.w.org\/{rel}","templated":true}]}}