{"id":39,"date":"2013-06-24T02:52:26","date_gmt":"2013-06-24T02:52:26","guid":{"rendered":"http:\/\/heidysandovalruiz.com\/?p=39"},"modified":"2017-01-30T20:54:57","modified_gmt":"2017-01-30T20:54:57","slug":"la-cara-amiga-de-mario-vallar","status":"publish","type":"post","link":"https:\/\/heidysandovalruiz.com\/?p=39","title":{"rendered":"La cara amiga de \u00abMario Vallar\u00bb"},"content":{"rendered":"<p style=\"text-align: justify;\"><span style=\"color: #000000;\">Este d\u00eda en \u201cLa cara amiga de nuestros artistas\u201d, presentamos a ustedes la entrevista de un personaje que con\u00a0 su desenfadado estilo y su forma peculiar de interpretar\u00a0 sus canciones, hacen de <strong>Mario Vallar<\/strong> un artista diferente, creativo y carism\u00e1tico en el ambiente art\u00edstico guatemalteco. El a\u00f1o pasado particip\u00f3 en la XIX Gala de la Canci\u00f3n Guatemalteca y los asistentes ovacionaron su actuaci\u00f3n. \u00a0Los invito a que conozcamos m\u00e1s de cerca a este amigo de todos.<\/span><\/p>\n<p><span style=\"color: #000000;\"><strong>C\u00f3mo logras incursionar en el\u00a0<\/strong><strong>gusto de lo<\/strong><strong>s guatemaltecos?\u00a0<\/strong>Siendo uno m\u00e1s de ellos, contando sus historias y acercando nuestras realidades.<\/span><\/p>\n<p style=\"text-align: justify;\"><span style=\"color: #000000;\"><strong>Te consideras enamorado, poeta y loco?\u00a0<\/strong>No, creo ser solamente un observador incansable de la vida y lo\u00a0que hago es enviciarme de los instantes que luego me dan luz para el camino. Enamorado, poco, Poeta, menos y loco, todo.<\/span><\/p>\n<p style=\"text-align: justify;\"><span style=\"color: #000000;\"><strong>Cu\u00e1ntas canciones has escrito y que te inspira hacer<\/strong><strong style=\"color: #3366ff;\">lo?\u00a0<\/strong>Son tantas que no logro recordar a contarlas, adem\u00e1s las canciones se hicieron para\u00a0cantarlas y no contarlas y la verdad que son c\u00famulos de vivencias personales directas o indirectas, que luego toman forma de canci\u00f3n, de la misma observaci\u00f3n y acompa\u00f1adas de paciencia nacen las historias vueltas canciones.<\/span><\/p>\n<p style=\"text-align: justify;\"><span style=\"color: #000000;\"><strong>Consideras que ha habido una metamorfosis en tu vida art\u00edstica?<\/strong>Como todo tiende a crecer, envejecer y mutar. Todos hemos vivido los procesos que nos toca, la real tarea es reinventarnos siempre.<img loading=\"lazy\" decoding=\"async\" class=\"alignright wp-image-110 size-thumbnail\" style=\"border-color: #bbbbbb; background-color: #eeeeee;\" src=\"https:\/\/heidysandovalruiz.com\/wp-content\/uploads\/2013\/11\/62487_156489767706184_1723994_n-150x150.jpg\" alt=\"62487_156489767706184_1723994_n\" width=\"150\" height=\"150\" \/><\/span><\/p>\n<p style=\"text-align: justify;\"><span style=\"color: #000000;\"><strong>Qu\u00e9 te gusta m\u00e1s el canto o ser presentador de televisi\u00f3n?\u00a0<\/strong>La m\u00fasica es vocaci\u00f3n y pasi\u00f3n, la conducci\u00f3n es un proceso profesional que disfruto.<\/span><\/p>\n<p style=\"text-align: justify;\"><span style=\"color: #000000;\"><strong>Qu\u00e9 opini\u00f3n te merecen las redes sociales?\u00a0<\/strong>Creo que son importantes y que te acercan el mundo, pero deben llevarse con mesura.<\/span><\/p>\n<p><strong>D\u00f3nde te presentas actualmente y que le ofreces al p\u00fablico que asiste?<\/strong><\/p>\n<p style=\"text-align: justify;\"><span style=\"color: #000000;\">Mucho trabajo en la provincia del pa\u00eds, en el segundo semestre vuelvo a la vida nocturna de los bares y muy pronto entregar\u00e9 a mi gente y mi p\u00fablico guatemalteco mi s\u00e9ptimo \u00e1lbum discogr\u00e1fico.<\/span><\/p>\n<p style=\"text-align: justify;\">\n<p><iframe loading=\"lazy\" width=\"560\" height=\"315\" src=\"https:\/\/www.youtube.com\/embed\/WBSNn_tQTp8\" frameborder=\"0\" allowfullscreen><\/iframe><\/p>\n<p><iframe loading=\"lazy\" width=\"560\" height=\"315\" src=\"https:\/\/www.youtube.com\/embed\/7_QMnG2xQt0\" frameborder=\"0\" allowfullscreen><\/iframe><\/p>\n<p><iframe loading=\"lazy\" width=\"560\" height=\"315\" src=\"https:\/\/www.youtube.com\/embed\/4RLLa-Jfdrw\" frameborder=\"0\" allowfullscreen><\/iframe><\/p>\n<p>Les invitamos para que se unan al grupo de \u00ab<strong>Artistas de Guatemala para el Mundo<\/strong>\u00bb en este link <a href=\"http:\/\/on.fb.me\/1sn2wSf\">http:\/\/on.fb.me\/1sn2wSf<\/a> \u00a0el cual tiene como prop\u00f3sito compartir videos, fotos, an\u00e9cdotas y todo lo de nuestros artistas en las diferentes d\u00e9cadas.<\/p>\n<p>Hemos creado el grupo <strong>\u201cLas entrevistas de Heidy\u201d<\/strong> que pueden localizar en<\/p>\n<p><a href=\"https:\/\/www.facebook.com\/groups\/1443599465933701\/\">https:\/\/www.facebook.com\/groups\/1443599465933701\/<\/a><\/p>\n<p>Tambi\u00e9n ponemos a su disposici\u00f3n el grupo \u201c<strong>Un siglo de anuncios y algo m\u00e1s\u2026\u201d, <\/strong>un espacio donde pueden compartir o comentar los post que se publiquen <a href=\"http:\/\/on.fb.me\/1vASm2g\">http:\/\/on.fb.me\/1vASm2g<\/a><\/p>\n<p>Las entrevistas las pueden leer en los siguientes links:<\/p>\n<p><a href=\"http:\/\/www.heidysandovalruiz.com\">http:\/\/www.heidysandovalruiz.com<\/a><\/p>\n<p><a href=\"http:\/\/lasentrevistasdeheidy.blogspot.com\">http:\/\/lasentrevistasdeheidy.blogspot.com<\/a><\/p>\n<p><a href=\"https:\/\/www.facebook.com\/pages\/Los-invitados-de-Heidy\/892159284204965?ref=hl\">https:\/\/www.facebook.com\/pages\/Los-invitados-de-Heidy\/892159284204965?ref=hl<\/a><\/p>\n<p style=\"text-align: justify;\">\n<p style=\"text-align: justify;\"><span style=\"color: #000000;\"><strong>Entrevista realizada por Heidy Sandoval Ruiz<\/strong><\/span><\/p>\n","protected":false},"excerpt":{"rendered":"<div class=\"mh-excerpt\"><p>Este d\u00eda en \u201cLa cara amiga de nuestros artistas\u201d, presentamos a ustedes la entrevista de un personaje que con\u00a0 su desenfadado estilo y su forma <a class=\"mh-excerpt-more\" href=\"https:\/\/heidysandovalruiz.com\/?p=39\" title=\"La cara amiga de \u00abMario Vallar\u00bb\">[&#8230;]<\/a><\/p>\n<\/div>","protected":false},"author":4,"featured_media":40,"comment_status":"closed","ping_status":"closed","sticky":false,"template":"","format":"standard","meta":{"footnotes":""},"categories":[16],"tags":[7],"class_list":["post-39","post","type-post","status-publish","format-standard","has-post-thumbnail","hentry","category-la-cara-amiga","tag-la-cara-amiga-de-mario-vallar"],"_links":{"self":[{"href":"https:\/\/heidysandovalruiz.com\/index.php?rest_route=\/wp\/v2\/posts\/39","targetHints":{"allow":["GET"]}}],"collection":[{"href":"https:\/\/heidysandovalruiz.com\/index.php?rest_route=\/wp\/v2\/posts"}],"about":[{"href":"https:\/\/heidysandovalruiz.com\/index.php?rest_route=\/wp\/v2\/types\/post"}],"author":[{"embeddable":true,"href":"https:\/\/heidysandovalruiz.com\/index.php?rest_route=\/wp\/v2\/users\/4"}],"replies":[{"embeddable":true,"href":"https:\/\/heidysandovalruiz.com\/index.php?rest_route=%2Fwp%2Fv2%2Fcomments&post=39"}],"version-history":[{"count":8,"href":"https:\/\/heidysandovalruiz.com\/index.php?rest_route=\/wp\/v2\/posts\/39\/revisions"}],"predecessor-version":[{"id":4414,"href":"https:\/\/heidysandovalruiz.com\/index.php?rest_route=\/wp\/v2\/posts\/39\/revisions\/4414"}],"wp:featuredmedia":[{"embeddable":true,"href":"https:\/\/heidysandovalruiz.com\/index.php?rest_route=\/wp\/v2\/media\/40"}],"wp:attachment":[{"href":"https:\/\/heidysandovalruiz.com\/index.php?rest_route=%2Fwp%2Fv2%2Fmedia&parent=39"}],"wp:term":[{"taxonomy":"category","embeddable":true,"href":"https:\/\/heidysandovalruiz.com\/index.php?rest_route=%2Fwp%2Fv2%2Fcategories&post=39"},{"taxonomy":"post_tag","embeddable":true,"href":"https:\/\/heidysandovalruiz.com\/index.php?rest_route=%2Fwp%2Fv2%2Ftags&post=39"}],"curies":[{"name":"wp","href":"https:\/\/api.w.org\/{rel}","templated":true}]}}