{"id":3999,"date":"2016-08-29T03:52:07","date_gmt":"2016-08-29T03:52:07","guid":{"rendered":"http:\/\/heidysandovalruiz.com\/?p=3999"},"modified":"2016-08-29T04:23:49","modified_gmt":"2016-08-29T04:23:49","slug":"xxiii-gala-de-la-cancion-guatemalteca","status":"publish","type":"post","link":"https:\/\/heidysandovalruiz.com\/?p=3999","title":{"rendered":"XXIII Gala de la Canci\u00f3n Guatemalteca"},"content":{"rendered":"<p style=\"text-align: justify;\"><span style=\"color: #000080;\">Con el prop\u00f3sito de dar a conocer el repertorio musical con el que contamos los guatemaltecos, se cre\u00f3 uno de los espect\u00e1culos que durante 19 a\u00f1os se ha presentado consecutivamente, la \u201c<strong>Gala de la Canci\u00f3n Guatemalteca<\/strong>\u201d, el cual surgi\u00f3 a inquietud de Heidy Sandoval Ruiz\u00a0y en 1994 se present\u00f3 como un proyecto al Comit\u00e9 Permanente Pro-festejos de la Independencia Nacional siendo aprobado por la Licenciada Silvia Tejeda de Jim\u00e9nez, Gobernadora Departamental y Presidenta del Comit\u00e9 en ese entonces.<\/span><\/p>\n<p style=\"text-align: justify;\"><span style=\"color: #000080;\">A partir de ese a\u00f1o el Comit\u00e9 Permanente Pro-festejos de la Independencia Nacional, presenta entre las actividades que festejan la Independencia Nacional la \u201cGala de la Canci\u00f3n Guatemalteca\u201d, espect\u00e1culo \u00fanico de su g\u00e9nero en nuestro pa\u00eds, pues en este programa musical se pueden escuchar canciones nacionales con diversidad de g\u00e9neros como el rom\u00e1ntico, la balada, el merengue, la salsa entre otros, que se han presentado.<\/span><\/p>\n<p style=\"text-align: justify;\"><span style=\"color: #000080;\">Artistas de reconocida trayectoria han aceptado participar apoyando este espect\u00e1culo que se ha convertido en una ventana para nuestros valores pues se unen al festejo de la celebraci\u00f3n patria.<\/span><\/p>\n<p style=\"text-align: justify;\"><span style=\"color: #000080;\">En esta oportunidad y para festejar el 195 aniversario de la independencia nacional, se tiene contemplado brindar a los asistentes un evento que por primera vez reunir\u00e1 a varios grupos que han preparado una exquisita velada. El elenco est\u00e1 integrado por: <strong>Arturo Xicay, Marimba Femenina de Concierto, Estudiantina de la Facultad de Ciencias Econ\u00f3micas USAC, Estudiantina Guadalupana, Estudiantina de Colores, Canto Bohemio, Los Inseparables de Cob\u00e1n, Estudiantina Eterna Primavera, Estudiantina PABCE, Rondalla Guatemala, Grupo Frakmentos, Julio Valle y Rebeca Morales \u201cRebesalsa\u201d<\/strong>. Los homenajeados son: <strong>Mildred y Manolo, Carlos de Triana y Grupo Liverpool.<\/strong><\/span><\/p>\n<p style=\"text-align: justify;\"><span style=\"color: #000080;\">Para este a\u00f1o los guatemaltecos podr\u00e1n asistir a la \u201cXXIII Gala de la Canci\u00f3n Guatemalteca\u201d con toda la familia, a la serenata gratuita que el Comit\u00e9 Permanente Pro-festejos le da a Guatemala y la cual se ha programado para el s\u00e1bado 3 de septiembre a partir de las 16:00 horas en la Gran Sala Efra\u00edn Recinos del Centro Cultural Miguel \u00c1ngel Asturias. Los boletos deber\u00e1n adquirirlos en la taquilla del teatro el d\u00eda del evento.<\/span><\/p>\n<p style=\"text-align: center;\"><a href=\"https:\/\/heidysandovalruiz.com\/wp-content\/uploads\/2016\/08\/AFICHE-FINAL-2016-2.jpg\"><img loading=\"lazy\" decoding=\"async\" class=\"alignnone wp-image-4022 size-medium\" src=\"https:\/\/heidysandovalruiz.com\/wp-content\/uploads\/2016\/08\/AFICHE-FINAL-2016-2-162x300.jpg\" alt=\"AFICHE FINAL 2016 -2\" width=\"162\" height=\"300\" srcset=\"https:\/\/heidysandovalruiz.com\/wp-content\/uploads\/2016\/08\/AFICHE-FINAL-2016-2-162x300.jpg 162w, https:\/\/heidysandovalruiz.com\/wp-content\/uploads\/2016\/08\/AFICHE-FINAL-2016-2-553x1024.jpg 553w, https:\/\/heidysandovalruiz.com\/wp-content\/uploads\/2016\/08\/AFICHE-FINAL-2016-2.jpg 768w\" sizes=\"auto, (max-width: 162px) 100vw, 162px\" \/><\/a><\/p>\n<figure id=\"attachment_4002\" aria-describedby=\"caption-attachment-4002\" style=\"width: 300px\" class=\"wp-caption aligncenter\"><a href=\"https:\/\/heidysandovalruiz.com\/wp-content\/uploads\/2016\/08\/artistas-mildred-y-manolo-2.jpg\"><img loading=\"lazy\" decoding=\"async\" class=\"wp-image-4002 size-medium\" src=\"https:\/\/heidysandovalruiz.com\/wp-content\/uploads\/2016\/08\/artistas-mildred-y-manolo-2-300x200.jpg\" alt=\"artistas mildred y manolo 2\" width=\"300\" height=\"200\" srcset=\"https:\/\/heidysandovalruiz.com\/wp-content\/uploads\/2016\/08\/artistas-mildred-y-manolo-2-300x200.jpg 300w, https:\/\/heidysandovalruiz.com\/wp-content\/uploads\/2016\/08\/artistas-mildred-y-manolo-2.jpg 800w\" sizes=\"auto, (max-width: 300px) 100vw, 300px\" \/><\/a><figcaption id=\"caption-attachment-4002\" class=\"wp-caption-text\"><span style=\"color: #000080;\"><strong>Mildred y Manolo<\/strong><\/span><\/figcaption><\/figure>\n<figure id=\"attachment_4003\" aria-describedby=\"caption-attachment-4003\" style=\"width: 281px\" class=\"wp-caption alignright\"><a href=\"https:\/\/heidysandovalruiz.com\/wp-content\/uploads\/2016\/08\/10172707_1511375619147112_7446007170144268471_n.jpg\"><img loading=\"lazy\" decoding=\"async\" class=\"wp-image-4003 size-medium\" src=\"https:\/\/heidysandovalruiz.com\/wp-content\/uploads\/2016\/08\/10172707_1511375619147112_7446007170144268471_n-281x300.jpg\" alt=\"10172707_1511375619147112_7446007170144268471_n\" width=\"281\" height=\"300\" srcset=\"https:\/\/heidysandovalruiz.com\/wp-content\/uploads\/2016\/08\/10172707_1511375619147112_7446007170144268471_n-281x300.jpg 281w, https:\/\/heidysandovalruiz.com\/wp-content\/uploads\/2016\/08\/10172707_1511375619147112_7446007170144268471_n.jpg 422w\" sizes=\"auto, (max-width: 281px) 100vw, 281px\" \/><\/a><figcaption id=\"caption-attachment-4003\" class=\"wp-caption-text\"><span style=\"color: #000080;\"><strong>Carlos de Triana<\/strong><\/span><\/figcaption><\/figure>\n<figure id=\"attachment_4004\" aria-describedby=\"caption-attachment-4004\" style=\"width: 264px\" class=\"wp-caption alignnone\"><a style=\"color: #000080;\" href=\"https:\/\/heidysandovalruiz.com\/wp-content\/uploads\/2016\/08\/1.jpg\"><img loading=\"lazy\" decoding=\"async\" class=\"wp-image-4004 size-full\" src=\"https:\/\/heidysandovalruiz.com\/wp-content\/uploads\/2016\/08\/1.jpg\" alt=\"1\" width=\"264\" height=\"264\" srcset=\"https:\/\/heidysandovalruiz.com\/wp-content\/uploads\/2016\/08\/1.jpg 264w, https:\/\/heidysandovalruiz.com\/wp-content\/uploads\/2016\/08\/1-150x150.jpg 150w\" sizes=\"auto, (max-width: 264px) 100vw, 264px\" \/><\/a><figcaption id=\"caption-attachment-4004\" class=\"wp-caption-text\"><strong><span style=\"color: #000080;\">Grupo Liverpool<\/span><\/strong><\/figcaption><\/figure>\n<figure id=\"attachment_4015\" aria-describedby=\"caption-attachment-4015\" style=\"width: 300px\" class=\"wp-caption aligncenter\"><a href=\"https:\/\/heidysandovalruiz.com\/wp-content\/uploads\/2016\/08\/presentadores-2016.jpg\"><img loading=\"lazy\" decoding=\"async\" class=\"wp-image-4015 size-medium\" src=\"https:\/\/heidysandovalruiz.com\/wp-content\/uploads\/2016\/08\/presentadores-2016-300x111.jpg\" alt=\"presentadores 2016\" width=\"300\" height=\"111\" srcset=\"https:\/\/heidysandovalruiz.com\/wp-content\/uploads\/2016\/08\/presentadores-2016-300x111.jpg 300w, https:\/\/heidysandovalruiz.com\/wp-content\/uploads\/2016\/08\/presentadores-2016.jpg 960w\" sizes=\"auto, (max-width: 300px) 100vw, 300px\" \/><\/a><figcaption id=\"caption-attachment-4015\" class=\"wp-caption-text\"><span style=\"color: #000080;\">Presentadores: Luis Garist\u00fa, Luis Pellecer, Heidy Sandoval Ruiz y Sebastian Chavarr\u00eda<\/span><\/figcaption><\/figure>\n<figure id=\"attachment_4007\" aria-describedby=\"caption-attachment-4007\" style=\"width: 300px\" class=\"wp-caption aligncenter\"><a href=\"https:\/\/heidysandovalruiz.com\/wp-content\/uploads\/2016\/08\/Canto-Bohemio.jpg\"><img loading=\"lazy\" decoding=\"async\" class=\"wp-image-4007 size-medium\" src=\"https:\/\/heidysandovalruiz.com\/wp-content\/uploads\/2016\/08\/Canto-Bohemio-300x225.jpg\" alt=\"Canto Bohemio\" width=\"300\" height=\"225\" srcset=\"https:\/\/heidysandovalruiz.com\/wp-content\/uploads\/2016\/08\/Canto-Bohemio-300x225.jpg 300w, https:\/\/heidysandovalruiz.com\/wp-content\/uploads\/2016\/08\/Canto-Bohemio.jpg 960w\" sizes=\"auto, (max-width: 300px) 100vw, 300px\" \/><\/a><figcaption id=\"caption-attachment-4007\" class=\"wp-caption-text\"><span style=\"color: #000080;\"><strong>Canto Bohemio<\/strong><\/span><\/figcaption><\/figure>\n<figure id=\"attachment_4006\" aria-describedby=\"caption-attachment-4006\" style=\"width: 201px\" class=\"wp-caption aligncenter\"><a href=\"https:\/\/heidysandovalruiz.com\/wp-content\/uploads\/2016\/08\/10968590_1513740185513430_8911284049523064591_n.jpg\"><img loading=\"lazy\" decoding=\"async\" class=\"wp-image-4006 size-medium\" src=\"https:\/\/heidysandovalruiz.com\/wp-content\/uploads\/2016\/08\/10968590_1513740185513430_8911284049523064591_n-201x300.jpg\" alt=\"10968590_1513740185513430_8911284049523064591_n\" width=\"201\" height=\"300\" srcset=\"https:\/\/heidysandovalruiz.com\/wp-content\/uploads\/2016\/08\/10968590_1513740185513430_8911284049523064591_n-201x300.jpg 201w, https:\/\/heidysandovalruiz.com\/wp-content\/uploads\/2016\/08\/10968590_1513740185513430_8911284049523064591_n.jpg 482w\" sizes=\"auto, (max-width: 201px) 100vw, 201px\" \/><\/a><figcaption id=\"caption-attachment-4006\" class=\"wp-caption-text\"><span style=\"color: #000080;\"><strong>Rebesalsa<\/strong><\/span><\/figcaption><\/figure>\n<figure id=\"attachment_4012\" aria-describedby=\"caption-attachment-4012\" style=\"width: 284px\" class=\"wp-caption aligncenter\"><a href=\"https:\/\/heidysandovalruiz.com\/wp-content\/uploads\/2016\/08\/hollywood.png\"><img loading=\"lazy\" decoding=\"async\" class=\"wp-image-4012 size-full\" src=\"https:\/\/heidysandovalruiz.com\/wp-content\/uploads\/2016\/08\/hollywood.png\" alt=\"hollywood\" width=\"284\" height=\"209\" \/><\/a><figcaption id=\"caption-attachment-4012\" class=\"wp-caption-text\"><span style=\"color: #000080;\"><strong>Arturo Xicay<\/strong><\/span><\/figcaption><\/figure>\n<figure id=\"attachment_4005\" aria-describedby=\"caption-attachment-4005\" style=\"width: 300px\" class=\"wp-caption aligncenter\"><a href=\"https:\/\/heidysandovalruiz.com\/wp-content\/uploads\/2016\/08\/RONDALLA-GUATEMALA.jpg\"><img loading=\"lazy\" decoding=\"async\" class=\"wp-image-4005 size-medium\" src=\"https:\/\/heidysandovalruiz.com\/wp-content\/uploads\/2016\/08\/RONDALLA-GUATEMALA-300x225.jpg\" alt=\"RONDALLA GUATEMALA\" width=\"300\" height=\"225\" srcset=\"https:\/\/heidysandovalruiz.com\/wp-content\/uploads\/2016\/08\/RONDALLA-GUATEMALA-300x225.jpg 300w, https:\/\/heidysandovalruiz.com\/wp-content\/uploads\/2016\/08\/RONDALLA-GUATEMALA.jpg 960w\" sizes=\"auto, (max-width: 300px) 100vw, 300px\" \/><\/a><figcaption id=\"caption-attachment-4005\" class=\"wp-caption-text\"><span style=\"color: #000080;\"><strong>Rondalla Guatemala<\/strong><\/span><\/figcaption><\/figure>\n<figure id=\"attachment_4008\" aria-describedby=\"caption-attachment-4008\" style=\"width: 300px\" class=\"wp-caption aligncenter\"><a href=\"https:\/\/heidysandovalruiz.com\/wp-content\/uploads\/2016\/08\/COLORES.jpg\"><img loading=\"lazy\" decoding=\"async\" class=\"wp-image-4008 size-medium\" src=\"https:\/\/heidysandovalruiz.com\/wp-content\/uploads\/2016\/08\/COLORES-300x180.jpg\" alt=\"COLORES\" width=\"300\" height=\"180\" srcset=\"https:\/\/heidysandovalruiz.com\/wp-content\/uploads\/2016\/08\/COLORES-300x180.jpg 300w, https:\/\/heidysandovalruiz.com\/wp-content\/uploads\/2016\/08\/COLORES.jpg 960w\" sizes=\"auto, (max-width: 300px) 100vw, 300px\" \/><\/a><figcaption id=\"caption-attachment-4008\" class=\"wp-caption-text\"><strong><span style=\"color: #000080;\">Estudiantina de Colores<\/span><\/strong><\/figcaption><\/figure>\n<figure id=\"attachment_4009\" aria-describedby=\"caption-attachment-4009\" style=\"width: 300px\" class=\"wp-caption aligncenter\"><a href=\"https:\/\/heidysandovalruiz.com\/wp-content\/uploads\/2016\/08\/ECONOMICAS.jpg\"><img loading=\"lazy\" decoding=\"async\" class=\"wp-image-4009 size-medium\" src=\"https:\/\/heidysandovalruiz.com\/wp-content\/uploads\/2016\/08\/ECONOMICAS-300x225.jpg\" alt=\"ECONOMICAS\" width=\"300\" height=\"225\" srcset=\"https:\/\/heidysandovalruiz.com\/wp-content\/uploads\/2016\/08\/ECONOMICAS-300x225.jpg 300w, https:\/\/heidysandovalruiz.com\/wp-content\/uploads\/2016\/08\/ECONOMICAS.jpg 960w\" sizes=\"auto, (max-width: 300px) 100vw, 300px\" \/><\/a><figcaption id=\"caption-attachment-4009\" class=\"wp-caption-text\"><strong><span style=\"color: #000080;\">Estudiantina de Econ\u00f3micas<\/span><\/strong><\/figcaption><\/figure>\n<figure id=\"attachment_4010\" aria-describedby=\"caption-attachment-4010\" style=\"width: 300px\" class=\"wp-caption aligncenter\"><a href=\"https:\/\/heidysandovalruiz.com\/wp-content\/uploads\/2016\/08\/FRAKMENTOS-2.jpg\"><img loading=\"lazy\" decoding=\"async\" class=\"wp-image-4010 size-medium\" src=\"https:\/\/heidysandovalruiz.com\/wp-content\/uploads\/2016\/08\/FRAKMENTOS-2-300x225.jpg\" alt=\"FRAKMENTOS 2\" width=\"300\" height=\"225\" srcset=\"https:\/\/heidysandovalruiz.com\/wp-content\/uploads\/2016\/08\/FRAKMENTOS-2-300x225.jpg 300w, https:\/\/heidysandovalruiz.com\/wp-content\/uploads\/2016\/08\/FRAKMENTOS-2.jpg 960w\" sizes=\"auto, (max-width: 300px) 100vw, 300px\" \/><\/a><figcaption id=\"caption-attachment-4010\" class=\"wp-caption-text\"><span style=\"color: #000080;\"><strong>Grupo Frakmentos<\/strong><\/span><\/figcaption><\/figure>\n<figure id=\"attachment_4013\" aria-describedby=\"caption-attachment-4013\" style=\"width: 200px\" class=\"wp-caption aligncenter\"><a href=\"https:\/\/heidysandovalruiz.com\/wp-content\/uploads\/2016\/08\/julio-valle.jpg\"><img loading=\"lazy\" decoding=\"async\" class=\"wp-image-4013 size-medium\" src=\"https:\/\/heidysandovalruiz.com\/wp-content\/uploads\/2016\/08\/julio-valle-200x300.jpg\" alt=\"julio valle\" width=\"200\" height=\"300\" srcset=\"https:\/\/heidysandovalruiz.com\/wp-content\/uploads\/2016\/08\/julio-valle-200x300.jpg 200w, https:\/\/heidysandovalruiz.com\/wp-content\/uploads\/2016\/08\/julio-valle.jpg 640w\" sizes=\"auto, (max-width: 200px) 100vw, 200px\" \/><\/a><figcaption id=\"caption-attachment-4013\" class=\"wp-caption-text\"><span style=\"color: #000080;\"><strong>Julio Valle<\/strong><\/span><\/figcaption><\/figure>\n<figure id=\"attachment_4014\" aria-describedby=\"caption-attachment-4014\" style=\"width: 300px\" class=\"wp-caption aligncenter\"><a href=\"https:\/\/heidysandovalruiz.com\/wp-content\/uploads\/2016\/08\/Inseparables-de-Cob\u00e1n.jpg\"><img loading=\"lazy\" decoding=\"async\" class=\"wp-image-4014 size-medium\" src=\"https:\/\/heidysandovalruiz.com\/wp-content\/uploads\/2016\/08\/Inseparables-de-Cob\u00e1n-300x225.jpg\" alt=\"Inseparables de Cob\u00e1n\" width=\"300\" height=\"225\" srcset=\"https:\/\/heidysandovalruiz.com\/wp-content\/uploads\/2016\/08\/Inseparables-de-Cob\u00e1n-300x225.jpg 300w, https:\/\/heidysandovalruiz.com\/wp-content\/uploads\/2016\/08\/Inseparables-de-Cob\u00e1n.jpg 720w\" sizes=\"auto, (max-width: 300px) 100vw, 300px\" \/><\/a><figcaption id=\"caption-attachment-4014\" class=\"wp-caption-text\"><span style=\"color: #000080;\"><strong>Inseparables de Cob\u00e1n<\/strong><\/span><\/figcaption><\/figure>\n<figure id=\"attachment_4017\" aria-describedby=\"caption-attachment-4017\" style=\"width: 300px\" class=\"wp-caption aligncenter\"><a href=\"https:\/\/heidysandovalruiz.com\/wp-content\/uploads\/2016\/08\/Canto-Bohemio1.jpg\"><img loading=\"lazy\" decoding=\"async\" class=\"size-medium wp-image-4017\" src=\"https:\/\/heidysandovalruiz.com\/wp-content\/uploads\/2016\/08\/Canto-Bohemio1-300x225.jpg\" alt=\"Canto Bohemio\" width=\"300\" height=\"225\" srcset=\"https:\/\/heidysandovalruiz.com\/wp-content\/uploads\/2016\/08\/Canto-Bohemio1-300x225.jpg 300w, https:\/\/heidysandovalruiz.com\/wp-content\/uploads\/2016\/08\/Canto-Bohemio1.jpg 960w\" sizes=\"auto, (max-width: 300px) 100vw, 300px\" \/><\/a><figcaption id=\"caption-attachment-4017\" class=\"wp-caption-text\"><span style=\"color: #000080;\"><strong>Canto Bohemio<\/strong><\/span><\/figcaption><\/figure>\n<figure id=\"attachment_4011\" aria-describedby=\"caption-attachment-4011\" style=\"width: 300px\" class=\"wp-caption aligncenter\"><a href=\"https:\/\/heidysandovalruiz.com\/wp-content\/uploads\/2016\/08\/GUADALUPANA.jpg\"><img loading=\"lazy\" decoding=\"async\" class=\"wp-image-4011 size-medium\" src=\"https:\/\/heidysandovalruiz.com\/wp-content\/uploads\/2016\/08\/GUADALUPANA-300x225.jpg\" alt=\"GUADALUPANA\" width=\"300\" height=\"225\" srcset=\"https:\/\/heidysandovalruiz.com\/wp-content\/uploads\/2016\/08\/GUADALUPANA-300x225.jpg 300w, https:\/\/heidysandovalruiz.com\/wp-content\/uploads\/2016\/08\/GUADALUPANA.jpg 960w\" sizes=\"auto, (max-width: 300px) 100vw, 300px\" \/><\/a><figcaption id=\"caption-attachment-4011\" class=\"wp-caption-text\"><span style=\"color: #000080;\"><strong>Estudiantina Guadalupana<\/strong><\/span><\/figcaption><\/figure>\n<figure id=\"attachment_4019\" aria-describedby=\"caption-attachment-4019\" style=\"width: 300px\" class=\"wp-caption aligncenter\"><a href=\"https:\/\/heidysandovalruiz.com\/wp-content\/uploads\/2016\/08\/PABCE.jpg\"><img loading=\"lazy\" decoding=\"async\" class=\"size-medium wp-image-4019\" src=\"https:\/\/heidysandovalruiz.com\/wp-content\/uploads\/2016\/08\/PABCE-300x169.jpg\" alt=\"PABCE\" width=\"300\" height=\"169\" srcset=\"https:\/\/heidysandovalruiz.com\/wp-content\/uploads\/2016\/08\/PABCE-300x169.jpg 300w, https:\/\/heidysandovalruiz.com\/wp-content\/uploads\/2016\/08\/PABCE-1024x575.jpg 1024w, https:\/\/heidysandovalruiz.com\/wp-content\/uploads\/2016\/08\/PABCE.jpg 1321w\" sizes=\"auto, (max-width: 300px) 100vw, 300px\" \/><\/a><figcaption id=\"caption-attachment-4019\" class=\"wp-caption-text\"><span style=\"color: #000080;\"><strong>PABCE<\/strong><\/span><\/figcaption><\/figure>\n<figure id=\"attachment_4020\" aria-describedby=\"caption-attachment-4020\" style=\"width: 300px\" class=\"wp-caption aligncenter\"><a href=\"https:\/\/heidysandovalruiz.com\/wp-content\/uploads\/2016\/08\/Marimba-femenina.jpg\"><img loading=\"lazy\" decoding=\"async\" class=\"size-medium wp-image-4020\" src=\"https:\/\/heidysandovalruiz.com\/wp-content\/uploads\/2016\/08\/Marimba-femenina-300x169.jpg\" alt=\"Marimba femenina de Concierto\" width=\"300\" height=\"169\" srcset=\"https:\/\/heidysandovalruiz.com\/wp-content\/uploads\/2016\/08\/Marimba-femenina-300x169.jpg 300w, https:\/\/heidysandovalruiz.com\/wp-content\/uploads\/2016\/08\/Marimba-femenina.jpg 960w\" sizes=\"auto, (max-width: 300px) 100vw, 300px\" \/><\/a><figcaption id=\"caption-attachment-4020\" class=\"wp-caption-text\"><span style=\"color: #000080;\"><strong>Marimba femenina\u00a0de Concierto<\/strong><\/span><\/figcaption><\/figure>\n<p><iframe loading=\"lazy\" src=\"https:\/\/www.youtube.com\/embed\/De6oNeGQqd0\" width=\"560\" height=\"315\" frameborder=\"0\" allowfullscreen=\"allowfullscreen\"><\/iframe><\/p>\n","protected":false},"excerpt":{"rendered":"<div class=\"mh-excerpt\"><p>Con el prop\u00f3sito de dar a conocer el repertorio musical con el que contamos los guatemaltecos, se cre\u00f3 uno de los espect\u00e1culos que durante 19 <a class=\"mh-excerpt-more\" href=\"https:\/\/heidysandovalruiz.com\/?p=3999\" title=\"XXIII Gala de la Canci\u00f3n Guatemalteca\">[&#8230;]<\/a><\/p>\n<\/div>","protected":false},"author":4,"featured_media":4000,"comment_status":"closed","ping_status":"closed","sticky":false,"template":"","format":"standard","meta":{"footnotes":""},"categories":[16],"tags":[299],"class_list":["post-3999","post","type-post","status-publish","format-standard","has-post-thumbnail","hentry","category-la-cara-amiga","tag-xxiii-gala-de-la-cancion-guatemalteca"],"_links":{"self":[{"href":"https:\/\/heidysandovalruiz.com\/index.php?rest_route=\/wp\/v2\/posts\/3999","targetHints":{"allow":["GET"]}}],"collection":[{"href":"https:\/\/heidysandovalruiz.com\/index.php?rest_route=\/wp\/v2\/posts"}],"about":[{"href":"https:\/\/heidysandovalruiz.com\/index.php?rest_route=\/wp\/v2\/types\/post"}],"author":[{"embeddable":true,"href":"https:\/\/heidysandovalruiz.com\/index.php?rest_route=\/wp\/v2\/users\/4"}],"replies":[{"embeddable":true,"href":"https:\/\/heidysandovalruiz.com\/index.php?rest_route=%2Fwp%2Fv2%2Fcomments&post=3999"}],"version-history":[{"count":4,"href":"https:\/\/heidysandovalruiz.com\/index.php?rest_route=\/wp\/v2\/posts\/3999\/revisions"}],"predecessor-version":[{"id":4023,"href":"https:\/\/heidysandovalruiz.com\/index.php?rest_route=\/wp\/v2\/posts\/3999\/revisions\/4023"}],"wp:featuredmedia":[{"embeddable":true,"href":"https:\/\/heidysandovalruiz.com\/index.php?rest_route=\/wp\/v2\/media\/4000"}],"wp:attachment":[{"href":"https:\/\/heidysandovalruiz.com\/index.php?rest_route=%2Fwp%2Fv2%2Fmedia&parent=3999"}],"wp:term":[{"taxonomy":"category","embeddable":true,"href":"https:\/\/heidysandovalruiz.com\/index.php?rest_route=%2Fwp%2Fv2%2Fcategories&post=3999"},{"taxonomy":"post_tag","embeddable":true,"href":"https:\/\/heidysandovalruiz.com\/index.php?rest_route=%2Fwp%2Fv2%2Ftags&post=3999"}],"curies":[{"name":"wp","href":"https:\/\/api.w.org\/{rel}","templated":true}]}}