{"id":4032,"date":"2016-09-22T20:30:08","date_gmt":"2016-09-22T20:30:08","guid":{"rendered":"http:\/\/heidysandovalruiz.com\/?p=4032"},"modified":"2016-09-22T20:45:58","modified_gmt":"2016-09-22T20:45:58","slug":"el-principe-encantado-en-el-teatro-de-camara","status":"publish","type":"post","link":"https:\/\/heidysandovalruiz.com\/?p=4032","title":{"rendered":"\u00abEl Pr\u00edncipe Encantado\u00bb en el Teatro de C\u00e1mara"},"content":{"rendered":"<p style=\"text-align: justify;\">En la \u201c<strong>Cara amiga de los invitados de Heidy<\/strong>\u201d, presento en esta oportunidad informaci\u00f3n de una obra que actualmente se encuentra en cartelera: \u201cEl pr\u00edncipe encantado\u201d e invitamos al director\u00a0<strong>Luis Rom\u00e1n<\/strong> para que nos comente por menores de este nuevo trabajo.<\/p>\n<p style=\"text-align: justify;\">Bienvenido \u00a0a este espacio que como ya sabes siempre te apoya en las diversas actividades que realizas y ahora pues te acompa\u00f1as de Jazm\u00edn la princesa a quien le haremos tambi\u00e9n un par de preguntas.<\/p>\n<p style=\"text-align: justify;\">Para dar inicio quiero preguntarte \u00bfC\u00f3mo surge la inquietud de llevar a escena \u201cEl pr\u00edncipe encantado\u201d? <strong>El Pr\u00edncipe Encantado nace de la idea de Milton Gonz\u00e1lez que es el escritor, platicando con \u00e9l, surge pues el a\u00f1o pasado realic\u00e9 la Ratita Presumida y pues \u00e9l es miembro de Thriambos, as\u00ed que se motiv\u00f3 tanto que realiz\u00f3 la obra y realmente qued\u00f3 muy bien hecha.\u00a0 Tiene una narrativa teatral muy buena que ayuda a que el director pueda so\u00f1ar con la misma.<\/strong><\/p>\n<p style=\"text-align: justify;\">\u00bfCu\u00e1nto tiempo se tuvo para la preparaci\u00f3n de cada personaje? <strong>Nos estuvimos preparando casi 3 meses para que los personajes fluyeran como se necesitaba y que salieran a flote y con una magia muy especial.<\/strong><\/p>\n<p style=\"text-align: justify;\">\u00bfCu\u00e1ntas personas integran el elenco? <strong>Somos 13 personas en el elenco.<\/strong><\/p>\n<p style=\"text-align: justify;\">Jazm\u00edn personaje de la obra acompa\u00f1a al productor en esta entrevista y me gustar\u00eda preguntarle \u00bfSiendo la princesa del cuento qu\u00e9 cualidades buscas en el pr\u00edncipe perfecto? <strong>Pues realmente yo busco que sea una persona noble, con un coraz\u00f3n puro y bueno, que sepa valorar a todos los seres humanos.<a href=\"https:\/\/heidysandovalruiz.com\/wp-content\/uploads\/2016\/09\/14389011_10154458624818745_999134982_n.jpg\"><img loading=\"lazy\" decoding=\"async\" class=\"size-medium wp-image-4035 alignright\" src=\"https:\/\/heidysandovalruiz.com\/wp-content\/uploads\/2016\/09\/14389011_10154458624818745_999134982_n-300x200.jpg\" alt=\"14389011_10154458624818745_999134982_n\" width=\"300\" height=\"200\" srcset=\"https:\/\/heidysandovalruiz.com\/wp-content\/uploads\/2016\/09\/14389011_10154458624818745_999134982_n-300x200.jpg 300w, https:\/\/heidysandovalruiz.com\/wp-content\/uploads\/2016\/09\/14389011_10154458624818745_999134982_n.jpg 960w\" sizes=\"auto, (max-width: 300px) 100vw, 300px\" \/><\/a><\/strong><\/p>\n<p style=\"text-align: justify;\">\u00bfC\u00f3mo definir\u00edas a David y John? \u00bfQu\u00e9 papel juegan en la obra? <strong>Son dos seres humanos muy distintos pero que a la vez son iguales en sus pensamientos y nobleza.\u00a0 Son dos j\u00f3venes que crecieron en mundos diferentes y por eso cada uno tiene su propia personalidad.<\/strong><\/p>\n<p style=\"text-align: justify;\">\u00bfEn la trama que relaci\u00f3n tienes tu con Senti? <strong>Seanti es el brujo malo de la historia, mis padres por situaciones de la\u00a0 vida me dieron con este brujo cuando ten\u00eda 2 a\u00f1os, por haber perdido una apuesta con este brujo, y desde esa \u00e9poca estoy encerrada en el castillo azul, y solamente me puede rescatar un pr\u00edncipe que tenga un coraz\u00f3n noble.\u00a0 De lo contrario vivir\u00e9 por siempre en ese castillo.<\/strong><\/p>\n<p style=\"text-align: justify;\">Cu\u00e9ntanos Jazm\u00edn \u00bfDentro de la obra tienes alg\u00fan aliado? <strong>Desde peque\u00f1a me han cuidado mis tres queridas Hadas, y lo han hecho por propia voluntad, a pesar que Seanti les quit\u00f3 todos sus poderes, a ellas no les ha importado eso.\u00a0 Son mis ojos para el mundo exterior.\u00a0 Son mis amigas.<\/strong><\/p>\n<p style=\"text-align: justify;\"><a href=\"https:\/\/heidysandovalruiz.com\/wp-content\/uploads\/2016\/09\/14383493_10154458624513745_709204246_n.jpg\"><img loading=\"lazy\" decoding=\"async\" class=\"size-medium wp-image-4034 alignleft\" src=\"https:\/\/heidysandovalruiz.com\/wp-content\/uploads\/2016\/09\/14383493_10154458624513745_709204246_n-300x200.jpg\" alt=\"14383493_10154458624513745_709204246_n\" width=\"300\" height=\"200\" srcset=\"https:\/\/heidysandovalruiz.com\/wp-content\/uploads\/2016\/09\/14383493_10154458624513745_709204246_n-300x200.jpg 300w, https:\/\/heidysandovalruiz.com\/wp-content\/uploads\/2016\/09\/14383493_10154458624513745_709204246_n.jpg 420w\" sizes=\"auto, (max-width: 300px) 100vw, 300px\" \/><\/a>Deseamos a la princesa Jazm\u00edn todo el \u00e9xito en esta temporada y que su papel enamore a quienes asistan a ver esta puesta en escena que est\u00e1 pensada para que las ni\u00f1as y ni\u00f1os se diviertan junto a toda la familia.<\/p>\n<p style=\"text-align: justify;\">Luis como productor \u00bfQu\u00e9 opinas del papel de Jazm\u00edn? <strong>Jazmin representa el sue\u00f1o de toda ni\u00f1a, ser una hermosa princesa, que sepa luchar por la vida y por sus deseos y sue\u00f1os.\u00a0 Es alguien que a pesar de estar encerrada no pierde las esperanzas de que su vida debe cambiar.<\/strong><\/p>\n<p style=\"text-align: justify;\">\u00bfCu\u00e1ntos son los personajes que participan? <strong>Son 13 personajes:\u00a0 Los Reyes, 5 Hadas, 2 pr\u00edncipes, 1 princesa, 1 elfo, 1 grillo y 1 brujo.<\/strong><\/p>\n<p style=\"text-align: justify;\">\u00bfLos gemelos son representados por una misma persona? <strong>Son dos actores completamente distintos en su f\u00edsico, es parte de la obra que sean de esa forma.\u00a0 Son Interpretados por Johnnie Quijada y Leonardo Palencia.<\/strong><\/p>\n<p style=\"text-align: justify;\">\u00bfD\u00f3nde se presenta \u201cEl pr\u00edncipe encantado\u201d y cu\u00e1l es el horario? <strong>Nos estamos presentando en el Teatro de C\u00e1mara Hugo Carrillo del Centro Cultural Miguel \u00c1ngel Asturias, los domingos a las 11 horas.<a href=\"https:\/\/heidysandovalruiz.com\/wp-content\/uploads\/2016\/09\/14341753_10154458625153745_1824062347_n.jpg\"><img loading=\"lazy\" decoding=\"async\" class=\"size-medium wp-image-4036 alignright\" src=\"https:\/\/heidysandovalruiz.com\/wp-content\/uploads\/2016\/09\/14341753_10154458625153745_1824062347_n-300x200.jpg\" alt=\"14341753_10154458625153745_1824062347_n\" width=\"300\" height=\"200\" srcset=\"https:\/\/heidysandovalruiz.com\/wp-content\/uploads\/2016\/09\/14341753_10154458625153745_1824062347_n-300x200.jpg 300w, https:\/\/heidysandovalruiz.com\/wp-content\/uploads\/2016\/09\/14341753_10154458625153745_1824062347_n.jpg 960w\" sizes=\"auto, (max-width: 300px) 100vw, 300px\" \/><\/a><\/strong><\/p>\n<p style=\"text-align: justify;\">\u00bfHasta cu\u00e1ndo estar\u00e1 en cartelera la obra? <strong>Estaremos en cartelera hasta el 23 de octubre.<\/strong><\/p>\n<p style=\"text-align: justify;\">Y para invitar y motivar a quienes lean la entrevista \u00bfPuedes darnos una breve sinopsis?<\/p>\n<p style=\"text-align: justify;\"><strong>La historia de El Pr\u00edncipe Encantado es la siguiente:\u00a0\u00a0 Dos hermanos gemelos son separados por el Brujo Seanti, por una apuesta que el Rey Glenn no pudo completar.\u00a0 Estos dos hermanos crecen en mundos diferentes, pero por situaciones de la vida se ven enfrentados para rescatar a la Princesa Jazmin y as\u00ed poder encontrar el amor.\u00a0 Pero solamente uno de ellos tiene el coraz\u00f3n noble, quien ser\u00e1 el responsable de rescatar a la Princesa.\u00a0 Ayudados por los seres m\u00e1gicos como el Elfo, Las Hadas y el Grillo podr\u00e1n hacer realidad la historia.<\/strong><\/p>\n<p style=\"text-align: justify;\">Agradezco a Luis Rom\u00e1n y a Jazm\u00edn el habernos compartido interioridades de esta obra que esperamos sea todo un \u00e9xito entre el p\u00fablico guatemalteco.<\/p>\n<p style=\"text-align: justify;\">Fotograf\u00edas: Estudio Eclipse y Neto Paiz.<\/p>\n<p style=\"text-align: justify;\">Les invitamos para que se unan al grupo de \u00ab<strong>Artistas de Guatemala para el Mundo<\/strong>\u00bb en este link<strong>\u00a0<\/strong><a href=\"http:\/\/on.fb.me\/1sn2wSf\"><strong>http:\/\/on.fb.me\/1sn2wSf<\/strong><\/a>\u00a0el cual tiene como prop\u00f3sito compartir videos, fotos, an\u00e9cdotas y todo lo de nuestros artistas en las diferentes d\u00e9cadas.<\/p>\n<p style=\"text-align: justify;\">Hemos creado el grupo \u201cLas entrevistas de Heidy\u201d que pueden localizar en <a href=\"http:\/\/on.fb.me\/1QxKypc\">http:\/\/on.fb.me\/1QxKypc<\/a><\/p>\n<p style=\"text-align: justify;\">Tambi\u00e9n ponemos a su disposici\u00f3n el grupo \u201c<strong>Un siglo de anuncios<\/strong>\u201d, un espacio donde pueden compartir o comentar los post que se publiquen <a href=\"http:\/\/on.fb.me\/1vASm2g\">http:\/\/on.fb.me\/1vASm2g<\/a><\/p>\n<p style=\"text-align: justify;\"><strong>Las entrevistas las pueden leer en los siguientes links:<\/strong><\/p>\n<p style=\"text-align: justify;\"><a href=\"http:\/\/lasentrevistasdeheidy.blogspot.com\/\">http:\/\/lasentrevistasdeheidy.blogspot.com<\/a><\/p>\n<p style=\"text-align: justify;\"><a href=\"https:\/\/www.facebook.com\/pages\/Los-invitados-de-Heidy\/892159284204965?ref=hl\">https:\/\/www.facebook.com\/pages\/Los-invitados-de-Heidy\/892159284204965?ref=hl<\/a><\/p>\n<p style=\"text-align: justify;\"><strong>Entrevista por Heidy Sandoval Ruiz<\/strong><\/p>\n<p style=\"text-align: justify;\"><strong><em>Toda publicaci\u00f3n es responsabilidad de la Administraci\u00f3n<\/em><\/strong><\/p>\n","protected":false},"excerpt":{"rendered":"<div class=\"mh-excerpt\"><p>En la \u201cCara amiga de los invitados de Heidy\u201d, presento en esta oportunidad informaci\u00f3n de una obra que actualmente se encuentra en cartelera: \u201cEl pr\u00edncipe <a class=\"mh-excerpt-more\" href=\"https:\/\/heidysandovalruiz.com\/?p=4032\" title=\"\u00abEl Pr\u00edncipe Encantado\u00bb en el Teatro de C\u00e1mara\">[&#8230;]<\/a><\/p>\n<\/div>","protected":false},"author":4,"featured_media":4033,"comment_status":"closed","ping_status":"closed","sticky":false,"template":"","format":"standard","meta":{"footnotes":""},"categories":[63],"tags":[301],"class_list":["post-4032","post","type-post","status-publish","format-standard","has-post-thumbnail","hentry","category-varios","tag-el-principe-encantado-en-el-teatro-de-camara"],"_links":{"self":[{"href":"https:\/\/heidysandovalruiz.com\/index.php?rest_route=\/wp\/v2\/posts\/4032","targetHints":{"allow":["GET"]}}],"collection":[{"href":"https:\/\/heidysandovalruiz.com\/index.php?rest_route=\/wp\/v2\/posts"}],"about":[{"href":"https:\/\/heidysandovalruiz.com\/index.php?rest_route=\/wp\/v2\/types\/post"}],"author":[{"embeddable":true,"href":"https:\/\/heidysandovalruiz.com\/index.php?rest_route=\/wp\/v2\/users\/4"}],"replies":[{"embeddable":true,"href":"https:\/\/heidysandovalruiz.com\/index.php?rest_route=%2Fwp%2Fv2%2Fcomments&post=4032"}],"version-history":[{"count":2,"href":"https:\/\/heidysandovalruiz.com\/index.php?rest_route=\/wp\/v2\/posts\/4032\/revisions"}],"predecessor-version":[{"id":4038,"href":"https:\/\/heidysandovalruiz.com\/index.php?rest_route=\/wp\/v2\/posts\/4032\/revisions\/4038"}],"wp:featuredmedia":[{"embeddable":true,"href":"https:\/\/heidysandovalruiz.com\/index.php?rest_route=\/wp\/v2\/media\/4033"}],"wp:attachment":[{"href":"https:\/\/heidysandovalruiz.com\/index.php?rest_route=%2Fwp%2Fv2%2Fmedia&parent=4032"}],"wp:term":[{"taxonomy":"category","embeddable":true,"href":"https:\/\/heidysandovalruiz.com\/index.php?rest_route=%2Fwp%2Fv2%2Fcategories&post=4032"},{"taxonomy":"post_tag","embeddable":true,"href":"https:\/\/heidysandovalruiz.com\/index.php?rest_route=%2Fwp%2Fv2%2Ftags&post=4032"}],"curies":[{"name":"wp","href":"https:\/\/api.w.org\/{rel}","templated":true}]}}