{"id":4040,"date":"2016-09-26T04:10:06","date_gmt":"2016-09-26T04:10:06","guid":{"rendered":"http:\/\/heidysandovalruiz.com\/?p=4040"},"modified":"2016-09-26T04:13:55","modified_gmt":"2016-09-26T04:13:55","slug":"gala-de-la-cancion-un-sueno-hecho-realidad","status":"publish","type":"post","link":"https:\/\/heidysandovalruiz.com\/?p=4040","title":{"rendered":"Gala de la Canci\u00f3n un sue\u00f1o hecho realidad"},"content":{"rendered":"<p style=\"text-align: justify;\">Escribir y entrevistar a alguien que lo hace a menudo no es tan f\u00e1cil, pero hay un dicho que dice \u201cde poetas y locos todos tenemos un poco\u201d y me atrever\u00eda agregar que de periodistas tambi\u00e9n,\u00a0 pues realmente es un arte el entrevistar y conocer que acontecimientos importantes hay en la vida de cada invitado.<\/p>\n<p style=\"text-align: justify;\">Estuve pensando que ser\u00eda muy importante conocer que interioridades hay en un evento que solo alguien que ama el arte nacional pudo haber creado, me refiero a Heidy Sandoval Ruiz, quien adem\u00e1s de ser mi amiga personal, es una persona a quien admiro por su labor en pro del arte en todas sus manifestaciones.<\/p>\n<p style=\"text-align: justify;\">Esta es sino me equivoco la tercera entrevista que me animo a realizarte y hoy quiero enfocarla hacia este evento que realizas a\u00f1o con a\u00f1o desde hace m\u00e1s de dos d\u00e9cadas, la Gala de la Canci\u00f3n Guatemalteca.<\/p>\n<p style=\"text-align: justify;\">Como t\u00fa dices es un espacio donde se puede decir lo que se quiere, as\u00ed que hoy t\u00fa nos dir\u00e1s que no has dicho o has hecho en esta actividad.<\/p>\n<p style=\"text-align: justify;\"><strong>Y ya en materia \u00bfCu\u00e9ntanos c\u00f3mo surge la idea de realizar una gala con artistas nacionales?<\/strong> Ayyyy Luigi as\u00ed como tu me has involucrado en tus proyectos veo que te ha gustado eso de la entrevistada\u2026jajajaj me encanta y por supuesto contestar\u00e9 con gusto lo que quieras saber.\u00a0 Contestando a tu pregunta te dir\u00e9 que la gala surgi\u00f3 en 1994.\u00a0 Yo ten\u00eda la inquietud de presentar un evento donde estuvieran los artistas que con sus canciones saludaran a la patria en su aniversario, tal y como se hace en M\u00e9xico y siendo miembro del Comit\u00e9 de Festejos Patrios, le propuse a la entonces Gobernadora de Guatemala, Silvia Tejeda de Jim\u00e9nez este proyectos, le gust\u00f3 la idea y los miembros que conformaban en ese entonces la Comisi\u00f3n Ejecutiva del Comit\u00e9, estuvieron en total acuerdo.<\/p>\n<figure id=\"attachment_4042\" aria-describedby=\"caption-attachment-4042\" style=\"width: 300px\" class=\"wp-caption alignleft\"><a href=\"https:\/\/heidysandovalruiz.com\/wp-content\/uploads\/2016\/09\/Gala-2.jpg\"><img loading=\"lazy\" decoding=\"async\" class=\"wp-image-4042 size-medium\" src=\"https:\/\/heidysandovalruiz.com\/wp-content\/uploads\/2016\/09\/Gala-2-300x252.jpg\" alt=\"gala-2\" width=\"300\" height=\"252\" srcset=\"https:\/\/heidysandovalruiz.com\/wp-content\/uploads\/2016\/09\/Gala-2-300x252.jpg 300w, https:\/\/heidysandovalruiz.com\/wp-content\/uploads\/2016\/09\/Gala-2.jpg 320w\" sizes=\"auto, (max-width: 300px) 100vw, 300px\" \/><\/a><figcaption id=\"caption-attachment-4042\" class=\"wp-caption-text\"><strong>Mariana, Roberto Rey Paola y Juan de Dios Quezada<\/strong><\/figcaption><\/figure>\n<p style=\"text-align: justify;\"><strong>\u00bfRecuerdas cu\u00e1ndo y qui\u00e9nes se presentaron en la primera gala<\/strong>?\u00a0 Fue un 9 de septiembre de 1994 y participaron V\u00edctor Manuel Porras, Karim May, Paco C\u00e1ceres, Pedro de Sina\u00ed, Juan de Dios Quezada, Roberto Rey, Mariana, Marco Antonio Almaz\u00e1n entre otros artistas que por primera vez se reun\u00edan para festejar a la patria.<\/p>\n<p style=\"text-align: justify;\"><strong>\u00bfC\u00f3mo se eligen los artistas que participan?<\/strong>\u00a0 Los primeros a\u00f1os los seleccionaba yo siempre pensando en el gusto del p\u00fablico, por lo que poco a poco fui involucrando tr\u00edos, grupos, estudiantinas y d\u00faos, lo que gener\u00f3 que el p\u00fablico asistente se ampliar\u00e1, es decir que empezaron a asistir personas de todas las edades.\u00a0 Actualmente, es una comisi\u00f3n la que tiene a su cargo la selecci\u00f3n de los artistas.<\/p>\n<p style=\"text-align: justify;\"><strong>\u00bfQu\u00e9 experiencias has tenido en estos 23 a\u00f1os?<\/strong>\u00a0 Uuuffff si te contara!!!!.\u00a0 He tenido buenas experiencias, una que otra no tanto porque en algunas galas sobretodo las primeras participaban artistas que sent\u00ed no le transmit\u00edan al p\u00fablico esa emoci\u00f3n que se siente cuando vez a alguien cantando en un escenario y unos casos de artistas que confirmaron su presencia y no llegaron y eso si me pone furiosa!!!\u00a0 Porque se le quita la oportunidad a alguien que si quiere ser parte de este evento.<\/p>\n<figure id=\"attachment_4043\" aria-describedby=\"caption-attachment-4043\" style=\"width: 300px\" class=\"wp-caption alignright\"><a href=\"https:\/\/heidysandovalruiz.com\/wp-content\/uploads\/2016\/09\/11.jpg\"><img loading=\"lazy\" decoding=\"async\" class=\"size-medium wp-image-4043\" src=\"https:\/\/heidysandovalruiz.com\/wp-content\/uploads\/2016\/09\/11-300x225.jpg\" alt=\"15 a\u00f1os de la gala\" width=\"300\" height=\"225\" srcset=\"https:\/\/heidysandovalruiz.com\/wp-content\/uploads\/2016\/09\/11-300x225.jpg 300w, https:\/\/heidysandovalruiz.com\/wp-content\/uploads\/2016\/09\/11-1024x768.jpg 1024w, https:\/\/heidysandovalruiz.com\/wp-content\/uploads\/2016\/09\/11.jpg 1296w\" sizes=\"auto, (max-width: 300px) 100vw, 300px\" \/><\/a><figcaption id=\"caption-attachment-4043\" class=\"wp-caption-text\"><strong>15 a\u00f1os de la gala<\/strong><\/figcaption><\/figure>\n<p style=\"text-align: justify;\"><strong>\u00bfTienes momentos inolvidables?<\/strong>\u00a0 Muchos.\u00a0 Por ejemplo en la primera gala particip\u00f3 V\u00edctor Manuel Porras y recuerdo que poco tiempo despu\u00e9s falleci\u00f3, Carlos del Llano, Mariana, Luis Galich, Super Banda Raudales, Arturo Xicay, Roberto Rey, Elizabeth de Guatemala, Ricardo Vaccaro entre otros han dejado un recuerdo muy especial en alguna de las galas. En el a\u00f1o 2003 Tanya Zea subi\u00f3 al escenario a cantar con David \u00c1valos \u201cYo soy\u201d. En 1996 cuando don Julio Batz era el regidor de escena, sac\u00f3 un pastel gigante para celebrar el cumplea\u00f1os de Rafael Serrano y se cant\u00f3 Las ma\u00f1anitas chapinas.<\/p>\n<p style=\"text-align: justify;\"><strong>\u00bfHay algo que pueda molestarte de los participantes?<\/strong> S\u00ed.\u00a0 La impuntualidad a la\u00a0 prueba de sonido y ya no digamos cuando empieza el evento\u00a0 y no han llegado, aunque \u00faltimamente no ha sucedido.\u00a0 Tambi\u00e9n en una oportunidad un tr\u00edo de hermanas cant\u00f3 \u201cEstos celos\u201d y casi me vuelvo loca porque no respetaron que el repertorio tiene que ser guatemalteco.<\/p>\n<p style=\"text-align: justify;\"><strong>\u00bfPuedes contarnos quienes han sido los homenajeados en estos 23 a\u00f1os?<\/strong> Mmmm Amando Parrilla, Tanya Zea, Paola, Arturo Xicay, Marina, Bob Porter, Jorge Raudales, Paco C\u00e1ceres, Rolando Ortega, Luis Domingo Valladares, Edgar Qui\u00f1\u00f3nez, Roger Ovalle, Elizabeth de Guatemala, Los Cancilleres, Karim May,\u00a0 Roberto Rey, Herman May, entre otros que se me escapan.\u00a0 Este a\u00f1o se reconoci\u00f3 la trayectoria de Mildred y Manolo, Carlos de Triana y Grupo Liverpool.<\/p>\n<figure id=\"attachment_4044\" aria-describedby=\"caption-attachment-4044\" style=\"width: 300px\" class=\"wp-caption alignleft\"><a href=\"https:\/\/heidysandovalruiz.com\/wp-content\/uploads\/2016\/09\/20-Gala-web.jpg\"><img loading=\"lazy\" decoding=\"async\" class=\"wp-image-4044 size-medium\" src=\"https:\/\/heidysandovalruiz.com\/wp-content\/uploads\/2016\/09\/20-Gala-web-300x171.jpg\" alt=\"20-gala-web\" width=\"300\" height=\"171\" srcset=\"https:\/\/heidysandovalruiz.com\/wp-content\/uploads\/2016\/09\/20-Gala-web-300x171.jpg 300w, https:\/\/heidysandovalruiz.com\/wp-content\/uploads\/2016\/09\/20-Gala-web.jpg 748w\" sizes=\"auto, (max-width: 300px) 100vw, 300px\" \/><\/a><figcaption id=\"caption-attachment-4044\" class=\"wp-caption-text\"><strong>20 a\u00f1os de la gala. a\u00f1o 2013<\/strong><\/figcaption><\/figure>\n<p style=\"text-align: justify;\"><strong>\u00bfDe los presentadores que nos puedes contar?<\/strong> Todos me han apoyado.\u00a0 El primer gran amigo que present\u00f3 conmigo la gala fue Hainz Ch\u00e1vez, luego Rodolfo Mendoza, Javier Maldonado, Jaime Paniagua, Josu\u00e9 Morales, Carlos de Triana (que est\u00e1 desde el a\u00f1o 1999), Luis Garist\u00fa, Tito Rivera, Luis Pellecer, V\u00edctor Molina,\u00a0 Jazmin Di Magio y Sebastian Chavarr\u00eda.<\/p>\n<p style=\"text-align: justify;\"><strong>\u00bfC\u00f3mo pueden los artistas ser parte de la siguiente gala?<\/strong>\u00a0 Pues honestamente lo veo dif\u00edcil porque ya tenemos el elenco hasta el a\u00f1o 2018 cuando celebraremos si Dios lo permite las bodas de plata\u2026.yupi!!!!<\/p>\n<p style=\"text-align: justify;\"><strong>\u00bfTienen algunas reglas los participantes?<\/strong> Ese punto es muy importante.\u00a0 Se les pide a los participantes que interpreten entre las canciones una de g\u00e9nero popular, es decir, una canci\u00f3n que el p\u00fablico conozca y te s\u00e9 decir que con 23 a\u00f1os de presentar el evento me he dado cuenta que eso le encanta a los asistentes.<\/p>\n<figure id=\"attachment_4045\" aria-describedby=\"caption-attachment-4045\" style=\"width: 300px\" class=\"wp-caption alignright\"><a href=\"https:\/\/heidysandovalruiz.com\/wp-content\/uploads\/2016\/09\/tres-bellos.jpg\"><img loading=\"lazy\" decoding=\"async\" class=\"wp-image-4045 size-medium\" src=\"https:\/\/heidysandovalruiz.com\/wp-content\/uploads\/2016\/09\/tres-bellos-300x177.jpg\" alt=\"tres-bellos\" width=\"300\" height=\"177\" srcset=\"https:\/\/heidysandovalruiz.com\/wp-content\/uploads\/2016\/09\/tres-bellos-300x177.jpg 300w, https:\/\/heidysandovalruiz.com\/wp-content\/uploads\/2016\/09\/tres-bellos-1024x604.jpg 1024w, https:\/\/heidysandovalruiz.com\/wp-content\/uploads\/2016\/09\/tres-bellos.jpg 1944w\" sizes=\"auto, (max-width: 300px) 100vw, 300px\" \/><\/a><figcaption id=\"caption-attachment-4045\" class=\"wp-caption-text\"><strong>Era ela\u00f1o de 2007<\/strong><\/figcaption><\/figure>\n<p style=\"text-align: justify;\">\u00bfA qu\u00e9 artistas te gustar\u00eda tener en una gala? Jajajaja Luigi bien que est\u00e1s haciendo caso de \u201cen este espacio se dice lo que no se puede en otros lados\u201d.\u00a0 Mira a mi me encantar\u00eda tener en alguna gala a Tanya Zea, Mar\u00eda Vel\u00e1zco, la Marimba Chapinlandia, Sonia Fausto, Daniel Chichilla o Gustavo VII pero hay quienes est\u00e1n retirados y otros viven fuera de Guatemala.\u00a0 Pero igual la esperanza es lo \u00faltimo que se pierde.<\/p>\n<p style=\"text-align: justify;\"><strong>\u00bfQui\u00e9n te apoya para la realizaci\u00f3n de este evento nacionalista<\/strong>? Pens\u00e9 que no lo preguntar\u00edas.\u00a0 El apoyo total me lo da el Comit\u00e9 Permanente Pro-festejos de la Independencia Nacional y es el Gobernador del Departamento de Guatemala quien preside este comit\u00e9.\u00a0 Por cierto quiero agradecer al Lic. Iv\u00e1n D\u00edaz L\u00f3pez el gran apoyo que me brind\u00f3 para la realizaci\u00f3n de la gala No.22 realizada este 3 de septiembre.\u00a0 Y tambi\u00e9n agradecer el apoyo de Fernanda Barraza, Sergio Regalado, Estuardo Negreros de la Gobernaci\u00f3n Departamental, al personal del Teatro Nacional, a los presentadores Luis Pellecer, Luis Garist\u00fa y Sebastian Chavarr\u00eda y por supuesto al apoyo incondicional de Gustavo Ord\u00f3\u00f1ez quien es algo as\u00ed como mi representante, esposo y m\u00e1s severo cr\u00edtico.<\/p>\n<p style=\"text-align: justify;\">Aprovecho para agradecer el apoyo de Patty Garc\u00eda, Roy El\u00edas (el fot\u00f3grafo oficial de la gala), Heidy de Corado (mi maquillista), Irina y Luis Corzantes (trabajan en mi cambio de look), Pablo Gonz\u00e1lez, Irma Galindo, Jorge Beteta, Lyssa Zenteno y \u00a0Marisol Solares,<\/p>\n<p style=\"text-align: justify;\">Los medios de comunicaci\u00f3n han sido parte muy importante para la promoci\u00f3n de cada gala, especialmente Grupo Nuevo Mundo, Nuestro Diario, Grupo Radial El Taj\u00edn, Mundo Chap\u00edn, Radio Universidad.<\/p>\n<p style=\"text-align: justify;\">Pienso que en 23 a\u00f1os tienes tantas cosas que contar, espero que en una pr\u00f3xima nos cuentes otros aspectos de la \u201cGala de la Canci\u00f3n Guatemalteca\u201d.<\/p>\n<p style=\"text-align: justify;\">Luigi quiero agradecer tu tiempo y como te dije en otra oportunidad tienes madera de periodista.\u00a0 Hasta la pr\u00f3xima baby!!!! Jajajajaja<\/p>\n<p style=\"text-align: center;\"><a href=\"https:\/\/heidysandovalruiz.com\/wp-content\/uploads\/2016\/09\/Scan0055.jpg\"><img loading=\"lazy\" decoding=\"async\" class=\"alignnone size-medium wp-image-4046\" src=\"https:\/\/heidysandovalruiz.com\/wp-content\/uploads\/2016\/09\/Scan0055-300x171.jpg\" alt=\"scan0055\" width=\"300\" height=\"171\" srcset=\"https:\/\/heidysandovalruiz.com\/wp-content\/uploads\/2016\/09\/Scan0055-300x171.jpg 300w, https:\/\/heidysandovalruiz.com\/wp-content\/uploads\/2016\/09\/Scan0055.jpg 748w\" sizes=\"auto, (max-width: 300px) 100vw, 300px\" \/><\/a> <a href=\"https:\/\/heidysandovalruiz.com\/wp-content\/uploads\/2016\/09\/DSC01947.jpg\"><img loading=\"lazy\" decoding=\"async\" class=\"alignnone size-medium wp-image-4047\" src=\"https:\/\/heidysandovalruiz.com\/wp-content\/uploads\/2016\/09\/DSC01947-300x171.jpg\" alt=\"dsc01947\" width=\"300\" height=\"171\" srcset=\"https:\/\/heidysandovalruiz.com\/wp-content\/uploads\/2016\/09\/DSC01947-300x171.jpg 300w, https:\/\/heidysandovalruiz.com\/wp-content\/uploads\/2016\/09\/DSC01947.jpg 748w\" sizes=\"auto, (max-width: 300px) 100vw, 300px\" \/><\/a> <a href=\"https:\/\/heidysandovalruiz.com\/wp-content\/uploads\/2016\/09\/esta-si.jpg\"><img loading=\"lazy\" decoding=\"async\" class=\"alignnone size-medium wp-image-4048\" src=\"https:\/\/heidysandovalruiz.com\/wp-content\/uploads\/2016\/09\/esta-si-300x171.jpg\" alt=\"esta-si\" width=\"300\" height=\"171\" srcset=\"https:\/\/heidysandovalruiz.com\/wp-content\/uploads\/2016\/09\/esta-si-300x171.jpg 300w, https:\/\/heidysandovalruiz.com\/wp-content\/uploads\/2016\/09\/esta-si.jpg 748w\" sizes=\"auto, (max-width: 300px) 100vw, 300px\" \/><\/a><\/p>\n<p style=\"text-align: justify;\"><strong>Luigi Lanuza entrevistador<\/strong><\/p>\n","protected":false},"excerpt":{"rendered":"<div class=\"mh-excerpt\"><p>Escribir y entrevistar a alguien que lo hace a menudo no es tan f\u00e1cil, pero hay un dicho que dice \u201cde poetas y locos todos <a class=\"mh-excerpt-more\" href=\"https:\/\/heidysandovalruiz.com\/?p=4040\" title=\"Gala de la Canci\u00f3n un sue\u00f1o hecho realidad\">[&#8230;]<\/a><\/p>\n<\/div>","protected":false},"author":4,"featured_media":4050,"comment_status":"closed","ping_status":"closed","sticky":false,"template":"","format":"standard","meta":{"footnotes":""},"categories":[16],"tags":[302],"class_list":["post-4040","post","type-post","status-publish","format-standard","has-post-thumbnail","hentry","category-la-cara-amiga","tag-gala-de-la-cancion-un-sueno-hecho-realidad"],"_links":{"self":[{"href":"https:\/\/heidysandovalruiz.com\/index.php?rest_route=\/wp\/v2\/posts\/4040","targetHints":{"allow":["GET"]}}],"collection":[{"href":"https:\/\/heidysandovalruiz.com\/index.php?rest_route=\/wp\/v2\/posts"}],"about":[{"href":"https:\/\/heidysandovalruiz.com\/index.php?rest_route=\/wp\/v2\/types\/post"}],"author":[{"embeddable":true,"href":"https:\/\/heidysandovalruiz.com\/index.php?rest_route=\/wp\/v2\/users\/4"}],"replies":[{"embeddable":true,"href":"https:\/\/heidysandovalruiz.com\/index.php?rest_route=%2Fwp%2Fv2%2Fcomments&post=4040"}],"version-history":[{"count":1,"href":"https:\/\/heidysandovalruiz.com\/index.php?rest_route=\/wp\/v2\/posts\/4040\/revisions"}],"predecessor-version":[{"id":4049,"href":"https:\/\/heidysandovalruiz.com\/index.php?rest_route=\/wp\/v2\/posts\/4040\/revisions\/4049"}],"wp:featuredmedia":[{"embeddable":true,"href":"https:\/\/heidysandovalruiz.com\/index.php?rest_route=\/wp\/v2\/media\/4050"}],"wp:attachment":[{"href":"https:\/\/heidysandovalruiz.com\/index.php?rest_route=%2Fwp%2Fv2%2Fmedia&parent=4040"}],"wp:term":[{"taxonomy":"category","embeddable":true,"href":"https:\/\/heidysandovalruiz.com\/index.php?rest_route=%2Fwp%2Fv2%2Fcategories&post=4040"},{"taxonomy":"post_tag","embeddable":true,"href":"https:\/\/heidysandovalruiz.com\/index.php?rest_route=%2Fwp%2Fv2%2Ftags&post=4040"}],"curies":[{"name":"wp","href":"https:\/\/api.w.org\/{rel}","templated":true}]}}