{"id":4056,"date":"2016-10-03T01:15:45","date_gmt":"2016-10-03T01:15:45","guid":{"rendered":"http:\/\/heidysandovalruiz.com\/?p=4056"},"modified":"2016-10-03T01:15:45","modified_gmt":"2016-10-03T01:15:45","slug":"las-intimidades-de-rolando-cordon","status":"publish","type":"post","link":"https:\/\/heidysandovalruiz.com\/?p=4056","title":{"rendered":"Las intimidades de \u00abRolando Cord\u00f3n\u00bb"},"content":{"rendered":"<p style=\"text-align: justify;\">Hace poco m\u00e1s de tres a\u00f1os tuve la oportunidad de compartir para \u201c<strong>La cara amiga de los invitados de Heidy<\/strong>\u201d, la historia del maestro, bombero, actor, locutor y declamador <strong>Rolando Enrique Cord\u00f3n M\u00e9ndez,<\/strong> y a quien una vez m\u00e1s damos la oportunidad para que comparta algunos aspectos que no contamos en nuestra primera entrevista.<\/p>\n<p style=\"text-align: justify;\">As\u00ed que Rolando prep\u00e1rate para que quienes lean esta entrevista conozcan esos datos que por primera vez compartir\u00e1s en esta segunda entrevista que nos hace conocerte m\u00e1s a profundidad.<\/p>\n<p style=\"text-align: justify;\">En la primera parte de tu entrevista no conocimos como fue tu ni\u00f1ez <strong>\u00bfPuedes comentarnos donde pasas esta etapa de tu vida, como era la relaci\u00f3n con tus padres, hermanos y a qu\u00e9 jugaban? <\/strong>Gracias a Dios tuve una ni\u00f1ez feliz. Muy buenos padres, r\u00edgidos pero muy amorosos y cari\u00f1osos. La capital fue mi centro de desenvolvimiento, estudi\u00e9 en el Colegio Guatemala, Cervantes y Am\u00e9rica Latina, con mis hermanos tuvimos muy buena hermandad, Vivimos siempre por la Avenida Centroam\u00e9rica y 16 calle zona uno lo que antes fue Los Llanos de Palomo. De patojos nos gustaba con los amigos de ni\u00f1ez salir a dar serenata a las patojas, patinar, pasear en bicicleta ya que la ciudad era muy tranquila, desde patojo me gustaba, visitar algunas radios como la Voz de Las Am\u00e9ricas,\u00a0 la Mil Doscientos Diez, en donde tuve la oportunidad de conocer grandes locutores, que se convirtieron en mis amigos y maestros. Despu\u00e9s llegu\u00e9 a trabajar junto con ellos en las mismas.<\/p>\n<p style=\"text-align: justify;\"><strong>\u00bfD\u00f3nde realizas tus estudios y de qu\u00e9 te grad\u00faas?<\/strong> Me gradu\u00e9 de Bachiller en el Am\u00e9rica Latina y de maestro en el Instituto Rafael Aqueche, despu\u00e9s ingres\u00e9 a la USAC, a\u00a0 estudios b\u00e1sicos, pero por la persecuci\u00f3n pol\u00edtica tuve que abandonar el pa\u00eds. Despu\u00e9s de algunos a\u00f1os en el 76 regreso a la USAC a estudiar en la Facultad de Econom\u00eda.\u00a0 Es en Cuba donde despu\u00e9s me gradu\u00e9 como licenciado o maestro en Artes Esc\u00e9nicas teatro y locuci\u00f3n.<a href=\"https:\/\/heidysandovalruiz.com\/wp-content\/uploads\/2016\/10\/13010647_1228028577248690_7901642418438959045_n.jpg\"><img loading=\"lazy\" decoding=\"async\" class=\"size-medium wp-image-4058 alignright\" src=\"https:\/\/heidysandovalruiz.com\/wp-content\/uploads\/2016\/10\/13010647_1228028577248690_7901642418438959045_n-225x300.jpg\" alt=\"13010647_1228028577248690_7901642418438959045_n\" width=\"225\" height=\"300\" srcset=\"https:\/\/heidysandovalruiz.com\/wp-content\/uploads\/2016\/10\/13010647_1228028577248690_7901642418438959045_n-225x300.jpg 225w, https:\/\/heidysandovalruiz.com\/wp-content\/uploads\/2016\/10\/13010647_1228028577248690_7901642418438959045_n.jpg 720w\" sizes=\"auto, (max-width: 225px) 100vw, 225px\" \/><\/a><\/p>\n<p style=\"text-align: justify;\"><strong>\u00bfC\u00f3mo recuerdas la etapa de la Revoluci\u00f3n de Guatemala?<\/strong> No tuve que vivirla porque yo nac\u00ed en el 43, pero mi pap\u00e1 fue un gran revolucionario, secretario de Juan Jos\u00e9 Ar\u00e9valo, a mi me toc\u00f3 vivir las jornadas de marzo y abril de1962, en donde tuve participaci\u00f3n como activista y combatiente, muchos recuerdos de esa \u00e9poca que merecen cap\u00edtulo aparte.<\/p>\n<p style=\"text-align: justify;\"><strong>Hablando de todo un poco \u00bfQu\u00e9 opini\u00f3n te merece el cine de ayer y hoy de nuestro pa\u00eds? <\/strong>Siempre decimos que lo de ayer siempre fue mejor, el cine que yo recuerdo, la primera pel\u00edcula fue El Sombrer\u00f3n, despu\u00e9s, Caribe\u00f1a con grandes actores de teatro y radio como Maria Luisa Arag\u00f3n, Herman Bayer, popollon Andreu, pantillas del zapato Armando Moreno, Enrique Arce Berehns, donde se hacia el verdadero cine, igual, que en la \u00e9poca de Rafita Lanuza, tuve la oportunidad de trabajar con el en algunas de sus pel\u00edculas, como \u201cLas momias de Guanajuato\u201d, \u201cLos campeones justicieros\u201d y otras, despu\u00e9s tuve la oportunidad de trabajar con Tony Aguilar, en \u201cAlma llanera\u201d con Lucha Villa en \u201cVia crucis nacional\u201d con mi amigo Hurac\u00e1n Ram\u00edrez, Fredy Fern\u00e1ndez, el pichi, Evita Mu\u00f1oz la chachita y Tonina Jakson en \u201cLas monjitas\u201d y \u201cHurac\u00e1n Ram\u00edrez, tambi\u00e9n algunos cap\u00edtulos con Chespirito, los Polivoces y\u00a0 el maestro Gaspar Enaine \u201cCapulina\u201c el maestro capuz.<\/p>\n<p style=\"text-align: justify;\"><strong><a href=\"https:\/\/heidysandovalruiz.com\/wp-content\/uploads\/2016\/10\/13782289_1299965406721673_7962902986392713755_n.jpg\"><img loading=\"lazy\" decoding=\"async\" class=\"size-medium wp-image-4059 alignleft\" src=\"https:\/\/heidysandovalruiz.com\/wp-content\/uploads\/2016\/10\/13782289_1299965406721673_7962902986392713755_n-169x300.jpg\" alt=\"13782289_1299965406721673_7962902986392713755_n\" width=\"169\" height=\"300\" srcset=\"https:\/\/heidysandovalruiz.com\/wp-content\/uploads\/2016\/10\/13782289_1299965406721673_7962902986392713755_n-169x300.jpg 169w, https:\/\/heidysandovalruiz.com\/wp-content\/uploads\/2016\/10\/13782289_1299965406721673_7962902986392713755_n.jpg 540w\" sizes=\"auto, (max-width: 169px) 100vw, 169px\" \/><\/a>\u00bfEn la etapa de tu juventud que lugares eras los que estaban en su apogeo y qu\u00e9 hayas visitado?<\/strong> Ya de adolescente, nos gustaba ir a el Refugio, al Barroco, el Bodeg\u00f3n, la Cueva de los Capitanes, y todos los lugares en donde se presentaban los cantantes de la \u00e9poca, conoc\u00ed a muchos con\u00a0 los cuales hoy tengo gran amistad, tambi\u00e9n merece cap\u00edtulo aparte poder hablar de ellos y sus an\u00e9cdotas.<\/p>\n<p style=\"text-align: justify;\"><strong>Relacionada con la pregunta anterior \u00bfCu\u00e9ntanos qu\u00e9 artistas estaban de moda y de qu\u00e9 a\u00f1o hablamos?<\/strong> Alicia Azurdia, Juan De Dios Quezada, Paco C\u00e1ceres, Elizabeth de Guatemala, que Iniciaba su Carrera, Igual que Karym May, Rolando Ortega, la Armonia en Tinieblas, Orquesta Rojas con Blanca Lidia, El Piloy Rojas, Truki Trujillo,\u00a0 el pato Quique Men\u00e9ndez, Carlos Del Llano, Oscar Paredes, Ar\u00edstides Paz, tuve la oportunidad de alternar con ellos como locutor. Otro de los grandes amigos, Tanya Zea el seco V\u00edctor Manuel Porras, el oso Y tantos m\u00e1s.<\/p>\n<p style=\"text-align: justify;\"><strong>\u00bfC\u00f3mo y en qu\u00e9 momento se da la oportunidad de ingresar a la C\u00e1mara de Locutores Profesionales de Guatemala?<\/strong> Mi carrera como locutor y como actor llega a los 56 a\u00f1os desde que me inici\u00e9 como tal pertenec\u00eda a la\u00a0 A.L.G. en el tiempo de\u00a0 mi buen amigo y maestro, el me ense\u00f1\u00f3 a declamar Roberto Bocaletti, despu\u00e9s hace unos doce a\u00f1os ingres\u00e9 a la C\u00e1mara de Locutores Profesionales de Guatemala la cual me honro en pertenecer.<\/p>\n<p style=\"text-align: justify;\"><strong>A prop\u00f3sito \u00bfQu\u00e9 significa para ti ser parte activa de esta entidad? <\/strong>\u00a0\u00a0 Un orgullo pues est\u00e1 en ella lo m\u00e1s granado de la locuci\u00f3n de anta\u00f1o y actualmente se le est\u00e1 dando la oportunidad a nuevos elementos, a los cuales hay que darles el conocimiento de lo que hemos sido.<\/p>\n<p style=\"text-align: justify;\">Quiero comentarte que de la \u00e9poca del 57 ya vamos quedando pocos de los que nos iniciamos como locutores y actores de radio teatro y radio novela, entre ellos estamos, Adolfito M\u00e9ndez Zepeda, Rafael Contreras V\u00e9lez, Herbert Meneses, tu servidor, Carlitos Cifuentes, Rony Leiva, Zoila Portillo, Amanda Mazariegos, Marina Coronado y otros pocos.\u00a0 Se est\u00e1 terminado puedo decir, lo bueno de la radio de anta\u00f1o, tambi\u00e9n quiero mencionar a Carlitos Rivas, Pepe Rodas Chaly Barrios, Pepe Gonz\u00e1lez y otros m\u00e1s j\u00f3venes.<\/p>\n<p style=\"text-align: justify;\"><strong>\u00bfQu\u00e9 opini\u00f3n te merece el papel que juega la mujer en la CLPG? <\/strong>Muy buena como en todo trabajo.<\/p>\n<p style=\"text-align: justify;\"><strong>Cuando te invitan a dar pl\u00e1ticas \u00bfQu\u00e9 temas son los que te gusta abordar?<\/strong> Teatro , locuci\u00f3n, todo lo relacionado con esta linda profesi\u00f3n trato de documentarme bien, uno no es Dios para saberlo todo pero debe ense\u00f1ar lo que sabe con sinceridad y con el ejemplo, hay que documentarse, as\u00ed como se cometen faltas de ortograf\u00eda sin querer al hablar cometemos grandes errores, en los a\u00f1os pasados, no exist\u00edan escuelas, ni cursos ni universidad en donde le ense\u00f1aban a uno a hablar mucho menos computadoras, hoy existen todos esos elementos y lamentablemente existen malos exponentes del \u201cpoder de la palabra\u201d.<a href=\"https:\/\/heidysandovalruiz.com\/wp-content\/uploads\/2016\/10\/13510969_1281609281890619_7661938639074091212_n.jpg\"><img loading=\"lazy\" decoding=\"async\" class=\"size-medium wp-image-4060 alignright\" src=\"https:\/\/heidysandovalruiz.com\/wp-content\/uploads\/2016\/10\/13510969_1281609281890619_7661938639074091212_n-300x225.jpg\" alt=\"13510969_1281609281890619_7661938639074091212_n\" width=\"300\" height=\"225\" srcset=\"https:\/\/heidysandovalruiz.com\/wp-content\/uploads\/2016\/10\/13510969_1281609281890619_7661938639074091212_n-300x225.jpg 300w, https:\/\/heidysandovalruiz.com\/wp-content\/uploads\/2016\/10\/13510969_1281609281890619_7661938639074091212_n.jpg 960w\" sizes=\"auto, (max-width: 300px) 100vw, 300px\" \/><\/a><\/p>\n<p style=\"text-align: justify;\"><strong>\u00bfQu\u00e9 significa para ti ser uno de los presentadores de \u201cEncuentro Voces de Oro?<\/strong> Me siento complacido de trabajar para una buena colega, la Rebe- salsa, nosotros los \u201cviejos\u201d ya vamos saliendo de los tinglados, he tenido suerte de ser presentador, maestro de ceremonias y animador de grandes eventos, en M\u00e9xico, en Cuba y Guatemala, tuve la oportunidad para la feria de Tapachula, presentar, a el maestro Vicente Fern\u00e1ndez, Armando Manzanero, Eugenia Leon, al Mariachi Vargas, y en Guatemala a la mayor\u00eda de amigos artistas. Quiero hacer la observaci\u00f3n que aunque el locutor es uno, no es lo\u00a0 mismo ser, presentador, animador y maestro de ceremonias, como dec\u00eda un amigo todo tiene sus bemoles, como en el teatro el drama y la comedia.<\/p>\n<p style=\"text-align: justify;\"><strong>Pronto se estrenar\u00e1 la obra \u201cPepi\u00e1n de tres carnes\u201d \u00bfHas participado o asistido a verla?\u00a0 \u00bfQu\u00e9 opini\u00f3n te merece?<\/strong> La primera temporada fui llamado para representar un lindo papel ahora vuelvo a terminar con las cien representaciones y mis 110 obras, me agrada volver a reunirme con uno de los grandes maestros mi buen amigo Herbert Meneses, a quien va dedicada la comedia.y con los patojos que integran el elenco.<\/p>\n<p style=\"text-align: justify;\"><strong>Siempre te veo de buen humor \u00bfQu\u00e9 enoja o molesta a Rolando?<\/strong> Me \u00a0molesta la injusticia social, la injusticia contra los ni\u00f1os, la mujer y hasta la injusticia con los animalitos. Por eso me han tachado de comunista\u2026..pero el Papa actual dijo no llames comunista a aquel que lucha contra la injusticia.<\/p>\n<p style=\"text-align: justify;\"><strong><a href=\"https:\/\/heidysandovalruiz.com\/wp-content\/uploads\/2016\/10\/72916_526376340747254_1989984606_n.jpg\"><img loading=\"lazy\" decoding=\"async\" class=\"size-medium wp-image-4061 alignleft\" src=\"https:\/\/heidysandovalruiz.com\/wp-content\/uploads\/2016\/10\/72916_526376340747254_1989984606_n-300x225.jpg\" alt=\"72916_526376340747254_1989984606_n\" width=\"300\" height=\"225\" srcset=\"https:\/\/heidysandovalruiz.com\/wp-content\/uploads\/2016\/10\/72916_526376340747254_1989984606_n-300x225.jpg 300w, https:\/\/heidysandovalruiz.com\/wp-content\/uploads\/2016\/10\/72916_526376340747254_1989984606_n.jpg 960w\" sizes=\"auto, (max-width: 300px) 100vw, 300px\" \/><\/a>Tu esposa ha sido muy importante en tu vida \u00bfPuedes contarnos c\u00f3mo se conocen y c\u00f3mo la enamoraste?<\/strong> Claro, 46 a\u00f1os de estar casados y nos hemos aguantado, jajajajaj, hace muchos a\u00f1os viv\u00eda cerca de mi casa y la enamor\u00e9 con la mirada y con las serenatas, jajajajaj<\/p>\n<p style=\"text-align: justify;\"><strong>Dentro del gremio de los locutores se tienen muchas amistades \u00bfTienes alguna que consideres como un hermano (a) y por qu\u00e9? <\/strong>Grandes amigos que ya se fueron pero siempre viven en mi coraz\u00f3n, actualmente todos son mis hermanos si ellos permiten que yo sea su hermano, tenemos buena vibra con Carlos Rivas, Chaly Barrios, Marina Coronado, con Anabela Portilla y yo digo con todos aunque no los mencione.<\/p>\n<p style=\"text-align: justify;\"><strong>Fijate que desde hace rato tengo una inquietud \u00bfpor qu\u00e9 te gusta vestir sacos de colores?<\/strong> el jard\u00edn tiene flores de muchos colores, el arco iris tiene muchos colores, la vida tiene muchos colores, yo tengo muchos sacos de muchos colores\u2026pero no soy gay. Los respeto pero no soy, me acostumbr\u00e9 a usar el color blanco desde que estaba en Cuba y M\u00e9xico, despu\u00e9s por las animaciones ante el p\u00fablico, me gusta el blanco, azul, y el verde por si me quieren regalar una camisa, un saco o aunque sea una corbata. Jajajaja.<\/p>\n<p style=\"text-align: justify;\"><strong>\u00bfTe consideras coquet\u00f3n?<\/strong> Soy un gordito simpatic\u00f3n como dice la antigua canci\u00f3n.<\/p>\n<p style=\"text-align: justify;\"><strong>\u00bfCu\u00e1l es la bebida que m\u00e1s te gusta?<\/strong> El agua pura y las espirituosas los elixires caldos embotellados, dignos de los dioses mayas, aztecas, griegos y romanos, pasar una buena velada, con buenos amigos, m\u00fasica, poes\u00eda y un buen elixir, antes que\u00a0 me lo proh\u00edban.<a href=\"https:\/\/heidysandovalruiz.com\/wp-content\/uploads\/2016\/10\/BLUE-DEMON.jpg\"><img loading=\"lazy\" decoding=\"async\" class=\"size-medium wp-image-4062 alignright\" src=\"https:\/\/heidysandovalruiz.com\/wp-content\/uploads\/2016\/10\/BLUE-DEMON-300x225.jpg\" alt=\"blue-demon\" width=\"300\" height=\"225\" srcset=\"https:\/\/heidysandovalruiz.com\/wp-content\/uploads\/2016\/10\/BLUE-DEMON-300x225.jpg 300w, https:\/\/heidysandovalruiz.com\/wp-content\/uploads\/2016\/10\/BLUE-DEMON.jpg 960w\" sizes=\"auto, (max-width: 300px) 100vw, 300px\" \/><\/a><\/p>\n<p style=\"text-align: justify;\"><strong>\u00bfTe gusta comentar en el grupo \u201cUn siglo de anuncios y algo m\u00e1s\u2026? <\/strong>Si\u00a0 alegre y divertido se cuentan buenas an\u00e9cdotas con buenos amigos que no se conocen personalmente, antes lo hac\u00eda en la radio, pero bonitos espacios que tu nos das, espero no los vayas a quitar.<\/p>\n<p style=\"text-align: justify;\"><strong>\u00bfTienes alguna an\u00e9cdota graciosa que a hasta la fecha te d\u00e9 risa recordar?<\/strong> Jajjjjj, otro espacio especial\u2026.para un aniversario de TGW nos tomamos los elixires, con un maestro del piano y un amigo locutor que ya\u00a0 muri\u00f3. Cada quien me pidi\u00f3 jal\u00f3n con mi carrito VW. Uno viv\u00eda en la zona doce y el otro en zona 6, sin darnos cuenta los cambi\u00e9 de casa al maestro lo fui a dejar a la casa de el locutor y al locutor a casa del maestro como a las nueve de la noche me llamaron a mi casa, no hab\u00eda celulares, para que los fuera a traer\u2026as\u00ed lo hice, y seguimos la parranda\u2026\u2026no menciono los nombres, por respeto y cari\u00f1o a su memoria.<\/p>\n<p style=\"text-align: justify;\"><strong>\u00bfPuedes compartir un mensaje a quienes lean la entrevista? <\/strong>La vida es bella, todo tiene sus cambios hay que saberla vivir, mientras podamos estar con salud, el tiempo pasado ya no vuelve, pero es bueno recordarlos, porque\u00a0 \u201cel pasado no es como se vivi\u00f3 sino como se recuerda \u201cy como dicen los amigos de la Santanera \u201cDios si perdona el tiempo no\u201d gracias Heidy por este espacio y por la molestia queda aun en el tintero\u2026\u2026.pero como dec\u00eda mi amigo y alumno Abd\u00f3n Rodr\u00edguez Zea\u2026..\u201dQuieren que les cuente\u2026..pero no les voy a contar\u201d.<\/p>\n<p style=\"text-align: justify;\">Les invitamos para que se unan al grupo de \u00ab<strong>Artistas de Guatemala para el Mundo<\/strong>\u00bb en este link<strong>\u00a0<\/strong><a href=\"http:\/\/on.fb.me\/1sn2wSf\"><strong>http:\/\/on.fb.me\/1sn2wSf<\/strong><\/a>\u00a0el cual tiene como prop\u00f3sito compartir videos, fotos, an\u00e9cdotas y todo lo de nuestros artistas en las diferentes d\u00e9cadas.<\/p>\n<p style=\"text-align: justify;\">Hemos creado el grupo \u201cLas entrevistas de Heidy\u201d que pueden localizar en <a href=\"http:\/\/on.fb.me\/1QxKypc\">http:\/\/on.fb.me\/1QxKypc<\/a><\/p>\n<p style=\"text-align: justify;\">Tambi\u00e9n ponemos a su disposici\u00f3n el grupo \u201c<strong>Un siglo de anuncios<\/strong>\u201d, un espacio donde pueden compartir o comentar los post que se publiquen <a href=\"http:\/\/on.fb.me\/1vASm2g\">http:\/\/on.fb.me\/1vASm2g<\/a><\/p>\n<p style=\"text-align: justify;\">\n<p style=\"text-align: justify;\"><strong>Las entrevistas las pueden leer en los siguientes links:<\/strong><\/p>\n<p style=\"text-align: justify;\"><a href=\"http:\/\/lasentrevistasdeheidy.blogspot.com\/\">http:\/\/lasentrevistasdeheidy.blogspot.com<\/a><\/p>\n<p style=\"text-align: justify;\"><a href=\"https:\/\/www.facebook.com\/pages\/Los-invitados-de-Heidy\/892159284204965?ref=hl\">https:\/\/www.facebook.com\/pages\/Los-invitados-de-Heidy\/892159284204965?ref=hl<\/a><\/p>\n<p style=\"text-align: justify;\"><strong>\u00a0<\/strong><\/p>\n<p style=\"text-align: justify;\"><strong>Entrevista realizada por Heidy Sandoval Ruiz<\/strong><\/p>\n<p style=\"text-align: justify;\"><strong><em>Toda publicaci\u00f3n es responsabilidad de la Administraci\u00f3n<\/em><\/strong><\/p>\n","protected":false},"excerpt":{"rendered":"<div class=\"mh-excerpt\"><p>Hace poco m\u00e1s de tres a\u00f1os tuve la oportunidad de compartir para \u201cLa cara amiga de los invitados de Heidy\u201d, la historia del maestro, bombero, <a class=\"mh-excerpt-more\" href=\"https:\/\/heidysandovalruiz.com\/?p=4056\" title=\"Las intimidades de \u00abRolando Cord\u00f3n\u00bb\">[&#8230;]<\/a><\/p>\n<\/div>","protected":false},"author":4,"featured_media":4057,"comment_status":"closed","ping_status":"closed","sticky":false,"template":"","format":"standard","meta":{"footnotes":""},"categories":[16],"tags":[304],"class_list":["post-4056","post","type-post","status-publish","format-standard","has-post-thumbnail","hentry","category-la-cara-amiga","tag-las-intimidades-de-rolando-cordon"],"_links":{"self":[{"href":"https:\/\/heidysandovalruiz.com\/index.php?rest_route=\/wp\/v2\/posts\/4056","targetHints":{"allow":["GET"]}}],"collection":[{"href":"https:\/\/heidysandovalruiz.com\/index.php?rest_route=\/wp\/v2\/posts"}],"about":[{"href":"https:\/\/heidysandovalruiz.com\/index.php?rest_route=\/wp\/v2\/types\/post"}],"author":[{"embeddable":true,"href":"https:\/\/heidysandovalruiz.com\/index.php?rest_route=\/wp\/v2\/users\/4"}],"replies":[{"embeddable":true,"href":"https:\/\/heidysandovalruiz.com\/index.php?rest_route=%2Fwp%2Fv2%2Fcomments&post=4056"}],"version-history":[{"count":1,"href":"https:\/\/heidysandovalruiz.com\/index.php?rest_route=\/wp\/v2\/posts\/4056\/revisions"}],"predecessor-version":[{"id":4063,"href":"https:\/\/heidysandovalruiz.com\/index.php?rest_route=\/wp\/v2\/posts\/4056\/revisions\/4063"}],"wp:featuredmedia":[{"embeddable":true,"href":"https:\/\/heidysandovalruiz.com\/index.php?rest_route=\/wp\/v2\/media\/4057"}],"wp:attachment":[{"href":"https:\/\/heidysandovalruiz.com\/index.php?rest_route=%2Fwp%2Fv2%2Fmedia&parent=4056"}],"wp:term":[{"taxonomy":"category","embeddable":true,"href":"https:\/\/heidysandovalruiz.com\/index.php?rest_route=%2Fwp%2Fv2%2Fcategories&post=4056"},{"taxonomy":"post_tag","embeddable":true,"href":"https:\/\/heidysandovalruiz.com\/index.php?rest_route=%2Fwp%2Fv2%2Ftags&post=4056"}],"curies":[{"name":"wp","href":"https:\/\/api.w.org\/{rel}","templated":true}]}}