{"id":4065,"date":"2016-10-10T04:17:13","date_gmt":"2016-10-10T04:17:13","guid":{"rendered":"http:\/\/heidysandovalruiz.com\/?p=4065"},"modified":"2016-10-10T04:36:41","modified_gmt":"2016-10-10T04:36:41","slug":"la-cara-amiga-oscar-rafael-prem","status":"publish","type":"post","link":"https:\/\/heidysandovalruiz.com\/?p=4065","title":{"rendered":"La cara amiga \u00abOscar Rafael Prem\u201d"},"content":{"rendered":"<p style=\"text-align: justify;\">Hablar de nuestro invitado, es hablar de una parte de la historia de la televisi\u00f3n, con una capacidad para improvisar, con un talento nato \u201c<strong>Oscar Rafael Prem<\/strong>\u201d, compartir\u00e1 en la \u201d<strong>Cara amiga de los invitados de Heidy<\/strong>\u201d, como fueron los inicios de su carrera, de los reconocimientos obtenidos, de su incursi\u00f3n al evangelio de esto y de muchas cosas m\u00e1s hablar\u00e1 por primera vez en este espacio donde nos contar\u00e1 su historia.<\/p>\n<p style=\"text-align: justify;\">Gracias Oscar Rafael por haber aceptado estar en este espacio donde se puede decir lo que se quiere y en otros lados no se puede.<\/p>\n<p style=\"text-align: justify;\">Pues te invito a que nos traslademos a una parte de tu vida de la que muchos no conocemos y podamos conocer al hombre, al locutor y al pastor.<strong>\u00a0 \u00bfEn qu\u00e9 barrio creciste? <\/strong>\u00a0Nac\u00ed en la capital, -a los 8 a\u00f1os nos trasladamos a Santa Elena Barillas, Regresamos a vivir a la zona 12. Cuando cumplo 12 a\u00f1os. Al volver me env\u00edan de\u00a0 interno a Antigua. Me gradu\u00e9 de bachiller a los 16. Hice 2 a\u00f1os de Universidad, luego me enviaron a estudiar a los USA, y all\u00e1 finalic\u00e9 mis estudios. Mis padres viajaban mucho.<\/p>\n<p style=\"text-align: justify;\"><strong>\u00bfC\u00f3mo recuerdas a tus padres?<\/strong> Con mucho amor y respeto. Vengo de una familia integrada.\u00a0 La familia es lo m\u00e1s importante en la vida de cualquier ser humano. \u00bfPor qu\u00e9 crees que la invent\u00f3 Dios?<\/p>\n<figure id=\"attachment_4067\" aria-describedby=\"caption-attachment-4067\" style=\"width: 239px\" class=\"wp-caption alignright\"><a href=\"https:\/\/heidysandovalruiz.com\/wp-content\/uploads\/2016\/10\/14585485_10155366153513508_1640882523_n.jpg\"><img loading=\"lazy\" decoding=\"async\" class=\"wp-image-4067 size-medium\" src=\"https:\/\/heidysandovalruiz.com\/wp-content\/uploads\/2016\/10\/14585485_10155366153513508_1640882523_n-239x300.jpg\" alt=\"14585485_10155366153513508_1640882523_n\" width=\"239\" height=\"300\" srcset=\"https:\/\/heidysandovalruiz.com\/wp-content\/uploads\/2016\/10\/14585485_10155366153513508_1640882523_n-239x300.jpg 239w, https:\/\/heidysandovalruiz.com\/wp-content\/uploads\/2016\/10\/14585485_10155366153513508_1640882523_n.jpg 540w\" sizes=\"auto, (max-width: 239px) 100vw, 239px\" \/><\/a><figcaption id=\"caption-attachment-4067\" class=\"wp-caption-text\"><strong>Con Raphael de Espa\u00f1a<\/strong><\/figcaption><\/figure>\n<p style=\"text-align: justify;\"><strong>\u00bfQu\u00e9 papel jug\u00f3 en tu vida la relaci\u00f3n con tus padres y hermanos? <\/strong>Me form\u00f3 el car\u00e1cter, mis padres me ense\u00f1aron a vivir en integridad. A ser un ciudadano honorable.<strong>\u00a0 <\/strong>Aprend\u00ed que el polic\u00eda bueno se forma en el hogar, y tambi\u00e9n el ladr\u00f3n. Pero al llegar a la adolescencia; t\u00fa decides t\u00fa camino.<\/p>\n<p style=\"text-align: justify;\">Los problemas sociales, vienen dese el hogar.<\/p>\n<p style=\"text-align: justify;\"><strong>\u00bfEn tu \u00e9poca de estudiante te gustaba participar en actividades culturales? <\/strong>Todo el tiempo. A esa edad quieres ser el protagonista. En las bodas quieres ser el novio, en las fiestas el que mejor baila y en los velorios quieres ser el muerto. A esa edad, cuando predomina la inmadurez buscamos protagonismo constante.<\/p>\n<p style=\"text-align: justify;\"><strong>\u00bfA qu\u00e9 edad surge en ti la inquietud de ser locutor? \u00a0<\/strong>A los 15 a\u00f1os, ten\u00eda una voz de chicharra. En ninguna radio me aceptaban, pues no daba la talla. As\u00ed que me quise hacer cantante. Particip\u00e9 en Canal 8 en \u201cBuscando Estrellas\u201d. Particip\u00e9 en un programa de aficionados en el cine Real con Alberto Antoniotti, Rodolfo Mend\u00eda \u201cRomendy\u201d y Danilo Sanchinelli. Pero tampoco di en el blanco.<\/p>\n<p style=\"text-align: justify;\">Hasta que en USA, se me abri\u00f3 la oportunidad en una radio hispana. KOFY San Francisco, California. Cuando regres\u00e9 a Guatemala, Hainz Ch\u00e1vez me recomienda con Ernesto Sapper. Lo dem\u00e1s es historia.<\/p>\n<p style=\"text-align: justify;\">La \u00faltima radio donde trabaj\u00e9 fue en Radio Corporaci\u00f3n Nacional. Guillermo Alcazar me busc\u00f3 para identificar \u00abStereo Azul\u00bb. Y manejarle las ventas de sus estaciones en ese momento.<\/p>\n<figure id=\"attachment_4068\" aria-describedby=\"caption-attachment-4068\" style=\"width: 169px\" class=\"wp-caption alignleft\"><a href=\"https:\/\/heidysandovalruiz.com\/wp-content\/uploads\/2016\/10\/14610702_10155366152138508_1581110849_n.jpg\"><img loading=\"lazy\" decoding=\"async\" class=\"size-medium wp-image-4068\" src=\"https:\/\/heidysandovalruiz.com\/wp-content\/uploads\/2016\/10\/14610702_10155366152138508_1581110849_n-169x300.jpg\" alt=\"Con Leo Dan\" width=\"169\" height=\"300\" srcset=\"https:\/\/heidysandovalruiz.com\/wp-content\/uploads\/2016\/10\/14610702_10155366152138508_1581110849_n-169x300.jpg 169w, https:\/\/heidysandovalruiz.com\/wp-content\/uploads\/2016\/10\/14610702_10155366152138508_1581110849_n.jpg 540w\" sizes=\"auto, (max-width: 169px) 100vw, 169px\" \/><\/a><figcaption id=\"caption-attachment-4068\" class=\"wp-caption-text\"><strong>Con Leo Dan<\/strong><\/figcaption><\/figure>\n<p style=\"text-align: justify;\"><strong>\u00bfCu\u00e1ndo llega el amor a tu vida<em>?<\/em><\/strong> Desde que se me alborotaron las hormonas la primera vez.\u00a0Siempre cre\u00ed que cualquier mujer, podr\u00eda ser el amor de mi vida. Esa es la equivocaci\u00f3n m\u00e1s grande del ser humano.<\/p>\n<p style=\"text-align: justify;\">Fui un enamorado empedernido. Era un joven irresponsable. Un joven sin visi\u00f3n, con hormonas alborotadas y sin compromisos. Y adem\u00e1s con programa de TV.\u00a0 Ingredientes sumamente peligrosos.<\/p>\n<p style=\"text-align: justify;\">Creo hoy, que tu esposa no debe de ser la \u00faltima mujer en tu vida. Debe de ser la \u00fanica!!!<\/p>\n<p style=\"text-align: justify;\"><strong>\u00bfAlguno de tus hijos sinti\u00f3 inclinaci\u00f3n por la locuci\u00f3n<\/strong>? Si mi hijo Oscar Rafael, es baterista, casi abogado, excelente estudiante. Es muy talentoso. Est\u00e1 escribiendo un libro.<\/p>\n<p style=\"text-align: justify;\"><strong>\u00bfQu\u00e9 medio de comunicaci\u00f3n te abre las puertas para iniciar tu carrera?<\/strong> Radio 5.60. \u00a0Neto Sapper me dio la oportunidad, para luego saltar a Canal 3 con el Show de Oscar Rafael.<\/p>\n<p style=\"text-align: justify;\"><strong>\u00bfQu\u00e9 recuerdas del a\u00f1o de 1970?<\/strong> Me dieron el micr\u00f3fono de oro, como el mejor locutor de Am\u00e9rica latina y Espa\u00f1a. Concurso entre 24 pause de habla hispana.<\/p>\n<p style=\"text-align: justify;\"><strong>Si te menciono el \u201cShow de Oscar Rafael\u201d \u00bfQu\u00e9 puedes contarnos de esta parte de tu vida profesional? \u00a0<\/strong>Que llegamos con mi equipo a ser el mejor programa de televisi\u00f3n de toda la historia de Guatemala. 49.7 de rating a nivel latinoamericano. Ni siquiera Don Francisco o Ra\u00fal Velasco alcanzaron esas cifras de audiencia. <strong>\u00a0<\/strong>Con nuestro programa rebasamos los l\u00edmites de audiencia, incluso superando al chavo del 8 y Chespirito.<a href=\"https:\/\/heidysandovalruiz.com\/wp-content\/uploads\/2016\/10\/14628119_10155366150828508_670983926_n.jpg\"><img loading=\"lazy\" decoding=\"async\" class=\"size-medium wp-image-4069 alignright\" src=\"https:\/\/heidysandovalruiz.com\/wp-content\/uploads\/2016\/10\/14628119_10155366150828508_670983926_n-300x169.jpg\" alt=\"14628119_10155366150828508_670983926_n\" width=\"300\" height=\"169\" srcset=\"https:\/\/heidysandovalruiz.com\/wp-content\/uploads\/2016\/10\/14628119_10155366150828508_670983926_n-300x169.jpg 300w, https:\/\/heidysandovalruiz.com\/wp-content\/uploads\/2016\/10\/14628119_10155366150828508_670983926_n.jpg 960w\" sizes=\"auto, (max-width: 300px) 100vw, 300px\" \/><\/a><\/p>\n<p style=\"text-align: justify;\">Recuerda que adem\u00e1s fue el primer programa kilom\u00e9trico. Cinco horas y media. Los s\u00e1bados empez\u00e1bamos a las 5 de la tarde y finaliz\u00e1bamos a las\u00a0 10 de la noche.<\/p>\n<p style=\"text-align: justify;\"><strong>\u00bfA qu\u00e9 artistas nacionales recuerdas que hayas entrevistado?<\/strong> A todos los de esa \u00e9poca. Empezando desde Paco C\u00e1ceres, Mario Vides, Los Danieles Chinchilla y Salazar, C\u00e9sar de Guatemala, Tanya Zea, Ricardo Arjona cuando empezaba. Hugo Leonel Vaccaro, Carlos del Llano, Neto Avalos, Alicia Azurdia, Carmen Yolanda y docenas de artistas internacionales: Joan Manuel Serrat, Julio Iglesias, Manolo Mu\u00f1oz, Marco Antonio Mu\u00f1iz, Jos\u00e9 Alfredo Jim\u00e9nez, Mike Kennedy de los Bravos, los Galos, Angeles Negros, Vicente Fern\u00e1ndez, Nelson Need, Leo Dan, Pel\u00e9, Tony Aguilar y Familia, Irma Serrano, Juan Gabriel, Napole\u00f3n, Andr\u00e9s Garc\u00eda, Ang\u00e9lica Mar\u00eda, Armando Manzanero, Menudo, Magneto, Raphael, Elvs Presley y otros de reconocida trayectoria.<\/p>\n<p style=\"text-align: justify;\">En fin no puedo dejar a nadie afuera pues ser\u00eda pecado.<\/p>\n<p style=\"text-align: justify;\"><strong><a href=\"https:\/\/heidysandovalruiz.com\/wp-content\/uploads\/2016\/10\/14593181_10155366124568508_1668218047_n.jpg\"><img loading=\"lazy\" decoding=\"async\" class=\"size-medium wp-image-4070 alignleft\" src=\"https:\/\/heidysandovalruiz.com\/wp-content\/uploads\/2016\/10\/14593181_10155366124568508_1668218047_n-225x300.jpg\" alt=\"14593181_10155366124568508_1668218047_n\" width=\"225\" height=\"300\" srcset=\"https:\/\/heidysandovalruiz.com\/wp-content\/uploads\/2016\/10\/14593181_10155366124568508_1668218047_n-225x300.jpg 225w, https:\/\/heidysandovalruiz.com\/wp-content\/uploads\/2016\/10\/14593181_10155366124568508_1668218047_n.jpg 360w\" sizes=\"auto, (max-width: 225px) 100vw, 225px\" \/><\/a>Hab\u00eda un programa en donde alternabas con Alfredo Monterroso \u00bfEn d\u00f3nde se realizaba y c\u00f3mo logran esa mancuerna?<\/strong> \u00c9ramos amigos desde ni\u00f1os y un d\u00eda lo invit\u00e9 a que se uniera a mi proyecto de TV. Hicimos imitaciones de cantantes y voces. Fue fenomenal. Alfredo era un artista completo y un m\u00fasico excepcional. Lo grab\u00e1bamos en canal 3.<\/p>\n<p style=\"text-align: justify;\"><strong>Hace poco te vi en una foto con Carlos de Triana \u00bfEstuvieron juntos en alg\u00fan programa?<\/strong> Desde la radio 5.60. Y tambi\u00e9n cuando empec\u00e9 en Canal 3 con el Show. Decid\u00ed entre la gama de voces, escogerlo a el, como mi alterego. Su voz\u00a0 era como un b\u00e1lsamo. Tuvimos una excelente relaci\u00f3n como amigos y profesionalmente.\u00a0 Linda persona. Aprendimos y compartimos muchas cosas juntos. Lo recuerdo con m\u00e1s cari\u00f1o de lo que \u00e9l se pueda imaginar.<\/p>\n<p style=\"text-align: justify;\"><strong>\u00bfA qu\u00e9 locutores de tu \u00e9poca recuerdas y con quienes tuviste estrecha amistad?<\/strong> Con Hainz Ch\u00e1vez, nos hicimos compadres. Era un tipazo. Ra\u00fal Velasco, Don Francisco, Pepe Gonz\u00e1lez, Chalo Hern\u00e1ndez, Antoniotti, Sanchinelli, Jorge M\u00e9ndez, Edgar Gudiel, Marco Tulio De la Roca, Charlie Barrios, Willy Maldonado, Roberto Bocaletti. De hecho siempre tuve buena relaci\u00f3n con todos mis colegas. Cero envidias.<\/p>\n<p style=\"text-align: justify;\"><strong>\u00bfPor qu\u00e9 dejas los medios de comunicaci\u00f3n y te dedicas a la pol\u00edtica?<\/strong> Bueno regres\u00e9 a USA, a seguir en la carrera de comunicaci\u00f3n masiva. Termin\u00e9 mis estudios, Ciencias pol\u00edticas, Relaciones Internacionales, periodismo y por \u00faltimo obtuve un doctorado.\u00a0Trabaj\u00e9 como productor ejecutivo para la cadena en Ingl\u00e9s NBC.<a href=\"https:\/\/heidysandovalruiz.com\/wp-content\/uploads\/2016\/10\/14625416_10155366151738508_891237875_n.jpg\"><img loading=\"lazy\" decoding=\"async\" class=\"size-medium wp-image-4071 alignright\" src=\"https:\/\/heidysandovalruiz.com\/wp-content\/uploads\/2016\/10\/14625416_10155366151738508_891237875_n-169x300.jpg\" alt=\"14625416_10155366151738508_891237875_n\" width=\"169\" height=\"300\" srcset=\"https:\/\/heidysandovalruiz.com\/wp-content\/uploads\/2016\/10\/14625416_10155366151738508_891237875_n-169x300.jpg 169w, https:\/\/heidysandovalruiz.com\/wp-content\/uploads\/2016\/10\/14625416_10155366151738508_891237875_n.jpg 540w\" sizes=\"auto, (max-width: 169px) 100vw, 169px\" \/><\/a><\/p>\n<p style=\"text-align: justify;\">En una oportunidad me ofrecieron trabajar con don Francisco, no acept\u00e9, pues estaba metido en mis empresas. En Estados Unidos tuve una estaci\u00f3n de radio y un peri\u00f3dico; \u00bb La Prensa\u00bb.<\/p>\n<p style=\"text-align: justify;\"><strong>Hablando de pol\u00edtica \u00bfCu\u00e1les fueron los cargos a los ibas como candidato y c\u00f3mo se dio cada una de esas elecciones?\u00a0<\/strong>1990 candidato a alcalde a la ciudad capital, en 1994; candidato a la Vice\u00a0 presidencia de la Rep\u00fablica trabaj\u00e9 como asesor en materia de imagen con Suger.<\/p>\n<p style=\"text-align: justify;\"><strong>\u00bfC\u00f3mo fue tu relaci\u00f3n con Hellen Lossi de Laugerud? <\/strong>Era amigo de sus hijos; Luis Fernando y Morel. Y tuve un cargo de relaciones p\u00fablicas. Ganaba Q200 mensuales.<\/p>\n<p style=\"text-align: justify;\"><strong>\u00bfQu\u00e9 puedes comentarnos de tu paso por la NBC en Estados Unidos? <\/strong>Fue una experiencia agradable trabajar como productor ejecutivo, en una de las cadenas de TV mundial, m\u00e1s poderosas. Me hab\u00eda preparado en producci\u00f3n, edici\u00f3n, iluminaci\u00f3n, direcci\u00f3n y creatividad. Fui contratado por tres a\u00f1os.<\/p>\n<p style=\"text-align: justify;\"><strong>Ahora bien \u00bfC\u00f3mo llega ese salto de la pol\u00edtica a la biblia? <\/strong>Dios nunca se equivoca. El que se equivoca es uno.<\/p>\n<p style=\"text-align: justify;\">Creo que fue un paso sumamente dif\u00edcil para m\u00ed, pues\u00a0 cuando has vivido algo en un entorno lleno de tentaciones y decides entrar a un reino totalmente diferente a lo que est\u00e1s acostumbrado. Es un Shock.<\/p>\n<p style=\"text-align: justify;\">Tienes que empezar a negarte a ti mismo. A hacer las cosas ya no a tu manera, sino a la manera como Dios te lo pide en la Biblia que lo hagas. Y eso es dif\u00edcil. Pero no imposible.<\/p>\n<p style=\"text-align: justify;\"><a href=\"https:\/\/heidysandovalruiz.com\/wp-content\/uploads\/2016\/10\/14625357_10155366151038508_1524606333_n.jpg\"><img loading=\"lazy\" decoding=\"async\" class=\"size-medium wp-image-4073 alignleft\" src=\"https:\/\/heidysandovalruiz.com\/wp-content\/uploads\/2016\/10\/14625357_10155366151038508_1524606333_n-169x300.jpg\" alt=\"14625357_10155366151038508_1524606333_n\" width=\"169\" height=\"300\" srcset=\"https:\/\/heidysandovalruiz.com\/wp-content\/uploads\/2016\/10\/14625357_10155366151038508_1524606333_n-169x300.jpg 169w, https:\/\/heidysandovalruiz.com\/wp-content\/uploads\/2016\/10\/14625357_10155366151038508_1524606333_n.jpg 540w\" sizes=\"auto, (max-width: 169px) 100vw, 169px\" \/><\/a>No estoy hablando de fanatismo o mojigaterias. Estoy hablando de llegar a tener una relaci\u00f3n \u00edntima con Dios a trav\u00e9s de tu oraci\u00f3n.<\/p>\n<p style=\"text-align: justify;\">Llegu\u00e9 a entender que negarme a s\u00ed mismo, era para mi propio beneficio. Y para los que me rodeaban. Tu familia, tus padres, tus hermanos y a\u00fan tus amigos. Mi vida dio un giro de 180 grados. Y me sigue costando.<\/p>\n<p style=\"text-align: justify;\"><strong>En cuesti\u00f3n del tema del evangelio \u00bfCu\u00e9ntanos de las cruzadas en las que has participado? \u00a0<\/strong>Son cientos de cruzadas alrededor del planeta. Viendo como los sordos, los mudos, los paral\u00edticos, gente con sida, c\u00e1ncer, hepatitis, son totalmente sanados por el poder de Dios.<\/p>\n<p style=\"text-align: justify;\">Aclar\u00f3 aqu\u00ed que ning\u00fan ser humano puede hacer milagros, el \u00fanico que sigue haciendo milagros es Dios, a trav\u00e9s de personas que \u00e9l elige.\u00a0 Nadie, nadie puedo arrogarse un derecho que no le corresponde.<\/p>\n<p style=\"text-align: justify;\"><strong>\u00bfActualmente a qu\u00e9 te dedicas?<\/strong> Soy empresario.<\/p>\n<p style=\"text-align: justify;\"><strong>\u00bfSi te dieran la oportunidad en la actualidad de presentar un programa como el \u201cShow de Oscar Rafael\u201d aceptar\u00edas? <\/strong>Creo que s\u00ed. Pero con un formato diferente.<strong>\u00a0<\/strong>Madur\u00e9 en muchas \u00e1reas de mi vida. Y no por los a\u00f1os, pues los a\u00f1os lo \u00fanico que producen son vejez. Las buenas experiencias y t\u00fa relaci\u00f3n con Dios, te dan la madurez que se necesita para ser un triunfador en la vida.<\/p>\n<p style=\"text-align: justify;\">Creo que con mi programa me adelant\u00e9 a la \u00e9poca.<\/p>\n<p style=\"text-align: justify;\"><strong>\u00bfQu\u00e9 te falta por hacer a estas alturas de la vida?<\/strong> Creo que todo lo que soy y todo lo que tengo, me hace una persona satisfecha; sabiendo que todo; se lo debo a Dios.<a href=\"https:\/\/heidysandovalruiz.com\/wp-content\/uploads\/2016\/10\/14625514_10155366150983508_1035554091_n.jpg\"><img loading=\"lazy\" decoding=\"async\" class=\"size-medium wp-image-4072 alignright\" src=\"https:\/\/heidysandovalruiz.com\/wp-content\/uploads\/2016\/10\/14625514_10155366150983508_1035554091_n-300x169.jpg\" alt=\"14625514_10155366150983508_1035554091_n\" width=\"300\" height=\"169\" srcset=\"https:\/\/heidysandovalruiz.com\/wp-content\/uploads\/2016\/10\/14625514_10155366150983508_1035554091_n-300x169.jpg 300w, https:\/\/heidysandovalruiz.com\/wp-content\/uploads\/2016\/10\/14625514_10155366150983508_1035554091_n.jpg 960w\" sizes=\"auto, (max-width: 300px) 100vw, 300px\" \/><\/a><\/p>\n<p style=\"text-align: justify;\"><strong>\u00bfC\u00f3mo definir\u00edas tu personalidad antes y despu\u00e9s de aceptar a Cristo? \u00a0<\/strong>Tu personalidad no te la cambia Dios. Lo que El cambia son tus malos h\u00e1bitos. Sigo siendo el mismo Oscar Rafael que vieron en la TV, con unos a\u00f1os m\u00e1s y con menos a\u00f1os por vivir.<\/p>\n<p style=\"text-align: justify;\"><strong>\u00bfPuedes compartir un mensaje con las personas que lean la entrevista?\u00a0<\/strong>Si.\u00a0Que si amaneciste vivo hoy; ya es ganancia. Si tienes a tu familia a tu lado, tambi\u00e9n es ganancia, que si est\u00e1s sano, tambi\u00e9n es ganancia. Si tienes un lugar para dormir, tambi\u00e9n es ganancia. Y que lo que eres hoy, te llevar\u00e1 a HACER mejores cosas en la vida. Y lo que hagas con tu vida te proporcionar\u00e1 TENER mejores cosas para vivir mejor. Y lo que tengas, te llevar\u00e1 a donde mereces\u00a0 ESTAR.<\/p>\n<p style=\"text-align: justify;\">Te agradezco la oportunidad de haber compartido parte de mi vida en varios campos, tu espacio es algo incre\u00edble pues le da la oportunidad a muchas personas de proyectarse y de dar a conocer lo que a lo largo de varios a\u00f1os han realizado.<\/p>\n<p style=\"text-align: justify;\">Bendiciones y que Dios nos siga permitiendo, bendecir a otros.<\/p>\n<p style=\"text-align: justify;\">Agradezco a Oscar Rafael el haber compartido parte de sus vivencias, de su vida personal y conocer su maravillosa historia.<\/p>\n<p style=\"text-align: center;\"><a href=\"https:\/\/heidysandovalruiz.com\/wp-content\/uploads\/2016\/10\/14627922_10155366152598508_224815542_n.jpg\"><img loading=\"lazy\" decoding=\"async\" class=\"alignnone size-medium wp-image-4074\" src=\"https:\/\/heidysandovalruiz.com\/wp-content\/uploads\/2016\/10\/14627922_10155366152598508_224815542_n-300x169.jpg\" alt=\"14627922_10155366152598508_224815542_n\" width=\"300\" height=\"169\" srcset=\"https:\/\/heidysandovalruiz.com\/wp-content\/uploads\/2016\/10\/14627922_10155366152598508_224815542_n-300x169.jpg 300w, https:\/\/heidysandovalruiz.com\/wp-content\/uploads\/2016\/10\/14627922_10155366152598508_224815542_n.jpg 960w\" sizes=\"auto, (max-width: 300px) 100vw, 300px\" \/><\/a> <a href=\"https:\/\/heidysandovalruiz.com\/wp-content\/uploads\/2016\/10\/14580308_10155366153438508_1891812167_n.jpg\"><img loading=\"lazy\" decoding=\"async\" class=\"alignnone size-medium wp-image-4075\" src=\"https:\/\/heidysandovalruiz.com\/wp-content\/uploads\/2016\/10\/14580308_10155366153438508_1891812167_n-300x300.jpg\" alt=\"14580308_10155366153438508_1891812167_n\" width=\"300\" height=\"300\" srcset=\"https:\/\/heidysandovalruiz.com\/wp-content\/uploads\/2016\/10\/14580308_10155366153438508_1891812167_n-300x300.jpg 300w, https:\/\/heidysandovalruiz.com\/wp-content\/uploads\/2016\/10\/14580308_10155366153438508_1891812167_n-150x150.jpg 150w, https:\/\/heidysandovalruiz.com\/wp-content\/uploads\/2016\/10\/14580308_10155366153438508_1891812167_n.jpg 540w\" sizes=\"auto, (max-width: 300px) 100vw, 300px\" \/><\/a> <a href=\"https:\/\/heidysandovalruiz.com\/wp-content\/uploads\/2016\/10\/14580373_10155366152918508_35368590_n.jpg\"><img loading=\"lazy\" decoding=\"async\" class=\"alignnone size-medium wp-image-4076\" src=\"https:\/\/heidysandovalruiz.com\/wp-content\/uploads\/2016\/10\/14580373_10155366152918508_35368590_n-225x300.jpg\" alt=\"14580373_10155366152918508_35368590_n\" width=\"225\" height=\"300\" srcset=\"https:\/\/heidysandovalruiz.com\/wp-content\/uploads\/2016\/10\/14580373_10155366152918508_35368590_n-225x300.jpg 225w, https:\/\/heidysandovalruiz.com\/wp-content\/uploads\/2016\/10\/14580373_10155366152918508_35368590_n.jpg 640w\" sizes=\"auto, (max-width: 225px) 100vw, 225px\" \/><\/a> <a href=\"https:\/\/heidysandovalruiz.com\/wp-content\/uploads\/2016\/10\/14593343_10155366127778508_1721794729_n.jpg\"><img loading=\"lazy\" decoding=\"async\" class=\"alignnone size-medium wp-image-4077\" src=\"https:\/\/heidysandovalruiz.com\/wp-content\/uploads\/2016\/10\/14593343_10155366127778508_1721794729_n-300x225.jpg\" alt=\"14593343_10155366127778508_1721794729_n\" width=\"300\" height=\"225\" srcset=\"https:\/\/heidysandovalruiz.com\/wp-content\/uploads\/2016\/10\/14593343_10155366127778508_1721794729_n-300x225.jpg 300w, https:\/\/heidysandovalruiz.com\/wp-content\/uploads\/2016\/10\/14593343_10155366127778508_1721794729_n.jpg 480w\" sizes=\"auto, (max-width: 300px) 100vw, 300px\" \/><\/a> <a href=\"https:\/\/heidysandovalruiz.com\/wp-content\/uploads\/2016\/10\/14593615_10155366129333508_1636318542_n.jpg\"><img loading=\"lazy\" decoding=\"async\" class=\"alignnone size-medium wp-image-4078\" src=\"https:\/\/heidysandovalruiz.com\/wp-content\/uploads\/2016\/10\/14593615_10155366129333508_1636318542_n-225x300.jpg\" alt=\"14593615_10155366129333508_1636318542_n\" width=\"225\" height=\"300\" srcset=\"https:\/\/heidysandovalruiz.com\/wp-content\/uploads\/2016\/10\/14593615_10155366129333508_1636318542_n-225x300.jpg 225w, https:\/\/heidysandovalruiz.com\/wp-content\/uploads\/2016\/10\/14593615_10155366129333508_1636318542_n.jpg 360w\" sizes=\"auto, (max-width: 225px) 100vw, 225px\" \/><\/a> <a href=\"https:\/\/heidysandovalruiz.com\/wp-content\/uploads\/2016\/10\/14593673_10155366151093508_1887079988_n.jpg\"><img loading=\"lazy\" decoding=\"async\" class=\"alignnone size-medium wp-image-4079\" src=\"https:\/\/heidysandovalruiz.com\/wp-content\/uploads\/2016\/10\/14593673_10155366151093508_1887079988_n-300x169.jpg\" alt=\"14593673_10155366151093508_1887079988_n\" width=\"300\" height=\"169\" srcset=\"https:\/\/heidysandovalruiz.com\/wp-content\/uploads\/2016\/10\/14593673_10155366151093508_1887079988_n-300x169.jpg 300w, https:\/\/heidysandovalruiz.com\/wp-content\/uploads\/2016\/10\/14593673_10155366151093508_1887079988_n.jpg 960w\" sizes=\"auto, (max-width: 300px) 100vw, 300px\" \/><\/a> <a href=\"https:\/\/heidysandovalruiz.com\/wp-content\/uploads\/2016\/10\/14608144_10155366153418508_1074485416_n.jpg\"><img loading=\"lazy\" decoding=\"async\" class=\"alignnone size-medium wp-image-4080\" src=\"https:\/\/heidysandovalruiz.com\/wp-content\/uploads\/2016\/10\/14608144_10155366153418508_1074485416_n-169x300.jpg\" alt=\"14608144_10155366153418508_1074485416_n\" width=\"169\" height=\"300\" srcset=\"https:\/\/heidysandovalruiz.com\/wp-content\/uploads\/2016\/10\/14608144_10155366153418508_1074485416_n-169x300.jpg 169w, https:\/\/heidysandovalruiz.com\/wp-content\/uploads\/2016\/10\/14608144_10155366153418508_1074485416_n.jpg 540w\" sizes=\"auto, (max-width: 169px) 100vw, 169px\" \/><\/a> <a href=\"https:\/\/heidysandovalruiz.com\/wp-content\/uploads\/2016\/10\/14610676_10155366129088508_1316171192_n.jpg\"><img loading=\"lazy\" decoding=\"async\" class=\"alignnone size-medium wp-image-4081\" src=\"https:\/\/heidysandovalruiz.com\/wp-content\/uploads\/2016\/10\/14610676_10155366129088508_1316171192_n-225x300.jpg\" alt=\"14610676_10155366129088508_1316171192_n\" width=\"225\" height=\"300\" srcset=\"https:\/\/heidysandovalruiz.com\/wp-content\/uploads\/2016\/10\/14610676_10155366129088508_1316171192_n-225x300.jpg 225w, https:\/\/heidysandovalruiz.com\/wp-content\/uploads\/2016\/10\/14610676_10155366129088508_1316171192_n.jpg 720w\" sizes=\"auto, (max-width: 225px) 100vw, 225px\" \/><\/a> <a href=\"https:\/\/heidysandovalruiz.com\/wp-content\/uploads\/2016\/10\/14610727_10155366126688508_972267900_n.jpg\"><img loading=\"lazy\" decoding=\"async\" class=\"alignnone size-medium wp-image-4082\" src=\"https:\/\/heidysandovalruiz.com\/wp-content\/uploads\/2016\/10\/14610727_10155366126688508_972267900_n-300x300.jpg\" alt=\"14610727_10155366126688508_972267900_n\" width=\"300\" height=\"300\" srcset=\"https:\/\/heidysandovalruiz.com\/wp-content\/uploads\/2016\/10\/14610727_10155366126688508_972267900_n-300x300.jpg 300w, https:\/\/heidysandovalruiz.com\/wp-content\/uploads\/2016\/10\/14610727_10155366126688508_972267900_n-150x150.jpg 150w, https:\/\/heidysandovalruiz.com\/wp-content\/uploads\/2016\/10\/14610727_10155366126688508_972267900_n.jpg 720w\" sizes=\"auto, (max-width: 300px) 100vw, 300px\" \/><\/a> <a href=\"https:\/\/heidysandovalruiz.com\/wp-content\/uploads\/2016\/10\/14620044_10155366152348508_755621604_n.jpg\"><img loading=\"lazy\" decoding=\"async\" class=\"alignnone size-medium wp-image-4083\" src=\"https:\/\/heidysandovalruiz.com\/wp-content\/uploads\/2016\/10\/14620044_10155366152348508_755621604_n-300x169.jpg\" alt=\"14620044_10155366152348508_755621604_n\" width=\"300\" height=\"169\" srcset=\"https:\/\/heidysandovalruiz.com\/wp-content\/uploads\/2016\/10\/14620044_10155366152348508_755621604_n-300x169.jpg 300w, https:\/\/heidysandovalruiz.com\/wp-content\/uploads\/2016\/10\/14620044_10155366152348508_755621604_n.jpg 960w\" sizes=\"auto, (max-width: 300px) 100vw, 300px\" \/><\/a><\/p>\n<p style=\"text-align: justify;\">Les invitamos para que se unan al grupo de \u00ab<strong>Artistas de Guatemala para el Mundo<\/strong>\u00bb en este link<strong>\u00a0<\/strong><a href=\"http:\/\/on.fb.me\/1sn2wSf\"><strong>http:\/\/on.fb.me\/1sn2wSf<\/strong><\/a>\u00a0el cual tiene como prop\u00f3sito compartir videos, fotos, an\u00e9cdotas y todo lo de nuestros artistas en las diferentes d\u00e9cadas.<\/p>\n<p style=\"text-align: justify;\">Hemos creado el grupo \u201cLas entrevistas de Heidy\u201d que pueden localizar en <a href=\"http:\/\/on.fb.me\/1QxKypc\">http:\/\/on.fb.me\/1QxKypc<\/a><\/p>\n<p style=\"text-align: justify;\">Tambi\u00e9n ponemos a su disposici\u00f3n el grupo \u201c<strong>Un siglo de anuncios<\/strong>\u201d, un espacio donde pueden compartir o comentar los post que se publiquen <a href=\"http:\/\/on.fb.me\/1vASm2g\">http:\/\/on.fb.me\/1vASm2g<\/a><\/p>\n<p style=\"text-align: justify;\"><strong>Las entrevistas las pueden leer en los siguientes links:<\/strong><\/p>\n<p style=\"text-align: justify;\">\n<p><a href=\"http:\/\/www.heidysandovalruiz.com\">http:\/\/www.heidysandovalruiz.com<\/a><\/p>\n<p><a href=\"http:\/\/lasentrevistasdeheidy.blogspot.com\">http:\/\/lasentrevistasdeheidy.blogspot.com<\/a><\/p>\n<p><a href=\"https:\/\/www.facebook.com\/pages\/Los-invitados-de-Heidy\/892159284204965?ref=hl\">https:\/\/www.facebook.com\/pages\/Los-invitados-de-Heidy\/892159284204965?ref=hl<\/a><\/p>\n<p style=\"text-align: justify;\"><strong>Entrevista realizada por Heidy Sandoval Ruiz<\/strong><\/p>\n<p style=\"text-align: justify;\"><strong><em>Toda publicaci\u00f3n es responsabilidad de la Administraci\u00f3n<\/em><\/strong><\/p>\n","protected":false},"excerpt":{"rendered":"<div class=\"mh-excerpt\"><p>Hablar de nuestro invitado, es hablar de una parte de la historia de la televisi\u00f3n, con una capacidad para improvisar, con un talento nato \u201cOscar <a class=\"mh-excerpt-more\" href=\"https:\/\/heidysandovalruiz.com\/?p=4065\" title=\"La cara amiga \u00abOscar Rafael Prem\u201d\">[&#8230;]<\/a><\/p>\n<\/div>","protected":false},"author":4,"featured_media":4066,"comment_status":"closed","ping_status":"closed","sticky":false,"template":"","format":"standard","meta":{"footnotes":""},"categories":[16],"tags":[305],"class_list":["post-4065","post","type-post","status-publish","format-standard","has-post-thumbnail","hentry","category-la-cara-amiga","tag-la-cara-amiga-oscar-rafael-prem"],"_links":{"self":[{"href":"https:\/\/heidysandovalruiz.com\/index.php?rest_route=\/wp\/v2\/posts\/4065","targetHints":{"allow":["GET"]}}],"collection":[{"href":"https:\/\/heidysandovalruiz.com\/index.php?rest_route=\/wp\/v2\/posts"}],"about":[{"href":"https:\/\/heidysandovalruiz.com\/index.php?rest_route=\/wp\/v2\/types\/post"}],"author":[{"embeddable":true,"href":"https:\/\/heidysandovalruiz.com\/index.php?rest_route=\/wp\/v2\/users\/4"}],"replies":[{"embeddable":true,"href":"https:\/\/heidysandovalruiz.com\/index.php?rest_route=%2Fwp%2Fv2%2Fcomments&post=4065"}],"version-history":[{"count":5,"href":"https:\/\/heidysandovalruiz.com\/index.php?rest_route=\/wp\/v2\/posts\/4065\/revisions"}],"predecessor-version":[{"id":4088,"href":"https:\/\/heidysandovalruiz.com\/index.php?rest_route=\/wp\/v2\/posts\/4065\/revisions\/4088"}],"wp:featuredmedia":[{"embeddable":true,"href":"https:\/\/heidysandovalruiz.com\/index.php?rest_route=\/wp\/v2\/media\/4066"}],"wp:attachment":[{"href":"https:\/\/heidysandovalruiz.com\/index.php?rest_route=%2Fwp%2Fv2%2Fmedia&parent=4065"}],"wp:term":[{"taxonomy":"category","embeddable":true,"href":"https:\/\/heidysandovalruiz.com\/index.php?rest_route=%2Fwp%2Fv2%2Fcategories&post=4065"},{"taxonomy":"post_tag","embeddable":true,"href":"https:\/\/heidysandovalruiz.com\/index.php?rest_route=%2Fwp%2Fv2%2Ftags&post=4065"}],"curies":[{"name":"wp","href":"https:\/\/api.w.org\/{rel}","templated":true}]}}