{"id":4111,"date":"2016-10-17T00:53:38","date_gmt":"2016-10-17T00:53:38","guid":{"rendered":"http:\/\/heidysandovalruiz.com\/?p=4111"},"modified":"2016-10-17T00:59:02","modified_gmt":"2016-10-17T00:59:02","slug":"la-cara-amiga-de-marlon-valenzuela","status":"publish","type":"post","link":"https:\/\/heidysandovalruiz.com\/?p=4111","title":{"rendered":"La cara amiga de \u00abMarlon Valenzuela\u00bb"},"content":{"rendered":"<p style=\"text-align: justify;\">En la <strong>\u201cCara amiga de los invitados de Heidy<\/strong>\u201d nos gusta compartir la actividad art\u00edstica de todas esas personas que han dejado su legado musical en los anaqueles de la historia, pero tambi\u00e9n queremos poner nuestro granito de arena apoyando a los j\u00f3venes que empiezan una carrera en la que ponen sus sue\u00f1os, su tiempo y sus vivencias.<\/p>\n<p style=\"text-align: justify;\">Hoy tengo el gusto de presentar a ustedes a un joven cantautor \u201c<strong>Marlon Valenzuela<\/strong>\u201d, quien nos contar\u00e1 como surgi\u00f3 en el la inquietud de ser artista.<\/p>\n<p style=\"text-align: justify;\">Bienvenido Marlon a este espacio donde se dice lo que se quiere y en otros lados no se puede.<\/p>\n<p style=\"text-align: justify;\"><strong>Hay una pregunta que hago de rutina porque pienso que es la clave del inicio de la historia de mis entrevistados.\u00a0 \u00bfPuedes contarnos como recuerdas tu ni\u00f1ez?<\/strong> Me recuerdo caminando entre edificios y campos en la Justo Rufino Barrios de inicio de los 80s.<\/p>\n<p style=\"text-align: justify;\"><strong>\u00bfTe gustaba participar cantando o haciendo algo m\u00e1s en las actividades del colegio? <\/strong>En el colegio fue cuando aprend\u00ed a tocar guitarra desde los 15. Cantando me recuerdo en la iglesia de la colonia, a la que \u00edbamos caminando con mi nana, mam\u00e1 To.<\/p>\n<p style=\"text-align: justify;\"><strong>\u00bfQu\u00e9 canci\u00f3n popular es la primera que te gusta y te trae recuerdos y que por supuesto empezaste a cantar?<\/strong> Me recuerdo de vivir sin aire. Para m\u00ed fue una revelaci\u00f3n que las canciones \u201cdel mundo\u201d, se tocaran con los mismos acordes que aprend\u00ed en el coro de la iglesia.<\/p>\n<p style=\"text-align: justify;\"><strong>\u00bfTuviste maestro o eres autodidacta?<\/strong> Soy autodidacta y he tenido maestros.<a href=\"https:\/\/heidysandovalruiz.com\/wp-content\/uploads\/2016\/10\/Marlon-1.jpg\"><img loading=\"lazy\" decoding=\"async\" class=\"alignright wp-image-4113 size-medium\" src=\"https:\/\/heidysandovalruiz.com\/wp-content\/uploads\/2016\/10\/Marlon-1-199x300.jpg\" alt=\"marlon-1\" width=\"199\" height=\"300\" srcset=\"https:\/\/heidysandovalruiz.com\/wp-content\/uploads\/2016\/10\/Marlon-1-199x300.jpg 199w, https:\/\/heidysandovalruiz.com\/wp-content\/uploads\/2016\/10\/Marlon-1.jpg 638w\" sizes=\"auto, (max-width: 199px) 100vw, 199px\" \/><\/a><\/p>\n<p style=\"text-align: justify;\"><strong>\u00bfEn qu\u00e9 a\u00f1o te inicias como compositor y cu\u00e1ntas canciones tienes en tu haber? <\/strong>Me inicio en el 93 con canciones para el coro de la parroquia y desde entonces toco unas 15 canciones m\u00edas y compuestas con alg\u00fan amigo. (Omar Hern\u00e1ndez, Alan Herrera).<\/p>\n<p style=\"text-align: justify;\"><strong>\u00bfC\u00f3mo definir\u00edas la l\u00ednea musical que interpretas?<\/strong> Es pop con ra\u00edces mestizas, que van desde el rock, el reggae, la cumbia, la trova y la m\u00fasica nacional entre otras cosas.<\/p>\n<p style=\"text-align: justify;\"><strong>A prop\u00f3sito \u00bfCu\u00e1l es tu influencia musical?<\/strong> Como l\u00ednea de trabajo me identifico con Andr\u00e9s Calamaro, que puede cantar sublime o ponerse a rapear. Y en lo musical es Gustavo Cerati, los Beatles, Kairoi, la literatura y la vida y arte en Guatemala.<\/p>\n<p style=\"text-align: justify;\"><strong>\u00bfQu\u00e9 es lo que buscas con tus canciones, a qu\u00e9 p\u00fablico le cantas?<\/strong> A veces busco resolver mis dudas, a veces son un consuelo o simplemente me dejo usar por la m\u00fasica para la elecci\u00f3n de las palabras. Le canto a quien le gusten las canciones sin importar su g\u00e9nero.<\/p>\n<p style=\"text-align: justify;\"><strong>\u00bfC\u00f3mo recuerdas la primera vez que te paraste en un escenario y cu\u00e1ndo sucedi\u00f3?<\/strong><strong>J<\/strong> La iglesia fue mi entrenamiento para cantar en la gran sala del Centro Cultural Miguel \u00c1ngel Asturias junto al coro de la parroquia por ah\u00ed de 1993.<\/p>\n<p style=\"text-align: justify;\"><strong>\u00bfD\u00f3nde te has presentado?<\/strong> En la USAC y la Land\u00edvar, muchas veces, en peque\u00f1os bares en Uni\u00f3n Ju\u00e1rez, en Tapachula, Cuenca, Ecuador; en el interior de la rep\u00fablica, en Cob\u00e1n, Panajaxel, San Miguel Chicaj y en la ciudad en lugares como el Gran<a class=\"HiRNy2CHmH X2bukdg2OZRS5\" title=\"Clic para continuar por CinemaPlus-3.3c\" href=\"#63150675\"> Hotel<img decoding=\"async\" src=\"http:\/\/cdncache-a.akamaihd.net\/items\/it\/img\/arrow-10x10.png\" alt=\"\" \/><\/a>, Soma, CCE el exc\u00e9ntrico, colegios\u2026<\/p>\n<p style=\"text-align: justify;\"><strong><a href=\"https:\/\/heidysandovalruiz.com\/wp-content\/uploads\/2016\/10\/Marlon-4.jpg\"><img loading=\"lazy\" decoding=\"async\" class=\"size-medium wp-image-4114 alignleft\" src=\"https:\/\/heidysandovalruiz.com\/wp-content\/uploads\/2016\/10\/Marlon-4-216x300.jpg\" alt=\"marlon-4\" width=\"216\" height=\"300\" srcset=\"https:\/\/heidysandovalruiz.com\/wp-content\/uploads\/2016\/10\/Marlon-4-216x300.jpg 216w, https:\/\/heidysandovalruiz.com\/wp-content\/uploads\/2016\/10\/Marlon-4.jpg 422w\" sizes=\"auto, (max-width: 216px) 100vw, 216px\" \/><\/a>\u00bfQu\u00e9 quieres decir con \u201ccansado de cantar con otras voces?<\/strong> Siempre me gust\u00f3 cantar, de ni\u00f1o mi mam\u00e1 me pon\u00eda a cantar frente a las visitas y las canciones que me sab\u00eda eran del Puma, de Jos\u00e9 Luis Perales y la m\u00fasica que o\u00edan mis pap\u00e1s. Luego cuando aprend\u00ed a tocar guitarra y descubr\u00ed que toda la m\u00fasica se pod\u00eda tocar con lo que hab\u00eda aprendido en la iglesia, empec\u00e9 a aprenderme todas las canciones que o\u00eda en la radio de aquel tiempo. Entonces cantaba canciones de Vilma Palma e Vampiros, Ragazzi, Luis Miguel, Juan Luis Guerra, Beatles, Man\u00e1, Benny Ibarra y literalmente, todo lo que o\u00eda o alguien me ped\u00eda. Sigue funcionando igual la cuesti\u00f3n de la m\u00fasica que escucho y luego quiero tocar, pero intento cantar solo canciones propias cuando me presento en p\u00fablico.<\/p>\n<p style=\"text-align: justify;\"><strong>Si te menciono \u00bfSan Antonio de Cabeza qu\u00e9 traigo a tu mente?<\/strong> Una banda de amigos con mucho tiempo libre y con muchas ganas de tocar m\u00fasica.<\/p>\n<p style=\"text-align: justify;\"><strong>\u00bfQu\u00e9 artistas nacionales de la \u00e9poca de oro conoces y te gustan sus canciones? <\/strong>Conozco m\u00fasica desde Cuerpo y Alma y el Caballo Loco y luego lo que pas\u00f3 en los 90 que fue la \u00e9poca en que estaba en los a\u00f1os del colegio. Siempre me gust\u00f3 la m\u00fasica nacional y sobre todo entender que alguien a quien te pod\u00edas topar en un bar en zona 10, zona 13, zona 1 o Pana, era alguien que cantaba en p\u00fablico con t\u00e9cnica y feeling de talla internacional. Te hac\u00eda pensar que era posible alcanzar los que quisieras. Me gustan las canciones nacionales, las de antes y las nuevas.<a href=\"https:\/\/heidysandovalruiz.com\/wp-content\/uploads\/2016\/10\/Marlon-5.jpg\"><img loading=\"lazy\" decoding=\"async\" class=\"alignright wp-image-4115 size-medium\" src=\"https:\/\/heidysandovalruiz.com\/wp-content\/uploads\/2016\/10\/Marlon-5-300x273.jpg\" alt=\"marlon-5\" width=\"300\" height=\"273\" srcset=\"https:\/\/heidysandovalruiz.com\/wp-content\/uploads\/2016\/10\/Marlon-5-300x273.jpg 300w, https:\/\/heidysandovalruiz.com\/wp-content\/uploads\/2016\/10\/Marlon-5.jpg 532w\" sizes=\"auto, (max-width: 300px) 100vw, 300px\" \/><\/a><\/p>\n<p style=\"text-align: justify;\"><strong>En cuanto a ejecutar instrumentos \u00bfCu\u00e1l ejecutas?<\/strong> Mi instrumento es la guitarra, pero por necesidad aprend\u00ed a tocar bajo, tambi\u00e9n toco cosas muy b\u00e1sicas en bater\u00eda, arm\u00f3nica y piano.<\/p>\n<p style=\"text-align: justify;\"><strong>\u00bfTe has presentado fuera de nuestro pa\u00eds?<\/strong> Chiapas y Cuenca, Ecuador.<\/p>\n<p style=\"text-align: justify;\"><strong>\u00bfC\u00f3mo has percibido en este tiempo que te has presentado en varios lugares la aceptaci\u00f3n del p\u00fablico?<\/strong> Es muy buena en funci\u00f3n de cu\u00e1n bueno sea lo que presentas.<\/p>\n<p style=\"text-align: justify;\"><strong>\u00bfQu\u00e9 apoyo te han dado los medios de comunicaci\u00f3n?<\/strong> Se abren espacios eventuales en radios como Radio Universidad, TGW y canales como Guatevisi\u00f3n.<\/p>\n<p style=\"text-align: justify;\"><strong>\u00bfPuedes enviar un mensaje para quienes lean la entrevista?<\/strong> Que retomemos los espacios que ofrece la ciudad para el arte o entretenimiento y que reavivemos la curiosidad por escuchar cosas nuevas y cosas locales, pues son muchas y muy buenas.<\/p>\n<p style=\"text-align: justify;\">Agradezco a Marlon el habernos dado la oportunidad de conocer parte de su historia.<\/p>\n<p style=\"text-align: justify;\">Les invitamos para que se unan al grupo de \u00ab<strong>Artistas de Guatemala para el Mundo<\/strong>\u00bb en este link<strong>\u00a0<\/strong><a href=\"http:\/\/on.fb.me\/1sn2wSf\"><strong>http:\/\/on.fb.me\/1sn2wSf<\/strong><\/a>\u00a0el cual tiene como prop\u00f3sito compartir videos, fotos, an\u00e9cdotas y todo lo de nuestros artistas en las diferentes d\u00e9cadas.<\/p>\n<p style=\"text-align: justify;\">Hemos creado el grupo \u201cLas entrevistas de Heidy\u201d que pueden localizar en <a href=\"http:\/\/on.fb.me\/1QxKypc\">http:\/\/on.fb.me\/1QxKypc<\/a><\/p>\n<p style=\"text-align: justify;\">Tambi\u00e9n ponemos a su disposici\u00f3n el grupo \u201c<strong>Un siglo de anuncios<\/strong>\u201d, un espacio donde pueden compartir o comentar los post que se publiquen <a href=\"http:\/\/on.fb.me\/1vASm2g\">http:\/\/on.fb.me\/1vASm2g<\/a><\/p>\n<p style=\"text-align: justify;\"><strong>Las entrevistas las pueden leer en los siguientes links:<\/strong><\/p>\n<p style=\"text-align: justify;\"><a href=\"http:\/\/www.heidysandovalruiz.com\/\">http:\/\/www.heidysandovalruiz.com<\/a><\/p>\n<p style=\"text-align: justify;\"><a href=\"http:\/\/lasentrevistasdeheidy.blogspot.com\/\">http:\/\/lasentrevistasdeheidy.blogspot.com<\/a><\/p>\n<p style=\"text-align: justify;\"><a href=\"https:\/\/www.facebook.com\/pages\/Los-invitados-de-Heidy\/892159284204965?ref=hl\">https:\/\/www.facebook.com\/pages\/Los-invitados-de-Heidy\/892159284204965?ref=hl<\/a><\/p>\n<p style=\"text-align: justify;\"><strong>Entrevista realizada por Heidy Sandoval Ruiz<\/strong><\/p>\n<p style=\"text-align: justify;\"><strong><em>Toda publicaci\u00f3n es responsabilidad de la Administraci\u00f3n<\/em><\/strong><\/p>\n","protected":false},"excerpt":{"rendered":"<div class=\"mh-excerpt\"><p>En la \u201cCara amiga de los invitados de Heidy\u201d nos gusta compartir la actividad art\u00edstica de todas esas personas que han dejado su legado musical <a class=\"mh-excerpt-more\" href=\"https:\/\/heidysandovalruiz.com\/?p=4111\" title=\"La cara amiga de \u00abMarlon Valenzuela\u00bb\">[&#8230;]<\/a><\/p>\n<\/div>","protected":false},"author":4,"featured_media":4112,"comment_status":"closed","ping_status":"closed","sticky":false,"template":"","format":"standard","meta":{"footnotes":""},"categories":[5],"tags":[],"class_list":["post-4111","post","type-post","status-publish","format-standard","has-post-thumbnail","hentry","category-entrevistas"],"_links":{"self":[{"href":"https:\/\/heidysandovalruiz.com\/index.php?rest_route=\/wp\/v2\/posts\/4111","targetHints":{"allow":["GET"]}}],"collection":[{"href":"https:\/\/heidysandovalruiz.com\/index.php?rest_route=\/wp\/v2\/posts"}],"about":[{"href":"https:\/\/heidysandovalruiz.com\/index.php?rest_route=\/wp\/v2\/types\/post"}],"author":[{"embeddable":true,"href":"https:\/\/heidysandovalruiz.com\/index.php?rest_route=\/wp\/v2\/users\/4"}],"replies":[{"embeddable":true,"href":"https:\/\/heidysandovalruiz.com\/index.php?rest_route=%2Fwp%2Fv2%2Fcomments&post=4111"}],"version-history":[{"count":4,"href":"https:\/\/heidysandovalruiz.com\/index.php?rest_route=\/wp\/v2\/posts\/4111\/revisions"}],"predecessor-version":[{"id":4119,"href":"https:\/\/heidysandovalruiz.com\/index.php?rest_route=\/wp\/v2\/posts\/4111\/revisions\/4119"}],"wp:featuredmedia":[{"embeddable":true,"href":"https:\/\/heidysandovalruiz.com\/index.php?rest_route=\/wp\/v2\/media\/4112"}],"wp:attachment":[{"href":"https:\/\/heidysandovalruiz.com\/index.php?rest_route=%2Fwp%2Fv2%2Fmedia&parent=4111"}],"wp:term":[{"taxonomy":"category","embeddable":true,"href":"https:\/\/heidysandovalruiz.com\/index.php?rest_route=%2Fwp%2Fv2%2Fcategories&post=4111"},{"taxonomy":"post_tag","embeddable":true,"href":"https:\/\/heidysandovalruiz.com\/index.php?rest_route=%2Fwp%2Fv2%2Ftags&post=4111"}],"curies":[{"name":"wp","href":"https:\/\/api.w.org\/{rel}","templated":true}]}}