{"id":4121,"date":"2016-10-20T02:37:14","date_gmt":"2016-10-20T02:37:14","guid":{"rendered":"http:\/\/heidysandovalruiz.com\/?p=4121"},"modified":"2016-10-20T02:48:00","modified_gmt":"2016-10-20T02:48:00","slug":"la-cara-amiga-de-ivannova-van-herzen","status":"publish","type":"post","link":"https:\/\/heidysandovalruiz.com\/?p=4121","title":{"rendered":"La cara amiga de \u00abIvannova Van Herzen\u00bb"},"content":{"rendered":"<p style=\"text-align: justify;\">En \u201c<strong>La cara amiga de los invitados de Heidy<\/strong>\u201d, presento a una joven con un talento enorme que a pesar de corta edad, ya ha incursionado en la pintura y el canto.\u00a0 Ella es Rosmery Ivannova Ram\u00edrez cuyo nombre art\u00edstico es<strong> Ivannova Van Herzen<\/strong>.\u00a0 Ella nos contar\u00e1 de pasi\u00f3n por lo que realiza y conoceremos su maravillosa historia.<\/p>\n<p style=\"text-align: justify;\">Bienvenida a este espacio donde se puede decir lo que se quiere y en otros lados no se puede.<\/p>\n<p style=\"text-align: justify;\"><strong>Eres una persona muy joven pero con mucha preparaci\u00f3n \u00bfA qu\u00e9 edad surge en ti el deseo por ser artista? <\/strong>Seg\u00fan recuerdo a los siete a\u00f1os de edad aproximadamente.<\/p>\n<p style=\"text-align: justify;\"><strong>\u00bfQu\u00e9 fue lo que te atrajo primero: la m\u00fasica, el canto o la pintura? <\/strong>Primero la m\u00fasica, despu\u00e9s la pintura y luego el canto.<\/p>\n<p style=\"text-align: justify;\"><strong>\u00bfQui\u00e9nes han sido las personas que te han apoyado en su carrera? <\/strong>Definitivamente mis padres han sido los primeros en creer en mi y por supuesto algunos amigos de hace muchos a\u00f1os.<\/p>\n<p style=\"text-align: justify;\"><strong>\u00bfTu familia se ha involucrado en tu trabajo? <\/strong>Claro, siempre que tengo presentaciones, exposiciones asisten y me apoyan mucho.<\/p>\n<p style=\"text-align: justify;\"><strong>El Conservatorio Nacional \u00bfQu\u00e9 significa para ti? <\/strong>Un lugar donde he crecido mucho musicalmente, tambi\u00e9n de muchas experiencias art\u00edsticas que me han ayudado a poder desarrollar m\u00e1s mis ideas.<\/p>\n<p style=\"text-align: justify;\"><strong>\u00bfC\u00f3mo te involucras en <\/strong><strong>la Asociaci\u00f3n de Pintores del Cerro del Carmen? <\/strong>Surge cuando comienzo a asistir a la Escuela de Pintura al Aire Libre del Cerrito del Carmen\u00a0 \u00a8Max Saravia Gual\u00a8 como estudiante, y de all\u00ed me invitan a ser parte de la asociaci\u00f3n\u00a0 por mis cualidades creativas, y la lluvia de ideas que he plasmado en mis obras pl\u00e1sticas.<a href=\"https:\/\/heidysandovalruiz.com\/wp-content\/uploads\/2016\/10\/14657681_1159478637475782_1936673753_n.jpg\"><img loading=\"lazy\" decoding=\"async\" class=\"size-medium wp-image-4124 alignright\" src=\"https:\/\/heidysandovalruiz.com\/wp-content\/uploads\/2016\/10\/14657681_1159478637475782_1936673753_n-300x224.jpg\" alt=\"14657681_1159478637475782_1936673753_n\" width=\"300\" height=\"224\" srcset=\"https:\/\/heidysandovalruiz.com\/wp-content\/uploads\/2016\/10\/14657681_1159478637475782_1936673753_n-300x224.jpg 300w, https:\/\/heidysandovalruiz.com\/wp-content\/uploads\/2016\/10\/14657681_1159478637475782_1936673753_n.jpg 480w\" sizes=\"auto, (max-width: 300px) 100vw, 300px\" \/><\/a><\/p>\n<p style=\"text-align: justify;\"><strong>\u00bfQu\u00e9 significa para ti la pintura? <\/strong>Una de las maneras m\u00e1s bellas para poder representar todo lo que pasa por mi cabeza y que tenga una forma de reinterpretaci\u00f3n muy interesante, me encanta expresarme en colores pues es una forma de seguir creando siempre estoy dibujando, pintando u observando las cosas que est\u00e1n a mi alrededor y eso me apasiona mucho.<\/p>\n<p style=\"text-align: justify;\"><strong>A prop\u00f3sito \u00bfQui\u00e9nes han sido tus maestros en este tema? <\/strong>Los maestros Romel Cifuentes y Vicente Ortiz.<\/p>\n<p style=\"text-align: justify;\"><strong>\u00bfA qu\u00e9 pintores nacionales admiras y por qu\u00e9?<\/strong> A Efra\u00edn Recinos, por su genialidad imaginativa y creativa tambi\u00e9n porque su arte est\u00e1 en la mayor\u00eda de lugares donde trabaj\u00f3, entonces tengo el gusto de observar durante horas lo magistral de sus obras<\/p>\n<p style=\"text-align: justify;\"><strong>\u00bfTe gusta la \u00f3pera? \u00bfCu\u00e9ntanos qu\u00e9 participaci\u00f3n has tenido relacionado con este tema? <\/strong>si, pues tuve el gusto en formar parte de muchas producciones de \u00f3pera desde el 2013\u00a0 hasta la fecha en Madama Butterfly, El Barbero de Sevilla entre otras.<\/p>\n<p style=\"text-align: justify;\"><strong>\u00bfQu\u00e9 significa para ti \u201cArte para vivir\u201d? <\/strong>La oportunidad de presentar\u00a0 mi gusto por el canto, la pintura, poes\u00eda, y toda forma de expresi\u00f3n art\u00edstica.<\/p>\n<p style=\"text-align: justify;\"><strong>Otro rol que desempe\u00f1as es de cantaautora \u00bfQu\u00e9 nos puedes compartir al respecto? <\/strong>Actualmente trabajo en el proceso creativo musical, trato de inducir con mi m\u00fasica a la reflexi\u00f3n y experimentaci\u00f3n de emociones vistas desde otro punto de conciencia, es una necesidad cantar letras que nazcan de mi ilusi\u00f3n, decepci\u00f3n y forma de apreciar las situaciones.<\/p>\n<p style=\"text-align: justify;\"><strong>\u00bfQu\u00e9 canciones populares te gusta interpretar? <\/strong>Los ejes de mi carreta, Ojal\u00e1, Quiz\u00e1s quiz\u00e1s quiz\u00e1s, \u00e9sas son mis favoritas.<\/p>\n<p style=\"text-align: justify;\"><strong><a href=\"https:\/\/heidysandovalruiz.com\/wp-content\/uploads\/2016\/10\/14741218_1159634094126903_556649016_n.jpg\"><img loading=\"lazy\" decoding=\"async\" class=\"size-medium wp-image-4125 alignleft\" src=\"https:\/\/heidysandovalruiz.com\/wp-content\/uploads\/2016\/10\/14741218_1159634094126903_556649016_n-194x300.jpg\" alt=\"14741218_1159634094126903_556649016_n\" width=\"194\" height=\"300\" srcset=\"https:\/\/heidysandovalruiz.com\/wp-content\/uploads\/2016\/10\/14741218_1159634094126903_556649016_n-194x300.jpg 194w, https:\/\/heidysandovalruiz.com\/wp-content\/uploads\/2016\/10\/14741218_1159634094126903_556649016_n.jpg 313w\" sizes=\"auto, (max-width: 194px) 100vw, 194px\" \/><\/a>\u00bfC\u00f3mo cantante popular d\u00f3nde te has presentado?<\/strong> En varios bares bohemios del centro de la ciudad, el Teatro de C\u00e1mara\u00a0 Hugo Carrillo del Teatro Nacional, en La Antigua Guatemala.<\/p>\n<p style=\"text-align: justify;\"><strong>\u00bfQu\u00e9 proyecto m\u00e1s cercano tienes en mente realizar? <\/strong>Una serie de exposiciones individuales convinadas con intermedios musicales con mi m\u00fasica y colaboraciones con otros cantaautores que admiro mucho.<\/p>\n<p style=\"text-align: justify;\"><strong>\u00bfPuedes enviar un mensaje para las personas que lean esta entrevista? <\/strong>Los invito a seguir los movimientos art\u00edsticos a manos guatemaltecas pues hay mucho talento hacia donde uno ve, tambi\u00e9n esperando que mis ideas en m\u00fasica produzcan alg\u00fan tipo de cambio positivo al que amablemente se interesa por mi pasi\u00f3n.<\/p>\n<p style=\"text-align: justify;\">Les invitamos para que se unan al grupo de \u00ab<strong>Artistas de Guatemala para el Mundo<\/strong>\u00bb en este link<strong>\u00a0<\/strong><a href=\"http:\/\/on.fb.me\/1sn2wSf\"><strong>http:\/\/on.fb.me\/1sn2wSf<\/strong><\/a>\u00a0el cual tiene como prop\u00f3sito compartir videos, fotos, an\u00e9cdotas y todo lo de nuestros artistas en las diferentes d\u00e9cadas.<\/p>\n<p style=\"text-align: justify;\">Hemos creado el grupo \u201cLas entrevistas de Heidy\u201d que pueden localizar en <a href=\"http:\/\/on.fb.me\/1QxKypc\">http:\/\/on.fb.me\/1QxKypc<\/a><\/p>\n<p style=\"text-align: justify;\">Tambi\u00e9n ponemos a su disposici\u00f3n el grupo \u201c<strong>Un siglo de anuncios<\/strong>\u201d, un espacio donde pueden compartir o comentar los post que se publiquen <a href=\"http:\/\/on.fb.me\/1vASm2g\">http:\/\/on.fb.me\/1vASm2g<\/a><\/p>\n<p style=\"text-align: justify;\"><strong>Las entrevistas las pueden leer en los siguientes links:<\/strong><\/p>\n<p style=\"text-align: justify;\"><a href=\"http:\/\/www.heidysandovalruiz.com\">http:\/\/www.heidysandovalruiz.com<\/a><\/p>\n<p style=\"text-align: justify;\"><a href=\"http:\/\/lasentrevistasdeheidy.blogspot.com\">http:\/\/lasentrevistasdeheidy.blogspot.com<\/a><\/p>\n<p style=\"text-align: justify;\"><a href=\"https:\/\/www.facebook.com\/pages\/Los-invitados-de-Heidy\/892159284204965?ref=hl\">https:\/\/www.facebook.com\/pages\/Los-invitados-de-Heidy\/892159284204965?ref=hl<\/a><\/p>\n<p style=\"text-align: justify;\"><strong>\u00a0<\/strong><strong>Entrevista realizada por Heidy Sandoval Ruiz<\/strong><\/p>\n","protected":false},"excerpt":{"rendered":"<div class=\"mh-excerpt\"><p>En \u201cLa cara amiga de los invitados de Heidy\u201d, presento a una joven con un talento enorme que a pesar de corta edad, ya ha <a class=\"mh-excerpt-more\" href=\"https:\/\/heidysandovalruiz.com\/?p=4121\" title=\"La cara amiga de \u00abIvannova Van Herzen\u00bb\">[&#8230;]<\/a><\/p>\n<\/div>","protected":false},"author":4,"featured_media":4123,"comment_status":"closed","ping_status":"closed","sticky":false,"template":"","format":"standard","meta":{"footnotes":""},"categories":[16],"tags":[307],"class_list":["post-4121","post","type-post","status-publish","format-standard","has-post-thumbnail","hentry","category-la-cara-amiga","tag-la-cara-amiga-de-ivannova-van-herzen"],"_links":{"self":[{"href":"https:\/\/heidysandovalruiz.com\/index.php?rest_route=\/wp\/v2\/posts\/4121","targetHints":{"allow":["GET"]}}],"collection":[{"href":"https:\/\/heidysandovalruiz.com\/index.php?rest_route=\/wp\/v2\/posts"}],"about":[{"href":"https:\/\/heidysandovalruiz.com\/index.php?rest_route=\/wp\/v2\/types\/post"}],"author":[{"embeddable":true,"href":"https:\/\/heidysandovalruiz.com\/index.php?rest_route=\/wp\/v2\/users\/4"}],"replies":[{"embeddable":true,"href":"https:\/\/heidysandovalruiz.com\/index.php?rest_route=%2Fwp%2Fv2%2Fcomments&post=4121"}],"version-history":[{"count":3,"href":"https:\/\/heidysandovalruiz.com\/index.php?rest_route=\/wp\/v2\/posts\/4121\/revisions"}],"predecessor-version":[{"id":4129,"href":"https:\/\/heidysandovalruiz.com\/index.php?rest_route=\/wp\/v2\/posts\/4121\/revisions\/4129"}],"wp:featuredmedia":[{"embeddable":true,"href":"https:\/\/heidysandovalruiz.com\/index.php?rest_route=\/wp\/v2\/media\/4123"}],"wp:attachment":[{"href":"https:\/\/heidysandovalruiz.com\/index.php?rest_route=%2Fwp%2Fv2%2Fmedia&parent=4121"}],"wp:term":[{"taxonomy":"category","embeddable":true,"href":"https:\/\/heidysandovalruiz.com\/index.php?rest_route=%2Fwp%2Fv2%2Fcategories&post=4121"},{"taxonomy":"post_tag","embeddable":true,"href":"https:\/\/heidysandovalruiz.com\/index.php?rest_route=%2Fwp%2Fv2%2Ftags&post=4121"}],"curies":[{"name":"wp","href":"https:\/\/api.w.org\/{rel}","templated":true}]}}