{"id":4130,"date":"2016-10-24T01:05:58","date_gmt":"2016-10-24T01:05:58","guid":{"rendered":"http:\/\/heidysandovalruiz.com\/?p=4130"},"modified":"2016-10-24T01:31:23","modified_gmt":"2016-10-24T01:31:23","slug":"la-cara-amiga-de-carlos-villatoro","status":"publish","type":"post","link":"https:\/\/heidysandovalruiz.com\/?p=4130","title":{"rendered":"La cara amiga de \u00abCarlos Villatoro\u00bb"},"content":{"rendered":"<p style=\"text-align: justify;\">En la \u201c<strong>Cara amiga de los invitados de Heidy<\/strong>\u201d comparto en esta oportunidad la entrevista de un joven artista originario de Huehuetenango su nombre: <strong>Carlos Edgar Augusto Villatoro Villatoro<\/strong> hijo del Abogado y Notario Edgar Rolando Villatoro y la Maestra de Educaci\u00f3n Primaria Miriam Violeta Villatoro G\u00f3mez dos respetables vecinos de ese lugar y muy queridos en ese departamento.\u00a0\u00a0 Nuestro invitado nos contar\u00e1 su historia entre lo que destaca que desde los 13 meses ya cantaba fragmentos de una canci\u00f3n y de su pasi\u00f3n por la marimba de esto y mucho m\u00e1s conversaremos.<\/p>\n<p style=\"text-align: justify;\">Doy la bienvenida a Carlos Edgar Augusto a este espacio donde se puede decir lo que se quiere y en otros lados no se puede.<\/p>\n<p style=\"text-align: justify;\"><strong>Muchas gracias por brindarme el espacio y tomarme en cuenta para esta entrevista.<\/strong><\/p>\n<p style=\"text-align: justify;\"><strong>Para dar inicio a esta entrevista cu\u00e9ntanos \u00bfQu\u00e9 te comentan tus pap\u00e1s de cuando eras un beb\u00e9?<\/strong> En primer lugar me han comentado que yo era muy tranquilo, como com\u00fanmente decimos, no les daba \u201clata\u201d. Me dorm\u00edan con m\u00fasica de marimba y, por ser en ese entonces hijo \u00fanico, me brindaron muchas atenciones, estimulando mis capacidades desde muy peque\u00f1o. Me cuentan que a los nueve meses de nacido comenc\u00e9 a tratar de imitar palabras en una forma progresiva, por lo que grababan en audio mis balbuceos y mis intentos por querer hablar; en cada grabaci\u00f3n mencionan la fecha y existe una en donde se anuncia que tengo trece meses de edad y ya se me entienden unas canciones.<a href=\"https:\/\/heidysandovalruiz.com\/wp-content\/uploads\/2016\/10\/CON-SUS-PADRES-EDGAR-ROLANDO-Y-MIRIAM-VIOLETA-i.jpg\"><img loading=\"lazy\" decoding=\"async\" class=\"size-medium wp-image-4133 alignright\" src=\"https:\/\/heidysandovalruiz.com\/wp-content\/uploads\/2016\/10\/CON-SUS-PADRES-EDGAR-ROLANDO-Y-MIRIAM-VIOLETA-i-257x300.jpg\" alt=\"con-sus-padres-edgar-rolando-y-miriam-violeta-i\" width=\"257\" height=\"300\" srcset=\"https:\/\/heidysandovalruiz.com\/wp-content\/uploads\/2016\/10\/CON-SUS-PADRES-EDGAR-ROLANDO-Y-MIRIAM-VIOLETA-i-257x300.jpg 257w, https:\/\/heidysandovalruiz.com\/wp-content\/uploads\/2016\/10\/CON-SUS-PADRES-EDGAR-ROLANDO-Y-MIRIAM-VIOLETA-i-878x1024.jpg 878w, https:\/\/heidysandovalruiz.com\/wp-content\/uploads\/2016\/10\/CON-SUS-PADRES-EDGAR-ROLANDO-Y-MIRIAM-VIOLETA-i.jpg 1194w\" sizes=\"auto, (max-width: 257px) 100vw, 257px\" \/><\/a><\/p>\n<p style=\"text-align: justify;\"><strong>Fuiste un ni\u00f1o muy bien educado por tus padres \u00bfQu\u00e9 nos puedes compartir de la etapa cuando empiezas a estudiar especialmente la parvularia? \u00a0<\/strong>Mis padres me motivaron mucho, y como muy pocos, me prepararon para entrar al colegio, me ense\u00f1aron previamente a leer, escribir, interpretar la hora y muchas cosas m\u00e1s. Adem\u00e1s me gustaba dibujar y realizar figuras en 3D con plastilina; en esta parte tambi\u00e9n tuve el apoyo de mis padres, quienes me motivaron para seguir mejorando ese arte y, al hacerlo en clase era algo que sorprend\u00eda a mi maestra de p\u00e1rvulos.<\/p>\n<p style=\"text-align: justify;\"><strong>Me llama mucho la atenci\u00f3n que desde peque\u00f1o sentiste en tus venas el amor por el arte pero \u00bfEn qu\u00e9 momento surge en ti la pasi\u00f3n por la marimba? <\/strong>El momento exacto no lo tengo muy claro, solo s\u00e9 que fue antes de los 3 a\u00f1os de edad cuando sal\u00eda con mis padres a actividades donde hab\u00eda marimba en vivo. Algo que me motivaba mucho era observar y escuchar las marimbas en las tradicionales serenatas de Huehuetenango el Mi\u00e9rcoles Santo y el d\u00eda de los santos; me parece que de ah\u00ed surgi\u00f3 mi pasi\u00f3n por la marimba.<\/p>\n<p style=\"text-align: justify;\"><strong>\u00a0<\/strong><strong>Si te menciono Juan Guti\u00e9rrez Ambrosio \u00bfQu\u00e9 traigo a tu mente? <\/strong>Una gran persona, que me brind\u00f3 sus conocimientos musicales cuando yo era ni\u00f1o, un gran ejemplo a seguir y que siempre llevar\u00e9 en mi coraz\u00f3n y en cada presentaci\u00f3n que yo realice ejecutando la marimba.<\/p>\n<figure id=\"attachment_4134\" aria-describedby=\"caption-attachment-4134\" style=\"width: 150px\" class=\"wp-caption alignleft\"><a href=\"https:\/\/heidysandovalruiz.com\/wp-content\/uploads\/2016\/10\/DEBUT-EN-LA-VELADA-DE-JUEGOS-FLORALES-DE-CUILCO.-L993.jpg\"><img loading=\"lazy\" decoding=\"async\" class=\"wp-image-4134 size-thumbnail\" src=\"https:\/\/heidysandovalruiz.com\/wp-content\/uploads\/2016\/10\/DEBUT-EN-LA-VELADA-DE-JUEGOS-FLORALES-DE-CUILCO.-L993-150x150.jpg\" alt=\"Cuilco 1993\" width=\"150\" height=\"150\" \/><\/a><figcaption id=\"caption-attachment-4134\" class=\"wp-caption-text\">Cuilco 1993<\/figcaption><\/figure>\n<p style=\"text-align: justify;\"><strong>Recuerdas \u00bfD\u00f3nde y en qu\u00e9 a\u00f1o te presentaste ante un p\u00fablico y ejecutaste la marimba? <\/strong>Claro que s\u00ed, fue en el municipio de Cuilco, en noviembre de 1993 cuando tuve por primera vez la oportunidad de presentarme frente a un p\u00fablico, acompa\u00f1ado de mi maestro, don Juan Guti\u00e9rrez Ambrosio.<\/p>\n<p style=\"text-align: justify;\"><strong>\u00bfPuedes decirme que es la Poporocha? <\/strong>Es el nombre que mi padre le dio a la primera marimba doble que nos obsequi\u00f3 a m\u00ed y a mi hermano; mi padre cuenta que as\u00ed se llamaba una coneja que \u00e9l tuvo y, supongo que le coloc\u00f3 ese nombre a la marimba para que fuera llamativo para nosotros.<\/p>\n<figure id=\"attachment_4132\" aria-describedby=\"caption-attachment-4132\" style=\"width: 150px\" class=\"wp-caption alignright\"><a href=\"https:\/\/heidysandovalruiz.com\/wp-content\/uploads\/2016\/10\/CON-SUS-PADRES-EDGAR-ROLANDO-Y-MIRIAM-VIOLETA.jpg\"><img loading=\"lazy\" decoding=\"async\" class=\"wp-image-4132 size-thumbnail\" src=\"https:\/\/heidysandovalruiz.com\/wp-content\/uploads\/2016\/10\/CON-SUS-PADRES-EDGAR-ROLANDO-Y-MIRIAM-VIOLETA-150x150.jpg\" alt=\"con-sus-padres-edgar-rolando-y-miriam-violeta\" width=\"150\" height=\"150\" \/><\/a><figcaption id=\"caption-attachment-4132\" class=\"wp-caption-text\">Con su amigo Henry y su maestro Guti\u00e9rrez<\/figcaption><\/figure>\n<p style=\"text-align: justify;\"><strong>\u00bfA qu\u00e9 amigos con los que compartiste tus primeros sue\u00f1os de artista recuerdas? <\/strong>Recuerdo a Henry Ch\u00e1vez, que tambi\u00e9n era alumno de don Juan Guti\u00e9rrez y nos presentamos juntos en algunas ocasiones. Tambi\u00e9n recuerdo a Paulo Pinto, de una familia de marimbistas, amigos de mi familia, que por raz\u00f3n de haber estudiado en el mismo establecimiento tuvimos la oportunidad de presentarnos en actividades de nuestro colegio. Con ambos mantengo amistad hasta la fecha.<\/p>\n<p style=\"text-align: justify;\"><strong>\u00bfQu\u00e9 instrumentos ejecutas adem\u00e1s de la marimba? <\/strong>Por la relaci\u00f3n que tienen, aprend\u00ed a ejecutar teclado electr\u00f3nico, bater\u00eda y dem\u00e1s instrumentos de percusi\u00f3n, m\u00e1s adelante aprend\u00ed a ejecutar el viol\u00f3n y posteriormente el bajo el\u00e9ctrico y trompeta. Todos como autodidacta, a excepci\u00f3n de la trompeta, ya que mi hermano menor, Rolando ha compartido conmigo algunos de sus conocimientos en instrumentos de viento.<\/p>\n<p style=\"text-align: justify;\"><strong>Hace poco entrevist\u00e9 a tu hermano Rolando \u00bfC\u00f3mo es la relaci\u00f3n profesional entre los dos? <\/strong>En t\u00e9rminos generales es buena, aunque tenemos diferentes tendencias musicales, pues \u00e9l se enfoca m\u00e1s en instrumentos de viento y en especial hacia la m\u00fasica sacra, en cambio yo me enfoco a la m\u00fasica tropical, cl\u00e1sica, marimba tradicional y fusiones de g\u00e9neros, entonces el reto para m\u00ed es mantener despierto el inter\u00e9s de \u00e9l hacia los g\u00e9neros que ejecutamos en la agrupaci\u00f3n que yo dirijo, en la que \u00e9l funge como tecladista y saxofonista principalmente, pero tambi\u00e9n es ejecutante de marimba y congas en algunas ocasiones, pero hasta el momento en estos casi 15 a\u00f1os de la agrupaci\u00f3n hemos podido salir adelante satisfactoriamente.<\/p>\n<p style=\"text-align: justify;\"><strong><a href=\"https:\/\/heidysandovalruiz.com\/wp-content\/uploads\/2016\/10\/14102725_1112618055471219_5985178868551410856_n.jpg\"><img loading=\"lazy\" decoding=\"async\" class=\"size-medium wp-image-4135 alignleft\" src=\"https:\/\/heidysandovalruiz.com\/wp-content\/uploads\/2016\/10\/14102725_1112618055471219_5985178868551410856_n-300x116.jpg\" alt=\"14102725_1112618055471219_5985178868551410856_n\" width=\"300\" height=\"116\" srcset=\"https:\/\/heidysandovalruiz.com\/wp-content\/uploads\/2016\/10\/14102725_1112618055471219_5985178868551410856_n-300x116.jpg 300w, https:\/\/heidysandovalruiz.com\/wp-content\/uploads\/2016\/10\/14102725_1112618055471219_5985178868551410856_n.jpg 880w\" sizes=\"auto, (max-width: 300px) 100vw, 300px\" \/><\/a>Tengo entendido que formaste un grupo \u00bfPuedes platicarnos al respecto? <\/strong>Claro que s\u00ed, se trata del grupo Electro-Marimba, que es bajo un nuevo formato marimb\u00edstico, hasta el momento \u00fanico en su clase, lo form\u00e9 en el a\u00f1o 2001, naci\u00f3 por experimentos que yo realic\u00e9 grabando en cintas, de tal forma que se escuchara como un grupo, por ello inst\u00e9 a mi hermano Rolando y a mi primo Sebasti\u00e1n para integrarnos, y as\u00ed naci\u00f3 con 3 integrantes, en el a\u00f1o 2005 incrementamos el n\u00famero de instrumentos e integrantes. Hasta la fecha llevamos 8 producciones, de las cuales 7 est\u00e1n a la disposici\u00f3n del p\u00fablico, la octava probablemente se d\u00e9 a conocer junto a un nuevo material navide\u00f1o. Tenemos la dicha de haber obtenido reconocimientos importantes, entre ellos un homenaje realizado por la Casa de la Cultura y la Municipalidad de Huehuetenango d\u00e1ndole el nombre de Electro-Marimba a una de las tradicionales serenatas huehuetecas.<\/p>\n<p style=\"text-align: justify;\"><strong>\u00bfCompones canciones o melod\u00edas?\u00a0 \u00bfCu\u00e1l fue la primera? \u00bfCu\u00e1ntas van al momento? <\/strong>A mis 8 a\u00f1os compuse mi primera melod\u00eda, no contaba con muchos conocimientos musicales, pero a ra\u00edz de ello compuse varios temas sencillos, perd\u00ed la cuenta, pero fueron aproximadamente ocho temas. Durante unos a\u00f1os dej\u00e9 de componer melod\u00edas, pero en el a\u00f1o 2005 un exdirectivo del desaparecido equipo \u00abDeportivo\u00a0Xinabajul\u201d me encarg\u00f3 una melod\u00eda, la cual compuse con mucho gusto y en su momento fue un \u00e9xito, ya que el disco llevaba ese mismo nombre, luego he compuesto otras melod\u00edas, no todas las he dado a conocer, pero hasta el momento tengo aproximadamente 15 melod\u00edas propias, aunque me gusta m\u00e1s ser arreglista que compositor.<\/p>\n<p style=\"text-align: justify;\"><strong>En el a\u00f1o 2002 tu vida da un cambio importante \u00bfCu\u00e9ntanos al respecto? <\/strong>Bien, en ese a\u00f1o inici\u00e9 mis estudios como Maestro de Educaci\u00f3n Primaria en el Colegio De La Salle, conoc\u00ed nuevas personas que me instaron a seguir adelante en la m\u00fasica; en ese a\u00f1o grabamos el primer disco de Electro-Marimba y se nos abrieron muchas puertas.<\/p>\n<figure id=\"attachment_4136\" aria-describedby=\"caption-attachment-4136\" style=\"width: 300px\" class=\"wp-caption alignright\"><a href=\"https:\/\/heidysandovalruiz.com\/wp-content\/uploads\/2016\/10\/CON-SU-MAESTRO-LUIS-WOTZBELY-VILLATORO.jpg\"><img loading=\"lazy\" decoding=\"async\" class=\"wp-image-4136 size-medium\" src=\"https:\/\/heidysandovalruiz.com\/wp-content\/uploads\/2016\/10\/CON-SU-MAESTRO-LUIS-WOTZBELY-VILLATORO-300x300.jpg\" alt=\"Con su maestro Luis Wotzbely Villatoro\" width=\"300\" height=\"300\" srcset=\"https:\/\/heidysandovalruiz.com\/wp-content\/uploads\/2016\/10\/CON-SU-MAESTRO-LUIS-WOTZBELY-VILLATORO-300x300.jpg 300w, https:\/\/heidysandovalruiz.com\/wp-content\/uploads\/2016\/10\/CON-SU-MAESTRO-LUIS-WOTZBELY-VILLATORO-150x150.jpg 150w, https:\/\/heidysandovalruiz.com\/wp-content\/uploads\/2016\/10\/CON-SU-MAESTRO-LUIS-WOTZBELY-VILLATORO.jpg 448w\" sizes=\"auto, (max-width: 300px) 100vw, 300px\" \/><\/a><figcaption id=\"caption-attachment-4136\" class=\"wp-caption-text\">Con su maestro Luis Wotzbely Villatoro<\/figcaption><\/figure>\n<p style=\"text-align: justify;\"><strong>\u00bfCu\u00e1l es el grupo marimb\u00edstico que m\u00e1s admiras y por qu\u00e9? <\/strong>Es una dif\u00edcil pregunta porque existen varios conjuntos marimb\u00edstico que tienen diferentes aspectos qu\u00e9 admirarles, puedo mencionar la Marimba Kaibil Bal\u00e1m, la Marimba Maderas Chapinas, la Marimba Estrella de Guatemala y la Marimba de Concierto de Bellas Artes, ya que estos conjuntos marimb\u00edsticos cuentan con arreglos bien hechos, la musicalidad y armon\u00eda cumplen con los par\u00e1metros profesionales que muy pocas marimbas tienen.<\/p>\n<p style=\"text-align: justify;\">Adem\u00e1s, en mi infancia, siempre fui admirador de la marimba Teclas Huehuetecas, en la cual estoy como integrante desde el a\u00f1o 2004 por invitaci\u00f3n de su Director, el maestro Luis Villatoro (QEPD), quien tambi\u00e9n fue otro de mis grandes maestros de marimba. Actualmente, dicho conjunto marimb\u00edstico est\u00e1 bajo la administraci\u00f3n de mi hermano Rolando, quien rescat\u00f3 esos preciosos instrumentos cuando el maestro Luis Villatoro falleci\u00f3, por lo cual mi hermano me dio el cargo de Director Musical y sigue siendo otro de los grupos marimb\u00edsticos que admiro.<\/p>\n<p style=\"text-align: justify;\"><strong>\u00bfC\u00f3mo definir\u00edas qu\u00e9 es la marimba para ti? <\/strong>Como un instrumento musical muy completo, con sonidos totalmente agradables al o\u00eddo, producidos por un sistema muy ingenioso, que afortunadamente tenemos los guatemaltecos. Aunque no se sabe con exactitud su procedencia, creo que Guatemala al menos ha sido el pa\u00eds que le ha dado impulso a este instrumento y lo ha perfeccionado de tal forma que pueda interpretarse todo tipo de m\u00fasica en \u00e9l.<\/p>\n<figure id=\"attachment_4137\" aria-describedby=\"caption-attachment-4137\" style=\"width: 150px\" class=\"wp-caption alignleft\"><a href=\"https:\/\/heidysandovalruiz.com\/wp-content\/uploads\/2016\/10\/INVITADO-A-EJECUTAR-MARIMBA-EN-SAN-PEDRO-NECTA.jpg\"><img loading=\"lazy\" decoding=\"async\" class=\"wp-image-4137 size-thumbnail\" src=\"https:\/\/heidysandovalruiz.com\/wp-content\/uploads\/2016\/10\/INVITADO-A-EJECUTAR-MARIMBA-EN-SAN-PEDRO-NECTA-150x150.jpg\" alt=\"Invitado a ejecutar marimba en San Pedro Necta\" width=\"150\" height=\"150\" \/><\/a><figcaption id=\"caption-attachment-4137\" class=\"wp-caption-text\">Invitado a ejecutar marimba en<br \/> San Pedro Necta<\/figcaption><\/figure>\n<p style=\"text-align: justify;\"><strong>\u00bfEn qu\u00e9 lugares te has presentado fuera de tu tierra natal? <\/strong>Adem\u00e1s de la cabecera de Huehuetenango, me he presentado en la mayor\u00eda de municipios de este departamento, tambi\u00e9n me he presentado en departamentos del \u00e1rea de occidente de Guatemala, la costa sur y centro, dem\u00e1s en el estado de Chiapas, M\u00e9xico. La mayor\u00eda de estas presentaciones han sido con Electro-Marimba, el resto con otros conjuntos marimb\u00edsticos o d\u00fao instrumental con mi\u00a0 hermano.<\/p>\n<p style=\"text-align: justify;\"><strong>\u00bfCu\u00e1l es tu profesi\u00f3n y c\u00f3mo la conjugas con tu amor por el arte? <\/strong>Soy Psic\u00f3logo Industrial\/Organizacional y tambi\u00e9n soy Maestro de Educaci\u00f3n Primaria. Por ahora solamente ejerzo como Psic\u00f3logo Industrial\/Organizacional asociado con otros tres profesionales, donde afortunadamente hay flexibilidad con mis horarios para poder preparar todo lo relacionado con la m\u00fasica y poder estar presente\u00a0 en los distintos eventos en donde nos contratan. Adem\u00e1s, mis otras profesiones me han servido tambi\u00e9n para poder administrar al personal de Electro-Marimba y a la vez poder mantener buenas relaciones interpersonales con quienes trato en el \u00e1mbito art\u00edstico.<\/p>\n<p style=\"text-align: justify;\"><strong>\u00bfQu\u00e9 es lo que m\u00e1s te gusta cuando est\u00e1s frente a tu p\u00fablico? <\/strong>Me encanta cuando veo que el p\u00fablico disfruta de lo que est\u00e1 escuchando,, me gusta cuando la gente baila, aplaude, pide m\u00e1s m\u00fasica y todas las formas en que expresan su alegr\u00eda y complacencia. Es ah\u00ed cuando veo que ha valido la pena mi trabajo en la preparaci\u00f3n de la m\u00fasica.<\/p>\n<figure id=\"attachment_4138\" aria-describedby=\"caption-attachment-4138\" style=\"width: 150px\" class=\"wp-caption alignright\"><a href=\"https:\/\/heidysandovalruiz.com\/wp-content\/uploads\/2016\/10\/4.-GALARDONES-A-ELECTRO-MARIMBA-1.jpg\"><img loading=\"lazy\" decoding=\"async\" class=\"wp-image-4138 size-thumbnail\" src=\"https:\/\/heidysandovalruiz.com\/wp-content\/uploads\/2016\/10\/4.-GALARDONES-A-ELECTRO-MARIMBA-1-150x150.jpg\" alt=\"Galardones\" width=\"150\" height=\"150\" \/><\/a><figcaption id=\"caption-attachment-4138\" class=\"wp-caption-text\">Galardones<\/figcaption><\/figure>\n<p style=\"text-align: justify;\"><strong>\u00bfQu\u00e9 apoyo te dan tus padres en cada proyecto que realizas? <\/strong>Desde que iniciamos, mi padre ha sido una pieza clave para abrirnos muchas puertas; al inicio \u00e9l se encarg\u00f3 de conseguirnos entrevistas en los medios, contacto con personas a quienes pod\u00eda interesarles el grupo y tambi\u00e9n fue \u00e9l quien le dio al grupo el nombre de Electro-Marimba cuando yo ped\u00ed opiniones a la familia y la propuesta de mi padre fue la que m\u00e1s me convenci\u00f3. Mi madre tambi\u00e9n ha sido una pieza importante en cada evento que tenemos, pues ella siempre est\u00e1 pendiente de ver que todo est\u00e9 listo, incluso, en alg\u00fan momento vemos c\u00f3mo ella hasta se carga pedestales o cualquier parte del equipo para ayudarnos. Esa es solo una parte de lo mucho que he recibido de ellos, pues sin el apoyo de mis padres no ser\u00eda posible lo que hasta ahora he logrado.<\/p>\n<p style=\"text-align: justify;\"><strong>\u00bfPuedes compartir un mensaje para quienes lean la entrevista? <\/strong>Por supuesto. Invitarles a valorar lo nuestro, ya que ning\u00fan pa\u00eds tiene este tesoro musical que se llama marimba. No es malo tener gusto por otros g\u00e9neros musicales, siempre y cuando se le d\u00e9 su lugar a la marimba. Aprovecho para pedirles sus comentarios y sugerencias en nuestro espacio en Facebook, aparecemos como Electro-Marimba <a href=\"https:\/\/www.facebook.com\/electromarimba.huehuetenango\/?fref=ts\">https:\/\/www.facebook.com\/electromarimba.huehuetenango\/?fref=ts<\/a><\/p>\n<p style=\"text-align: center;\"><a href=\"https:\/\/heidysandovalruiz.com\/wp-content\/uploads\/2016\/10\/PRESENTACI\u00d3N-EN-SU-COLEGIO.jpg\"><img loading=\"lazy\" decoding=\"async\" class=\"alignnone size-medium wp-image-4139\" src=\"https:\/\/heidysandovalruiz.com\/wp-content\/uploads\/2016\/10\/PRESENTACI\u00d3N-EN-SU-COLEGIO-300x202.jpg\" alt=\"presentacion-en-su-colegio\" width=\"300\" height=\"202\" srcset=\"https:\/\/heidysandovalruiz.com\/wp-content\/uploads\/2016\/10\/PRESENTACI\u00d3N-EN-SU-COLEGIO-300x202.jpg 300w, https:\/\/heidysandovalruiz.com\/wp-content\/uploads\/2016\/10\/PRESENTACI\u00d3N-EN-SU-COLEGIO.jpg 720w\" sizes=\"auto, (max-width: 300px) 100vw, 300px\" \/><\/a> <a href=\"https:\/\/heidysandovalruiz.com\/wp-content\/uploads\/2016\/10\/AMENIZANDO-UN-CUMPLEA\u00d1OS.jpg\"><img loading=\"lazy\" decoding=\"async\" class=\"alignnone size-medium wp-image-4140\" src=\"https:\/\/heidysandovalruiz.com\/wp-content\/uploads\/2016\/10\/AMENIZANDO-UN-CUMPLEA\u00d1OS-300x194.jpg\" alt=\"amenizando-un-cumpleanos\" width=\"300\" height=\"194\" srcset=\"https:\/\/heidysandovalruiz.com\/wp-content\/uploads\/2016\/10\/AMENIZANDO-UN-CUMPLEA\u00d1OS-300x194.jpg 300w, https:\/\/heidysandovalruiz.com\/wp-content\/uploads\/2016\/10\/AMENIZANDO-UN-CUMPLEA\u00d1OS.jpg 716w\" sizes=\"auto, (max-width: 300px) 100vw, 300px\" \/><\/a> <a href=\"https:\/\/heidysandovalruiz.com\/wp-content\/uploads\/2016\/10\/DEBUT-EN-LA-VELADA-DE-JUEGOS-FLORALES-DE-CUILCO.-L9931.jpg\"><img loading=\"lazy\" decoding=\"async\" class=\"alignnone size-medium wp-image-4141\" src=\"https:\/\/heidysandovalruiz.com\/wp-content\/uploads\/2016\/10\/DEBUT-EN-LA-VELADA-DE-JUEGOS-FLORALES-DE-CUILCO.-L9931-227x300.jpg\" alt=\"debut-en-la-velada-de-juegos-florales-de-cuilco-l993\" width=\"227\" height=\"300\" srcset=\"https:\/\/heidysandovalruiz.com\/wp-content\/uploads\/2016\/10\/DEBUT-EN-LA-VELADA-DE-JUEGOS-FLORALES-DE-CUILCO.-L9931-227x300.jpg 227w, https:\/\/heidysandovalruiz.com\/wp-content\/uploads\/2016\/10\/DEBUT-EN-LA-VELADA-DE-JUEGOS-FLORALES-DE-CUILCO.-L9931-775x1024.jpg 775w, https:\/\/heidysandovalruiz.com\/wp-content\/uploads\/2016\/10\/DEBUT-EN-LA-VELADA-DE-JUEGOS-FLORALES-DE-CUILCO.-L9931.jpg 1192w\" sizes=\"auto, (max-width: 227px) 100vw, 227px\" \/><\/a><\/p>\n<p><iframe loading=\"lazy\" width=\"560\" height=\"415\" src=\"https:\/\/www.youtube.com\/embed\/zYRyXUJtiNk\" frameborder=\"0\" allowfullscreen><\/iframe><\/p>\n<p><iframe loading=\"lazy\" width=\"560\" height=\"415\" src=\"https:\/\/www.youtube.com\/embed\/IwbCt60K2TQ\" frameborder=\"0\" allowfullscreen><\/iframe><\/p>\n<p style=\"text-align: justify;\">Les invitamos para que se unan al grupo de \u00ab<strong>Artistas de Guatemala para el Mundo<\/strong>\u00bb en este link<strong>\u00a0<\/strong><a href=\"http:\/\/on.fb.me\/1sn2wSf\"><strong>http:\/\/on.fb.me\/1sn2wSf<\/strong><\/a>\u00a0el cual tiene como prop\u00f3sito compartir videos, fotos, an\u00e9cdotas y todo lo de nuestros artistas en las diferentes d\u00e9cadas.<\/p>\n<p style=\"text-align: justify;\">Hemos creado el grupo \u201cLas entrevistas de Heidy\u201d que pueden localizar en <a href=\"http:\/\/on.fb.me\/1QxKypc\">http:\/\/on.fb.me\/1QxKypc<\/a><\/p>\n<p style=\"text-align: justify;\">Tambi\u00e9n ponemos a su disposici\u00f3n el grupo \u201c<strong>Un siglo de anuncios<\/strong>\u201d, un espacio donde pueden compartir o comentar los post que se publiquen <a href=\"http:\/\/on.fb.me\/1vASm2g\">http:\/\/on.fb.me\/1vASm2g<\/a><\/p>\n<p style=\"text-align: justify;\"><strong>Las entrevistas las pueden leer en los siguientes links:<\/strong><\/p>\n<p style=\"text-align: justify;\"><a href=\"http:\/\/www.heidysandovalruiz.com\/\">http:\/\/www.heidysandovalruiz.com<\/a><\/p>\n<p style=\"text-align: justify;\"><a href=\"http:\/\/lasentrevistasdeheidy.blogspot.com\/\">http:\/\/lasentrevistasdeheidy.blogspot.com<\/a><\/p>\n<p style=\"text-align: justify;\"><a href=\"https:\/\/www.facebook.com\/pages\/Los-invitados-de-Heidy\/892159284204965?ref=hl\">https:\/\/www.facebook.com\/pages\/Los-invitados-de-Heidy\/892159284204965?ref=hl<\/a><\/p>\n<p style=\"text-align: justify;\"><strong>\u00a0<\/strong><\/p>\n<p style=\"text-align: justify;\"><strong>Entrevista realizada por Heidy Sandoval Ruiz<\/strong><\/p>\n<p style=\"text-align: justify;\"><strong><em>Toda publicaci\u00f3n es responsabilidad de la Administraci\u00f3n<\/em><\/strong><\/p>\n","protected":false},"excerpt":{"rendered":"<div class=\"mh-excerpt\"><p>En la \u201cCara amiga de los invitados de Heidy\u201d comparto en esta oportunidad la entrevista de un joven artista originario de Huehuetenango su nombre: Carlos <a class=\"mh-excerpt-more\" href=\"https:\/\/heidysandovalruiz.com\/?p=4130\" title=\"La cara amiga de \u00abCarlos Villatoro\u00bb\">[&#8230;]<\/a><\/p>\n<\/div>","protected":false},"author":4,"featured_media":4131,"comment_status":"closed","ping_status":"closed","sticky":false,"template":"","format":"standard","meta":{"footnotes":""},"categories":[16],"tags":[308],"class_list":["post-4130","post","type-post","status-publish","format-standard","has-post-thumbnail","hentry","category-la-cara-amiga","tag-la-cara-amiga-de-carlos-villatoro"],"_links":{"self":[{"href":"https:\/\/heidysandovalruiz.com\/index.php?rest_route=\/wp\/v2\/posts\/4130","targetHints":{"allow":["GET"]}}],"collection":[{"href":"https:\/\/heidysandovalruiz.com\/index.php?rest_route=\/wp\/v2\/posts"}],"about":[{"href":"https:\/\/heidysandovalruiz.com\/index.php?rest_route=\/wp\/v2\/types\/post"}],"author":[{"embeddable":true,"href":"https:\/\/heidysandovalruiz.com\/index.php?rest_route=\/wp\/v2\/users\/4"}],"replies":[{"embeddable":true,"href":"https:\/\/heidysandovalruiz.com\/index.php?rest_route=%2Fwp%2Fv2%2Fcomments&post=4130"}],"version-history":[{"count":5,"href":"https:\/\/heidysandovalruiz.com\/index.php?rest_route=\/wp\/v2\/posts\/4130\/revisions"}],"predecessor-version":[{"id":4146,"href":"https:\/\/heidysandovalruiz.com\/index.php?rest_route=\/wp\/v2\/posts\/4130\/revisions\/4146"}],"wp:featuredmedia":[{"embeddable":true,"href":"https:\/\/heidysandovalruiz.com\/index.php?rest_route=\/wp\/v2\/media\/4131"}],"wp:attachment":[{"href":"https:\/\/heidysandovalruiz.com\/index.php?rest_route=%2Fwp%2Fv2%2Fmedia&parent=4130"}],"wp:term":[{"taxonomy":"category","embeddable":true,"href":"https:\/\/heidysandovalruiz.com\/index.php?rest_route=%2Fwp%2Fv2%2Fcategories&post=4130"},{"taxonomy":"post_tag","embeddable":true,"href":"https:\/\/heidysandovalruiz.com\/index.php?rest_route=%2Fwp%2Fv2%2Ftags&post=4130"}],"curies":[{"name":"wp","href":"https:\/\/api.w.org\/{rel}","templated":true}]}}