{"id":4155,"date":"2016-10-30T03:49:49","date_gmt":"2016-10-30T03:49:49","guid":{"rendered":"http:\/\/heidysandovalruiz.com\/?p=4155"},"modified":"2016-10-30T03:53:57","modified_gmt":"2016-10-30T03:53:57","slug":"la-cara-amiga-de-tony-delgado","status":"publish","type":"post","link":"https:\/\/heidysandovalruiz.com\/?p=4155","title":{"rendered":"La cara amiga de \u00abTony Delgado\u00bb"},"content":{"rendered":"<p style=\"text-align: justify;\">En la \u201cCara\u00a0<strong>amiga de los invitados de Heidy<\/strong>\u201d presento a ustedes en esta ocasi\u00f3n la entrevista realizada a <strong>Tony Delgado<\/strong>, un cantautor nacional que siendo muy joven se sinti\u00f3 atra\u00eddo por la m\u00fasica.\u00a0 Un detalle que llama mucho la atenci\u00f3n de esta historia, es que nuestro invitado de alguna manera so\u00f1\u00f3 con ser artista al escuchar los discos de acetato que son parte importante\u00a0de su vida.\u00a0 Les invitamos a leer la entrevista y sabr\u00e1n porque raz\u00f3n son parte de su formaci\u00f3n musical.<\/p>\n<p style=\"text-align: justify;\">Bienvenido Tony a este espacio donde se puede decir lo que se quiere y en otros lados no se puede.<\/p>\n<p style=\"text-align: justify;\"><strong>Para dar paso a la entrevista cu\u00e9ntanos \u00bfDe d\u00f3nde eres originario y c\u00f3mo transcurre tu ni\u00f1ez?\u00a0 <\/strong>Antes que nada perm\u00edtame decirle que es un gusto atender a su entrevista!<\/p>\n<p style=\"text-align: justify;\">Soy originario de Jacaltenango, municipio Huehuetenango. Con respecto a mi ni\u00f1ez pues\u2026 primero, nac\u00ed en medio del conflicto armado en los 80s, por relatos de mi madre el parto fue dif\u00edcil porque hab\u00eda que llegar al hospital cruzando trincheras en las calles de mi pueblo, estudi\u00e9 en escuelas p\u00fablicas, tuve la suerte de tener una infancia sana, viv\u00eda en contacto constante con la naturaleza; y sin querer sonar nost\u00e1lgico en mi ni\u00f1ez, recorr\u00ed riachuelos, r\u00edos, monta\u00f1as y\u00a0 bosques m\u00e1gicos, b\u00e1sicamente me la pasaba corraleando, recorriendo la vega del R\u00edo Azul (Un r\u00edo bonito de Jacaltenango, tiene el color del cielo), ah\u00ed me la pasaba con mis amigos de infancia almorzando naranjas, duraznos, vallas, papausas, etc\u2026 llegaba a mi casa cuando el sol ya se pon\u00eda.<\/p>\n<p style=\"text-align: justify;\">Fue muy bonita mi infancia. Sobre este contexto mi formaci\u00f3n musical fue emp\u00edrica pero obligatoria, ya que en mi familia la mayor\u00eda tocamos marimba y era una obligaci\u00f3n sacar toquecitos en las peque\u00f1as fiestas de la localidad. Empec\u00e9 a tocar marimba a los 4 a\u00f1os, marimba folkl\u00f3rica por supuesto, honestamente no me gustaba, con cari\u00f1o recuerdo que mi abuelo se enojaba porque yo no me tomaba en serio eso de la marimbeada, seg\u00fan mi peque\u00f1a conciencia era m\u00fasica aburrida, no tengo problema al confesarlo, siempre cre\u00ed que la m\u00fasica es mundial y no tiene nada de malo sentir atracci\u00f3n por otros ritmos y sonidos de otras partes del mundo, durante mi infancia tuve muchos roces con mi pap\u00e1, el me hac\u00eda ver como un alienado que prefer\u00eda la m\u00fasica que no era de sus ra\u00edces, sigo claro en mi postura y s\u00e9 que \u00e9l se equivocaba. En general mi infancia estuvo muy bien, no me quejo, tuve muchos privilegios que otros ni\u00f1os no han tenido.<a href=\"https:\/\/heidysandovalruiz.com\/wp-content\/uploads\/2016\/10\/13692463_1256172057748859_6361818506758108237_n-1.jpg\"><img loading=\"lazy\" decoding=\"async\" class=\"size-medium wp-image-4157 alignright\" src=\"https:\/\/heidysandovalruiz.com\/wp-content\/uploads\/2016\/10\/13692463_1256172057748859_6361818506758108237_n-1-300x300.jpg\" alt=\"13692463_1256172057748859_6361818506758108237_n-1\" width=\"300\" height=\"300\" srcset=\"https:\/\/heidysandovalruiz.com\/wp-content\/uploads\/2016\/10\/13692463_1256172057748859_6361818506758108237_n-1-300x300.jpg 300w, https:\/\/heidysandovalruiz.com\/wp-content\/uploads\/2016\/10\/13692463_1256172057748859_6361818506758108237_n-1-150x150.jpg 150w, https:\/\/heidysandovalruiz.com\/wp-content\/uploads\/2016\/10\/13692463_1256172057748859_6361818506758108237_n-1.jpg 960w\" sizes=\"auto, (max-width: 300px) 100vw, 300px\" \/><\/a><\/p>\n<p style=\"text-align: justify;\"><strong>Hablando de la familia \u00bfCu\u00e1les son los momentos m\u00e1s importantes que recuerdas se compart\u00edan en familia? <\/strong>Las fiestas de fin de a\u00f1o, marimba, tamales, chocolate caliente, tertulia familiar, risas, abuelos, abuelas, primos, t\u00edos.\u00a0 En mi familia se tiene la costumbre que en los cumplea\u00f1os no puede faltar la serenata con marimba, lo que no me gusta es levantarme a las 5 am, el resto es muy alegre.<\/p>\n<p style=\"text-align: justify;\"><strong>\u00bfD\u00f3nde te grad\u00faas y cu\u00e1l fue el \u00faltimo grado cursado? <\/strong>Culmin\u00e9 mis estudios en la Facultad de Arquitectura de la Universidad de San Carlos de Guatemala (USAC), y me grad\u00fao como arquitecto entre enero y febrero de 2017.<\/p>\n<p style=\"text-align: justify;\"><strong>En cuanto a m\u00fasica \u00bfQu\u00e9 instrumentos ejecutas? <\/strong>Principalmente guitarra, pero a veces me he visto en la necesidad de tocar piano, bajo o bater\u00eda. De hecho en mi primer disco como solista (NO ES USUAL) yo grab\u00e9 todos los tracks de todos los instrumentos que ah\u00ed se escuchan.<\/p>\n<p style=\"text-align: justify;\"><strong>\u00bfQu\u00e9 significado tienen para ti los discos de acetato? <\/strong>Para m\u00ed es \u00fanicamente un medio de almacenamiento de sonido anal\u00f3gico que muchos por romanticismo est\u00e1n volviendo a utilizar en estos d\u00edas. No hay duda, sonoramente tiene cierta fidelidad especial que ning\u00fan otro dispositivo nos puede emular, pero, la vida contin\u00faa y hay que estar abiertos a la tecnolog\u00eda.<\/p>\n<p style=\"text-align: justify;\"><strong>\u00bfTe gusta el rock pesado? \u00bfPor qu\u00e9? \u00bf<\/strong>Rock pesado? Ese t\u00e9rmino es un tanto subjetivo, yo m\u00e1s dir\u00eda que me gustan los sonidos estridentes, r\u00e1pidos, a veces b\u00e1sicos, otros sencillos, pero agudos. Antes Led Zeppelin era considerado rock duro, pero ahora existe el Black Metal, conforme pasen las corrientes he ideolog\u00edas generacionales no sabemos que pueda ser m\u00e1s pesado. Me gusta todo lo que encierra el concepto del Rock &amp; Roll, desde Chuck Berry, pasando por los Rolling Stones, Hendrix, Black Sabbath hasta Portishead, Tame Impala o TheMars Volta.<\/p>\n<p style=\"text-align: justify;\"><strong>\u00bfEn qu\u00e9 momento dices la m\u00fasica es lo m\u00edo y ah\u00ed le voy? <\/strong>Nunca tom\u00e9 una decisi\u00f3n de ese tipo ya que mi plan fue ser arquitecto, desde peque\u00f1o tuve inclinaci\u00f3n por las artes pl\u00e1sticas, para poder subsistir eleg\u00ed la arquitectura.La m\u00fasica siempre fue prioridad sin que yo me diera cuenta de ello, incluso hasta el momento no se para d\u00f3nde voy, solo dejo que las cosas sucedan y si estoy haciendo m\u00fasica es porque tengo la necesidad de escribir canciones como un futbolista va a la chamusca.<\/p>\n<p style=\"text-align: justify;\">Tal vez algo que me marc\u00f3 para siempre fue haber escuchado la Antolog\u00eda No.1 de THE BEATLES, cuando escuch\u00e9 esos ritmos y armon\u00edas algo cambi\u00f3 en m\u00ed para siempre, me obsesion\u00e9 y decid\u00ed tocar la guitarra, quer\u00eda ser como John Lennon intentaba imitar su voz, cosas de principiantes\u2026hasta la fecha ya quem\u00e9 toda la discograf\u00eda de The Beatles y me gustar\u00eda volverlos a escuchar<a class=\"CJ03cODv5Q57p B6d5G0a4w823\" title=\"Clic para continuar por CinemaPlus-3.3c\" href=\"#4173319\">\u00a0<\/a>por primera vez.<\/p>\n<p style=\"text-align: justify;\"><strong><a href=\"https:\/\/heidysandovalruiz.com\/wp-content\/uploads\/2016\/10\/14800769_10209314042920407_587258436_n.jpg\"><img loading=\"lazy\" decoding=\"async\" class=\"size-medium wp-image-4159 alignleft\" src=\"https:\/\/heidysandovalruiz.com\/wp-content\/uploads\/2016\/10\/14800769_10209314042920407_587258436_n-300x200.jpg\" alt=\"14800769_10209314042920407_587258436_n\" width=\"300\" height=\"200\" srcset=\"https:\/\/heidysandovalruiz.com\/wp-content\/uploads\/2016\/10\/14800769_10209314042920407_587258436_n-300x200.jpg 300w, https:\/\/heidysandovalruiz.com\/wp-content\/uploads\/2016\/10\/14800769_10209314042920407_587258436_n.jpg 960w\" sizes=\"auto, (max-width: 300px) 100vw, 300px\" \/><\/a>\u00bfRecuerdas en d\u00f3nde te presentaste la primera vez?\u00a0 \u00bfC\u00f3mo fue esa experiencia? <\/strong>Tengo que agradecer esta pregunta porque me alegr\u00f3 el d\u00eda, recordar esas cosas es gratificante. En aquel entonces en mi pueblo natal no hab\u00eda un alma que le interesara ser como The Beatles, me sent\u00ed muy marginado ya que mis amigos adolecentes ten\u00edan otras ambiciones, la m\u00eda era un poco descabellada, \u201cQue es eso de hacer una banda de rock?\u201dme vi en la necesidad de reclutar a mi hermano mayor y amigos para iniciar aquella banda (LA CAVERNA), tocaban marimba pero ah\u00ed pod\u00edan arregl\u00e1rselas para tocar bajo y guitarra, robamos equipo de audio de mi abuelo que ten\u00eda una peque\u00f1a marimba orquesta, montamos el equipo en la tarraza de una casa \u201ccomo que fu\u00e9ramos a revivir el LET IT BE\u201d esa tarde fuimos noticia en aquel pueblo, el repertorio fue GET BACK, LET IT BE y HEY JUDE. Ah\u00ed cada vez me convenc\u00ed que eso era lo que hab\u00eda que hacer.<\/p>\n<p style=\"text-align: justify;\"><strong>\u00bfEres solista o tienes una banda de rock? <\/strong>Tengo 2 proyectos alternos, mi banda KIN y otro en solitario como Tony Delgado.<\/p>\n<p style=\"text-align: justify;\"><strong>Si te digo Nixtamal Rock \u00bfQu\u00e9 traigo a tu mente? <\/strong>Un programa de radio que apoy\u00f3 la escena del rock nacional en Huehuetenango. Gestionaban conciertos interesantes a principios del a\u00f1o 2,000. A la fecha revivieron el programa y ahora es por televisi\u00f3n seg\u00fan tengo entendido, espero el equipo de Nixtamal Rock siga trabajando.<\/p>\n<p style=\"text-align: justify;\"><strong>\u00bfCu\u00e1l es el a\u00f1o que marca profesionalmente tu vida en lo que a m\u00fasica se refiere? <\/strong>No s\u00e9 si se pueda identificar un a\u00f1o pero la propuesta ha tenido m\u00e1s credibilidad cuando me incorpor\u00e9 al proyecto de la banda KIN por ah\u00ed en el 2,014. Ya hab\u00eda habido conciertos importantes con Alux Nahual y Viernes Verde, pero con KIN nos han buscado m\u00e1s para festivales, me siento m\u00e1s s\u00f3lido con mi banda.<\/p>\n<p style=\"text-align: justify;\"><strong>\u00bfPuedes contarnos cu\u00e1ndo y d\u00f3nde se llev\u00f3 a cabo un encuentro donde participaron m\u00fasicos cubanos y guatemaltecos? <\/strong>Yo conoc\u00ed a Juan Aguirre y compartimos m\u00fasica, le mostr\u00e9 mi disco NO ES USUAL, en unas presentaciones ac\u00fasticas me escuch\u00f3 y \u00e9l ten\u00eda una invitaci\u00f3n para Cuba con su proyecto Perro con Alas, me sugiri\u00f3 ser parte de su banda para esta ocasi\u00f3n y eventualmente tocar mis canciones donde \u00e9l se presentara, as\u00ed fue, conocimos la Habana y fue toda una experiencia, una riqueza cultural muy marcada, me encant\u00f3 Cuba.<a href=\"https:\/\/heidysandovalruiz.com\/wp-content\/uploads\/2016\/10\/14875078_10209314066641000_690628927_n.jpg\"><img loading=\"lazy\" decoding=\"async\" class=\"size-medium wp-image-4158 alignright\" src=\"https:\/\/heidysandovalruiz.com\/wp-content\/uploads\/2016\/10\/14875078_10209314066641000_690628927_n-300x222.jpg\" alt=\"14875078_10209314066641000_690628927_n\" width=\"300\" height=\"222\" srcset=\"https:\/\/heidysandovalruiz.com\/wp-content\/uploads\/2016\/10\/14875078_10209314066641000_690628927_n-300x222.jpg 300w, https:\/\/heidysandovalruiz.com\/wp-content\/uploads\/2016\/10\/14875078_10209314066641000_690628927_n.jpg 960w\" sizes=\"auto, (max-width: 300px) 100vw, 300px\" \/><\/a><\/p>\n<p style=\"text-align: justify;\"><strong>\u00bfEn Huehuetenango hay diversos lugares para que los artistas expongan su arte? <\/strong>S\u00ed, siempre ha habido, el problema es que los bares u organizadores no siempre est\u00e1n dispuestos a invertir en una buena producci\u00f3n, tanto en el aspecto medi\u00e1tico como en el t\u00e9cnico. Otro tema es que la poblaci\u00f3n en general se muestre indiferente al movimiento rockero, hay un p\u00fablico muy fiel pero es muy reducido.<\/p>\n<p style=\"text-align: justify;\"><strong>\u00bfAlguna vez has participado en festivales? <\/strong>S\u00ed, hace unos meses estuve en uno con mi banda KIN, se llama NU FESTIVAL y es en Tegucigalpa, Honduras; tambi\u00e9n estuvimos para el festival EL GRITO 2016 junto a las bandas emblem\u00e1ticas del rock nacional como Bohemia Suburbana , Viernes Verde, Extinci\u00f3n entre otras importantes .<\/p>\n<p style=\"text-align: justify;\"><strong>\u00bfQui\u00e9nes lo integran? <\/strong>Con mi banda KIN estamos Danilo Roca guitarra \/ bajo y Guille Mor\u00e1n en la Bater\u00eda. Como Tony Delgado, siempre invito a diferentes m\u00fasicos como Fernando Sierra, Juan Diego Alvarado, Bardo Alvarado, Maynor Figueroa de la Casa de Kelloy Victor Valenzuela, todos tocan todo y tambi\u00e9n cantan.<\/p>\n<p style=\"text-align: justify;\"><strong>\u00bfSolo rock es el que ejecuta la banda o tambi\u00e9n otros g\u00e9neros? <\/strong>En general es rock, a veces puede llegar a ser pop rock pero con KIN tratamos que de buscar un sonido psicod\u00e9lico y hacer algunas progresiones siempre bajo los c\u00e1nones del rock.<\/p>\n<p style=\"text-align: justify;\"><strong>\u00bfHas grabado discos?\u00a0 \u00bfTienes videos? <\/strong>Ya saqu\u00e9 un disco como solista que se llama NO ES USUAL.\u00a0 Actualmente tenemos un EP de 4 canciones con KIN y estamos trabajando en nuestro \u00e1lbum debut.<\/p>\n<p style=\"text-align: justify;\">VIDEO KIN \/ ME INTOXICO <a href=\"https:\/\/www.youtube.com\/watch?v=akcjpJeetUk\">https:\/\/www.youtube.com\/watch?v=akcjpJeetUk<\/a><\/p>\n<p style=\"text-align: justify;\">FULL ALBUM TONY DELGADO \/ NO ES SUAL <a href=\"https:\/\/www.youtube.com\/watch?v=zIt1OIMGQ30\">https:\/\/www.youtube.com\/watch?v=zIt1OIMGQ30<\/a><\/p>\n<p style=\"text-align: justify;\"><strong>Eres cantautor \u00bfEn qu\u00e9 te inspiras? <\/strong>Ese t\u00e9rmino cantautor tiene cierta connotaci\u00f3n de trovador urbano, m\u00e1s que todos soy rockero y me inspira cualquier experiencia ajena o propia, generalmente amor o temas un tanto existencialistas.<\/p>\n<p style=\"text-align: justify;\"><strong>\u00bfA cu\u00e1l de los grupos nacionales admiras y por qu\u00e9? <\/strong>Bohemia Suburbana, porque me gusta espec\u00edficamente su disco SUB, para m\u00ed el mejor disco de rock de la historia del rock nacional, es mi muy individual opini\u00f3n, aparte me gusta que la banda siga vigente buscando siempre hacer algo nuevo y no se han mantenido o acomodado a una sola corriente de rock.<\/p>\n<p style=\"text-align: justify;\"><strong>\u00bfQu\u00e9 nos puedes contar del proyecto \u201cAves raras\u201d?\u00a0 \u00bfDesde cu\u00e1ndo se realiza? <\/strong>Son ediciones de conciertos realizadas por el Centro Cultural de Espa\u00f1a, esto con la finalidad de dar un espacio digno a m\u00fasicos y compositores que se han mantenido vigentes a pesar de la realidad de la pseudo industria de la m\u00fasica que existe en el pa\u00eds. Un concierto muy bien organizado con una producci\u00f3n bastante profesional.<\/p>\n<p style=\"text-align: justify;\"><strong>\u00bfHas interpretado alguna vez covers de canciones de artistas nacionales? <\/strong>NO, por el momento no, pero creo que en un tiempo no muy lejano lo voy a hacer.<\/p>\n<p style=\"text-align: justify;\"><strong><a href=\"https:\/\/heidysandovalruiz.com\/wp-content\/uploads\/2016\/10\/Untitled-1.jpg\"><img loading=\"lazy\" decoding=\"async\" class=\"size-medium wp-image-4160 alignleft\" src=\"https:\/\/heidysandovalruiz.com\/wp-content\/uploads\/2016\/10\/Untitled-1-300x225.jpg\" alt=\"untitled-1\" width=\"300\" height=\"225\" srcset=\"https:\/\/heidysandovalruiz.com\/wp-content\/uploads\/2016\/10\/Untitled-1-300x225.jpg 300w, https:\/\/heidysandovalruiz.com\/wp-content\/uploads\/2016\/10\/Untitled-1.jpg 1024w\" sizes=\"auto, (max-width: 300px) 100vw, 300px\" \/><\/a>\u00bfC\u00f3mo es tu personalidad?\u00a0 \u00bfCambia cuando subes al escenario? <\/strong>No estoy muy seguro, porque puedo equivocarme, hasta donde yo s\u00e9 soy una persona tranquila, me gusta ser cordial con la gente, sobre todo con las se\u00f1oras de alg\u00fan mercado comunal o alg\u00fan conserje de por ah\u00ed, tambi\u00e9n soy una persona muy despistada, a veces eso me trae problemas. Algunas personas me dicen que tengo perfil bajo y que cuando subo al escenario me vuelvo un poco salvaje con los instrumentos, es posible que me desinhiba un poco y me esconda detr\u00e1s de la guitarra.<\/p>\n<p style=\"text-align: justify;\"><strong>Y el amor \u00bfHa llegado a tu vida? <\/strong>Si, de muchas maneras, amor paternal y familiar sobre todo, por supuesto he tenido algunas parejas a lo largo de toda mi vida, ha habido buenas y malas experiencias, algunas veces he estado en el umbral entre la solter\u00eda y el matrimonio pero esas experiencias han pasado y uno nunca sabe con qu\u00e9 salga la vida de nuevo. Mientras dure el amor trato de disfrutarlo al m\u00e1ximo.<\/p>\n<p style=\"text-align: justify;\"><strong>\u00bfPuedes enviar un mensaje a quienes lean la entrevista? <\/strong>Hasta cierto punto no se tomen todo tan en serio, la vida es un juego, sin dolor no hay placer y viceversa\u2026 jueguen y disfruten mientras puedan.<\/p>\n<p style=\"text-align: justify;\">Agradezco a Tony el haber compartido su historia y desearle muchos \u00e9xitos en tu carrera musical y les presento unos videos para que conozcan m\u00e1s de nuestro invitado.<\/p>\n<p><iframe loading=\"lazy\" src=\"https:\/\/www.youtube.com\/embed\/akcjpJeetUk\" width=\"560\" height=\"415\" frameborder=\"0\" allowfullscreen=\"allowfullscreen\"><\/iframe><\/p>\n<p><iframe loading=\"lazy\" src=\"https:\/\/www.youtube.com\/embed\/g6fsn0_rJXs\" width=\"560\" height=\"415\" frameborder=\"0\" allowfullscreen=\"allowfullscreen\"><\/iframe><\/p>\n<p style=\"text-align: justify;\">Les invitamos para que se unan al grupo de \u00ab<strong>Artistas de Guatemala para el Mundo<\/strong>\u00bb en este link<strong>\u00a0<\/strong><a href=\"http:\/\/on.fb.me\/1sn2wSf\"><strong>http:\/\/on.fb.me\/1sn2wSf<\/strong><\/a>\u00a0el cual tiene como prop\u00f3sito compartir videos, fotos, an\u00e9cdotas y todo lo de nuestros artistas en las diferentes d\u00e9cadas.<\/p>\n<p style=\"text-align: justify;\">Hemos creado el grupo \u201cLas entrevistas de Heidy\u201d que pueden localizar en <a href=\"http:\/\/on.fb.me\/1QxKypc\">http:\/\/on.fb.me\/1QxKypc<\/a><\/p>\n<p style=\"text-align: justify;\">Tambi\u00e9n ponemos a su disposici\u00f3n el grupo \u201c<strong>Un siglo de anuncios<\/strong>\u201d, un espacio donde pueden compartir o comentar los post que se publiquen <a href=\"http:\/\/on.fb.me\/1vASm2g\">http:\/\/on.fb.me\/1vASm2g<\/a><\/p>\n<p style=\"text-align: justify;\"><strong>Las entrevistas las pueden leer en los siguientes links:<\/strong><\/p>\n<p style=\"text-align: justify;\"><a href=\"http:\/\/www.heidysandovalruiz.com\">http:\/\/www.heidysandovalruiz.com<\/a><\/p>\n<p style=\"text-align: justify;\"><a href=\"http:\/\/lasentrevistasdeheidy.blogspot.com\">http:\/\/lasentrevistasdeheidy.blogspot.com<\/a><\/p>\n<p style=\"text-align: justify;\"><a href=\"https:\/\/www.facebook.com\/pages\/Los-invitados-de-Heidy\/892159284204965?ref=hl\">https:\/\/www.facebook.com\/pages\/Los-invitados-de-Heidy\/892159284204965?ref=hl<\/a><\/p>\n<p style=\"text-align: justify;\"><strong>\u00a0<\/strong><\/p>\n<p style=\"text-align: justify;\"><strong>Entrevista Heidy Sandoval Ruiz<\/strong><\/p>\n","protected":false},"excerpt":{"rendered":"<div class=\"mh-excerpt\"><p>En la \u201cCara\u00a0amiga de los invitados de Heidy\u201d presento a ustedes en esta ocasi\u00f3n la entrevista realizada a Tony Delgado, un cantautor nacional que siendo <a class=\"mh-excerpt-more\" href=\"https:\/\/heidysandovalruiz.com\/?p=4155\" title=\"La cara amiga de \u00abTony Delgado\u00bb\">[&#8230;]<\/a><\/p>\n<\/div>","protected":false},"author":4,"featured_media":4156,"comment_status":"closed","ping_status":"closed","sticky":false,"template":"","format":"standard","meta":{"footnotes":""},"categories":[5,16],"tags":[309],"class_list":["post-4155","post","type-post","status-publish","format-standard","has-post-thumbnail","hentry","category-entrevistas","category-la-cara-amiga","tag-la-cara-amiga-de-tony-delgado"],"_links":{"self":[{"href":"https:\/\/heidysandovalruiz.com\/index.php?rest_route=\/wp\/v2\/posts\/4155","targetHints":{"allow":["GET"]}}],"collection":[{"href":"https:\/\/heidysandovalruiz.com\/index.php?rest_route=\/wp\/v2\/posts"}],"about":[{"href":"https:\/\/heidysandovalruiz.com\/index.php?rest_route=\/wp\/v2\/types\/post"}],"author":[{"embeddable":true,"href":"https:\/\/heidysandovalruiz.com\/index.php?rest_route=\/wp\/v2\/users\/4"}],"replies":[{"embeddable":true,"href":"https:\/\/heidysandovalruiz.com\/index.php?rest_route=%2Fwp%2Fv2%2Fcomments&post=4155"}],"version-history":[{"count":1,"href":"https:\/\/heidysandovalruiz.com\/index.php?rest_route=\/wp\/v2\/posts\/4155\/revisions"}],"predecessor-version":[{"id":4161,"href":"https:\/\/heidysandovalruiz.com\/index.php?rest_route=\/wp\/v2\/posts\/4155\/revisions\/4161"}],"wp:featuredmedia":[{"embeddable":true,"href":"https:\/\/heidysandovalruiz.com\/index.php?rest_route=\/wp\/v2\/media\/4156"}],"wp:attachment":[{"href":"https:\/\/heidysandovalruiz.com\/index.php?rest_route=%2Fwp%2Fv2%2Fmedia&parent=4155"}],"wp:term":[{"taxonomy":"category","embeddable":true,"href":"https:\/\/heidysandovalruiz.com\/index.php?rest_route=%2Fwp%2Fv2%2Fcategories&post=4155"},{"taxonomy":"post_tag","embeddable":true,"href":"https:\/\/heidysandovalruiz.com\/index.php?rest_route=%2Fwp%2Fv2%2Ftags&post=4155"}],"curies":[{"name":"wp","href":"https:\/\/api.w.org\/{rel}","templated":true}]}}