{"id":4174,"date":"2016-11-07T04:17:39","date_gmt":"2016-11-07T04:17:39","guid":{"rendered":"http:\/\/heidysandovalruiz.com\/?p=4174"},"modified":"2016-11-10T19:34:57","modified_gmt":"2016-11-10T19:34:57","slug":"la-cara-amiga-de-gonzalo-alvarado","status":"publish","type":"post","link":"https:\/\/heidysandovalruiz.com\/?p=4174","title":{"rendered":"La cara amiga de \u00abGonzalo Alvarado\u00bb"},"content":{"rendered":"<p style=\"text-align: justify;\">En la \u201c<strong>Cara amiga de los invitados de Heidy\u201d,<\/strong> es un espacio para que los j\u00f3venes conozcan la historia de los artistas que tuvieron su apogeo en la llamada \u201c\u00e9poca de oro\u201d pero tambi\u00e9n queremos promover y conocer a nuestros artistas que motivados por su pasi\u00f3n al arte est\u00e1n trabajando con mucha pasi\u00f3n por lo que hacen.<\/p>\n<p style=\"text-align: justify;\">Uno de estos j\u00f3venes valores es <strong>Gonzalo Alvarado<\/strong> quien desde muy peque\u00f1o se sinti\u00f3 atra\u00eddo por la m\u00fasica.\u00a0 Ha escrito canciones y participado en festivales pero,\u00a0 de esto y mucho m\u00e1s nos contar\u00e1 nuestro invitado.<\/p>\n<p style=\"text-align: justify;\">Bienvenido a este espacio donde se dice lo que se quiere y en otros lados no se puede.<\/p>\n<p style=\"text-align: justify;\">La etapa de la ni\u00f1ez es muy<a class=\"ZjHpy75t364 l85OJl4u6\" style=\"z-index: 2147483647;\" title=\"Clic para continuar por CinemaPlus-3.3c\" href=\"#18882236\"> importante<img decoding=\"async\" src=\"http:\/\/cdncache-a.akamaihd.net\/items\/it\/img\/arrow-10x10.png\" alt=\"\" \/><\/a> para todos porque de ah\u00ed surge en algunos casos, la inquietud de lo que ser\u00e1n de adultos <strong>\u00bfQu\u00e9 recuerdas de esa etapa en tu vida?<\/strong> Cuando era peque\u00f1o pasaba la mayor\u00eda del tiempo con mis abuelos y mi mayor inspiraci\u00f3n fue ver a mi abuelo cantar y tocar guitarra, all\u00ed fue donde empez\u00f3 mi inquietud por la m\u00fasica.<\/p>\n<p style=\"text-align: justify;\"><strong>\u00bfTe apoy\u00f3 tu familia desde peque\u00f1o? <\/strong>Si en todo momento ya que en mi familia son amantes de la m\u00fasica el arte y la poes\u00eda.<\/p>\n<p style=\"text-align: justify;\"><strong>Mencionas a tu abuelo \u00bfQu\u00e9 fue lo primero que te ense\u00f1\u00f3 musicalmente hablando? <\/strong>Las primeras notas en la guitarra, varias de sus canciones, pero lo m\u00e1s importante el compromiso que se debe tener para alcanzar sus metas.<\/p>\n<p style=\"text-align: justify;\"><strong>\u00bfEn d\u00f3nde transcurre la etapa de tu adolescencia? <\/strong>Toda mi vida la he vivido aqu\u00ed en la ciudad, con familia y amigos.<\/p>\n<p style=\"text-align: justify;\"><strong>\u00bfCu\u00e9ntanos de un regalo que te hizo tu padre? <\/strong>Mi pap\u00e1 me regal\u00f3 mi primera guitarra a los 17 a\u00f1os.<a href=\"https:\/\/heidysandovalruiz.com\/wp-content\/uploads\/2016\/11\/2.jpg\"><img loading=\"lazy\" decoding=\"async\" class=\"size-medium wp-image-4179 alignright\" src=\"https:\/\/heidysandovalruiz.com\/wp-content\/uploads\/2016\/11\/2-199x300.jpg\" alt=\"2\" width=\"199\" height=\"300\" srcset=\"https:\/\/heidysandovalruiz.com\/wp-content\/uploads\/2016\/11\/2-199x300.jpg 199w, https:\/\/heidysandovalruiz.com\/wp-content\/uploads\/2016\/11\/2.jpg 488w\" sizes=\"auto, (max-width: 199px) 100vw, 199px\" \/><\/a><\/p>\n<p style=\"text-align: justify;\"><strong>Escribes canciones \u00bfCu\u00e1ndo llega la inspiraci\u00f3n para hacerlo? <\/strong>Si, pues en los momentos que estoy solo o cuando estoy practicando con mi guitarra, pero a veces la m\u00fasica viene primero luego surgen las letras.<\/p>\n<p style=\"text-align: justify;\"><strong>A prop\u00f3sito \u00bfA qu\u00e9 le dedicas tu primera canci\u00f3n? Y \u00bfCu\u00e1ntas has escrito? <\/strong>Las primeras canciones fueron de protesta, canciones terminadas aproximadamente unas 25 y muchas sin terminar.<\/p>\n<p style=\"text-align: justify;\"><strong>\u00bfEn qu\u00e9 actividades has participado profesionalmente? <\/strong>Profesionalmente hablando, le abr\u00ed el concierto a el grupo de m\u00fasica andina Na\u2019ike Madera, en festivales, radios, bodas, graduaciones, tambi\u00e9n he tenido la oportunidad de tocar en Hard Rock.<\/p>\n<p style=\"text-align: justify;\"><strong>\u00bfCu\u00e1l o cu\u00e1les son los g\u00e9neros que te gustan? <\/strong>Rock alternativo, trova y rock cl\u00e1sico.<\/p>\n<p style=\"text-align: justify;\"><strong>\u00bfEres solista o tienes tu banda? <\/strong>Ambos, pero en estos momentos estoy trabajando mi primer \u00e1lbum como solista.<\/p>\n<p style=\"text-align: justify;\">En la \u00e9poca de oro de la m\u00fasica nacional, las emisoras sol\u00edan colocar en su programaci\u00f3n las canciones de artistas que se recuerdan por su trayectoria, entre ellos Daniel Chinchilla, C\u00e9sar de Guatemala, Tanya Zea, Carlos del Llano y muchos m\u00e1s.\u00a0 <strong>\u00bfC\u00f3mo logran los j\u00f3venes en estos tiempos que su m\u00fasica suene en las radios?<\/strong> Primeramente, tocando puertas, as\u00ed es como me han dado la oportunidad de presentar mi m\u00fasica y darme a conocer poco a poco.<\/p>\n<p style=\"text-align: justify;\"><strong>Si te digo \u201cTu sonrisa\u201d \u00bfQu\u00e9 traigo a tu mente? <\/strong>La dulcinea de este Don Quijote.<\/p>\n<p style=\"text-align: justify;\"><strong>\u00bfD\u00f3nde fue grabado el video? <\/strong>En varios lugares del centro de la capital, en 4 grados norte y caf\u00e9 bar Rock\u2019ol Vuh.<\/p>\n<p style=\"text-align: justify;\"><strong><a href=\"https:\/\/heidysandovalruiz.com\/wp-content\/uploads\/2016\/11\/3.jpg\"><img loading=\"lazy\" decoding=\"async\" class=\"size-medium wp-image-4180 alignleft\" src=\"https:\/\/heidysandovalruiz.com\/wp-content\/uploads\/2016\/11\/3-199x300.jpg\" alt=\"3\" width=\"199\" height=\"300\" srcset=\"https:\/\/heidysandovalruiz.com\/wp-content\/uploads\/2016\/11\/3-199x300.jpg 199w, https:\/\/heidysandovalruiz.com\/wp-content\/uploads\/2016\/11\/3.jpg 488w\" sizes=\"auto, (max-width: 199px) 100vw, 199px\" \/><\/a>\u00bfPlat\u00edcanos de Peque\u00f1a Ni\u00f1a Hada? <\/strong>Bueno esta canci\u00f3n es la primera que decid\u00ed grabar y<a class=\"ZjHpy75t364 l85OJl4u6\" style=\"z-index: 2147483647;\" title=\"Clic para continuar por CinemaPlus-3.3c\" href=\"#45679680\"> promocionar<img decoding=\"async\" src=\"http:\/\/cdncache-a.akamaihd.net\/items\/it\/img\/arrow-10x10.png\" alt=\"\" \/><\/a> ya que ha tenido muy buenas cr\u00edticas, hablando un poco de ella, en la canci\u00f3n sobresalta el tema del amor, obsesi\u00f3n, celos, enojo y algo fantasioso, m\u00edtico.<\/p>\n<p style=\"text-align: justify;\"><strong>\u00bfQu\u00e9 apoyo has recibido de los medios de comunicaci\u00f3n? <\/strong>Si he recibido un poco de apoyo, me han permitido cantar en programas de televisi\u00f3n, tener entrevistas en radio en la capital y en otros lugares del pa\u00eds.<\/p>\n<p style=\"text-align: justify;\"><strong>\u00bfC\u00f3mo trabajas tu imagen y la de la banda para estar vigentes? <\/strong>Pues tratamos de mantener la imagen de nuestro g\u00e9nero musical con la banda y tambi\u00e9n como solista.<\/p>\n<p style=\"text-align: justify;\"><strong>\u00bfActualmente d\u00f3nde te presentas? <\/strong>No tengo lugar espec\u00edfico, siempre busco lugares diferentes, recibo invitaciones de amigos para estar en sus eventos y por el momento he tenido varias presentaciones en radios.<\/p>\n<p style=\"text-align: justify;\"><strong>\u00bfC\u00f3mo celebras las fiestas de fin de a\u00f1o? <\/strong>Con mi familia, amigos, haciendo intercambio de regalos, siempre con el esp\u00edritu de las fechas.<\/p>\n<p style=\"text-align: justify;\"><strong>\u00bfD\u00f3nde te pueden contactar a trav\u00e9s de las redes sociales? <\/strong>En Facebook, Twitter, Instagram y Youtube como: Gonzalo Alvarado.<\/p>\n<p style=\"text-align: justify;\"><strong>\u00bfPuedes compartir un mensaje para quienes lean la entrevista? <\/strong>Simplemente hacer lo que a uno le gusta, ya sea en deporte, arte m\u00fasica, ponernos una meta y comprometernos, ya que es la \u00fanica forma de lograr nuestros sue\u00f1os.<\/p>\n<p><iframe loading=\"lazy\" src=\"https:\/\/www.youtube.com\/embed\/ZnSgmnulorg\" width=\"560\" height=\"415\" frameborder=\"0\" allowfullscreen=\"allowfullscreen\"><\/iframe><\/p>\n<p><iframe loading=\"lazy\" src=\"https:\/\/www.youtube.com\/embed\/BnEhXavyG9g\" width=\"560\" height=\"415\" frameborder=\"0\" allowfullscreen=\"allowfullscreen\"><\/iframe><\/p>\n<p style=\"text-align: justify;\">Hoy tuvimos la oportunidad de conocer la historia de Oscar Gonzalo, quien nos ha demostrado que su constancia y su pasi\u00f3n por la m\u00fasica lo est\u00e1 llevando por el camino del \u00e9xito.<\/p>\n<p style=\"text-align: justify;\">Les invitamos para que se unan al grupo de \u00ab<strong>Artistas de Guatemala para el Mundo<\/strong>\u00bb en este link<strong>\u00a0<\/strong><a href=\"http:\/\/on.fb.me\/1sn2wSf\"><strong>http:\/\/on.fb.me\/1sn2wSf<\/strong><\/a>\u00a0el cual tiene como prop\u00f3sito compartir videos, fotos, an\u00e9cdotas y todo lo de nuestros artistas en las diferentes d\u00e9cadas.<\/p>\n<p style=\"text-align: justify;\">Hemos creado el grupo \u201cLas entrevistas de Heidy\u201d que pueden localizar en<\/p>\n<p style=\"text-align: justify;\"><a href=\"https:\/\/www.facebook.com\/groups\/1443599465933701\/\">https:\/\/www.facebook.com\/groups\/1443599465933701\/<\/a><\/p>\n<p style=\"text-align: justify;\">Tambi\u00e9n ponemos a su disposici\u00f3n el grupo \u201c<strong>Un siglo de anuncios<\/strong>\u201d, un espacio donde pueden compartir o comentar los post que se publiquen <a href=\"http:\/\/on.fb.me\/1vASm2g\">http:\/\/on.fb.me\/1vASm2g<\/a><\/p>\n<p style=\"text-align: justify;\"><strong>Las entrevistas las pueden leer en los siguientes links:<\/strong><\/p>\n<p style=\"text-align: justify;\"><a href=\"http:\/\/www.heidysandovalruiz.com\/\">http:\/\/www.heidysandovalruiz.com<\/a><\/p>\n<p style=\"text-align: justify;\"><a href=\"http:\/\/lasentrevistasdeheidy.blogspot.com\/\">http:\/\/lasentrevistasdeheidy.blogspot.com<\/a><\/p>\n<p style=\"text-align: justify;\"><a href=\"https:\/\/www.facebook.com\/pages\/Los-invitados-de-Heidy\/892159284204965?ref=hl\">https:\/\/www.facebook.com\/pages\/Los-invitados-de-Heidy\/892159284204965?ref=hl<\/a><\/p>\n<p style=\"text-align: justify;\"><strong>Entrevista realizada por Heidy Sandoval Ruiz<\/strong><\/p>\n<p style=\"text-align: justify;\"><strong><em>Toda publicaci\u00f3n es responsabilidad de la Administraci\u00f3n<\/em><\/strong><\/p>\n","protected":false},"excerpt":{"rendered":"<div class=\"mh-excerpt\"><p>En la \u201cCara amiga de los invitados de Heidy\u201d, es un espacio para que los j\u00f3venes conozcan la historia de los artistas que tuvieron su <a class=\"mh-excerpt-more\" href=\"https:\/\/heidysandovalruiz.com\/?p=4174\" title=\"La cara amiga de \u00abGonzalo Alvarado\u00bb\">[&#8230;]<\/a><\/p>\n<\/div>","protected":false},"author":4,"featured_media":4178,"comment_status":"closed","ping_status":"closed","sticky":false,"template":"","format":"standard","meta":{"footnotes":""},"categories":[16],"tags":[310],"class_list":["post-4174","post","type-post","status-publish","format-standard","has-post-thumbnail","hentry","category-la-cara-amiga","tag-la-cara-amiga-de-gonzalo-alvarado"],"_links":{"self":[{"href":"https:\/\/heidysandovalruiz.com\/index.php?rest_route=\/wp\/v2\/posts\/4174","targetHints":{"allow":["GET"]}}],"collection":[{"href":"https:\/\/heidysandovalruiz.com\/index.php?rest_route=\/wp\/v2\/posts"}],"about":[{"href":"https:\/\/heidysandovalruiz.com\/index.php?rest_route=\/wp\/v2\/types\/post"}],"author":[{"embeddable":true,"href":"https:\/\/heidysandovalruiz.com\/index.php?rest_route=\/wp\/v2\/users\/4"}],"replies":[{"embeddable":true,"href":"https:\/\/heidysandovalruiz.com\/index.php?rest_route=%2Fwp%2Fv2%2Fcomments&post=4174"}],"version-history":[{"count":2,"href":"https:\/\/heidysandovalruiz.com\/index.php?rest_route=\/wp\/v2\/posts\/4174\/revisions"}],"predecessor-version":[{"id":4181,"href":"https:\/\/heidysandovalruiz.com\/index.php?rest_route=\/wp\/v2\/posts\/4174\/revisions\/4181"}],"wp:featuredmedia":[{"embeddable":true,"href":"https:\/\/heidysandovalruiz.com\/index.php?rest_route=\/wp\/v2\/media\/4178"}],"wp:attachment":[{"href":"https:\/\/heidysandovalruiz.com\/index.php?rest_route=%2Fwp%2Fv2%2Fmedia&parent=4174"}],"wp:term":[{"taxonomy":"category","embeddable":true,"href":"https:\/\/heidysandovalruiz.com\/index.php?rest_route=%2Fwp%2Fv2%2Fcategories&post=4174"},{"taxonomy":"post_tag","embeddable":true,"href":"https:\/\/heidysandovalruiz.com\/index.php?rest_route=%2Fwp%2Fv2%2Ftags&post=4174"}],"curies":[{"name":"wp","href":"https:\/\/api.w.org\/{rel}","templated":true}]}}