{"id":4204,"date":"2016-11-14T05:22:30","date_gmt":"2016-11-14T05:22:30","guid":{"rendered":"http:\/\/heidysandovalruiz.com\/?p=4204"},"modified":"2016-11-14T05:22:30","modified_gmt":"2016-11-14T05:22:30","slug":"la-cara-amiga-de-cristopher-moreno","status":"publish","type":"post","link":"https:\/\/heidysandovalruiz.com\/?p=4204","title":{"rendered":"La cara amiga de Cristopher Moreno"},"content":{"rendered":"<p style=\"text-align: justify;\">En la \u201c<strong>Cara amiga de los invitados de Heidy<\/strong>\u201d, en esta oportunidad comparto la historia un joven cantautor y poeta que inici\u00f3 sus estudios musicales a la edad de 14 a\u00f1os. Presento a ustedes a <strong>Cristopher Moreno<\/strong> quien nos contar\u00e1 parte de su vida art\u00edstica.<\/p>\n<p style=\"text-align: justify;\">Doy la bienvenida a este espacio donde se puede decir lo que se quiere y en otros lados no se puede.<\/p>\n<p style=\"text-align: justify;\">Para dar inicio a nuestra entrevista quiero preguntarte\u00a0<strong>\u00bfC\u00f3mo fue tu ni\u00f1ez, la relaci\u00f3n con tus padres como fue \u00a0esa \u00e9poca y d\u00f3nde transcurre esta etapa de tu vida? <\/strong>Mi ni\u00f1ez fue normal, estudi\u00e9 mi primaria en el colegio con amigos como yo que jug\u00e1bamos f\u00fatbol por la tarde, desarm\u00e1bamos aparatos el\u00e9ctricos y los d\u00edas viernes era d\u00eda de telescopio para ver las estrellas con algunos amigos de la primaria.<\/p>\n<p style=\"text-align: justify;\">Mi relaci\u00f3n con mis pap\u00e1s era genial, mucho apoyo en cualquier cosa que yo\u00a0 mostraba inter\u00e9s ellos siempre estaban apoy\u00e1ndome. Mi pap\u00e1 me dio los primeros conocimientos de electricidad y electr\u00f3nica desde esa edad que yo ten\u00eda como 10 a\u00f1os.<\/p>\n<p style=\"text-align: justify;\">Transcurri\u00f3 en la zona 21, Colonia Justo Rufino Barrios, en la casa de mis pap\u00e1s. Esta zona se caracteriza por tener muchas personas famosas que han sobresalido en la m\u00fasica en Guatemala, como Tavo B\u00e1rcenas, algunos integrantes de Razones de Cambio, Herion que actualmente se llaman Gangster.\u00a0Me gustaba jugar basketball y beisball.<a href=\"https:\/\/heidysandovalruiz.com\/wp-content\/uploads\/2016\/11\/14996335_1000525146739712_1618910133_n.jpg\"><img loading=\"lazy\" decoding=\"async\" class=\"alignright wp-image-4206 size-thumbnail\" src=\"https:\/\/heidysandovalruiz.com\/wp-content\/uploads\/2016\/11\/14996335_1000525146739712_1618910133_n-150x150.jpg\" alt=\"14996335_1000525146739712_1618910133_n\" width=\"150\" height=\"150\" \/><\/a><\/p>\n<p style=\"text-align: justify;\"><strong>\u00bfSentiste desde muy peque\u00f1o tu gusto por el arte? \u00bfC\u00f3mo recuerdas esa inquietud art\u00edstica? <\/strong>Fue a los 14 a\u00f1os cuando yo llegu\u00e9 una vez al colegio y vi a un amigo llamado Carlos Eduardo Gordillo Casta\u00f1eda alias \u201ccerebro\u201d que estaba tocando guitarra, estaba ejecutando una canci\u00f3n de bosanova y yo estaba entre los espectadores y \u00e9l fue el que despert\u00f3 esa inquietud en mi.<\/p>\n<p style=\"text-align: justify;\">Entonces volv\u00ed a la casa esa tarde y le dije a mis pap\u00e1s que quer\u00eda una guitarra. En la navidad del a\u00f1o 2000 me la regalaron y fue ah\u00ed cuando yo empec\u00e9 a recibir clases, pero me di cuenta que no me gustaba tocar covers y eso no me satisfac\u00eda por eso empec\u00e9 a escribir mis propias canciones en el a\u00f1o 2001 porque me gustaba m\u00e1s ser creador, pues no me gustaba tocar sentimientos ajenos y as\u00ed fue como me incorpor\u00e9 a la m\u00fasica.<\/p>\n<p style=\"text-align: justify;\"><strong>\u00bfQui\u00e9n te brind\u00f3 la oportunidad de apasionarte por un instrumento musical? <\/strong>Hubo tres personas que me motivaron mucho. Uno fue Carlos Eduardo Gordillo Casta\u00f1eda, mi vecino Hernando Quezada (QEPD) que ten\u00eda una banda de Heavy Metal y \u00e9l inici\u00f3 sus clases ense\u00f1\u00e1ndome solos antes de ense\u00f1arme los nombres de los acordes y la tercera persona fue Francisco Miranda que me ense\u00f1\u00f3 efectos y me abri\u00f3 la mente para darme seguridad mostr\u00e1ndome que la m\u00fasica es arte y que el arte es expresi\u00f3n y por lo mismo no ten\u00eda que tener miedo de escribir mis propias canciones.<\/p>\n<p style=\"text-align: justify;\"><strong>\u00bfSi te menciono Hernando Quezada que traigo a tu mente? <\/strong>Buenos recuerdos. Clases de guitarra que empezaban en la tarde y terminaban hasta la 1 de la ma\u00f1ana, las mejores bandas de rock que conoc\u00ed fueron por \u00e9l, como por ejemplo Steve Vai, Dream Theater, Yngwie Malmsteen, Joe Satriani y Jason Becker.<\/p>\n<p style=\"text-align: justify;\"><strong><a href=\"https:\/\/heidysandovalruiz.com\/wp-content\/uploads\/2016\/11\/15032513_1000524576739769_626389768_n.jpg\"><img loading=\"lazy\" decoding=\"async\" class=\"size-medium wp-image-4207 alignleft\" src=\"https:\/\/heidysandovalruiz.com\/wp-content\/uploads\/2016\/11\/15032513_1000524576739769_626389768_n-300x300.jpg\" alt=\"15032513_1000524576739769_626389768_n\" width=\"300\" height=\"300\" srcset=\"https:\/\/heidysandovalruiz.com\/wp-content\/uploads\/2016\/11\/15032513_1000524576739769_626389768_n-300x300.jpg 300w, https:\/\/heidysandovalruiz.com\/wp-content\/uploads\/2016\/11\/15032513_1000524576739769_626389768_n-150x150.jpg 150w, https:\/\/heidysandovalruiz.com\/wp-content\/uploads\/2016\/11\/15032513_1000524576739769_626389768_n.jpg 960w\" sizes=\"auto, (max-width: 300px) 100vw, 300px\" \/><\/a>\u00bfTuviste la idea de formar una banda musical? <\/strong>S\u00ed, y lo hice con mis amigos de la cuadra, en donde Eduardo Pivaral tocaba la bater\u00eda, Gerardo Gonz\u00e1lez tocaba el bajo, Roberto Stevenson cantaba y yo tocaba la guitarra.<\/p>\n<p style=\"text-align: justify;\"><strong>Me dices que escribes canciones \u00bfC\u00f3mo recuerdas la primera que escribiste y a qu\u00e9 le dedicaste el tema? <\/strong>La primera canci\u00f3n que escrib\u00ed fue por una discusi\u00f3n que tuve con un profesor en el colegio y se llama \u201cSaben de qu\u00e9 estoy cansado\u201d. Cuando la cant\u00e9 por primera vez\u00a0\u00a0a mis amigos del colegio todos compartimos el mismo sentimiento, que se dirig\u00eda hacia el profesor y eso me dio seguridad para hacer mi segunda canci\u00f3n y as\u00ed he llegado al d\u00eda de hoy con casi 500 canciones en mi repertorio; tocando diversos temas como el amor, el desamor y temas sociales.<\/p>\n<p style=\"text-align: justify;\"><strong>\u00bfHas participado como integrante de algunos grupos cu\u00e1les son y qu\u00e9 g\u00e9nero musical tocaban? <\/strong>El primer grupo fue Cuenta Regresiva, luego vino V\u00e9rtice, luego Zapatos Rotos, luego Jambo, siendo todos Rock Alternativo, pero fue este \u00faltimo con el que empec\u00e9 a conocer un Rock Alternativo con sonidos m\u00e1s latinos, empezamos a experimentar con sonidos de Bossa Nova, Samba, Sca, Reguee, Songoe, entre otros.<\/p>\n<p style=\"text-align: justify;\"><strong>\u00bfQu\u00e9 significa para ti \u201cAnhelos Ocultos\u201d? <\/strong>Significa mis deseos y mis sue\u00f1os a punto de salir a la luz. Buenos tiempos, muchos viajes, muchos amigos, mucha fuerza interior y muchas noches de desvelo con una sonrisa de oreja a oreja recordando y planeando nuevas ideas para el grupo.<\/p>\n<p style=\"text-align: justify;\"><strong>\u00bfCu\u00e9ntanos sobre \u201cPoliritmos\u201d? <\/strong>Inici\u00e9 en el 2004, sal\u00ed en el 2008 estudiando guitarra y canto. El director Byron Campos, una excelente persona, un excelente profesor, que no crea disc\u00edpulos, crea maestros. Recuerdo que cuando est\u00e1bamos estudiando las horas eran muy cortas y quer\u00edamos que el curso continuara, un ambiente genial y muy buenos recuerdos en general.<\/p>\n<p style=\"text-align: justify;\"><strong>\u00bfHas vivido fuera de Guatemala? <\/strong>S\u00ed, viv\u00ed en Costa Rica. Viaj\u00e9 por varios pa\u00edses de Centro Am\u00e9rica pero en el que m\u00e1s c\u00f3modo me sent\u00ed fue Costa Rica y me qued\u00e9 varios meses en la Provincia de Lim\u00f3n, Puerto Viejo, en donde yo tocaba en bares para sobrevivir y fue una gran experiencia para mi.<\/p>\n<p style=\"text-align: justify;\">He estado como n\u00f3mada por varios lugares y estuve caminando en Espa\u00f1a por varias regiones como Madrid, Sevilla, Triana, Cadiz, M\u00e1laga, Granada, Sierra Nevada, Barcelona. Y adem\u00e1s pa\u00edses como Francia y Suiza.<a href=\"https:\/\/heidysandovalruiz.com\/wp-content\/uploads\/2016\/11\/15033641_1000524970073063_1255866039_n.jpg\"><img loading=\"lazy\" decoding=\"async\" class=\"size-medium wp-image-4208 alignright\" src=\"https:\/\/heidysandovalruiz.com\/wp-content\/uploads\/2016\/11\/15033641_1000524970073063_1255866039_n-300x217.jpg\" alt=\"15033641_1000524970073063_1255866039_n\" width=\"300\" height=\"217\" srcset=\"https:\/\/heidysandovalruiz.com\/wp-content\/uploads\/2016\/11\/15033641_1000524970073063_1255866039_n-300x217.jpg 300w, https:\/\/heidysandovalruiz.com\/wp-content\/uploads\/2016\/11\/15033641_1000524970073063_1255866039_n.jpg 500w\" sizes=\"auto, (max-width: 300px) 100vw, 300px\" \/><\/a><\/p>\n<p style=\"text-align: justify;\"><strong>\u00bfEn qu\u00e9 lugares te has presentado como solista y con banda? <\/strong>Con banda estuve en la mayor\u00eda de los departamentos de Guatemala, algunos festivales como los de la Universidad de San Carlos, en la Telet\u00f3n, en actividades ben\u00e9ficas, canales televisivos y giras por los pa\u00edses de Centro Am\u00e9rica y los mencionados de Europa.<\/p>\n<p style=\"text-align: justify;\"><strong>Aparte de cantar \u00bfQu\u00e9 es lo que te gusta hacer? <\/strong>Me gusta meditar, componer canciones, cocinar, acampar, compartir con los amigos y tiempo con la familia.<\/p>\n<p style=\"text-align: justify;\"><strong>Veo que te gusta viajar \u00bfQu\u00e9 lugar del mundo te gustar\u00eda conocer y por qu\u00e9? <\/strong>Me gustar\u00eda conocer la India. Porque es un lugar muy espiritual, me gusta todo lo que tenga que ver con la espiritualidad y el crecimiento personal.<\/p>\n<p style=\"text-align: justify;\"><strong>\u00bfHas grabado discos? \u00bfQu\u00e9 apoyo has tenido para hacerlo? <\/strong>El primer disco que grab\u00e9 fue con la banda Jambo que se llamaba \u201cAmor en Tiempos de Guerra\u201d. El segundo disco fue con Anhelos Ocultos que se llama \u201cEntre Besos, Abrazos y Mordidas\u201d y el tercer disco fue como Solista que se llama \u201cEntre Recuerdos\u201d y actualmente estamos grabando un nuevo material.<\/p>\n<p style=\"text-align: justify;\">En relaci\u00f3n al apoyo, cada uno de los discos ha sido por cuenta propia, contando \u00fanicamente con apoyo familiar.<\/p>\n<p style=\"text-align: justify;\"><strong>\u00bfQu\u00e9 artistas de la \u00e9poca de oro en Guatemala conoces y admiras? <\/strong>Conozco y admiro a Arturo Xicay.<\/p>\n<p style=\"text-align: justify;\"><strong>\u00bfCarlos del Llano, Jorge Urrutia o V\u00edctor Manuel Porras, de qui\u00e9n te gustar\u00eda cantar sus canciones? <\/strong>Me gustar\u00eda cantar canciones de Carlos del Llano y en especial la canci\u00f3n \u201cEst\u00e1 muy bien\u201d.<\/p>\n<p style=\"text-align: justify;\"><strong><a href=\"https:\/\/heidysandovalruiz.com\/wp-content\/uploads\/2016\/11\/14997248_1000524943406399_720387404_n.jpg\"><img loading=\"lazy\" decoding=\"async\" class=\"size-medium wp-image-4209 alignleft\" src=\"https:\/\/heidysandovalruiz.com\/wp-content\/uploads\/2016\/11\/14997248_1000524943406399_720387404_n-300x201.jpg\" alt=\"14997248_1000524943406399_720387404_n\" width=\"300\" height=\"201\" srcset=\"https:\/\/heidysandovalruiz.com\/wp-content\/uploads\/2016\/11\/14997248_1000524943406399_720387404_n-300x201.jpg 300w, https:\/\/heidysandovalruiz.com\/wp-content\/uploads\/2016\/11\/14997248_1000524943406399_720387404_n.jpg 960w\" sizes=\"auto, (max-width: 300px) 100vw, 300px\" \/><\/a>\u00bfQu\u00e9 opini\u00f3n te merece el apoyo de los medios de comunicaci\u00f3n a tu carrera? <\/strong>Antes hab\u00eda bastante apoyo, ahora lo siento un poco m\u00e1s complicado.<\/p>\n<p style=\"text-align: justify;\"><strong>\u00bfQu\u00e9 puedes comentarnos de \u201cAnhelos Ocultos Ac\u00fastico? <\/strong>Es la manera m\u00e1s \u00edntima de expresar mis canciones hacia el p\u00fablico porque el ambiente bohemio es m\u00e1s acogedor que el de un concierto de rock.<\/p>\n<p style=\"text-align: justify;\"><strong>\u00bfQu\u00e9 proyectos tienes para el resto de este a\u00f1o? <\/strong>Terminar el disco que estamos grabando ahora, continuar con la promoci\u00f3n de nuestros sencillos y seguir tocando puertas.<\/p>\n<p style=\"text-align: justify;\"><strong>\u00bfPuedes compartir un mensaje para quienes leen \u201cLas entrevistas de Heidy\u201d? <\/strong>Que sigan sus sue\u00f1os y que vivan y dejen vivir a los dem\u00e1s tranquilos. Que si pueden apoyar con su granito de arena a los artistas guatemaltecos se les va a agradecer much\u00edsimo.<\/p>\n<p style=\"text-align: justify;\">Conocimos la historia de <strong>Cristopher Moreno<\/strong> un joven cantaautor \u00a0que trae fuerza y pasi\u00f3n y esos elementos son buenos para mantenerse y para llegar a donde se quiere. Te deseamos \u00e9xitos en cada uno de los proyectos que emprendas.<\/p>\n<p><iframe loading=\"lazy\" width=\"560\" height=\"415\" src=\"https:\/\/www.youtube.com\/embed\/eolieuWU6Pk\" frameborder=\"0\" allowfullscreen><\/iframe><\/p>\n<p><iframe loading=\"lazy\" width=\"560\" height=\"415\" src=\"https:\/\/www.youtube.com\/embed\/nboUOt2uDWs\" frameborder=\"0\" allowfullscreen><\/iframe><\/p>\n<p style=\"text-align: justify;\">Les invitamos para que se unan al grupo de \u00ab<strong>Artistas de Guatemala para el Mundo<\/strong>\u00bb en este link<strong>\u00a0<\/strong><a href=\"http:\/\/on.fb.me\/1sn2wSf\"><strong>http:\/\/on.fb.me\/1sn2wSf<\/strong><\/a>\u00a0el cual tiene como prop\u00f3sito compartir videos, fotos, an\u00e9cdotas y todo lo de nuestros artistas en las diferentes d\u00e9cadas.<\/p>\n<p style=\"text-align: justify;\">Hemos creado el grupo \u201cLas entrevistas de Heidy\u201d que pueden localizar en<\/p>\n<p style=\"text-align: justify;\"><a href=\"https:\/\/www.facebook.com\/groups\/1443599465933701\/\">https:\/\/www.facebook.com\/groups\/1443599465933701\/<\/a><\/p>\n<p style=\"text-align: justify;\">Tambi\u00e9n ponemos a su disposici\u00f3n el grupo \u201c<strong>Un siglo de anuncios<\/strong>\u201d, un espacio donde pueden compartir o comentar los post que se publiquen <a href=\"http:\/\/on.fb.me\/1vASm2g\">http:\/\/on.fb.me\/1vASm2g<\/a><\/p>\n<p style=\"text-align: justify;\"><strong>Las entrevistas las pueden leer en los siguientes links:<\/strong><\/p>\n<p style=\"text-align: justify;\"><a href=\"http:\/\/www.heidysandovalruiz.com\/\">http:\/\/www.heidysandovalruiz.com<\/a><\/p>\n<p style=\"text-align: justify;\"><a href=\"http:\/\/lasentrevistasdeheidy.blogspot.com\/\">http:\/\/lasentrevistasdeheidy.blogspot.com<\/a><\/p>\n<p style=\"text-align: justify;\"><a href=\"https:\/\/www.facebook.com\/pages\/Los-invitados-de-Heidy\/892159284204965?ref=hl\">https:\/\/www.facebook.com\/pages\/Los-invitados-de-Heidy\/892159284204965?ref=hl<\/a><\/p>\n<p style=\"text-align: justify;\">\n<p style=\"text-align: justify;\"><strong>Entrevista realizada por Heidy Sandoval Ruiz<\/strong><\/p>\n<p style=\"text-align: justify;\"><strong><em>Toda publicaci\u00f3n es responsabilidad de la Administraci\u00f3n<\/em><\/strong><\/p>\n","protected":false},"excerpt":{"rendered":"<div class=\"mh-excerpt\"><p>En la \u201cCara amiga de los invitados de Heidy\u201d, en esta oportunidad comparto la historia un joven cantautor y poeta que inici\u00f3 sus estudios musicales <a class=\"mh-excerpt-more\" href=\"https:\/\/heidysandovalruiz.com\/?p=4204\" title=\"La cara amiga de Cristopher Moreno\">[&#8230;]<\/a><\/p>\n<\/div>","protected":false},"author":4,"featured_media":4205,"comment_status":"closed","ping_status":"closed","sticky":false,"template":"","format":"standard","meta":{"footnotes":""},"categories":[16],"tags":[312],"class_list":["post-4204","post","type-post","status-publish","format-standard","has-post-thumbnail","hentry","category-la-cara-amiga","tag-la-cara-amiga-de-cristopher-moreno"],"_links":{"self":[{"href":"https:\/\/heidysandovalruiz.com\/index.php?rest_route=\/wp\/v2\/posts\/4204","targetHints":{"allow":["GET"]}}],"collection":[{"href":"https:\/\/heidysandovalruiz.com\/index.php?rest_route=\/wp\/v2\/posts"}],"about":[{"href":"https:\/\/heidysandovalruiz.com\/index.php?rest_route=\/wp\/v2\/types\/post"}],"author":[{"embeddable":true,"href":"https:\/\/heidysandovalruiz.com\/index.php?rest_route=\/wp\/v2\/users\/4"}],"replies":[{"embeddable":true,"href":"https:\/\/heidysandovalruiz.com\/index.php?rest_route=%2Fwp%2Fv2%2Fcomments&post=4204"}],"version-history":[{"count":1,"href":"https:\/\/heidysandovalruiz.com\/index.php?rest_route=\/wp\/v2\/posts\/4204\/revisions"}],"predecessor-version":[{"id":4210,"href":"https:\/\/heidysandovalruiz.com\/index.php?rest_route=\/wp\/v2\/posts\/4204\/revisions\/4210"}],"wp:featuredmedia":[{"embeddable":true,"href":"https:\/\/heidysandovalruiz.com\/index.php?rest_route=\/wp\/v2\/media\/4205"}],"wp:attachment":[{"href":"https:\/\/heidysandovalruiz.com\/index.php?rest_route=%2Fwp%2Fv2%2Fmedia&parent=4204"}],"wp:term":[{"taxonomy":"category","embeddable":true,"href":"https:\/\/heidysandovalruiz.com\/index.php?rest_route=%2Fwp%2Fv2%2Fcategories&post=4204"},{"taxonomy":"post_tag","embeddable":true,"href":"https:\/\/heidysandovalruiz.com\/index.php?rest_route=%2Fwp%2Fv2%2Ftags&post=4204"}],"curies":[{"name":"wp","href":"https:\/\/api.w.org\/{rel}","templated":true}]}}