{"id":44,"date":"2013-06-27T03:15:45","date_gmt":"2013-06-27T03:15:45","guid":{"rendered":"http:\/\/heidysandovalruiz.com\/?p=44"},"modified":"2017-01-30T21:32:24","modified_gmt":"2017-01-30T21:32:24","slug":"la-cara-amiga-de-roberto-santandrea","status":"publish","type":"post","link":"https:\/\/heidysandovalruiz.com\/?p=44","title":{"rendered":"La cara amiga de \u00abRoberto Santandrea\u00bb"},"content":{"rendered":"<p style=\"text-align: justify;\"><span style=\"color: #003366;\">El espacio de este d\u00eda en \u201c<strong>La cara amiga de nuestros artistas\u201d<\/strong>, est\u00e1 dedicado a uno de los guatemaltecos que con su trabajo ha llevado alegr\u00eda a miles de personas\u00a0 que aplauden cada puesta en escena que presenta, considerado un artista polifac\u00e9tico ha logrado conquistar a los guatemaltecos con su arte, hablamos de<strong> Roberto Santandrea<\/strong>.<\/span><\/p>\n<p style=\"text-align: justify;\"><span style=\"color: #003366;\">Nuestro invitado fund\u00f3 en 1993 el grupo de teatro para ni\u00f1os Orion en el Gran Teatro Reforma, ha llevado sus producciones a cerca de 10 departamentos en el territorio nacional, ha permanecido por espacio de 15 a\u00f1os en el Teatro Espa\u00f1a y continuar en cartelera sin perder vigencia en el caf\u00e9 teatro Katok Bohemio. Adem\u00e1s, tiene\u00a0 en su haber de producci\u00f3n m\u00e1s de 60 montajes y haber fundado la academia Arte Visual Esc\u00e9nico\u00a0 con sus cursos de t\u00e9cnicas de motivaci\u00f3n teatral. Con m\u00e1s de 400 alumnos a la fecha.\u00a0 Acerqu\u00e9monos y conozcamos m\u00e1s de cerca a este complet\u00edsimo artista.<\/span><\/p>\n<p style=\"text-align: justify;\"><strong><span style=\"color: #003366;\">\u00bfEs herencia\u00a0o nace de ti la\u00a0<\/span><span style=\"color: #333399;\">inquietud\u00a0 de dedicarte al teatro?<\/span><\/strong><span style=\"color: #003366;\">Es herencia de mi madre le gustaba animar en las fiestas y despedidas de solteras y cantaba en el coro\u00a0de la iglesia de mi pueblo querido Cuyotenango \u00a0Suchitep\u00e9quez y mi padre organizaba los convites para las ferias patronales \u201cLos Santos Reyes y el Se\u00f1or de Esquipulas\u201d en enero. Fue con \u00e9l que realic\u00e9 mi primer personaje de un lobo y sal\u00eda bailando al ritmo de la marimba por todo el pueblo junto con todos los que convocaba. Y mi madre en un par de ocasiones, me visti\u00f3 como paje, para llevar el cetro en un coj\u00edn de la reina infantil elegida para esa ocasi\u00f3n de la feria. Luego vienen las presentaciones escolares donde participo. Por lo tanto siempre lo he considerado una buena y bendecida herencia.<strong><img loading=\"lazy\" decoding=\"async\" class=\"size-medium wp-image-52 alignright\" src=\"https:\/\/heidysandovalruiz.com\/wp-content\/uploads\/2013\/11\/DSC03426-300x225.jpg\" alt=\"DSC03426\" width=\"300\" height=\"225\" \/><\/strong><br \/>\n<\/span><\/p>\n<p style=\"text-align: justify;\"><strong><span style=\"color: #003366;\">\u00bfCu\u00e1l es la primera obra en la que participaste y que personaje <span style=\"color: #000080;\">rep<\/span>resentaste?\u00a0<\/span><\/strong><span style=\"color: #003366;\">A nivel\u00a0profesional fue en 1979 en el teatro del IGA \u201cYERMA\u201d de Federico Garc\u00eda Lorca, dirigida por el espa\u00f1ol Javier Riera qui\u00e9n a mediados de \u00e9sta d\u00e9cada hab\u00eda montado la controversial \u201cEquus\u201d\u00a0 mi personaje fue de comparsa, con unas danzas montadas y dirigidas por el maestro Manuel Ocampo. De todos\u00a0los de comparsa 15 aproximadamente solo yo ten\u00eda dos parlamentos. Luego me llamaron para una obra del periodista Alvaro Contreras V\u00e9lez en el audit\u00f3rium del conservatorio y represent\u00e9 a cinco personajes diferentes en el mismo a\u00f1o.<br \/>\n<\/span><\/p>\n<p style=\"text-align: justify;\"><strong><span style=\"color: #003366;\">\u00bfCu\u00e1ntas obras has puesto en escena que sean de tu autor\u00eda?<\/span><\/strong><span style=\"color: #003366;\">Aproximadamente 15 desde que me instal\u00e9 en el Teatro Espa\u00f1a de las m\u00e1s famosas o exitosas fueron: \u201cSi los del Norte fueran del Sur\u201d \u201cDespedida de Soltera\u201d \u201cUn huiteco en despedida de Soltero\u201d \u201cUn huiteco pa\u00b4presidente\u201d \u201cEl clon Huiteco\u201d y actualmente \u201cSiendo puta me fue mejor\u201d para todo p\u00fablico y adultos\u2026una de teatro para ni\u00f1os \u201cEl d\u00eda que Santa Claus olvid\u00f3 la Navidad\u201d\u00a0<\/span><\/p>\n<p style=\"text-align: justify;\"><strong><span style=\"color: #003366;\">Adem\u00e1s del teatro \u00bfen cu\u00e1ntas pel\u00edculas has participado?<\/span><\/strong><span style=\"color: #003366;\">JUSTICIA de Ra\u00fal Marroqu\u00edn (detective 1992) DONDE ACABAN LOS CAMINOS de Mario Monteforte Toledo (bombero 1999 escenas que no se incluyeron porque formaban parte de un final diferente al que qued\u00f3) \u00a0SOY DE ZACAPA de Rafael Lanuza (Nicanor como sirviente y secundario principal 2011) Y post producci\u00f3n para \u00e9ste a\u00f1o 2013 DELIRIUM de Mario Montenegro (narco halador 2013) GRANO DE CAF\u00c9\u00a0 dirigida por Roberto D\u00e1vila (Finquero 2013) todas son nacionales.<\/span><\/p>\n<p style=\"text-align: justify;\"><strong><span style=\"color: #003366;\"><img loading=\"lazy\" decoding=\"async\" class=\"size-medium wp-image-55 alignleft\" src=\"https:\/\/heidysandovalruiz.com\/wp-content\/uploads\/2013\/11\/DSC05796-300x225.jpg\" alt=\"DSC05796\" width=\"300\" height=\"225\" \/>\u00bfCu\u00e1l es la obra de teatro que m\u00e1s tiempo ha durado en cartelera?\u00a0<\/span><\/strong><span style=\"color: #003366;\">Son tres \u201cPasi\u00f3n de zopilotes\u201d 48 semanas \u201cUn Huiteco pa presidente\u201d 52 semanas y la actual que contin\u00faa en cartelera \u201cSiendo puta me fue mejor\u201d 106 semanas y 148 funciones.\u00a0 Y la m\u00e1s corta \u201cLos tres politiquitos\u201d dos semanas.<\/span><\/p>\n<p style=\"text-align: justify;\"><span style=\"color: #003366;\"><strong>\u00bfEn cu\u00e1l de las facetas has logrado m\u00e1s \u00e9xito como Director, actor o productor de teatro? <\/strong>\u00a0De hecho creo que como actor, act\u00fao siempre en todas mis producciones porque soy el \u00fanico que no debe faltar a una funci\u00f3n. Luego como Director siempre dirijo, seguir\u00eda como autor, solo pongo obras escritas por m\u00ed y de seguro no menos importante como productor.<\/span><\/p>\n<p style=\"text-align: justify;\"><strong><span style=\"color: #003366;\">\u00bfC\u00f3mo surge\u00a0 Arte Visual Esc\u00e9nico Santandrea y que logros ha tenido?<\/span><\/strong><\/p>\n<p style=\"text-align: justify;\"><span style=\"color: #003366;\">En la inauguraci\u00f3n del Teatro Espa\u00f1a en diciembre de 1998 fundado por un servidor y mi hermano junto a otras cinco personas que ya no est\u00e1n con nosotros. El primer montaje con una obra para todo p\u00fablico \u201cLa comedia de la olla\u201d de Plauto\u00a0 adaptada, actuada, dirigida y producida por un servidor. Y el mayor de los logros actualmente con la obra \u201cSiendo puta me fue mejor\u201d una adaptaci\u00f3n del libro del mismo nombre escrito por la Dra. Vivi Marroqu\u00edn que a la fecha junio de 2013 seguimos en cartelera. Y en otro espacio del caf\u00e9 teatro Katok Bohemio en la zona 9 capitalina.<\/span><\/p>\n<p><iframe loading=\"lazy\" src=\"https:\/\/www.youtube.com\/embed\/ruKwG96Mp4U\" width=\"560\" height=\"315\" frameborder=\"0\" allowfullscreen=\"allowfullscreen\"><\/iframe><\/p>\n<p><iframe loading=\"lazy\" src=\"https:\/\/www.youtube.com\/embed\/yv1iOkqm1F8\" width=\"560\" height=\"315\" frameborder=\"0\" allowfullscreen=\"allowfullscreen\"><\/iframe><\/p>\n<p style=\"text-align: justify;\"><span style=\"color: #000080;\">Les invitamos para que se unan al grupo de \u00ab<strong>Artistas de Guatemala para el Mundo<\/strong>\u00bb en este link <a href=\"http:\/\/on.fb.me\/1sn2wSf\">http:\/\/on.fb.me\/1sn2wSf\u00a0<\/a> el cual tiene como prop\u00f3sito compartir videos, fotos, an\u00e9cdotas y todo lo de nuestros artistas en las diferentes d\u00e9cadas.<\/span><\/p>\n<p style=\"text-align: justify;\"><span style=\"color: #000080;\">Hemos creado el grupo <strong>\u201cLas entrevistas de Heidy\u201d<\/strong> que pueden localizar en<\/span><\/p>\n<p style=\"text-align: justify;\"><a href=\"https:\/\/www.facebook.com\/groups\/1443599465933701\/\"><span style=\"color: #000080;\">https:\/\/www.facebook.com\/groups\/1443599465933701\/\u00a0<\/span><\/a><\/p>\n<p style=\"text-align: justify;\"><span style=\"color: #000080;\">Tambi\u00e9n ponemos a su disposici\u00f3n el grupo \u201c<strong>Un siglo de anuncios y algo m\u00e1s\u2026\u201d, <\/strong>un espacio donde pueden compartir o comentar los post que se publiquen <a href=\"http:\/\/on.fb.me\/1vASm2g\">http:\/\/on.fb.me\/1vASm2g\u00a0<\/a><\/span><\/p>\n<p style=\"text-align: justify;\"><span style=\"color: #000080;\">Las entrevistas las pueden leer en los siguientes links:<\/span><\/p>\n<p><a href=\"http:\/\/www.heidysandovalruiz.com\">http:\/\/www.heidysandovalruiz.com\u00a0<\/a><\/p>\n<p><a href=\"http:\/\/lasentrevistasdeheidy.blogspot.com\">http:\/\/lasentrevistasdeheidy.blogspot.com\u00a0<\/a><\/p>\n<p><a href=\"https:\/\/www.facebook.com\/pages\/Los-invitados-de-Heidy\/892159284204965?ref=hl\">https:\/\/www.facebook.com\/pages\/Los-invitados-de-Heidy\/892159284204965?ref=hl<\/a><\/p>\n<p style=\"text-align: justify;\"><span style=\"color: #003366;\"><b><i>\u00a0<\/i><\/b><\/span><\/p>\n<p><span style=\"color: #003366;\"><strong><i>Entrevista realizada por Heidy Sandoval Ruiz\u00a0<\/i><\/strong><\/span><\/p>\n","protected":false},"excerpt":{"rendered":"<div class=\"mh-excerpt\"><p>El espacio de este d\u00eda en \u201cLa cara amiga de nuestros artistas\u201d, est\u00e1 dedicado a uno de los guatemaltecos que con su trabajo ha llevado <a class=\"mh-excerpt-more\" href=\"https:\/\/heidysandovalruiz.com\/?p=44\" title=\"La cara amiga de \u00abRoberto Santandrea\u00bb\">[&#8230;]<\/a><\/p>\n<\/div>","protected":false},"author":4,"featured_media":4415,"comment_status":"closed","ping_status":"closed","sticky":false,"template":"","format":"standard","meta":{"footnotes":""},"categories":[16],"tags":[8],"class_list":["post-44","post","type-post","status-publish","format-standard","has-post-thumbnail","hentry","category-la-cara-amiga","tag-la-cara-amiga-de-roberto-santandrea"],"_links":{"self":[{"href":"https:\/\/heidysandovalruiz.com\/index.php?rest_route=\/wp\/v2\/posts\/44","targetHints":{"allow":["GET"]}}],"collection":[{"href":"https:\/\/heidysandovalruiz.com\/index.php?rest_route=\/wp\/v2\/posts"}],"about":[{"href":"https:\/\/heidysandovalruiz.com\/index.php?rest_route=\/wp\/v2\/types\/post"}],"author":[{"embeddable":true,"href":"https:\/\/heidysandovalruiz.com\/index.php?rest_route=\/wp\/v2\/users\/4"}],"replies":[{"embeddable":true,"href":"https:\/\/heidysandovalruiz.com\/index.php?rest_route=%2Fwp%2Fv2%2Fcomments&post=44"}],"version-history":[{"count":16,"href":"https:\/\/heidysandovalruiz.com\/index.php?rest_route=\/wp\/v2\/posts\/44\/revisions"}],"predecessor-version":[{"id":4420,"href":"https:\/\/heidysandovalruiz.com\/index.php?rest_route=\/wp\/v2\/posts\/44\/revisions\/4420"}],"wp:featuredmedia":[{"embeddable":true,"href":"https:\/\/heidysandovalruiz.com\/index.php?rest_route=\/wp\/v2\/media\/4415"}],"wp:attachment":[{"href":"https:\/\/heidysandovalruiz.com\/index.php?rest_route=%2Fwp%2Fv2%2Fmedia&parent=44"}],"wp:term":[{"taxonomy":"category","embeddable":true,"href":"https:\/\/heidysandovalruiz.com\/index.php?rest_route=%2Fwp%2Fv2%2Fcategories&post=44"},{"taxonomy":"post_tag","embeddable":true,"href":"https:\/\/heidysandovalruiz.com\/index.php?rest_route=%2Fwp%2Fv2%2Ftags&post=44"}],"curies":[{"name":"wp","href":"https:\/\/api.w.org\/{rel}","templated":true}]}}