{"id":4662,"date":"2017-03-27T02:11:14","date_gmt":"2017-03-27T02:11:14","guid":{"rendered":"http:\/\/heidysandovalruiz.com\/?p=4662"},"modified":"2022-02-26T04:08:04","modified_gmt":"2022-02-26T04:08:04","slug":"la-cara-amiga-de-eduardo-rodriguez","status":"publish","type":"post","link":"https:\/\/heidysandovalruiz.com\/?p=4662","title":{"rendered":"La cara amiga de \u00abEduardo Rodr\u00edguez\u00bb"},"content":{"rendered":"<p style=\"text-align: justify;\">Para \u201c<strong>Las entrevistas de Heidy<\/strong>\u201d, es un gusto presentar a guatemaltecos que han dejado huella en cualquiera de las ramas del arte, la locuci\u00f3n, el periodismo entre otros.\u00a0 Pero tambi\u00e9n buscamos historias de j\u00f3venes que est\u00e1n trabajando duro por conseguir un nombre dentro de su campo.\u00a0 En esta oportunidad comparto la entrevista de un joven pintor originario de Asunci\u00f3n Mita, Jutiapa y quien gan\u00f3 el primer lugar en el Festival TECOARTE GUATEMALA 2016.\u00a0 <strong>Eduardo Rodr\u00edguez Guinea <\/strong>\u00a0es nuestro invitado y es un artista que rodea su vida de pinceles, pinturas y lienzos.\u00a0 El nos compartir\u00e1 momentos de su vida, sus premios y sus sue\u00f1os.<\/p>\n<p style=\"text-align: justify;\">Doy la bienvenida a Eduardo a este espacio donde se dice lo que se quiere y en otros lados no se puede.<\/p>\n<p style=\"text-align: justify;\"><strong>Vamos a remontarnos a unos a\u00f1os atr\u00e1s y venga a tu memoria la etapa de tu ni\u00f1ez en Asunci\u00f3n Mita \u00bfQu\u00e9 recuerdos vienen a tu mente? <\/strong>Siempre recuerdo mi Asunci\u00f3n Mita con sus paisajes tan pintorescos del campo, sus monta\u00f1as, sus r\u00edos, sus \u00e1rboles y sobre todo los amaneceres y atardeceres que llenaban de detalle el panorama ya que vengo de una familia muy trabajadora que se levanta muy temprano para iniciar con las labores cotidianas. Recuerdo vivir tranquilamente en una modesta casa con mi familia ya que siempre hemos sido muy unidos. Desde peque\u00f1o compart\u00ed siempre con mis primos y primas el jugar en los patios de las casas grandes de los abuelos y as\u00ed sucesivamente crecer en mi querida tierra. Los recuerdos que se quedaron grabados en mi mente para siempre son los de mis inicios en la pintura que fue algo que cambi\u00f3 mi vida definitivamente.<\/p>\n<p style=\"text-align: justify;\"><strong>\u00bfDe ni\u00f1o te gustaba pintar o que te gustaba? \u00a0<\/strong>Si, desde peque\u00f1o me llamaba mucho la atenci\u00f3n pintar y de hecho pintaba y plasmaba en cualquier cosa que viera o me llamara la atenci\u00f3n en donde fuera, papel madera, cuadernos, servilletas, etc.. Era algo que parec\u00eda no parar y sent\u00eda una necesidad por pintar y pintar.<a href=\"https:\/\/heidysandovalruiz.com\/wp-content\/uploads\/2017\/03\/17440470_10213069326866619_436663973_n.jpg\"><img loading=\"lazy\" decoding=\"async\" class=\"size-medium wp-image-4664 alignright\" src=\"https:\/\/heidysandovalruiz.com\/wp-content\/uploads\/2017\/03\/17440470_10213069326866619_436663973_n-300x171.jpg\" alt=\"17440470_10213069326866619_436663973_n\" width=\"300\" height=\"171\" \/><\/a><\/p>\n<p style=\"text-align: justify;\"><strong>\u00bfC\u00f3mo surge la inquietud de empezar a pintar? \u00bfD\u00f3nde recibes tus clases? <\/strong>Creo que todo esto viene desde que estaba en el vientre de mi madre (jajaja) ya que desde que tengo uso de raz\u00f3n me llamaba la atenci\u00f3n, pero creo que fue en k\u00ednder cuando tuve la oportunidad de que mi maestra me presentara los crayones por primera vez y me dijera que con ellos pod\u00eda colorear el mundo y lo que quisiera \u2013 Creo que fue ah\u00ed donde inici\u00f3 mi inquietud por pintar directamente y sobre todo por tener el apoyo de mis padres-<\/p>\n<p style=\"text-align: justify;\"><strong>\u00bfQu\u00e9 fue lo primero que pintaste?\u00a0 \u00bfLo conservas? <\/strong>A lo largo de mi ni\u00f1ez realice varios dibujos pero no conservo muchos ya que siempre me los ped\u00eda como regalo o algo as\u00ed, pero mi primer cuadro fue un paisaje con una caba\u00f1a, un volc\u00e1n y dos mujeres ind\u00edgenas que iban de traer agua a un r\u00edo\u2026. Nunca olvidar\u00e9 la emoci\u00f3n con la que empec\u00e9 esa obra y no digamos as\u00ed cuando vi el resultado final, fue como amor a primera vista, darme cuenta que ya pod\u00eda \u201cpintar\u201d la sonrisa que ten\u00eda en mi rostro era demasiado. Lamentablemente no conservo mi primer cuadro porque lo vend\u00ed a una amiga que insisti\u00f3 mucho en que se lo vendiera y termin\u00e9 cediendo, fue as\u00ed como nunca m\u00e1s volv\u00ed a ver mi primera obra que hice en acr\u00edlico, a\u00fan espero encontrar a esta persona y volver a verlo o tomarle una foto (ya que nunca lo hice).<\/p>\n<p style=\"text-align: justify;\"><strong><a href=\"https:\/\/heidysandovalruiz.com\/wp-content\/uploads\/2017\/03\/17410351_10213069327226628_1877715907_n.jpg\"><img loading=\"lazy\" decoding=\"async\" class=\"size-medium wp-image-4666 alignleft\" src=\"https:\/\/heidysandovalruiz.com\/wp-content\/uploads\/2017\/03\/17410351_10213069327226628_1877715907_n-224x300.jpg\" alt=\"17410351_10213069327226628_1877715907_n\" width=\"224\" height=\"300\" \/><\/a>\u00bfC\u00f3mo te adaptas al cambio de residencia al radicar en la capital? \u00a0<\/strong>No fue tan dif\u00edcil porque inici\u00e9 este viaje a la capital con dos de mis mejores amigos que tambi\u00e9n eran originarios de Asunci\u00f3n Mita y de esa manera siempre compart\u00edamos cosas en com\u00fan. Luego fui conociendo gente de la ciudad y me acopl\u00e9 con cierta facilidad ya que creo, que no me cuesta mucho hacer relaciones de amistad con las personas.<\/p>\n<p style=\"text-align: justify;\"><strong>\u00bfQu\u00e9 fue lo que a ti te motiv\u00f3 para escoger la pintura como tu profesi\u00f3n? <\/strong>Definitivamente el disfrutar de los resultados que la mano, mente y visi\u00f3n pueden dar a un p\u00fablico espec\u00edfico de personas que tambi\u00e9n aman y aprecian el arte. Crear obras que puedan dar un toque de cultura, sensibilidad, emoci\u00f3n, amor, uni\u00f3n y un mensaje lleno de color al mundo entero.<\/p>\n<p style=\"text-align: justify;\"><strong>\u00bfA qu\u00e9 pintores de nuestro pa\u00eds admiras y por qu\u00e9? <\/strong>Una pregunta bastante complicada ya que me dedico a dar clases de Arte e Historia del Arte y eso me ha llevado a valorar y conocer a varios exponentes que a pesar de no ser tan conocidos son extraordinarios pero en resumidas cuentas admiro mucho a los artistas guatemaltecos como Efra\u00edn Recinos, Pepo Toledo, Elmar Rojas,\u00a0 Alfredo Garc\u00eda, Sergio Alvarado, Rony Tuquer, Juan Carlos Calder\u00f3n, Carlos Ch\u00e1vez, entre otros; todos estos debido a que sus habilidades y representaciones de escenas y colorido guatemalteco son excepcionales y nos representan muy bien.<\/p>\n<p style=\"text-align: justify;\"><strong>\u00bfQu\u00e9 t\u00e9cnica es la que dominas? <\/strong>He tenido la oportunidad de estudiar y practicar varias t\u00e9cnicas como el \u00f3leo principalmente, acr\u00edlico, t\u00e9mpera, acuarela, pastel, l\u00e1piz, tinta entre otras, aunque debo decir que la t\u00e9cnica del \u00f3leo es mi favorita por su excelente manejo de color y aplicaci\u00f3n sobre el lienzo.<\/p>\n<p style=\"text-align: justify;\"><strong>\u00bfTe gusta pintar de todo o tienes algunas preferencias? <\/strong>Realmente me considero un tanto ecl\u00e9ctico pues me gusta pintar de todo un poco; ese ha sido uno de mis dilemas porque no estoy ligado a un estilo en particular aunque debo dejar en claro que me gusta mucho el Constructivismo Ruso, el Impresionismo, el Abstracto, el Simbolismo y el Cubismo.<a href=\"https:\/\/heidysandovalruiz.com\/wp-content\/uploads\/2017\/03\/17474478_10213069326826618_1659027619_n.jpg\"><img loading=\"lazy\" decoding=\"async\" class=\"size-medium wp-image-4669 alignright\" src=\"https:\/\/heidysandovalruiz.com\/wp-content\/uploads\/2017\/03\/17474478_10213069326826618_1659027619_n-200x300.jpg\" alt=\"17474478_10213069326826618_1659027619_n\" width=\"200\" height=\"300\" \/><\/a><\/p>\n<p style=\"text-align: justify;\"><strong>\u00bfCu\u00e1l es la primera exposici\u00f3n en la que participas? \u00bfGanaste alg\u00fan premio? <\/strong>La primera exposici\u00f3n formal en la que estuve fue en Asunci\u00f3n Mita, hace ya varios a\u00f1os y particip\u00e9 con un bodeg\u00f3n cl\u00e1sico de estilo europeo con un toque de frutas tropicales que por cierto ha sido uno de los cuadros que m\u00e1s tiempo me ha llevado hacer por el nivel de detalle que ten\u00edan las frutas y los elementos que estaban alrededor. En esa oportunidad no se premi\u00f3 ning\u00fan lugar, fue una exposici\u00f3n colectiva que al final me dej\u00f3 una gran ilusi\u00f3n de seguir en esto del arte y de llegar alg\u00fan d\u00eda a participar en grandes exposiciones rodeado de grandes artistas nacionales y al final se cumpli\u00f3 cuando lo hice en algunas galer\u00edas y por \u00faltimo en el festival Tecoarte 2016.<\/p>\n<p style=\"text-align: justify;\"><strong>\u00bfPuedes contarnos del concurso en el que por tres a\u00f1os consecutivos ganaste el primer premio? <\/strong>Bueno eso fue en mi infancia, cuando ten\u00eda 10 a\u00f1os empec\u00e9 a participar en un concurso de dibujo y pintura que se realizaba a nivel municipal al cual mis maestras de primaria siempre me enviaban a m\u00ed para poder representar a mi establecimiento educativo y fue as\u00ed como durante tres a\u00f1os gan\u00e9 el primer lugar realizando dibujos peque\u00f1os y en corto tiempo utilizando hojas de papel bond y crayones de madera \u00fanicamente.<\/p>\n<p style=\"text-align: justify;\"><strong>\u00bfEn cu\u00e1ntas exposiciones has participado y d\u00f3nde se han realizado? <\/strong>He tenido la oportunidad de participar en varias exposiciones nacionales creo que no tengo la cuenta exacta pero nombrar\u00e9 algunas de las m\u00e1s representativas:<\/p>\n<ul style=\"text-align: justify;\">\n<li>Exposici\u00f3n de pintura colectiva artistas mitecos, Asunci\u00f3n Mita, Jutiapa 2005 y 2007.<\/li>\n<li>Exposici\u00f3n Colectiva de Inauguraci\u00f3n, Galer\u00eda Azul 30 mayo 2015 Mazatenango,<\/li>\n<li>Exposici\u00f3n Colectiva del Colectivo de Chichicaste 2015, San Crist\u00f3bal, Toto.<\/li>\n<li>Exposici\u00f3n de Land Art en Colegio la Asunci\u00f3n, agosto 2015<\/li>\n<li>Exposici\u00f3n Colectiva del Carnaval de Mazatenango 2016<\/li>\n<li>Exposici\u00f3n colectiva de Aniversario Galer\u00eda Azul 27 de mayo 2016<\/li>\n<li>Exposici\u00f3n Colectiva, Muestra Permanente en Galer\u00eda Azul 2016<\/li>\n<li>Exposici\u00f3n Colectiva en Galer\u00eda Paseo Art\u00edstico, San Crist\u00f3bal, Toto., 2016<\/li>\n<li>Festival TECOARTE Guatemala 2016, Paseo Cayal\u00e1 Ciudad Guatemala 2016<\/li>\n<li>Distrito Cultural Zona Viva, Jueves de Arte, Hacienda Real Ciudad Guatemala y el edificio AVIA en 2016<\/li>\n<\/ul>\n<p style=\"text-align: justify;\"><strong>\u00bfC\u00f3mo te seleccionan para participar en el Festival TECOARTE GUATEMALA? <\/strong>Recib\u00ed un par de llamadas de la directora de la Galer\u00eda Azul de Mazatenango quien ya era mi conocida desde hace varios a\u00f1os atr\u00e1s y fue ah\u00ed cuando me coment\u00f3 que los organizadores del evento estaban buscando artistas originarios de Jutiapa para poder tener un representante de ese departamento, al final participamos varios y de entre ellos, fui el seleccionado para poder entrar a los 44 artista que luchar\u00edan por estar entre los 22 seleccionados y luego pintar en vivo en el festival TECOARTE del cual obtuve el primer lugar.<\/p>\n<p style=\"text-align: justify;\"><strong>\u00bfTe gusta impartir tus conocimientos? \u00bfDas clases?<\/strong> Si, definitivamente se ha convertido en parte de mis rutinas diarias pues a pesar de que soy arquitecto me encanta compartir conocimientos de arte e historia cada vez que se puede o que alguien que est\u00e9 interesado en esta rama.<a href=\"https:\/\/heidysandovalruiz.com\/wp-content\/uploads\/2017\/03\/17495437_10213069326386607_1492024186_n1.jpg\"><img loading=\"lazy\" decoding=\"async\" class=\"size-medium wp-image-4670 alignleft\" src=\"https:\/\/heidysandovalruiz.com\/wp-content\/uploads\/2017\/03\/17495437_10213069326386607_1492024186_n1-300x200.jpg\" alt=\"17495437_10213069326386607_1492024186_n\" width=\"300\" height=\"200\" \/><\/a><\/p>\n<p style=\"text-align: justify;\">Si, actualmente doy clases de pintura al \u00f3leo con varios grupos de personas amantes del arte que est\u00e1n dispuestos a pasar momentos de tranquilidad, creatividad, vida y armon\u00eda al hacer sus obras.<\/p>\n<p style=\"text-align: justify;\"><strong>\u00bfQu\u00e9 sentimiento te envuelve al pintar? <\/strong>Principalmente es algo indescriptible pero luego me doy cuenta que es mucha fuerza, mucha luz, mucha gana de enviar un mensaje a la juventud guatemalteca que a veces est\u00e1 fuera del alcance educativo nacional o simplemente de obras de arte en las cuales se pueden descubrir mensajes incre\u00edbles llenos de esperanza.<\/p>\n<p style=\"text-align: justify;\"><strong>De d\u00f3nde crees que naci\u00f3 tu talento \u00bfherencia? <\/strong>No creo que haya sido herencia porque en mi familia no hay nadie que en alg\u00fan momento se haya dedicado al arte. De hecho es un poco dif\u00edcil de creer pero vengo de una familia de ganaderos y agricultores que jam\u00e1s tendr\u00edan la paciencia de realizar una pintura. Esto lo catalogo como un don de Dios y realmente me siento afortunado de poder disfrutarlo y compartirlo con mis alumnos.<\/p>\n<p style=\"text-align: justify;\"><strong><a href=\"https:\/\/heidysandovalruiz.com\/wp-content\/uploads\/2017\/03\/17474802_10213069326706615_1271498223_n.jpg\"><img loading=\"lazy\" decoding=\"async\" class=\"size-medium wp-image-4671 alignright\" src=\"https:\/\/heidysandovalruiz.com\/wp-content\/uploads\/2017\/03\/17474802_10213069326706615_1271498223_n-219x300.jpg\" alt=\"17474802_10213069326706615_1271498223_n\" width=\"219\" height=\"300\" \/><\/a>\u00bfAdem\u00e1s de los lienzos que otras superficies has utilizado para plasmar tu arte? <\/strong>Madera s\u00f3lida, MDF, fibra de vidrio, resina, cer\u00e1mica, paredes, etc.; en las cuales he tenido la oportunidad de poder dejar mensajes positivos y compartir algunas veces con colegas del gremio art\u00edstico.<\/p>\n<p style=\"text-align: justify;\"><strong>\u00bfCu\u00e1les de tus sue\u00f1os te gustar\u00eda que se hicieran realidad en un futuro pr\u00f3ximo? <\/strong>Definitivamente ser\u00eda poder estudiar una temporada en alguna de las grandes escuelas de Arte de Nueva York, Los Angeles, Alemania, Francia, Italia o Espa\u00f1a. Para luego regresar a mi pa\u00eds y poder compartir la experiencia y crear arte nuevo con calidad internacional.<\/p>\n<p style=\"text-align: justify;\"><strong>\u00bfPuedes compartir un mensaje para quienes leen la entrevista? <\/strong>Mi mejor mensaje para compartir con ustedes es que la meta en esta vida es ser felices y no perfectos. Disfrutemos de un momento de arte siempre que podamos para que nuestra mente est\u00e9 llena de color, ideas nuevas, realidad social, t\u00e9cnicas diferentes y sobre todo sensibilidad huma que tanto la necesitamos en nuestro pa\u00eds.<\/p>\n<p style=\"text-align: justify;\"><strong>Seamos buenos ciudadanos y llenemos este mundo de sonrisas!<\/strong><\/p>\n<p style=\"text-align: justify;\">Agradecemos a Eduardo el habernos compartido su historia y le dese\u00e1mos muchos \u00e9xitos en lo que emprenda.<\/p>\n<p style=\"text-align: justify;\">Les invitamos para que se unan al grupo de <strong>\u00abArtistas de Guatemala para el Mundo\u00bb <\/strong>en este link <a href=\"http:\/\/on.fb.me\/1sn2wSf\">http:\/\/on.fb.me\/1sn2wSf<\/a> \u00a0\u00a0el cual tiene como prop\u00f3sito compartir videos, fotos, an\u00e9cdotas y todo lo de nuestros artistas en las diferentes d\u00e9cadas.<\/p>\n<p style=\"text-align: justify;\">Tambi\u00e9n ponemos a su disposici\u00f3n el grupo \u201c<strong>Un siglo de anuncios y algo m\u00e1s\u2026\u201d,<\/strong> un espacio donde pueden compartir o comentar los post que se publiquen <a href=\"http:\/\/on.fb.me\/1vASm2g\">http:\/\/on.fb.me\/1vASm2g<\/a><\/p>\n<p style=\"text-align: justify;\"><strong>Las entrevistas las pueden leer en los siguientes links:<\/strong><\/p>\n<p style=\"text-align: justify;\"><a href=\"http:\/\/www.heidysandovalruiz.com\">http:\/\/www.heidysandovalruiz.com<\/a><\/p>\n<p style=\"text-align: justify;\"><a href=\"http:\/\/lasentrevistasdeheidy.blogspot.com\">http:\/\/lasentrevistasdeheidy.blogspot.com<\/a><\/p>\n<p style=\"text-align: justify;\">\n<p style=\"text-align: justify;\"><strong>Entrevista realizada por Heidy Sandoval Ruiz<\/strong><\/p>\n","protected":false},"excerpt":{"rendered":"<div class=\"mh-excerpt\"><p>Para \u201cLas entrevistas de Heidy\u201d, es un gusto presentar a guatemaltecos que han dejado huella en cualquiera de las ramas del arte, la locuci\u00f3n, el <a class=\"mh-excerpt-more\" href=\"https:\/\/heidysandovalruiz.com\/?p=4662\" title=\"La cara amiga de \u00abEduardo Rodr\u00edguez\u00bb\">[&#8230;]<\/a><\/p>\n<\/div>","protected":false},"author":4,"featured_media":4663,"comment_status":"closed","ping_status":"closed","sticky":false,"template":"","format":"standard","meta":{"footnotes":""},"categories":[16],"tags":[335],"class_list":["post-4662","post","type-post","status-publish","format-standard","has-post-thumbnail","hentry","category-la-cara-amiga","tag-la-cara-amiga-de-eduardo-rodriguez"],"_links":{"self":[{"href":"https:\/\/heidysandovalruiz.com\/index.php?rest_route=\/wp\/v2\/posts\/4662","targetHints":{"allow":["GET"]}}],"collection":[{"href":"https:\/\/heidysandovalruiz.com\/index.php?rest_route=\/wp\/v2\/posts"}],"about":[{"href":"https:\/\/heidysandovalruiz.com\/index.php?rest_route=\/wp\/v2\/types\/post"}],"author":[{"embeddable":true,"href":"https:\/\/heidysandovalruiz.com\/index.php?rest_route=\/wp\/v2\/users\/4"}],"replies":[{"embeddable":true,"href":"https:\/\/heidysandovalruiz.com\/index.php?rest_route=%2Fwp%2Fv2%2Fcomments&post=4662"}],"version-history":[{"count":5,"href":"https:\/\/heidysandovalruiz.com\/index.php?rest_route=\/wp\/v2\/posts\/4662\/revisions"}],"predecessor-version":[{"id":7475,"href":"https:\/\/heidysandovalruiz.com\/index.php?rest_route=\/wp\/v2\/posts\/4662\/revisions\/7475"}],"wp:featuredmedia":[{"embeddable":true,"href":"https:\/\/heidysandovalruiz.com\/index.php?rest_route=\/wp\/v2\/media\/4663"}],"wp:attachment":[{"href":"https:\/\/heidysandovalruiz.com\/index.php?rest_route=%2Fwp%2Fv2%2Fmedia&parent=4662"}],"wp:term":[{"taxonomy":"category","embeddable":true,"href":"https:\/\/heidysandovalruiz.com\/index.php?rest_route=%2Fwp%2Fv2%2Fcategories&post=4662"},{"taxonomy":"post_tag","embeddable":true,"href":"https:\/\/heidysandovalruiz.com\/index.php?rest_route=%2Fwp%2Fv2%2Ftags&post=4662"}],"curies":[{"name":"wp","href":"https:\/\/api.w.org\/{rel}","templated":true}]}}