{"id":4677,"date":"2017-03-29T04:59:40","date_gmt":"2017-03-29T04:59:40","guid":{"rendered":"http:\/\/heidysandovalruiz.com\/?p=4677"},"modified":"2022-02-26T04:00:05","modified_gmt":"2022-02-26T04:00:05","slug":"la-cara-amiga-de-elizabeth-munoz","status":"publish","type":"post","link":"https:\/\/heidysandovalruiz.com\/?p=4677","title":{"rendered":"La cara amiga de \u00abElizabeth Mu\u00f1oz\u00bb"},"content":{"rendered":"<p style=\"text-align: justify;\">La \u201c<strong>Cara amiga de los invitados de Heidy<\/strong>\u201d, como muchos de ustedes se han enterado, es un espacio dedicado a reconocer y en otros casos a recordar a guatemaltecos que han dejado un legado en la historia del arte, la locuci\u00f3n, el periodismo, entre otros.\u00a0 Se publican los lunes y jueves y cada vez presentamos maravillosas historias contadas por quienes son parte importante de nuestra Guatemala.<\/p>\n<p style=\"text-align: justify;\">En esta oportunidad presento a una mujer enamorada de nuestra tierra y quien de hecho se ha nacionalizado guatemalteca pues ella naci\u00f3 en el vecino hermano de El Salvador. Actriz, directora, coordinadora, productora teatral, adem\u00e1s ha actuado en m\u00e1s de 50 obras de teatro, \u00a0as\u00ed de apasionada por lo que hace es <strong>Elizabeth Mu\u00f1oz<\/strong>, quien nos contar\u00e1 parte de su vida y su trayectoria.<\/p>\n<p style=\"text-align: justify;\">Siempre les digo a mis invitados que para aplaudir su trayectoria, es importante conocer parte de su vida y sobretodo de sus primeros a\u00f1os.<\/p>\n<p style=\"text-align: justify;\"><strong>\u00bfC\u00f3mo recuerdas tu ni\u00f1ez? \u00bfD\u00f3nde la vives? <\/strong>Tuve una ni\u00f1ez feliz, fui hija \u00fanica, fui un milagro que Dios le hizo a mi mam\u00e1, ella hab\u00eda tenido problemas para embarazarse.\u00a0 Nac\u00ed en Santa Ana, El Salvador, pero mi mam\u00e1 me trajo a Guatemala cuando ten\u00eda solo dos a\u00f1os de edad.\u00a0 As\u00ed es que todos mis estudios los realice en Guatemala, as\u00ed como mi vida. \u00a0Una parte de mi ni\u00f1ez la viv\u00ed en la zona tres, frente al mercado <em>El gallito<\/em>, y la otra en la zona siete y once.\u00a0 Ella me contaba que estando a\u00fan muy peque\u00f1a, me llevaba de la mano cuando iba al mercado a comprar las cosas para el almuerzo, yo ten\u00eda la costumbre de ver para atr\u00e1s e ir papaloteando; as\u00ed de distra\u00edda, era inevitable que cayera dentro de los canastos de tomates u otras verduras.\u00a0 Siempre digo que mi mam\u00e1 no me dio lo que quiso, sino me dio todo lo que pudo.\u00a0 Me hizo sentir que yo era importante para ella, respet\u00f3 mis decisiones, me dej\u00f3 ser.\u00a0 No s\u00e9 de d\u00f3nde sacaba tanta paciencia, yo hac\u00eda locuras a diestra y siniestra, en ocasiones ella re\u00eda, pero cuando me sal\u00eda del guacal tambi\u00e9n me daba mi buena calentada.<\/p>\n<figure id=\"attachment_4679\" aria-describedby=\"caption-attachment-4679\" style=\"width: 300px\" class=\"wp-caption alignright\"><a href=\"https:\/\/heidysandovalruiz.com\/wp-content\/uploads\/2017\/03\/17439597_10211396381046161_1152825748_n.jpg\"><img loading=\"lazy\" decoding=\"async\" class=\"size-medium wp-image-4679\" src=\"https:\/\/heidysandovalruiz.com\/wp-content\/uploads\/2017\/03\/17439597_10211396381046161_1152825748_n-300x231.jpg\" alt=\"Obra Oficina de divorcios, presentada en la UP en diciembre de 1989, dirigida por el maestro Rub\u00e9n Morales Monroy\" width=\"300\" height=\"231\" \/><\/a><figcaption id=\"caption-attachment-4679\" class=\"wp-caption-text\">Obra Oficina de divorcios, presentada en la UP en diciembre de 1989, dirigida por el maestro Rub\u00e9n Morales Monroy<\/figcaption><\/figure>\n<p style=\"text-align: justify;\">En el lugar donde trabajaba, mi mam\u00e1 conoci\u00f3 al hombre que yo consider\u00e9 como mi pap\u00e1, y con el que vivi\u00f3 ella toda su vida hasta que \u00e9l falleci\u00f3.\u00a0 Viv\u00edamos en una casa que ten\u00eda un patio grande, al fondo hab\u00eda algunos \u00e1rboles.\u00a0 Una vez mi pap\u00e1 me construy\u00f3 un columpio, hizo una base alta de madera, donde coloc\u00f3 dos lazos que amarr\u00f3 uno a cada extremo de un tuvo.\u00a0 No recuerdo por qu\u00e9 lleg\u00f3 una de las sobrinas de mi pap\u00e1, o sea mi prima postiza, me llevaba como tres a\u00f1os, creo que yo ten\u00eda cuatro a\u00f1os.\u00a0 Est\u00e1bamos columpi\u00e1ndonos por turnos, yo la empujaba de la espalda para que agarrara aviada, ella risa y risa; luego toc\u00f3 mi turno, me estaba empujando, lleg\u00f3 el momento que el columpio alcanz\u00f3 tanta altura que el \u00faltimo empuj\u00f3n me hizo volar por los aires, ca\u00ed como torta al suelo; yo lloraba mientras me levantaban, mis pap\u00e1s se enojaron y aparte tambi\u00e9n me dieron una calentada de nalgas; talvez lo hab\u00edan advertido y no hice caso.\u00a0 \u00a1Adi\u00f3s columpio!<\/p>\n<p style=\"text-align: justify;\"><strong>Hablando de an\u00e9cdotas de tu ni\u00f1ez \u00a1tienes alguna de Semana Santa? <\/strong>Precisamente ahora que se acerca la Semana Santa, recuerdo una vez que fuimos mi mam\u00e1 y yo a ver las procesiones de Viernes Santo, para esa ocasi\u00f3n decid\u00ed hacerme una gran cantidad de trencitas en el cabello, no era com\u00fan en ese entonces, yo ten\u00eda alrededor de trece a\u00f1os; en la calle mucha gente mi miraba asombrada, algunos les hac\u00eda gracia, otros con cierta burla. \u00a0Riendo avergonzada, mi mam\u00e1 dec\u00eda que estaba sirviendo de tentaci\u00f3n, no estaba lejos de la verdad.\u00a0 Hab\u00eda escuchado que en cualquier lugar donde te encuentres a las tres de la tarde del Viernes Santo,\u00a0 debes hacer una oraci\u00f3n.\u00a0 Yo siempre anduve en una b\u00fasqueda de Dios, y como tambi\u00e9n era teatrera; que nos dieron las tres de la tarde en plena sexta avenida, y muy solemne me hinqu\u00e9 para hacer mi oraci\u00f3n.\u00a0 \u00bfTe imaginas la escena?\u00a0 Una ni\u00f1a de trece a\u00f1os, con el cabello lleno de trenzas, hincada con los ojos cerrados en plena sexta avenida.\u00a0 Creo que mi pobre madre cambiaba de colores, con la gente que pasaba y me miraba en semejante ridiculez.<\/p>\n<figure id=\"attachment_4681\" aria-describedby=\"caption-attachment-4681\" style=\"width: 300px\" class=\"wp-caption alignleft\"><a href=\"https:\/\/heidysandovalruiz.com\/wp-content\/uploads\/2017\/03\/17548654_10211396412846956_973202674_o.jpg\"><img loading=\"lazy\" decoding=\"async\" class=\"size-medium wp-image-4681\" src=\"https:\/\/heidysandovalruiz.com\/wp-content\/uploads\/2017\/03\/17548654_10211396412846956_973202674_o-300x143.jpg\" alt=\"Obra Chu chu mi amor, de Julio D\u00edaz-Escamilla, bajo mi direcci\u00f3n, inauguraci\u00f3n del Teatr\u00e9n, FEGUA, enero de 2004\" width=\"300\" height=\"143\" \/><\/a><figcaption id=\"caption-attachment-4681\" class=\"wp-caption-text\">Obra Chu chu mi amor, de Julio D\u00edaz-Escamilla, bajo mi direcci\u00f3n, inauguraci\u00f3n del Teatr\u00e9n, FEGUA, enero de 2004<\/figcaption><\/figure>\n<p style=\"text-align: justify;\"><strong>\u00bfD\u00f3nde inicias a hacer teatro? <\/strong>Desde la primaria empec\u00e9 hacer algunas cosas, me gustaba participar en actos.\u00a0 Recuerdo que estando en tercero personifiqu\u00e9 al Chavo del ocho, lo hice improvisado; tuvo tanto \u00e9xito que la maestra me pidi\u00f3 que saliera otra vez, luego una tercera vez.\u00a0 Todos los ni\u00f1os estaban fascinados, y yo tambi\u00e9n lo estaba disfrutando.\u00a0 Imaginaba algunos personajes y los ensayaba frente al espejo en mi casa.<\/p>\n<p style=\"text-align: justify;\"><strong>\u00bfCu\u00e1l es el a\u00f1o que marca el inicio de la carrera profesional de Elizabeth? Y \u00bfC\u00f3mo recuerdas tus primeras experiencias teatrales?<\/strong> Estudiando en la Facultad de Ciencias Qu\u00edmicas y Farmacia de la Universidad de San Carlos de Guatemala, en una de las asignaturas la catedr\u00e1tica nos pidi\u00f3 que escenific\u00e1ramos el tema que se estaba tratando.\u00a0 Ni lerda ni perezosa, me apunt\u00e9; un compa\u00f1ero y yo trabajamos en la tarea, la presentamos en clase, les gust\u00f3 mucho el trabajo a todos; al finalizar, la licenciada me dijo si no hab\u00eda pensado en hacer teatro, a lo que yo le respond\u00ed que s\u00ed me gustar\u00eda, ella me dijo que ser\u00eda muy buena actriz, esas fueron las palabras <em>clave<\/em> que me inquietaron hacia este rumbo del arte dram\u00e1tico.<\/p>\n<p style=\"text-align: justify;\">Entr\u00e9 a la Academia de Arte Dram\u00e1tico de la Universidad Popular (UP) en enero de 1989, estaba bajo la direcci\u00f3n de don Rub\u00e9n Morales Monroy.<\/p>\n<p style=\"text-align: justify;\">Mis primeras experiencias teatrales fueron con la obra Los fantasmas, dirigida por Mayro De Le\u00f3n; este fue un trabajo muy interesante, con una l\u00ednea un tanto surrealista. \u00a0Tambi\u00e9n con don Tonito Garc\u00eda Urrea y sus Juguetes c\u00f3micos, igual lo disfrute bastante.<\/p>\n<p style=\"text-align: justify;\"><strong>\u00bfDe d\u00f3nde eres egresada y en qu\u00e9 \u00e9poca recibiste el estudio necesario? <\/strong>Soy egresada de la Universidad Popular, octubre de 1991.\u00a0 Al salir de la UP, segu\u00ed estudiando, ten\u00eda hambre de aprender cada d\u00eda m\u00e1s.\u00a0 Estuve en el desaparecido Teatro Metropolitano, que dirig\u00eda Jorge Hern\u00e1ndez Vielman.\u00a0 Tambi\u00e9n egres\u00e9 del Teatro de Arte Universitario (TAU) de la Universidad de San Carlos.\u00a0 Recib\u00ed cursos sobre expresi\u00f3n corporal, narrativa oral, psicolog\u00eda de personajes, t\u00e9cnicas de maquillaje, dramaturgia, creaci\u00f3n colectiva, signos teatrales, coordinaci\u00f3n t\u00e9cnica, danza africana, y otros que ya no recuerdo.<\/p>\n<figure id=\"attachment_4682\" aria-describedby=\"caption-attachment-4682\" style=\"width: 300px\" class=\"wp-caption alignright\"><a href=\"https:\/\/heidysandovalruiz.com\/wp-content\/uploads\/2017\/03\/17577939_10211396450927908_1139529125_n.jpg\"><img loading=\"lazy\" decoding=\"async\" class=\"size-medium wp-image-4682\" src=\"https:\/\/heidysandovalruiz.com\/wp-content\/uploads\/2017\/03\/17577939_10211396450927908_1139529125_n-300x218.jpg\" alt=\"Programa Pon los pies sobre la tierra, Radio Galaxia La Picosa, de sept. de 2001 a enero de 2005\" width=\"300\" height=\"218\" \/><\/a><figcaption id=\"caption-attachment-4682\" class=\"wp-caption-text\">Programa Pon los pies sobre la tierra, Radio Galaxia La Picosa, de sept. de 2001 a enero de 2005<\/figcaption><\/figure>\n<p style=\"text-align: justify;\">En M\u00e9xico he seguido prepar\u00e1ndome, recib\u00ed talleres de Teatro Vivo; Diplomado de Desarrollo Empresarial dirigido a la producci\u00f3n del trabajo teatral que estamos realizando; Cursos avanzados de Doblaje de Voz, entre otros.<\/p>\n<p style=\"text-align: justify;\"><strong>\u00bfA qu\u00e9 maestros recuerdas y qu\u00e9 tuvieron de especial en tu vida? <\/strong>Wooowww son muchos: el maestro Roberto Casta\u00f1eda, me instruy\u00f3 en el arte de la expresi\u00f3n corporal y la danza; el maestro Rub\u00e9n Morales Monroy en el arte de la actuaci\u00f3n, as\u00ed como los maestros Rodolfo Mej\u00eda Morales y Mayro De De\u00f3n; el maestro Julio Bartz en el arte de la escenograf\u00eda; el maestro Manuel Lisandro Ch\u00e1vez de quien aprend\u00ed no solo actuaci\u00f3n sino la trascendencia del artista en nuestra sociedad.\u00a0 Tambi\u00e9n recuerdo a la maestra Lety N\u00e1rez, que me instruy\u00f3 en el arte del ballet folkl\u00f3rico y moderno, que ahora se encuentra muy enferma por cierto.<\/p>\n<p style=\"text-align: justify;\"><strong>A prop\u00f3sito \u00bfEn qu\u00e9 grupos de teatro participaste? <\/strong>Form\u00e9 parte de la Compa\u00f1\u00eda de Teatro de la Universidad Popular, Grupo Escenario 7-79, grupo Pierrot\u2019s, grupo Upecito de UP, Compa\u00f1\u00eda Art\u00edstica Lenart, entre otros.\u00a0\u00a0 Co-fundadora del grupo Teatro-Estudio Los Cuatro, y co-fundadora de la Compa\u00f1\u00eda Art\u00edstica Arte Escena 3.<\/p>\n<p style=\"text-align: justify;\"><strong>\u00bfCu\u00e1l es la primera obra en la que te dan un protag\u00f3nico? <\/strong>Creo que fue en Los payas\u00f3nicos y el secreto del agua, texto de Abel Lam y dirigida por Sigfrido De Flor\u00e1n, recuerdo que Abel me dijo que hab\u00eda escrito esa obra para m\u00ed y quer\u00eda que yo hiciera el personaje de bella, la presentamos en septiembre de 1995 en el teatro Reforma.<\/p>\n<figure id=\"attachment_4680\" aria-describedby=\"caption-attachment-4680\" style=\"width: 300px\" class=\"wp-caption alignleft\"><a href=\"https:\/\/heidysandovalruiz.com\/wp-content\/uploads\/2017\/03\/17505770_10211396398846606_790255446_n.jpg\"><img loading=\"lazy\" decoding=\"async\" class=\"size-medium wp-image-4680\" src=\"https:\/\/heidysandovalruiz.com\/wp-content\/uploads\/2017\/03\/17505770_10211396398846606_790255446_n-300x206.jpg\" alt=\"Mon\u00f3logo Una mariposa en la ventana, presentado en la UP el 13 de nov. de 1991, homenaje a su autora Luz M\u00e9ndez de la Vega\" width=\"300\" height=\"206\" \/><\/a><figcaption id=\"caption-attachment-4680\" class=\"wp-caption-text\">Mon\u00f3logo Una mariposa en la ventana, presentado en la UP el 13 de nov. de 1991, homenaje a su autora Luz M\u00e9ndez de la Vega<\/figcaption><\/figure>\n<p style=\"text-align: justify;\"><strong>Ganaste un Festival de Mon\u00f3logos \u00bfCu\u00e9ntanos de esta experiencia? <\/strong>El festival fue organizado por don Rub\u00e9n Morales Monroy en octubre de 1991, en la Universidad Popular.\u00a0 Las mujeres deb\u00edamos representar el mon\u00f3logo Una mariposa en la ventana, y los hombres Sesi\u00f3n urgente, los dos son autor\u00eda de Luz M\u00e9ndez de la Vega.<\/p>\n<p style=\"text-align: justify;\">Fue una experiencia hermos\u00edsima.\u00a0 Lo trabajamos con Sigfrido De Flor\u00e1n, fue su primer trabajo de direcci\u00f3n teatral.\u00a0 El mon\u00f3logo retrata el caso de la enfermera que mato a sus hijos, llamada Marta Rosa.\u00a0 Hicimos una investigaci\u00f3n exhaustiva de la vida de ella, trabajaba en el IGSS, ten\u00eda muchos problemas econ\u00f3micos.\u00a0 Nos llev\u00f3 mucho tiempo de investigaci\u00f3n y ensayo.\u00a0 Fue un trabajo m\u00edstico, donde los dos llegamos a una misma concepci\u00f3n, no solo de personaje sino del sentimiento que llev\u00f3 a Marta Rosa a realizar dicho acto.<\/p>\n<p style=\"text-align: justify;\">Sigfrido y yo hicimos el acuerdo de no ver los trabajos anteriores a nuestra presentaci\u00f3n, de esta manera mostrar\u00edamos nuestra concepci\u00f3n propia, sin ninguna influencia.\u00a0 Al final me sent\u00ed muy satisfecha de ser reconocida como el primer lugar, tomando en cuenta que era mi examen final de actuaci\u00f3n; adem\u00e1s, ser\u00eda presentado en homenaje a su autora.<\/p>\n<p style=\"text-align: justify;\">Cuando Luz vio el mon\u00f3logo, hizo \u00e9nfasis en que se sent\u00eda honrada con la presentaci\u00f3n y que hab\u00edamos superado sus expectativas referentes al texto; adem\u00e1s, que era el estreno mundial de su obra.\u00a0 Tengo el libro de sus mon\u00f3logos <em>Tres rostros de mujer en soledad<\/em> dedicado y firmado por ella.<\/p>\n<figure id=\"attachment_4683\" aria-describedby=\"caption-attachment-4683\" style=\"width: 212px\" class=\"wp-caption alignright\"><a href=\"https:\/\/heidysandovalruiz.com\/wp-content\/uploads\/2017\/03\/17577785_10211396469568374_636417621_n.jpg\"><img loading=\"lazy\" decoding=\"async\" class=\"size-medium wp-image-4683\" src=\"https:\/\/heidysandovalruiz.com\/wp-content\/uploads\/2017\/03\/17577785_10211396469568374_636417621_n-212x300.jpg\" alt=\"Bailarina de ballet folkl\u00f3rico y moderno, presentaci\u00f3n en ANACAFE, a\u00f1o 2002\" width=\"212\" height=\"300\" \/><\/a><figcaption id=\"caption-attachment-4683\" class=\"wp-caption-text\">Bailarina de ballet folkl\u00f3rico y moderno, presentaci\u00f3n en ANACAFE, a\u00f1o 2002<\/figcaption><\/figure>\n<p style=\"text-align: justify;\"><strong>\u00bfQu\u00e9 tan f\u00e1cil o dif\u00edcil es hacer este tipo teatro? <\/strong>Pues creo que solamente requiere trabajo de investigaci\u00f3n, encarnar de manera genuina el personaje y ensayar, ensayar, ensayar.\u00a0 Personalmente me encanta trabajar mon\u00f3logos, especialmente de gran carga emotiva.\u00a0 Es meterte al p\u00fablico en el bolsillo como si fuera una pelota de b\u00e9isbol, luego sacarlo, jugar con \u00e9l, y al final tirarlo de nuevo a su butaca.<\/p>\n<p style=\"text-align: justify;\"><strong>Si te menciono el grupo de Teatro-Estudio Los Cuatro \u00bfQu\u00e9 traigo a tu mente? <\/strong>\u00a1Mucho ensayo! \u00a0La direcci\u00f3n del maestro Adolfo Hern\u00e1ndez en la obra La noche de los asesinos, con la que el autor Jos\u00e9 Triana gan\u00f3 el premio Casa de las Am\u00e9ricas en Cuba.\u00a0 El nombre de Los Cuatro, lo pusimos porque \u00e9ramos Fito Hern\u00e1ndez, Karla Amaya, Sigfrido de Floran y yo.<\/p>\n<p style=\"text-align: justify;\"><strong>A lo largo de tu carrera \u00bfQui\u00e9nes te han dirigido? <\/strong>Los maestros Manuel Lisandro Ch\u00e1vez, Rub\u00e9n Morales Monroy (+), Miguel Cuevas, Adolfo Hern\u00e1ndez (+), Mayro De Le\u00f3n, Rudy Mej\u00eda (+), Xavier Pacheco; Mario Roberto Gald\u00e1mez, Sigfrido De Flor\u00e1n, Lety N\u00e1rez, Otto Coronado, Fredy Chaj\u00f3n, Lissette Escobar, Leo de Soulas y algunos m\u00e1s.<\/p>\n<p style=\"text-align: justify;\"><strong>Puedes contarnos de \u00bfArte Escena 3? \u00bfCu\u00e1ndo se funda y qu\u00e9 se ha logrado? <\/strong>Claro, Thelmo y yo iniciamos el martes 3 de julio de 2001, con la adaptaci\u00f3n al teatro que hice del cuento El gato con botas de Charles Perrault, presentada en el teatro Las am\u00e9ricas, temporada para estudiantes de primaria. \u00a0Seguimos con Caja de Juguetes de la escritora Martita de Molina en el Teatro Las Am\u00e9ricas II, en abril y mayo de 2002, esta obra ya ten\u00eda la l\u00ednea que quer\u00edamos trabajar, la exaltaci\u00f3n de valores universales en el educando.<\/p>\n<p style=\"text-align: justify;\">El 6 de agosto de 2003 estrenamos la obra La Historia se repite en el Teatro de la C\u00e1mara de Industria.\u00a0 Con esta obra despuntamos el trabajo que estamos haciendo actualmente, un tipo de teatro m\u00e1s espiritual, que sea trascendente en los j\u00f3venes.<\/p>\n<figure id=\"attachment_4684\" aria-describedby=\"caption-attachment-4684\" style=\"width: 225px\" class=\"wp-caption alignleft\"><a href=\"https:\/\/heidysandovalruiz.com\/wp-content\/uploads\/2017\/03\/10419492_10204689606780996_2994912207014370041_n.jpg\"><img loading=\"lazy\" decoding=\"async\" class=\"size-medium wp-image-4684\" src=\"https:\/\/heidysandovalruiz.com\/wp-content\/uploads\/2017\/03\/10419492_10204689606780996_2994912207014370041_n-225x300.jpg\" alt=\"Un matrimonio por m\u00e1s de 35 a\u00f1os\" width=\"225\" height=\"300\" \/><\/a><figcaption id=\"caption-attachment-4684\" class=\"wp-caption-text\">Un matrimonio por m\u00e1s de 35 a\u00f1os<\/figcaption><\/figure>\n<p style=\"text-align: justify;\">Arte Escena 3 es un concepto de teatro de valores para estudiantes y p\u00fablico en general. \u00a0Hemos logrado llegar a miles de j\u00f3venes con esta actividad teatral para culturizar y concientizar sobre las decisiones que tomen en la vida.<\/p>\n<p style=\"text-align: justify;\">Est\u00e1 por salir nuestro primer libro titulado \u201cMilagros a la carta\u201d, donde compartimos las experiencias del impacto social que ha causado nuestro trabajo teatral, y la manera en que hemos realizado muchas de las producciones art\u00edsticas.<\/p>\n<p style=\"text-align: justify;\"><strong>\u00bfDesde cu\u00e1ndo y por qu\u00e9 te vas a radicar a M\u00e9xico? <\/strong>Desde el 1\u00ba. De marzo de 2005 salimos de Guatemala.\u00a0 Nuestra visi\u00f3n es llegar a toda Latinoam\u00e9rica, empezando por M\u00e9xico hasta la Patagonia.\u00a0 Si Dios nos presta la vida lo lograremos.\u00a0 Hasta el momento hemos trabajado veintinueve ciudades de la Rep\u00fablica Mexicana. \u00a0Tambi\u00e9n hemos preparado actores dentro de la l\u00ednea del teatro de valores.<\/p>\n<p style=\"text-align: justify;\"><strong>\u00bfHas hecho cine? \u00bfC\u00f3mo recuerdas esa experiencia? <\/strong>Si, un poco.\u00a0 Trabaj\u00e9 en <em>La casa de enfrente<\/em>, una pel\u00edcula de Casa Comal, bajo la direcci\u00f3n de El\u00edas Jim\u00e9nez.\u00a0 En <em>The myth of time, <\/em>bajo la direcci\u00f3n de Miller Koepenick.<\/p>\n<p style=\"text-align: justify;\">Recuerdo una an\u00e9cdota, me llamaron para hacer un papel de extra en la pel\u00edcula <em>Donde acaban los caminos, <\/em>de Mario Monteforte Toledo.\u00a0 Se iba a filmar la escena de la fiesta familiar en una casa de Antigua Guatemala.\u00a0 Un grupo de compa\u00f1eras actrices y yo ser\u00edamos las mujeres metiches, vestidas de negro, que husmeaban por la ventana.\u00a0 Hab\u00eda mucho fr\u00edo, la filmaci\u00f3n se estaba retrasando, aunque ten\u00edamos ropa abrigadora, no era lo suficiente.\u00a0 Sabes que cuando tienes mucho fr\u00edo te da por ir al ba\u00f1o seguido, pues esa noche no fue la excepci\u00f3n.\u00a0 Me aguantaba por la preocupaci\u00f3n que nos iban a llamar de un momento a otro, pero tal eran las ganas del uno, que decid\u00ed ir; en ese preciso momento nos llamaron, claro yo no sal\u00ed en la escena porque cuando regres\u00e9 ya estaban filmando.\u00a0 Luego supe que algunas compa\u00f1eras se hab\u00edan enfermado del pecho por estar expuestas al fr\u00edo de la calle, \u00a1de la que me escap\u00e9!<\/p>\n<p style=\"text-align: justify;\"><strong>\u00bfCu\u00e9ntanos de tu trabajo al lado de don Tonito Garc\u00eda Urrea? <\/strong>\u00c9l siempre fue una persona muy c\u00e1lida y respetuosa.\u00a0 Con esa sencillez que lo caracterizaba, me dejaba en libertad para crear mis personajes.\u00a0 Ensay\u00e1bamos en AMARES, me parece que era \u201cAsociaci\u00f3n de amigos del arte\u201d.\u00a0 Fueron trabajos ligeros que me permitieron hacer mis primeras exploraciones art\u00edsticas internas.\u00a0 Nos presentamos en diferentes instituciones, no gan\u00e1bamos, era el gusto de hacer teatro.<\/p>\n<p style=\"text-align: justify;\"><strong>\u00bfTienes\u00a0 actrices guatemaltecas que sean un ejemplo para seguir en tu carrera? <\/strong>Admiro mucho el trabajo de Paty Orantes, de do\u00f1a Mar\u00eda Teresa Mart\u00ednez.<a href=\"https:\/\/heidysandovalruiz.com\/wp-content\/uploads\/2017\/03\/1380579_10201984849123745_1472223219_n.jpg\"><img loading=\"lazy\" decoding=\"async\" class=\"size-medium wp-image-4685 alignright\" src=\"https:\/\/heidysandovalruiz.com\/wp-content\/uploads\/2017\/03\/1380579_10201984849123745_1472223219_n-300x199.jpg\" alt=\"1380579_10201984849123745_1472223219_n\" width=\"300\" height=\"199\" \/><\/a><\/p>\n<p style=\"text-align: justify;\"><strong>\u00bfEn cu\u00e1ntas obras has actuado? \u00bfPuedes mencionar algunas? <\/strong>M\u00e1s de 55 obras de teatro realizadas, entre las que est\u00e1n De lo vivo a lo pintado, El Se\u00f1or Presidente, El Benem\u00e9rito pueblo de Villabuena, La Tercera Palabra, La vida de Lazarillo de Tormes, El gato con botas, Entre mujeres, Evita Portillo, Alucinando con caballitos volando, El n\u00famero cinco, Oficina de divorcios, M\u2019hijo el bachiller, La noche de los asesinos, Cita para dos, Un cuento detr\u00e1s de las monta\u00f1as, Sancho Panza en la \u00cdnsula, Se solicita amante con referencias, La historia se repite, Agencia de empleos, Aventuras en la selva, La promesa Opera Rock, Una primera dama de segunda, La ceniza del habano, \u00a0Una mariposa en la ventana, Todo por chuchos, Mon\u00f3logos Mujeres tras la pared, Los reyes feos en el centenario de la Huela de dolores, Chu chu mi amor, Tres hombres de ma\u00edz, La historia del Himno Nacional de Guatemala, La selva en navidad, Sida emisario de la muerte, Estuve muerto y no me gust\u00f3, La selva en navidad, y otras.<\/p>\n<p style=\"text-align: justify;\"><strong>\u00bfQu\u00e9 papel te gustar\u00eda hacer que no hayas hecho? <\/strong>Bernarda, en la obra La casa de Bernarda Alba.<\/p>\n<p style=\"text-align: justify;\"><strong>\u00bfCu\u00e1ntas obras has producido? <\/strong>Alrededor de diecis\u00e9is obras teatrales, aparte de eventos art\u00edsticos y musicales.<\/p>\n<p style=\"text-align: justify;\"><strong>\u00bfQu\u00e9 otras actividades a parte del teatro has realizado? <\/strong>Soy locutora, egresada de Radiodifusi\u00f3n Televisi\u00f3n Nacional, \u00a0cuando era director el se\u00f1or Plinio Quintana V. \u00a0Trabaj\u00e9 en el programa <em>Pon los pies sobre la tierra, <\/em>en Radio Galaxia \u201cLa picosa\u201d.<\/p>\n<p style=\"text-align: justify;\">Hice ballet folkl\u00f3rico y moderno con la Compa\u00f1\u00eda Art\u00edstica Lenart, shows especiales: Mu\u00f1ecos Musicales, Los Cuenta Cuentos, Cuentos de nuestra ciudad y otros, bajo la direcci\u00f3n de la maestra Leticia N\u00e1rez.\u00a0 Tambi\u00e9n form\u00e9 parte del grupo Folklore Chap\u00edn bajo la direcci\u00f3n de Lissette Escobar; haciendo giras a todo el interior de Guatemala.<\/p>\n<figure id=\"attachment_4686\" aria-describedby=\"caption-attachment-4686\" style=\"width: 206px\" class=\"wp-caption alignleft\"><a href=\"https:\/\/heidysandovalruiz.com\/wp-content\/uploads\/2017\/03\/12734087_10207923157937754_2830737725671292926_n.jpg\"><img loading=\"lazy\" decoding=\"async\" class=\"size-full wp-image-4686\" src=\"https:\/\/heidysandovalruiz.com\/wp-content\/uploads\/2017\/03\/12734087_10207923157937754_2830737725671292926_n.jpg\" alt=\"Payasita Tita\" width=\"206\" height=\"206\" srcset=\"https:\/\/heidysandovalruiz.com\/wp-content\/uploads\/2017\/03\/12734087_10207923157937754_2830737725671292926_n.jpg 206w, https:\/\/heidysandovalruiz.com\/wp-content\/uploads\/2017\/03\/12734087_10207923157937754_2830737725671292926_n-150x150.jpg 150w\" sizes=\"auto, (max-width: 206px) 100vw, 206px\" \/><\/a><figcaption id=\"caption-attachment-4686\" class=\"wp-caption-text\">Payasita Tita<\/figcaption><\/figure>\n<p style=\"text-align: justify;\">A fines del a\u00f1o 2004 dirig\u00ed la construcci\u00f3n del\u00a0 <em>Teatr\u00e9n<\/em>, Teatro del Ferrocarril, en FEGUA; lo inauguramos con el estreno de la obra Chu chu mi amor, del dramaturgo Julio D\u00edaz-Escamilla. \u00a0De esta obra tengo una an\u00e9cdota, el elenco estuvo conformado por grandes actores de la escena guatemalteca: Alfredo Mor\u00e1n, Leonel Ram\u00edrez, Leonel Cruz, Julio Hern\u00e1ndez, Dannii Mu\u00f1oz, Joaqu\u00edn Hern\u00e1ndez y tu servidora. La escenograf\u00eda la realiz\u00f3 el maestro Thelmo Boche. Hicimos veintis\u00e9is funciones a todo p\u00fablico, fueron gratuitas porque se hab\u00eda hecho un convenio con el interventor de Fegua en ese momento; resulta que hubo un cambio y el nuevo interventor nos dijo que iba a respetar el acuerdo.\u00a0 Al terminar las funciones, nos sali\u00f3 con que no hab\u00eda presupuesto.\u00a0 Fue frustrante para todos, \u00a0me sent\u00ed muy mal con los compa\u00f1eros que confiaron en m\u00ed para llevar a cabo ese proyecto.\u00a0 A pesar de todo, la pasamos muy bien, nos divertimos con las bromas que surg\u00edan a cada momento.<\/p>\n<p style=\"text-align: justify;\">He dado clases de actuaci\u00f3n dentro de los Cursos Avanzados y Diplomado de Doblaje de voz, en Nami Studios en Puebla, M\u00e9xico.\u00a0 As\u00ed como Talleres de teatro, con la t\u00e9cnica que he ido creando a trav\u00e9s de la experimentaci\u00f3n en todos estos a\u00f1os de trabajo art\u00edstico.<\/p>\n<p style=\"text-align: justify;\"><strong>\u00bfC\u00f3mo defines tu personalidad? <\/strong>Soy una mujer tenaz, no me dejo vencer f\u00e1cilmente.\u00a0 Don Meme Ch\u00e1vez me dec\u00eda que me ve\u00eda como un motorcito que nunca para.\u00a0 Me gustan los desaf\u00edos, he tenido una vida llena de aventuras, alegr\u00edas y sin sabores, como cualquiera.\u00a0 Sobre todo soy una mujer con prop\u00f3sito, una fiel creyente en que Dios me sostiene en todo momento, y mi mayor deseo es servirle hasta el final de mis d\u00edas.<\/p>\n<p style=\"text-align: justify;\"><strong>\u00bfHas realizado otros estudios? <\/strong>Estudi\u00e9 el Profesorado de Ense\u00f1anza Media en Arte con especialidad en Teatro en la Universidad Mariano G\u00e1lvez y el diplomado de Desarrollo Empresarial en la Benem\u00e9rita Universidad Aut\u00f3noma de Puebla, M\u00e9xico.<\/p>\n<p style=\"text-align: justify;\"><strong>\u00bfPuedes enviar un saludo a quienes lean la entrevista? <\/strong>Por supuesto, s\u00e9 que muchos de mis compa\u00f1eros artistas leer\u00e1n esta entrevista.\u00a0 Aprovecho para desearle a cada uno que alcance sus metas, que su vida sea plena, y que todos sus sue\u00f1os se realicen.\u00a0 Les saludo con todo mi cari\u00f1o, aunque estoy lejos, mis sentimientos hacia mi gente no han cambiado.\u00a0 Los gratos recuerdos me retroalimentan en todo momento.\u00a0 Deseo que hayan pasado feliz D\u00eda Internacional del Teatro.\u00a0 Un fuerte abrazo de su compa\u00f1era de siempre.<\/p>\n<p style=\"text-align: justify;\">Agradezco a Elizabeth el haber compartido con nosotros parte de su vida, y digo parte porque falt\u00f3 mucho por contarnos, como que adem\u00e1s de su trayectoria es madres de tres varones y un s\u00f3lido matrimonio de 35 a\u00f1os.\u00a0 Exitos en tus proyectos.\u00a0\u00a0 Y cu\u00e9ntanos siempre por donde andas para que demos seguimiento a tu carrera.<\/p>\n<p><iframe loading=\"lazy\" src=\"https:\/\/www.youtube.com\/embed\/oFXBZ7szGHM?ecver=1\" width=\"560\" height=\"315\" frameborder=\"0\" allowfullscreen=\"allowfullscreen\"><\/iframe><\/p>\n<p><iframe loading=\"lazy\" src=\"https:\/\/www.youtube.com\/embed\/VGCAR7msZmk?ecver=1\" width=\"560\" height=\"315\" frameborder=\"0\" allowfullscreen=\"allowfullscreen\"><\/iframe><\/p>\n<p><iframe loading=\"lazy\" src=\"https:\/\/www.youtube.com\/embed\/IusXwrr597I?ecver=1\" width=\"560\" height=\"315\" frameborder=\"0\" allowfullscreen=\"allowfullscreen\"><\/iframe><\/p>\n<p><iframe loading=\"lazy\" src=\"https:\/\/www.youtube.com\/embed\/AnsdxYpUDCw?ecver=1\" width=\"560\" height=\"315\" frameborder=\"0\" allowfullscreen=\"allowfullscreen\"><\/iframe><\/p>\n<figure id=\"attachment_4687\" aria-describedby=\"caption-attachment-4687\" style=\"width: 300px\" class=\"wp-caption aligncenter\"><a href=\"https:\/\/heidysandovalruiz.com\/wp-content\/uploads\/2017\/03\/17555196_10211396493008960_2006165604_n.jpg\"><img loading=\"lazy\" decoding=\"async\" class=\"size-medium wp-image-4687\" src=\"https:\/\/heidysandovalruiz.com\/wp-content\/uploads\/2017\/03\/17555196_10211396493008960_2006165604_n-300x200.jpg\" alt=\"En el foro de la obra Estuve muerto y no me gust\u00f3, autor\u00eda y direcci\u00f3n m\u00eda, presentada en el Auditorio del Complejo Cultural Universitario de la BUAP en Puebla, M\u00e9xico, 3 de dic. de 2014.\" width=\"300\" height=\"200\" srcset=\"https:\/\/heidysandovalruiz.com\/wp-content\/uploads\/2017\/03\/17555196_10211396493008960_2006165604_n-300x200.jpg 300w, https:\/\/heidysandovalruiz.com\/wp-content\/uploads\/2017\/03\/17555196_10211396493008960_2006165604_n.jpg 960w\" sizes=\"auto, (max-width: 300px) 100vw, 300px\" \/><\/a><figcaption id=\"caption-attachment-4687\" class=\"wp-caption-text\">En el foro de la obra Estuve muerto y no me gust\u00f3, autor\u00eda y direcci\u00f3n m\u00eda, presentada en el Auditorio del Complejo Cultural Universitario de la BUAP en Puebla, M\u00e9xico, 3 de dic. de 2014.<\/figcaption><\/figure>\n<p style=\"text-align: justify;\">Les invitamos para que se unan al grupo de <strong>\u00abArtistas de Guatemala para el Mundo\u00bb <\/strong>en este link <a href=\"http:\/\/on.fb.me\/1sn2wSf\">http:\/\/on.fb.me\/1sn2wSf<\/a> \u00a0\u00a0el cual tiene como prop\u00f3sito compartir videos, fotos, an\u00e9cdotas y todo lo de nuestros artistas en las diferentes d\u00e9cadas.<\/p>\n<p style=\"text-align: justify;\">Tambi\u00e9n ponemos a su disposici\u00f3n el grupo <strong>\u201cUn siglo de anuncios y algo m\u00e1s\u2026\u201d, <\/strong>un espacio donde pueden compartir o comentar los post que se publiquen <a href=\"http:\/\/on.fb.me\/1vASm2g\">http:\/\/on.fb.me\/1vASm2g<\/a><\/p>\n<p style=\"text-align: justify;\"><strong>Las entrevistas las pueden leer en los siguientes links:<\/strong><\/p>\n<p style=\"text-align: justify;\"><a href=\"http:\/\/www.heidysandovalruiz.com\">http:\/\/www.heidysandovalruiz.com<\/a><\/p>\n<p style=\"text-align: justify;\"><a href=\"http:\/\/lasentrevistasdeheidy.blogspot.com\">http:\/\/lasentrevistasdeheidy.blogspot.com<\/a><\/p>\n<p style=\"text-align: justify;\">\n<p style=\"text-align: justify;\"><strong>Entrevista realizada por Heidy Sandoval Ruiz<\/strong><\/p>\n","protected":false},"excerpt":{"rendered":"<div class=\"mh-excerpt\"><p>La \u201cCara amiga de los invitados de Heidy\u201d, como muchos de ustedes se han enterado, es un espacio dedicado a reconocer y en otros casos <a class=\"mh-excerpt-more\" href=\"https:\/\/heidysandovalruiz.com\/?p=4677\" title=\"La cara amiga de \u00abElizabeth Mu\u00f1oz\u00bb\">[&#8230;]<\/a><\/p>\n<\/div>","protected":false},"author":4,"featured_media":4695,"comment_status":"closed","ping_status":"closed","sticky":false,"template":"","format":"standard","meta":{"footnotes":""},"categories":[16],"tags":[336],"class_list":["post-4677","post","type-post","status-publish","format-standard","has-post-thumbnail","hentry","category-la-cara-amiga","tag-la-cara-amiga-de-elizabeth-munoz"],"_links":{"self":[{"href":"https:\/\/heidysandovalruiz.com\/index.php?rest_route=\/wp\/v2\/posts\/4677","targetHints":{"allow":["GET"]}}],"collection":[{"href":"https:\/\/heidysandovalruiz.com\/index.php?rest_route=\/wp\/v2\/posts"}],"about":[{"href":"https:\/\/heidysandovalruiz.com\/index.php?rest_route=\/wp\/v2\/types\/post"}],"author":[{"embeddable":true,"href":"https:\/\/heidysandovalruiz.com\/index.php?rest_route=\/wp\/v2\/users\/4"}],"replies":[{"embeddable":true,"href":"https:\/\/heidysandovalruiz.com\/index.php?rest_route=%2Fwp%2Fv2%2Fcomments&post=4677"}],"version-history":[{"count":7,"href":"https:\/\/heidysandovalruiz.com\/index.php?rest_route=\/wp\/v2\/posts\/4677\/revisions"}],"predecessor-version":[{"id":7472,"href":"https:\/\/heidysandovalruiz.com\/index.php?rest_route=\/wp\/v2\/posts\/4677\/revisions\/7472"}],"wp:featuredmedia":[{"embeddable":true,"href":"https:\/\/heidysandovalruiz.com\/index.php?rest_route=\/wp\/v2\/media\/4695"}],"wp:attachment":[{"href":"https:\/\/heidysandovalruiz.com\/index.php?rest_route=%2Fwp%2Fv2%2Fmedia&parent=4677"}],"wp:term":[{"taxonomy":"category","embeddable":true,"href":"https:\/\/heidysandovalruiz.com\/index.php?rest_route=%2Fwp%2Fv2%2Fcategories&post=4677"},{"taxonomy":"post_tag","embeddable":true,"href":"https:\/\/heidysandovalruiz.com\/index.php?rest_route=%2Fwp%2Fv2%2Ftags&post=4677"}],"curies":[{"name":"wp","href":"https:\/\/api.w.org\/{rel}","templated":true}]}}