{"id":4729,"date":"2017-04-17T03:53:26","date_gmt":"2017-04-17T03:53:26","guid":{"rendered":"http:\/\/heidysandovalruiz.com\/?p=4729"},"modified":"2022-02-26T04:51:34","modified_gmt":"2022-02-26T04:51:34","slug":"la-cara-amiga-de-elder-morales","status":"publish","type":"post","link":"https:\/\/heidysandovalruiz.com\/?p=4729","title":{"rendered":"La cara amiga de \u00abElder Morales\u00bb"},"content":{"rendered":"<p style=\"text-align: justify;\">En \u201c<strong>La cara amiga de los invitados de Heidy<\/strong>\u201d presentamos en esta oportunidad a un guatemalteco originario de Santa Ana Huista, Huehuetenango, ha escrito poes\u00eda y participado en varias pel\u00edculas, les contar\u00e9 en esta ocasi\u00f3n la vida de <strong>Elder Exvedi Morales M\u00e9rida<\/strong>. De esto y mucho m\u00e1s nos hablar\u00e1 en esta entrevista en la que conoceremos la historia de un huehueteco que su pasi\u00f3n es la poes\u00eda y quien realiz\u00f3 otros estudios como folklore, dramaturgia, composici\u00f3n musical.<\/p>\n<p style=\"text-align: justify;\">Bienvenido a este espacio donde se puede decir lo que se quiere y en otros lados no se puede.<\/p>\n<p style=\"text-align: justify;\"><strong>Para dar inicio a nuestra entrevista cu\u00e9ntenos \u00bfC\u00f3mo recuerda su ni\u00f1ez en ese bello escenario de Santa Ana Huista y c\u00f3mo era la relaci\u00f3n con sus padres? <\/strong>De mi ni\u00f1ez, tengo muchos recuerdos, recuerdos que siempre est\u00e1n agazapados en mi memoria se\u00f1al\u00e1ndome con el \u00edndice, pues fue marcada por el Conflicto Armado Interno. Mi pueblo, Santa Ana Huista, fundado el 26 de julio de 1549, fue una de las comunidades que m\u00e1s sufri\u00f3 durante este horrendo episodio de la historia de Guatemala.<\/p>\n<p style=\"text-align: justify;\">En mi familia perd\u00ed a muchos seres queridos, entre ellos, a mi se\u00f1or padre Vicente Paul&nbsp; Morales Hidalgo, quien, en esa \u00e9poca era el Alcalde Municipal. Yo apenas ten\u00eda 4 a\u00f1os de edad cuando fui a su despacho a ver su cad\u00e1ver. Mi hermano Adalid ten\u00eda 6 a\u00f1os. \u00c9l siempre fue azotado por esos traumas que la guerra pari\u00f3. Hace un par de a\u00f1os, mi hermano tom\u00f3 el terrible camino del suicidio.<\/p>\n<p style=\"text-align: justify;\">De peque\u00f1o me vi en la obligaci\u00f3n de trabajar y de migrar a poblados mexicanos. Podr\u00eda decir que nunca tuve una familia. Desde muy joven me volv\u00ed un trotamundos. No hab\u00eda otro camino.<\/p>\n<p style=\"text-align: justify;\">En resumen, puedo decir que me robaron mucho, pero jam\u00e1s me cortaron las alas\u2026Creo que vine al mundo con un libro bajo el brazo\u2026<\/p>\n<figure id=\"attachment_4730\" aria-describedby=\"caption-attachment-4730\" style=\"width: 201px\" class=\"wp-caption alignright\"><a href=\"https:\/\/heidysandovalruiz.com\/wp-content\/uploads\/2017\/04\/1557487_607966882584740_1688691877_n.jpg\"><img loading=\"lazy\" decoding=\"async\" class=\"size-medium wp-image-4730\" src=\"https:\/\/heidysandovalruiz.com\/wp-content\/uploads\/2017\/04\/1557487_607966882584740_1688691877_n-201x300.jpg\" alt=\"Interpretando a un militar en la obra teatral La Chenta, Universidad Popular de Guatemala, 2001\" width=\"201\" height=\"300\"\/><\/a><figcaption id=\"caption-attachment-4730\" class=\"wp-caption-text\">Interpretando a un militar en la obra teatral La Chenta, Universidad Popular de Guatemala, 2001<\/figcaption><\/figure>\n<p style=\"text-align: justify;\">Lo que usted nos cuenta es un episodio que definitivamente marc\u00f3 su vida, pero me imagino que con esa entereza que lo define usted logra de alguna manera salir adelante y para ello debi\u00f3 prepararse <strong>\u00bfEn qu\u00e9 colegio realiz\u00f3 sus estudios de primaria y b\u00e1sicos?<\/strong> La primaria la curs\u00e9 en la Escuela Oficial Urbana Mixta \u201cRafael \u00c1lvarez Ovalle\u201d y la educaci\u00f3n b\u00e1sica en el Instituto por Cooperativa del citado municipio.<\/p>\n<p style=\"text-align: justify;\"><strong>\u00bfQu\u00e9 estudios realiza en la Universidad? <\/strong>En 1994&nbsp; emigr\u00e9 a la ciudad de Guatemala donde viv\u00ed durante casi dos d\u00e9cadas. Estudi\u00e9 en la Escuela Normal para Maestros de Formaci\u00f3n Musical \u201cJes\u00fas Mar\u00eda Alvarado\u201d. Tambi\u00e9n estudi\u00e9 en la Academia de Arte Dram\u00e1tico \u201cRub\u00e9n Morales Monroy\u201d, en la Universidad Popular. En el Conservatorio Nacional de M\u00fasica \u201cGerm\u00e1n Alc\u00e1ntara\u201d estudi\u00e9 un tiempo. Despu\u00e9s me gradu\u00e9 de Periodista en la Universidad de San Carlos de Guatemala.<\/p>\n<p style=\"text-align: justify;\">Tambi\u00e9n estudi\u00e9 el Profesorado en Pedagog\u00eda y Ciencias Sociales en la Universidad Panamericana, y este a\u00f1o cierro la Licenciatura en Pedagog\u00eda y Administraci\u00f3n Educativa, en la misma universidad.<\/p>\n<p style=\"text-align: justify;\">Asimismo, retom\u00e9 la carrera de Ciencias Jur\u00eddicas y Sociales en la Universidad Da Vinci de Guatemala, sede Huehuetenango.<\/p>\n<p style=\"text-align: justify;\"><strong>Pero una de sus pasiones es la poes\u00eda \u00bfA qu\u00e9 edad fue que se interes\u00f3 con lo relacionado a este tema? <\/strong>Desde peque\u00f1o, cuando le\u00ed algo sobre Otto Ren\u00e9 Castillo, Pablo Neruda, Miguel \u00c1ngel Asturias,&nbsp; y muchos otros. Estudiaba, entonces, en la primaria.<\/p>\n<p style=\"text-align: justify;\"><strong>\u00bfC\u00f3mo recuerda su primer poema? \u00bfA qui\u00e9n fue dedicado? <\/strong>Mi primer poema estaba dedicado a mi padre. A \u00e9l lo conoc\u00ed muy poco. La guerra, como ya lo dije, me lo arrebat\u00f3.<\/p>\n<p style=\"text-align: justify;\">\u201cY entonces, mi amado padre, ya no volvi\u00f3, y dej\u00e9 de sonre\u00edr\u201d, as\u00ed comenzaba el poema de dos cuartetos.<\/p>\n<p style=\"text-align: justify;\"><strong>Pero la m\u00fasica es otra de sus pasiones \u00bfC\u00f3mo le llega el gusto musical? \u00bfQu\u00e9 instrumento ejecuta? <\/strong>En la escuela primaria cantaba, declamaba y actuaba. Desde peque\u00f1o,&nbsp; fui muy so\u00f1ador. Anhelaba ser cantante, escritor, periodista,&nbsp; actor y muchos m\u00e1s.&nbsp; Ejecuto un poco guitarra, piano y flauta.<\/p>\n<p style=\"text-align: justify;\"><strong><a href=\"https:\/\/heidysandovalruiz.com\/wp-content\/uploads\/2017\/04\/10405645_671012542946840_7765306550325741776_n.jpg\"><img loading=\"lazy\" decoding=\"async\" class=\"size-medium wp-image-4732 alignleft\" src=\"https:\/\/heidysandovalruiz.com\/wp-content\/uploads\/2017\/04\/10405645_671012542946840_7765306550325741776_n-300x300.jpg\" alt=\"10405645_671012542946840_7765306550325741776_n\" width=\"300\" height=\"300\"\/><\/a>\u00bfC\u00f3mo se involucra en la Red Nacional de Gestores Culturales? <\/strong>En la Compa\u00f1\u00eda de la Universidad Popular donde actu\u00e9 en varias obras, conoc\u00ed a mi estimado amigo Marco Tulio Monz\u00f3n. Fue \u00e9l quien me invit\u00f3 a involucrarme, pues conoce mi labor en el teatro, m\u00fasica, periodismo &nbsp;y gesti\u00f3n cultural.<\/p>\n<p style=\"text-align: justify;\"><strong>Dicen que la vida no es solo trabajo \u00bfQu\u00e9 hace en sus tiempos libres, adem\u00e1s de escribir poes\u00eda?<\/strong> Leo, tengo una biblioteca grande en mi casa. Los libros son mis mejores&nbsp; amigos.&nbsp; Y cuando leo, tengo el monumental privilegio de pararme frente a m\u00ed mismo. Cuando leo, viajo mucho, y sin gastar un solo centavo.&nbsp; Al mismo tiempo, me dedico a zurcir recuerdos. Me gusta volver a mis ra\u00edces\u2026<\/p>\n<p style=\"text-align: justify;\"><strong>\u00bfEn qu\u00e9 medios de comunicaci\u00f3n ha publicado sus trabajos? <\/strong>En las radios de la regi\u00f3n Huista leen mi poes\u00eda, narrativa&nbsp; y ensayos desde hace m\u00e1s de dos d\u00e9cadas. Desde hace 16 a\u00f1os comenc\u00e9 a publicar una revista en Santa Ana Huista, y a\u00fan sigo en pie. La Revista Literaria \u201cVoces Huistecas\u201d que edito con gran sacrificio, cumple 9 a\u00f1os en estos d\u00edas.<\/p>\n<p style=\"text-align: justify;\">En Canad\u00e1, en la revista \u201cVoces de Am\u00e9rica\u201d me ha publicado y en otras del extranjero. En Guatemala me han publicado en el vespertino La Hora, Prensa Libre, Diario de Centro Am\u00e9rica, C\u00f3dice, Voces Convergentes. Asimismo, en antolog\u00edas.<\/p>\n<p style=\"text-align: justify;\">Mi talentosa amiga Thelma Dard\u00f3n me dio el privilegio de incluir mi poema Pobre patria m\u00eda, en su nuevo disco.<\/p>\n<p style=\"text-align: justify;\"><strong>En cuanto al cine \u00bfC\u00f3mo se involucra y en qu\u00e9 pel\u00edculas ha participado? <\/strong>Todo comenz\u00f3 con el teatro, cuando estudi\u00e9 arte dram\u00e1tico.<\/p>\n<p style=\"text-align: justify;\">Con TV USAC filmamos el Brindis del Bohemio hace muchos a\u00f1os, y por iniciativa propia me dediqu\u00e9 a grabar cortometrajes, aprovechando la empresa de cable de mi pueblo. Contin\u00fao con esa labor, con el anhelo de involucrar a los j\u00f3venes en estas actividades que edifican.<\/p>\n<p style=\"text-align: justify;\"><strong>\u00bfEn qu\u00e9 momento empieza a escribir obras musicales? <\/strong>En 1994, cuando estudiaba en la Escuela Normal de M\u00fasica, en la ciudad de Guatemala. Tengo grabado el disco \u201cM\u00fasica de Santa Ana Huista\u201d.<\/p>\n<p style=\"text-align: justify;\"><strong>\u00bfCu\u00e1ntos&nbsp; poemas ha escrito? \u00bfDe d\u00f3nde surge su inspiraci\u00f3n? <\/strong>El a\u00f1o pasado&nbsp; publiqu\u00e9 los poemarios&nbsp; \u201cY los versos de Neruda\u2026\u201d, \u201cPara usted\u201d y \u201cVersos de la noche\u201d.&nbsp; A principios de este a\u00f1o, \u201cEl mundo desde su sonrisa\u201d.&nbsp; Tengo alrededor de 45 poemarios. La inspiraci\u00f3n surge de una mirada, de una sonrisa, de un silencio, de un susurro, de una l\u00e1grima, de un recuerdo acuclillado en mi memoria.<a href=\"https:\/\/heidysandovalruiz.com\/wp-content\/uploads\/2017\/04\/31153_100512186663548_1776121_n.jpg\"><img loading=\"lazy\" decoding=\"async\" class=\"size-medium wp-image-4733 alignright\" src=\"https:\/\/heidysandovalruiz.com\/wp-content\/uploads\/2017\/04\/31153_100512186663548_1776121_n-300x225.jpg\" alt=\"31153_100512186663548_1776121_n\" width=\"300\" height=\"225\"\/><\/a><\/p>\n<p style=\"text-align: justify;\"><strong>Hablando del tema \u00bfTiene poetas nacionales&nbsp; que admire? <\/strong>Admiro a muchos poetas y escritores, como, por ejemplo: Sor Juana de Maldonado,&nbsp; Maya Cu Choc,&nbsp; Luis Cardoza y Arag\u00f3n, Miguel \u00c1ngel Asturias, Augusto Monterroso,&nbsp; Carlos Sol\u00f3rzano, Vicenta Laparra de la Cerda,&nbsp; Josefa (Pepita) Garc\u00eda Granados, Mar\u00eda del Rosario Molina Chac\u00f3n, Jos\u00e9 Barnoya, Severo Mart\u00ednez Pel\u00e1ez, A\u00edda Toledo,&nbsp; Anabella Giracca, Jos\u00e9 Milla y Vidaurre, Humberto Ak&#8217;abal, Arturo&nbsp; Arias, Delia Qui\u00f1\u00f3nez, Jos\u00e9 Luis Perdomo Orellana, Luis Enrique Sam Colop, Ana Mar\u00eda Rodas, Haroldo Shetemul, Gustavo Adolfo Wyld, Magdalena Spinola, Luz Valle, Mar\u00eda Cruz, Teresa Fern\u00e1ndez Hall de Ar\u00e9valo, &nbsp;Mildred Hern\u00e1ndez, Manuel Jos\u00e9 Arce Leal, Ligia Bernal de Samayoa, Manuel Galich, Hugo Carrillo, Arango, Jos\u00e9 Luis Villatoro,&nbsp; Dante Liano\u00b8 Luz M\u00e9ndez de la Vega, Margarita Carrera, Mario Monteforte Toledo, Enrique Ju\u00e1rez Toledo, Mario Alberto Carrera, Isabel de los \u00c1ngeles Ruano, Julio Fausto Aguilera, Marco Antonio Flores, Rosa Mar\u00eda Ch\u00e1vez Ju\u00e1rez, Carolina Escobar Sarti, Alejandra Flores, F\u00e9lix Calder\u00f3n, Haroldo S\u00e1nchez, Johanna Godoy, Otto Ren\u00e9 Castillo, Roberto Obreg\u00f3n Morales,&nbsp; Brenda Monz\u00f3n, Francisco Morales Santos,&nbsp; etc.<\/p>\n<p style=\"text-align: justify;\"><strong>Si le digo \u201cEn Escena\u201d \u00bfQu\u00e9 traigo a su mente? <\/strong>El grupo teatral integrado por actores egresados de la Universidad Popular.&nbsp; Con el grupo teatral \u201cEn Escena\u201d nos hemos presentado en los lugares m\u00e1s rec\u00f3nditos de Guatemala.&nbsp; Es un proyecto que ha dejado huellas indelebles en mi esp\u00edritu.<\/p>\n<p style=\"text-align: justify;\"><strong>\u00bfC\u00f3mo ha combinado el folklore, la dramaturgia, la composici\u00f3n musical, la poes\u00eda y el periodismo? <\/strong>Como si fueran acordes claros de una canci\u00f3n, como los acordes del maestro Jos\u00e9 Ernesto Monz\u00f3n \u201cEl cantor del paisaje\u201d.<\/p>\n<p style=\"text-align: justify;\">Me han dado muchas posibilidades, muchos privilegios.<\/p>\n<p style=\"text-align: justify;\"><strong>\u00bfQu\u00e9 opini\u00f3n le merecen las cr\u00edticas? <\/strong>Estoy acostumbrado a ellas. Me gusta que me se\u00f1alen mis desaciertos.&nbsp; Las cr\u00edticas son imprescindibles para crecer.<\/p>\n<p style=\"text-align: justify;\"><strong>\u00bfDe qu\u00e9 manera promocionar\u00eda que visiten Santa Ana Huista? <\/strong>A trav\u00e9s del turismo. Tenemos lugares paradisiacos como \u201cEl Resumidero\u201d, \u201cLa cueva del Lim\u00f3n\u201d,&nbsp; el r\u00edo Huista, la iglesia colonial y, sobre todo, la amabilidad de la gente. Santa Ana Huista es un pueblo tranquilo, sereno.<\/p>\n<p style=\"text-align: justify;\"><strong>\u00bfPuede compartir un mensaje para quienes leen \u201cLas entrevistas de Heidy\u201d? <\/strong>Tenemos muchas razones para sentirnos orgullosos de ser guatemaltecos. <strong>&nbsp;<\/strong>Por eso, les invito a conocer nuestra historia, porque, creo, tenemos problemas de identidad.&nbsp; Conozcamos nuestras ra\u00edces, valoremos lo nuestro y un\u00e1monos para construir un mejor pa\u00eds. Estimada Heidy, gracias por esa monumental labor y por ese amor que le tiene a Guatemala.<\/p>\n<p style=\"text-align: justify;\">Agradezco a Elder el habernos permitido conocer parte de su historia, una historia que es ejemplo de fortaleza y \u00e1nimo para seguir y salir adelante.<\/p>\n<p><iframe loading=\"lazy\" src=\"https:\/\/www.youtube.com\/embed\/Dxz0Q3W0_2Y?ecver=1\" width=\"560\" height=\"315\" frameborder=\"0\" allowfullscreen=\"allowfullscreen\"><\/iframe><\/p>\n<p style=\"text-align: justify;\">Les invitamos para que se unan al grupo de \u00ab<strong>Artistas de Guatemala para el Mundo\u00bb<\/strong> en este link <a href=\"http:\/\/on.fb.me\/1sn2wSf\">http:\/\/on.fb.me\/1sn2wSf<\/a> &nbsp;&nbsp;el cual tiene como prop\u00f3sito compartir videos, fotos, an\u00e9cdotas y todo lo de nuestros artistas en las diferentes d\u00e9cadas.<\/p>\n<p style=\"text-align: justify;\">Tambi\u00e9n ponemos a su disposici\u00f3n el grupo \u201c<strong>Un siglo de anuncios y algo m\u00e1s<\/strong>\u2026\u201d, un espacio donde pueden compartir o comentar los post que se publiquen <a href=\"http:\/\/on.fb.me\/1vASm2g\">http:\/\/on.fb.me\/1vASm2g<\/a><\/p>\n<p style=\"text-align: justify;\"><strong>Las entrevistas las pueden leer en los siguientes links:<\/strong><\/p>\n<p style=\"text-align: justify;\"><a href=\"http:\/\/www.heidysandovalruiz.com\">http:\/\/www.heidysandovalruiz.com<\/a><\/p>\n<p style=\"text-align: justify;\"><a href=\"http:\/\/lasentrevistasdeheidy.blogspot.com\">http:\/\/lasentrevistasdeheidy.blogspot.com<\/a><\/p>\n<p style=\"text-align: justify;\">\n<p style=\"text-align: justify;\"><strong>&nbsp;<\/strong><\/p>\n<p style=\"text-align: justify;\"><strong>Entrevista realizada por Heidy Sandoval Ruiz<\/strong><\/p>\n","protected":false},"excerpt":{"rendered":"<div class=\"mh-excerpt\"><p>En \u201cLa cara amiga de los invitados de Heidy\u201d presentamos en esta oportunidad a un guatemalteco originario de Santa Ana Huista, Huehuetenango, ha escrito poes\u00eda <a class=\"mh-excerpt-more\" href=\"https:\/\/heidysandovalruiz.com\/?p=4729\" title=\"La cara amiga de \u00abElder Morales\u00bb\">[&#8230;]<\/a><\/p>\n<\/div>","protected":false},"author":4,"featured_media":4731,"comment_status":"closed","ping_status":"closed","sticky":false,"template":"","format":"standard","meta":{"footnotes":""},"categories":[16],"tags":[338],"class_list":["post-4729","post","type-post","status-publish","format-standard","has-post-thumbnail","hentry","category-la-cara-amiga","tag-la-cara-amiga-de-elder-morales"],"_links":{"self":[{"href":"https:\/\/heidysandovalruiz.com\/index.php?rest_route=\/wp\/v2\/posts\/4729","targetHints":{"allow":["GET"]}}],"collection":[{"href":"https:\/\/heidysandovalruiz.com\/index.php?rest_route=\/wp\/v2\/posts"}],"about":[{"href":"https:\/\/heidysandovalruiz.com\/index.php?rest_route=\/wp\/v2\/types\/post"}],"author":[{"embeddable":true,"href":"https:\/\/heidysandovalruiz.com\/index.php?rest_route=\/wp\/v2\/users\/4"}],"replies":[{"embeddable":true,"href":"https:\/\/heidysandovalruiz.com\/index.php?rest_route=%2Fwp%2Fv2%2Fcomments&post=4729"}],"version-history":[{"count":4,"href":"https:\/\/heidysandovalruiz.com\/index.php?rest_route=\/wp\/v2\/posts\/4729\/revisions"}],"predecessor-version":[{"id":7500,"href":"https:\/\/heidysandovalruiz.com\/index.php?rest_route=\/wp\/v2\/posts\/4729\/revisions\/7500"}],"wp:featuredmedia":[{"embeddable":true,"href":"https:\/\/heidysandovalruiz.com\/index.php?rest_route=\/wp\/v2\/media\/4731"}],"wp:attachment":[{"href":"https:\/\/heidysandovalruiz.com\/index.php?rest_route=%2Fwp%2Fv2%2Fmedia&parent=4729"}],"wp:term":[{"taxonomy":"category","embeddable":true,"href":"https:\/\/heidysandovalruiz.com\/index.php?rest_route=%2Fwp%2Fv2%2Fcategories&post=4729"},{"taxonomy":"post_tag","embeddable":true,"href":"https:\/\/heidysandovalruiz.com\/index.php?rest_route=%2Fwp%2Fv2%2Ftags&post=4729"}],"curies":[{"name":"wp","href":"https:\/\/api.w.org\/{rel}","templated":true}]}}