{"id":4737,"date":"2017-04-20T13:16:20","date_gmt":"2017-04-20T13:16:20","guid":{"rendered":"http:\/\/heidysandovalruiz.com\/?p=4737"},"modified":"2022-02-26T04:47:47","modified_gmt":"2022-02-26T04:47:47","slug":"la-cara-amiga-de-caballo-loco-ii-parte","status":"publish","type":"post","link":"https:\/\/heidysandovalruiz.com\/?p=4737","title":{"rendered":"La cara amiga de \u00abCaballo Loco\u00bb II parte"},"content":{"rendered":"<p style=\"text-align: justify;\">En \u201c<strong>La cara amiga de los invitados de Heidy<\/strong>\u201d, hoy quiero compartir con ustedes la segunda parte de la entrevista realizada a <strong>George Melgar<\/strong> integrante del \u201c<strong>Grupo Caballo Loco\u201d, <\/strong>grupo que tuvo un gran auge en la d\u00e9cada de los setentas y que surgi\u00f3 a principios de 1971. Entre las actividades que realizar\u00e1n destaca la celebraci\u00f3n del \u201cD\u00eda de la madre\u201d el domingo 7 de mayo en Trovajazz.<\/p>\n<p style=\"text-align: justify;\">En la primera parte de este especial que se realiz\u00f3 hace 3 a\u00f1os, hoy compartiremos con ustedes otra informaci\u00f3n que en esa oportunidad dejamos pasar por cuestiones de espacio.\u00a0 Pero hoy vamos con todo.<\/p>\n<p style=\"text-align: justify;\">As\u00ed que bienvenido nuevamente a este espacio donde se puede decir lo que se quiere y en otros lados no se puede.<\/p>\n<p style=\"text-align: justify;\"><strong>Vamos a iniciar nuestra segunda parte del grupo pregunt\u00e1ndote \u00bfCaballo Loco tuvo presentaciones en Estados Unidos?<\/strong> bueno Heidy!!!!! para empezar te damos las gracias por la oportunidad de contar algo o mucho de la historia del Caballo Loco en sus tres ediciones que por cierto ya le estamos llegando al medio siglo y en lo personal al siglo? jajaja. pues f\u00edjate que en el mes de julio de 1976,nos contrat\u00f3 el promotor Arturo Guerra para hacer unos conciertos en USA y alternamos con bandas de El Salvador y Costa Rica en el Convention Center de Los Angeles,en Hollywood Paladium y en otros auditorios y el \u00e9xito fue tal que hubo otros promotores que nos hicieron varias ofertas, pero el bajista Carlos Zepeda y el requintista Ra\u00fal Maqu\u00edn, no quisieron quedarse y en cambio el cantante cracker y yo si quer\u00edamos, pero como que solo dos no ten\u00eda chiste ya que los cuatro flu\u00edamos super bien y adem\u00e1s ten\u00edamos m\u00faltiples contratos aqu\u00ed en Guatemala y Centroam\u00e9rica pero si fueron oportunidades que dejamos ir.<a href=\"https:\/\/heidysandovalruiz.com\/wp-content\/uploads\/2017\/04\/4.jpg\"><img loading=\"lazy\" decoding=\"async\" class=\"size-medium wp-image-4739 alignright\" src=\"https:\/\/heidysandovalruiz.com\/wp-content\/uploads\/2017\/04\/4-300x287.jpg\" alt=\"4\" width=\"300\" height=\"287\" \/><\/a><\/p>\n<p style=\"text-align: justify;\"><strong>\u00bfLos miembros del grupo original siempre permanecieron o hubo cambios?<\/strong> Bueno, los cuatro fundadores: el cantante Marco Tulio Qui\u00f1\u00f3nez\/cracker, en el bajo Carlos Enrique Zepeda, en la primera guitarra Ra\u00fal Maqu\u00edn y yo en la bateria, en alg\u00fan momento pensamos en incorporar a otros elementos y el primero en entrar a la banda fue el guitarrista y cantante V\u00edctor Hugo de Le\u00f3n \/chichi, quien lleg\u00f3 para aportar todo su talento y tambi\u00e9n probamos algunos tecladistas, que no dieron la talla, ni siquiera del egresados del Conservatorio, pues no se adaptaban al rock, porque hac\u00edamos muchas improvisaciones.<\/p>\n<p style=\"text-align: justify;\"><strong>\u00bfCu\u00e1nto tiempo permaneci\u00f3 unido el grupo en Estados Unidos?<\/strong> Bueno, debo decir que a esta etapa le llamo la 2\u00aa edici\u00f3n, porque volvi\u00f3 a salir otra buena oportunidad para armar la banda con promotores muy interesados pero, en esta ocasi\u00f3n solo Ra\u00fal Maqu\u00edn se interes\u00f3, cracker no quiso y Carlos Zepeda tampoco porque ya estaba integrado al evangelio, en fin que ante esta disyuntiva me vi forzado a buscar otros elementos que por cierto ya estaba viviendo en los Angeles California y ten\u00edamos una banda que acompa\u00f1\u00e1bamos en la gira de promoci\u00f3n del primer disco en USA de Alvaro Torres y acud\u00ed a los m\u00fasicos con los que estaban para armar el Caballo Loco y en la primera guitarra y voces Mike Mazariegos, en el bajo, teclados y voces Sergio Palacios, en la primera voz y guitarra Rony Perdomo y yo en la bater\u00eda y voces, con esta banda estuvimos en m\u00faltiples conciertos en USA por alrededor de unos ocho a\u00f1os, por ejemplo en Guatemala expo 1997 en el Convention Center de los Angeles con tres d\u00edas de duraci\u00f3n, con una asistencia de 50,000 personas diarias y en donde estuvimos vendiendo nuestro primer cd con 10 canciones originales, con el nombre de Asesinos del Aire, refiri\u00e9ndonos a la destrucci\u00f3n del planeta.<\/p>\n<p style=\"text-align: justify;\"><a href=\"https:\/\/heidysandovalruiz.com\/wp-content\/uploads\/2017\/04\/16807452_1260688490666670_5204180643936898842_n.jpg\"><img loading=\"lazy\" decoding=\"async\" class=\"size-full wp-image-4740 alignleft\" src=\"https:\/\/heidysandovalruiz.com\/wp-content\/uploads\/2017\/04\/16807452_1260688490666670_5204180643936898842_n.jpg\" alt=\"16807452_1260688490666670_5204180643936898842_n\" width=\"206\" height=\"206\" srcset=\"https:\/\/heidysandovalruiz.com\/wp-content\/uploads\/2017\/04\/16807452_1260688490666670_5204180643936898842_n.jpg 206w, https:\/\/heidysandovalruiz.com\/wp-content\/uploads\/2017\/04\/16807452_1260688490666670_5204180643936898842_n-150x150.jpg 150w\" sizes=\"auto, (max-width: 206px) 100vw, 206px\" \/><\/a>Tambi\u00e9n tuvimos la oportunidad de participar en el festival concierto por la paz el 8 de febrero de ese mismo a\u00f1o en los Angeles Municipal Art Gallery en Hollywood, auspiciado por UNICEF Guatemala Festival and Concert For Peace en Barndall Art Park de Hollywood en donde asistieron muchas celebridades entre ellos, el actor Edward James Olmos, tambi\u00e9n tocamos en el Centro de Celebridades de Hollywood, donde llegaban artistas como John Travolta, Marisela, Emanuel, Eduardo Palomo y muchos m\u00e1s, tambi\u00e9n alternamos con bandas de M\u00e9xico, Chile, Argentina y de otros pa\u00edses.\u00a0 Nos presentamos en las mejores discotecas de Hollywood, como Troubadour, el Whiskey, Ivar Theater Hollywood, Margarita Jones, en Garden Pavilion\u00a0 Hollywood, en Anti Club Hollywood, en el festival de Arte y Cultura de Centroam\u00e9rica en Unity Arts Center en los Angeles,The Latin Village de los Angeles, etc.etc. todav\u00eda conservo muchos de los afiches de los toques, peri\u0655\u00f3dicos y revistas.<\/p>\n<p style=\"text-align: justify;\"><strong>De los diferentes miembros que ha tenido el grupo \u00bfqui\u00e9nes han fallecido?<\/strong> El primero en fallecer hace unos 10 a\u00f1os, fue V\u00edctor Hugo de Le\u00f3n\/chichi y hace un a\u00f1o y d\u00edas, Marco Tulio Qui\u00f1\u00f3nez\/cracker.<a href=\"https:\/\/heidysandovalruiz.com\/wp-content\/uploads\/2017\/04\/DSC03053.jpg\"><img loading=\"lazy\" decoding=\"async\" class=\"size-medium wp-image-4741 alignright\" src=\"https:\/\/heidysandovalruiz.com\/wp-content\/uploads\/2017\/04\/DSC03053-300x225.jpg\" alt=\"DSC03053\" width=\"300\" height=\"225\" \/><\/a><\/p>\n<p style=\"text-align: justify;\"><strong>A prop\u00f3sito cracker fue de los fundadores \u00bfC\u00f3mo lo recuerdan a poco tiempo de su fallecimiento?<\/strong> bueno siempre que alguien muere, se dice que era la mejor persona del mundo y yo que conoc\u00ed a cracker muy bien, puedo decir con honestidad que era de lo m\u00e1s humilde, carism\u00e1tico, alegre, simple y sin complicaciones, super amigable, sincero y sobre todo el don que Dios le regalo, como lo fue su voz y la energ\u00eda que dejaba en los escenarios, en fin son tantas cosas y el mismo me dec\u00eda que ten\u00edamos que dar todo de nosotros en vida y por eso cuando me toc\u00f3 verlo en la caja, solamente me record\u00e9 de todo eso y en mi mente y coraz\u00f3n le brind\u00e9 un fuerte aplauso.<\/p>\n<p style=\"text-align: justify;\"><strong>En la primera parte de nuestra entrevista no hab\u00edan iniciado sus presentaciones digamos actuales \u00bfQu\u00e9 fecha marca el regreso de Caballo Loco?<\/strong> Bueno, iniciamos el Caballo Loco tercera edici\u00f3n a finales de julio de 2015 con gran \u00e9xito en un festival al aire libre en el Parque Central de Chimaltenango,\u00a0 Guatemala, ese concierto nos llen\u00f3 de mucha alegr\u00eda porque el 90% de asistentes fue de ni\u00f1os y gente muy joven que estuvieron muy contentos con nuestra actuaci\u00f3n.<\/p>\n<p style=\"text-align: justify;\"><strong>\u00bfQu\u00e9 requisitos debe llenar un m\u00fasico para ser parte de la banda?<\/strong> Por supuesto el talento, honestidad, sencillez, humildad, energ\u00eda, perseverancia, carisma y por ah\u00ed un plus.<\/p>\n<p style=\"text-align: justify;\"><strong>Tuve la oportunidad de escucharlos en vivo en marzo del 2016 y la calidad del grupo es fabulosa \u00bfcu\u00e1ntas canciones tienen en su repertorio?<\/strong> la verdad es que cincuenta jajaja no las podemos contar porque son muchas, imag\u00ednate cuantos a\u00f1os tenemos de tocar? pero lo suficientes como para complacer a bastante p\u00fablico.<\/p>\n<p style=\"text-align: justify;\"><strong><a href=\"https:\/\/heidysandovalruiz.com\/wp-content\/uploads\/2017\/04\/17796075_1292919040804226_454827933054418516_n.jpg\"><img loading=\"lazy\" decoding=\"async\" class=\"size-medium wp-image-4742 alignleft\" src=\"https:\/\/heidysandovalruiz.com\/wp-content\/uploads\/2017\/04\/17796075_1292919040804226_454827933054418516_n-300x172.jpg\" alt=\"17796075_1292919040804226_454827933054418516_n\" width=\"300\" height=\"172\" \/><\/a>\u00bfCu\u00e1les son los temas que identifican la m\u00fasica de la agrupaci\u00f3n?<\/strong> Son varias, pero voy a poner unas tres, Satisfaction de Rolling Stones, You dont love me\/ Tu no me amas que fue la que grabamos en 1976 aunque no es original de nosotros y por ah\u00ed Hotel California de Eagles.<\/p>\n<p style=\"text-align: justify;\"><strong>Tengo entendido que Caballo Loco en la actualidad tambi\u00e9n incluyen canciones en espa\u00f1ol \u00bfqu\u00e9 canciones en esta l\u00ednea son las que m\u00e1s les piden?<\/strong> El extra\u00f1o del pelo largo, Lamento Boliviano, m\u00fasica ligera, La plaga, entre otras.<\/p>\n<p style=\"text-align: justify;\"><strong>\u00bfQui\u00e9nes son los integrantes que conforman actualmente la banda?<\/strong> Ra\u00fal Maquin, Julio Tejada, Erick Arenas, Jorge Melgar y Oscar Flores\/maromo ingeniero de sonido.<\/p>\n<p style=\"text-align: justify;\"><strong>A m\u00e1s de 45 a\u00f1os de haberse integrado \u00bfQu\u00e9 es lo que m\u00e1s extra\u00f1an de la d\u00e9cada de los setentas?<\/strong> Las redadas de los p\u00e1jaros azules jajaja nooo los toques en los institutos, la Normal, Aqueche, Central, Inca, Bel\u00e9m, Comercio, G\u00f3mez Carrillo, Futillos Herrera, Los Pinguinos, La Pantera, El Palacio de la M\u00fasica, Adri\u00e1n Zapata, Servifiestas Guerra, Cine Alex, Santa Luisa, La Fiera, La Manzana, La Monta\u00f1a Purpura, Radio Exclusiva y muchiiisimos lugares m\u00e1s.<\/p>\n<p style=\"text-align: justify;\"><strong>\u00bfParticipan en actividades privadas<\/strong>? Nos contratan para diferentes actividades, bodas, cumplea\u00f1os, convivios, etc. etc.<a href=\"https:\/\/heidysandovalruiz.com\/wp-content\/uploads\/2017\/04\/img1492116684949.jpg\"><img loading=\"lazy\" decoding=\"async\" class=\"size-medium wp-image-4743 alignright\" src=\"https:\/\/heidysandovalruiz.com\/wp-content\/uploads\/2017\/04\/img1492116684949-300x300.jpg\" alt=\"img1492116684949\" width=\"300\" height=\"300\" \/><\/a><\/p>\n<p style=\"text-align: justify;\"><strong>\u00bfD\u00f3nde pueden comunicarse con ustedes de estar interesados en contrataciones?<\/strong> conmigo al 4439-3431 whatsapp, por el messenger del face o a mi correo <a href=\"mailto:jorge52melgar@gmail.com\">jorge52melgar@gmail.com<\/a>\u00a0 o con Ra\u00fal Maqu\u00edn al 5394-4441<\/p>\n<p style=\"text-align: justify;\"><strong>En sus actuales presentaciones \u00bfhan asistido seguidores del grupo cuando estaban en su apogeo?<\/strong> Si hemos visto a muchos, aunque por los a\u00f1os que no perdonan en algunas ocasiones tenemos que hacer memoria, ante todo que los estudiantes que nos iban a ver, ahora los que nos siguen son abogados, economistas, ingenieros, empresarios, etc. etc.<\/p>\n<p style=\"text-align: justify;\"><strong>\u00bfEn d\u00f3nde se presentan regularmente?<\/strong> En discotecas y restaurantes como Dk-das, Gazebos, Las Ca\u00f1as de la USAC, Rock Ol Vuh, Retro Road, Los Pollos, entre otros m\u00e1s.<\/p>\n<p style=\"text-align: justify;\"><strong>\u00bfY qu\u00e9 sorpresa hay para septiembre?<\/strong> Pues estaremos como invitados por primera vez en la \u201cGala de la Canci\u00f3n Guatemalteca a realizarse en el Teatro Nacional de la Ciudad de Guatemala y va a ser un honor compartir con muchos artistas de renombre.<\/p>\n<p style=\"text-align: justify;\"><strong><a href=\"https:\/\/heidysandovalruiz.com\/wp-content\/uploads\/2017\/04\/web.jpg\"><img loading=\"lazy\" decoding=\"async\" class=\"size-medium wp-image-4744 alignleft\" src=\"https:\/\/heidysandovalruiz.com\/wp-content\/uploads\/2017\/04\/web-232x300.jpg\" alt=\"web\" width=\"232\" height=\"300\" \/><\/a>\u00bfPuedes enviar un mensaje a las personas que lean esta entrevista?<\/strong> Les agradecemos mucho por todo el apoyo que nos puedan brindar y extensibles gracias a todos los fans que de alguna u otra manera han estado muy cerca de nosotros, ya sea f\u00edsicamente o a trav\u00e9s de los medios electr\u00f3nicos que nos acercan en segundos y a los diferentes medios de comunicaci\u00f3n como tv, radio, peri\u00f3dicos o como en este caso \u201cLas entrevistas de Heidy Sandoval\u201d, gracias, gracias y miles de gracias, abrazos para todos de George Melgar y de la Banda del Caballo Loco.<\/p>\n<p style=\"text-align: justify;\"><strong><em>Aprovecho para invitarlos a la presentaci\u00f3n que tendremos el domingo 7 de mayo para celebrar el \u201cD\u00eda de la madre\u201d a partir de las 12:30 horas en Trovajazz.\u00a0 Cualquier informaci\u00f3n pueden llamar a los tel\u00e9fonos antes mencionados.<\/em><\/strong><\/p>\n<p style=\"text-align: justify;\">Agradezco a George el haber compartido con nosotros momentos de la agrupaci\u00f3n y felicitar a cada uno de sus miembros en esta nueva etapa Ra\u00fal Maqu\u00edn quien es miembro original, Julio Tejada y Erick Arenas.<\/p>\n<figure id=\"attachment_4750\" aria-describedby=\"caption-attachment-4750\" style=\"width: 300px\" class=\"wp-caption aligncenter\"><a href=\"https:\/\/heidysandovalruiz.com\/wp-content\/uploads\/2017\/04\/jorge.jpg\"><img loading=\"lazy\" decoding=\"async\" class=\"size-medium wp-image-4750\" src=\"https:\/\/heidysandovalruiz.com\/wp-content\/uploads\/2017\/04\/jorge-300x300.jpg\" alt=\"Jorge Melgar\" width=\"300\" height=\"300\" \/><\/a><figcaption id=\"caption-attachment-4750\" class=\"wp-caption-text\"><strong>Jorge Melgar<\/strong><\/figcaption><\/figure>\n<figure id=\"attachment_4746\" aria-describedby=\"caption-attachment-4746\" style=\"width: 300px\" class=\"wp-caption aligncenter\"><a href=\"https:\/\/heidysandovalruiz.com\/wp-content\/uploads\/2017\/04\/17523122_1292922270803903_8453616729126286906_n.jpg\"><img loading=\"lazy\" decoding=\"async\" class=\"size-medium wp-image-4746\" src=\"https:\/\/heidysandovalruiz.com\/wp-content\/uploads\/2017\/04\/17523122_1292922270803903_8453616729126286906_n-300x225.jpg\" alt=\"Ra\u00fal Maqu\u00edn\" width=\"300\" height=\"225\" \/><\/a><figcaption id=\"caption-attachment-4746\" class=\"wp-caption-text\"><strong>Ra\u00fal Maqu\u00edn<\/strong><\/figcaption><\/figure>\n<figure id=\"attachment_4747\" aria-describedby=\"caption-attachment-4747\" style=\"width: 225px\" class=\"wp-caption aligncenter\"><a href=\"https:\/\/heidysandovalruiz.com\/wp-content\/uploads\/2017\/04\/17758403_1292922267470570_1575911612614828045_o.jpg\"><img loading=\"lazy\" decoding=\"async\" class=\"size-medium wp-image-4747\" src=\"https:\/\/heidysandovalruiz.com\/wp-content\/uploads\/2017\/04\/17758403_1292922267470570_1575911612614828045_o-225x300.jpg\" alt=\"Julio Tejada\" width=\"225\" height=\"300\" \/><\/a><figcaption id=\"caption-attachment-4747\" class=\"wp-caption-text\"><strong>Julio Tejada<\/strong><\/figcaption><\/figure>\n<figure id=\"attachment_4748\" aria-describedby=\"caption-attachment-4748\" style=\"width: 300px\" class=\"wp-caption aligncenter\"><a href=\"https:\/\/heidysandovalruiz.com\/wp-content\/uploads\/2017\/04\/17799137_1292922264137237_3846944570164020885_n.jpg\"><img loading=\"lazy\" decoding=\"async\" class=\"size-medium wp-image-4748\" src=\"https:\/\/heidysandovalruiz.com\/wp-content\/uploads\/2017\/04\/17799137_1292922264137237_3846944570164020885_n-300x225.jpg\" alt=\"Erick Arenas\" width=\"300\" height=\"225\" \/><\/a><figcaption id=\"caption-attachment-4748\" class=\"wp-caption-text\"><strong>Erick Arenas<\/strong><\/figcaption><\/figure>\n<p><iframe loading=\"lazy\" src=\"https:\/\/www.youtube.com\/embed\/hvJx-GsCnWc?ecver=1\" width=\"560\" height=\"315\" frameborder=\"0\" allowfullscreen=\"allowfullscreen\"><\/iframe><\/p>\n<p><iframe loading=\"lazy\" src=\"https:\/\/www.youtube.com\/embed\/e77rvQa-OWQ?ecver=1\" width=\"560\" height=\"315\" frameborder=\"0\" allowfullscreen=\"allowfullscreen\"><\/iframe><\/p>\n<p><iframe loading=\"lazy\" src=\"https:\/\/www.youtube.com\/embed\/FH6yryxRnWQ?ecver=1\" width=\"560\" height=\"315\" frameborder=\"0\" allowfullscreen=\"allowfullscreen\"><\/iframe><\/p>\n<p style=\"text-align: justify;\">Les invitamos para que se unan al grupo de <strong>\u00abArtistas de Guatemala para el Mundo\u00bb <\/strong>en este link <a href=\"http:\/\/on.fb.me\/1sn2wSf\">http:\/\/on.fb.me\/1sn2wSf<\/a> \u00a0\u00a0el cual tiene como prop\u00f3sito compartir videos, fotos, an\u00e9cdotas y todo lo de nuestros artistas en las diferentes d\u00e9cadas.<\/p>\n<p style=\"text-align: justify;\">Tambi\u00e9n ponemos a su disposici\u00f3n el grupo <strong>\u201cUn siglo de anuncios y algo m\u00e1s\u2026\u201d,<\/strong> un espacio donde pueden compartir o comentar los post que se publiquen <a href=\"http:\/\/on.fb.me\/1vASm2g\">http:\/\/on.fb.me\/1vASm2g<\/a><\/p>\n<p style=\"text-align: justify;\"><strong>Las entrevistas las pueden leer en los siguientes links:<\/strong><\/p>\n<p style=\"text-align: justify;\"><a href=\"http:\/\/www.heidysandovalruiz.com\">http:\/\/www.heidysandovalruiz.com<\/a><\/p>\n<p style=\"text-align: justify;\"><a href=\"http:\/\/lasentrevistasdeheidy.blogspot.com\">http:\/\/lasentrevistasdeheidy.blogspot.com<\/a><\/p>\n<p style=\"text-align: justify;\">\n<p style=\"text-align: justify;\"><strong>Entrevista realizada por Heidy Sandoval Ruiz<\/strong><\/p>\n","protected":false},"excerpt":{"rendered":"<div class=\"mh-excerpt\"><p>En \u201cLa cara amiga de los invitados de Heidy\u201d, hoy quiero compartir con ustedes la segunda parte de la entrevista realizada a George Melgar integrante <a class=\"mh-excerpt-more\" href=\"https:\/\/heidysandovalruiz.com\/?p=4737\" title=\"La cara amiga de \u00abCaballo Loco\u00bb II parte\">[&#8230;]<\/a><\/p>\n<\/div>","protected":false},"author":4,"featured_media":4738,"comment_status":"closed","ping_status":"closed","sticky":false,"template":"","format":"standard","meta":{"footnotes":""},"categories":[16],"tags":[339],"class_list":["post-4737","post","type-post","status-publish","format-standard","has-post-thumbnail","hentry","category-la-cara-amiga","tag-la-cara-amiga-de-caballo-loco-ii-parte"],"_links":{"self":[{"href":"https:\/\/heidysandovalruiz.com\/index.php?rest_route=\/wp\/v2\/posts\/4737","targetHints":{"allow":["GET"]}}],"collection":[{"href":"https:\/\/heidysandovalruiz.com\/index.php?rest_route=\/wp\/v2\/posts"}],"about":[{"href":"https:\/\/heidysandovalruiz.com\/index.php?rest_route=\/wp\/v2\/types\/post"}],"author":[{"embeddable":true,"href":"https:\/\/heidysandovalruiz.com\/index.php?rest_route=\/wp\/v2\/users\/4"}],"replies":[{"embeddable":true,"href":"https:\/\/heidysandovalruiz.com\/index.php?rest_route=%2Fwp%2Fv2%2Fcomments&post=4737"}],"version-history":[{"count":4,"href":"https:\/\/heidysandovalruiz.com\/index.php?rest_route=\/wp\/v2\/posts\/4737\/revisions"}],"predecessor-version":[{"id":7495,"href":"https:\/\/heidysandovalruiz.com\/index.php?rest_route=\/wp\/v2\/posts\/4737\/revisions\/7495"}],"wp:featuredmedia":[{"embeddable":true,"href":"https:\/\/heidysandovalruiz.com\/index.php?rest_route=\/wp\/v2\/media\/4738"}],"wp:attachment":[{"href":"https:\/\/heidysandovalruiz.com\/index.php?rest_route=%2Fwp%2Fv2%2Fmedia&parent=4737"}],"wp:term":[{"taxonomy":"category","embeddable":true,"href":"https:\/\/heidysandovalruiz.com\/index.php?rest_route=%2Fwp%2Fv2%2Fcategories&post=4737"},{"taxonomy":"post_tag","embeddable":true,"href":"https:\/\/heidysandovalruiz.com\/index.php?rest_route=%2Fwp%2Fv2%2Ftags&post=4737"}],"curies":[{"name":"wp","href":"https:\/\/api.w.org\/{rel}","templated":true}]}}