{"id":4754,"date":"2017-04-24T01:14:33","date_gmt":"2017-04-24T01:14:33","guid":{"rendered":"http:\/\/heidysandovalruiz.com\/?p=4754"},"modified":"2022-02-26T04:46:13","modified_gmt":"2022-02-26T04:46:13","slug":"apg-arriba-a-70-anos-de-su-creacion","status":"publish","type":"post","link":"https:\/\/heidysandovalruiz.com\/?p=4754","title":{"rendered":"APG arriba a 70 a\u00f1os de su creaci\u00f3n"},"content":{"rendered":"<p style=\"text-align: center;\"><strong>A 70 a\u00f1os de la creaci\u00f3n de la m\u00e1xima entidad de prensa de Guatemala<\/strong><\/p>\n<p style=\"text-align: justify;\">El pasado jueves 18 de abril se conmemoraron los 70 a\u00f1os de la Asociaci\u00f3n de Periodistas de Guatemala (APG), actividad que se realiz\u00f3 en el Gran Sal\u00f3n Miguel Angel Asturias de su sede ubicada en la 14 calle del Centro Hist\u00f3rico, con asistencia de numeroso p\u00fablico, incluyendo altos funcionarios y representantes de distintos sectores del pa\u00eds.<\/p>\n<p style=\"text-align: justify;\">En el marco de la celebraci\u00f3n de siete d\u00e9cadas de existencia, la APG reafirma sus postulados en defensa de la Libertad de Prensa y de la Libre Emisi\u00f3n del Pensamiento y continuar\u00e1 con su misi\u00f3n hasta lograr la instalaci\u00f3n del Programa de Protecci\u00f3n para los Periodistas a nivel Nacional. En esta ocasi\u00f3n tambi\u00e9n se hizo \u00e9nfasis del compromiso de APG para acompa\u00f1ar a los guatemaltecos en sus justas demandas y luchar por el engrandecimiento de nuestra Patria.<\/p>\n<p style=\"text-align: justify;\">El presidente de la APG, Julio Edgar Garc\u00eda, subray\u00f3 la importancia del trabajo de la prensa y lament\u00f3 los ataques que han tenido los periodistas a trav\u00e9s de los a\u00f1os y en su discurso aprovech\u00f3 para manifestar que la APG&nbsp; se solidarizaba con la muerte de las 41 j\u00f3venes del Hogar Seguro que fallecieron tr\u00e1gicamente el pasado 8 de marzo.<\/p>\n<p style=\"text-align: justify;\">Adem\u00e1s, en esta oportunidad se rindi\u00f3 homenaje al entregar una plaqueta al periodista Haroldo S\u00e1nchez por su valent\u00eda al decir la verdad ante los problemas que frecuentemente afectan a nuestro pa\u00eds.<\/p>\n<figure id=\"attachment_4757\" aria-describedby=\"caption-attachment-4757\" style=\"width: 150px\" class=\"wp-caption alignright\"><a href=\"https:\/\/heidysandovalruiz.com\/wp-content\/uploads\/2017\/04\/DSC08306.jpg\"><img loading=\"lazy\" decoding=\"async\" class=\"wp-image-4757 size-thumbnail\" src=\"https:\/\/heidysandovalruiz.com\/wp-content\/uploads\/2017\/04\/DSC08306-150x150.jpg\" alt=\"Lic. Julio Edgar Garc\u00eda Presidente de APG\" width=\"150\" height=\"150\"\/><\/a><figcaption id=\"caption-attachment-4757\" class=\"wp-caption-text\">Lic. Julio Edgar Garc\u00eda, Presidente de APG<\/figcaption><\/figure>\n<p style=\"text-align: justify;\">Al Procurador de los Derechos Humanos, Dr. Jorge De Le\u00f3n Duque, &nbsp;Al Canciller Carlos Ra\u00fal Morales quien fue representado por la Vice Canciller, Ana Mar\u00eda Di\u00e9guez, &nbsp;a Julio Carranza representante de UNESCO en Guatemala,&nbsp; se les otorg\u00f3 reconocimiento por el apoyo dado a la instalaci\u00f3n del programa de Protecci\u00f3n al Periodista.<\/p>\n<p style=\"text-align: justify;\">A Alfredo Morales conocido como FO, se le declar\u00f3 destacado porque con su arte transmite mensajes de una realidad actual que abarca varios aspectos.<\/p>\n<p style=\"text-align: justify;\">A Ileana Alamilla Vice-Presidenta de la entidad se le coloc\u00f3 el \u201cCoraz\u00f3n Apegista\u201d por su lucha en defensa del periodista y de la libertad de expresi\u00f3n.<\/p>\n<p style=\"text-align: justify;\">Cada uno de los&nbsp; homenajeados tom\u00f3 la palabra y manifest\u00f3 la importancia que ha tenido el periodismo en sus vidas.<\/p>\n<p style=\"text-align: justify;\">Al finalizar los actos protocolarios se invit\u00f3 a los asistentes a una cena donde el toque art\u00edstico estuvo a cargo de los marimbistas de la Kaibil Balam del Ministerio de la Defensa quienes deleitaron a los presentes con melod\u00edas variadas, las cuales fueron ejecutadas con la marimba de la entidad.<\/p>\n<p style=\"text-align: justify;\"><a href=\"https:\/\/heidysandovalruiz.com\/wp-content\/uploads\/2017\/04\/DSC08049.jpg\"><img loading=\"lazy\" decoding=\"async\" class=\"aligncenter size-medium wp-image-4758\" src=\"https:\/\/heidysandovalruiz.com\/wp-content\/uploads\/2017\/04\/DSC08049-300x200.jpg\" alt=\"DSC08049\" width=\"300\" height=\"200\"\/><\/a><\/p>\n<p style=\"text-align: justify;\"><a href=\"https:\/\/heidysandovalruiz.com\/wp-content\/uploads\/2017\/04\/DSC08068.jpg\"><img loading=\"lazy\" decoding=\"async\" class=\"aligncenter size-medium wp-image-4759\" src=\"https:\/\/heidysandovalruiz.com\/wp-content\/uploads\/2017\/04\/DSC08068-300x200.jpg\" alt=\"DSC08068\" width=\"300\" height=\"200\"\/><\/a><\/p>\n<p style=\"text-align: justify;\"><a href=\"https:\/\/heidysandovalruiz.com\/wp-content\/uploads\/2017\/04\/DSC08074.jpg\"><img loading=\"lazy\" decoding=\"async\" class=\"aligncenter size-medium wp-image-4760\" src=\"https:\/\/heidysandovalruiz.com\/wp-content\/uploads\/2017\/04\/DSC08074-300x200.jpg\" alt=\"DSC08074\" width=\"300\" height=\"200\"\/><\/a><\/p>\n<p style=\"text-align: justify;\"><a href=\"https:\/\/heidysandovalruiz.com\/wp-content\/uploads\/2017\/04\/DSC08093.jpg\"><img loading=\"lazy\" decoding=\"async\" class=\"aligncenter size-medium wp-image-4761\" src=\"https:\/\/heidysandovalruiz.com\/wp-content\/uploads\/2017\/04\/DSC08093-300x200.jpg\" alt=\"DSC08093\" width=\"300\" height=\"200\"\/><\/a><\/p>\n<p style=\"text-align: justify;\"><a href=\"https:\/\/heidysandovalruiz.com\/wp-content\/uploads\/2017\/04\/DSC08094.jpg\"><img loading=\"lazy\" decoding=\"async\" class=\"aligncenter size-medium wp-image-4762\" src=\"https:\/\/heidysandovalruiz.com\/wp-content\/uploads\/2017\/04\/DSC08094-300x200.jpg\" alt=\"DSC08094\" width=\"300\" height=\"200\"\/><\/a><\/p>\n<p style=\"text-align: justify;\"><a href=\"https:\/\/heidysandovalruiz.com\/wp-content\/uploads\/2017\/04\/DSC08103.jpg\"><img loading=\"lazy\" decoding=\"async\" class=\"aligncenter size-medium wp-image-4763\" src=\"https:\/\/heidysandovalruiz.com\/wp-content\/uploads\/2017\/04\/DSC08103-300x200.jpg\" alt=\"DSC08103\" width=\"300\" height=\"200\"\/><\/a><\/p>\n<p style=\"text-align: justify;\"><a href=\"https:\/\/heidysandovalruiz.com\/wp-content\/uploads\/2017\/04\/DSC08104.jpg\"><img loading=\"lazy\" decoding=\"async\" class=\"aligncenter size-medium wp-image-4764\" src=\"https:\/\/heidysandovalruiz.com\/wp-content\/uploads\/2017\/04\/DSC08104-300x200.jpg\" alt=\"DSC08104\" width=\"300\" height=\"200\"\/><\/a><\/p>\n<p style=\"text-align: justify;\"><a href=\"https:\/\/heidysandovalruiz.com\/wp-content\/uploads\/2017\/04\/DSC08107.jpg\"><img loading=\"lazy\" decoding=\"async\" class=\"aligncenter size-medium wp-image-4765\" src=\"https:\/\/heidysandovalruiz.com\/wp-content\/uploads\/2017\/04\/DSC08107-300x200.jpg\" alt=\"DSC08107\" width=\"300\" height=\"200\"\/><\/a><\/p>\n<p style=\"text-align: justify;\"><a href=\"https:\/\/heidysandovalruiz.com\/wp-content\/uploads\/2017\/04\/DSC08189.jpg\"><img loading=\"lazy\" decoding=\"async\" class=\"aligncenter size-medium wp-image-4766\" src=\"https:\/\/heidysandovalruiz.com\/wp-content\/uploads\/2017\/04\/DSC08189-300x200.jpg\" alt=\"DSC08189\" width=\"300\" height=\"200\"\/><\/a><\/p>\n<p style=\"text-align: justify;\"><a href=\"https:\/\/heidysandovalruiz.com\/wp-content\/uploads\/2017\/04\/DSC08223.jpg\"><img loading=\"lazy\" decoding=\"async\" class=\"aligncenter size-medium wp-image-4767\" src=\"https:\/\/heidysandovalruiz.com\/wp-content\/uploads\/2017\/04\/DSC08223-300x200.jpg\" alt=\"DSC08223\" width=\"300\" height=\"200\"\/><\/a><\/p>\n<p style=\"text-align: justify;\"><a href=\"https:\/\/heidysandovalruiz.com\/wp-content\/uploads\/2017\/04\/DSC08233.jpg\"><img loading=\"lazy\" decoding=\"async\" class=\"aligncenter size-medium wp-image-4768\" src=\"https:\/\/heidysandovalruiz.com\/wp-content\/uploads\/2017\/04\/DSC08233-300x200.jpg\" alt=\"DSC08233\" width=\"300\" height=\"200\"\/><\/a><\/p>\n<p style=\"text-align: justify;\"><a href=\"https:\/\/heidysandovalruiz.com\/wp-content\/uploads\/2017\/04\/DSC08284.jpg\"><img loading=\"lazy\" decoding=\"async\" class=\"aligncenter size-medium wp-image-4769\" src=\"https:\/\/heidysandovalruiz.com\/wp-content\/uploads\/2017\/04\/DSC08284-300x200.jpg\" alt=\"DSC08284\" width=\"300\" height=\"200\"\/><\/a><\/p>\n<p style=\"text-align: justify;\"><a href=\"https:\/\/heidysandovalruiz.com\/wp-content\/uploads\/2017\/04\/DSC08312.jpg\"><img loading=\"lazy\" decoding=\"async\" class=\"aligncenter size-medium wp-image-4770\" src=\"https:\/\/heidysandovalruiz.com\/wp-content\/uploads\/2017\/04\/DSC08312-300x200.jpg\" alt=\"DSC08312\" width=\"300\" height=\"200\"\/><\/a><\/p>\n<p style=\"text-align: justify;\">Les invitamos para que se unan al grupo de <strong>\u00abArtistas de Guatemala para el Mundo\u00bb <\/strong>en este link <a href=\"http:\/\/on.fb.me\/1sn2wSf\">http:\/\/on.fb.me\/1sn2wSf<\/a> &nbsp;&nbsp;el cual tiene como prop\u00f3sito compartir videos, fotos, an\u00e9cdotas y todo lo de nuestros artistas en las diferentes d\u00e9cadas.<\/p>\n<p style=\"text-align: justify;\">Tambi\u00e9n ponemos a su disposici\u00f3n el grupo \u201c<strong>Un siglo de anuncios y algo m\u00e1s\u2026\u201d,<\/strong> un espacio donde pueden compartir o comentar los post que se publiquen <a href=\"http:\/\/on.fb.me\/1vASm2g\">http:\/\/on.fb.me\/1vASm2g<\/a><\/p>\n<p style=\"text-align: justify;\"><strong>Las entrevistas las pueden leer en los siguientes links:<\/strong><\/p>\n<p style=\"text-align: justify;\"><a href=\"http:\/\/www.heidysandovalruiz.com\">http:\/\/www.heidysandovalruiz.com<\/a><\/p>\n<p style=\"text-align: justify;\"><a href=\"http:\/\/lasentrevistasdeheidy.blogspot.com\">http:\/\/lasentrevistasdeheidy.blogspot.com<\/a><\/p>\n<p style=\"text-align: justify;\">\n<p>Por Heidy Sandoval Ruiz<\/p>\n","protected":false},"excerpt":{"rendered":"<div class=\"mh-excerpt\"><p>A 70 a\u00f1os de la creaci\u00f3n de la m\u00e1xima entidad de prensa de Guatemala El pasado jueves 18 de abril se conmemoraron los 70 a\u00f1os <a class=\"mh-excerpt-more\" href=\"https:\/\/heidysandovalruiz.com\/?p=4754\" title=\"APG arriba a 70 a\u00f1os de su creaci\u00f3n\">[&#8230;]<\/a><\/p>\n<\/div>","protected":false},"author":4,"featured_media":4772,"comment_status":"closed","ping_status":"closed","sticky":false,"template":"","format":"standard","meta":{"footnotes":""},"categories":[63],"tags":[340],"class_list":["post-4754","post","type-post","status-publish","format-standard","has-post-thumbnail","hentry","category-varios","tag-apg-arriba-a-70-anos-de-su-creacion"],"_links":{"self":[{"href":"https:\/\/heidysandovalruiz.com\/index.php?rest_route=\/wp\/v2\/posts\/4754","targetHints":{"allow":["GET"]}}],"collection":[{"href":"https:\/\/heidysandovalruiz.com\/index.php?rest_route=\/wp\/v2\/posts"}],"about":[{"href":"https:\/\/heidysandovalruiz.com\/index.php?rest_route=\/wp\/v2\/types\/post"}],"author":[{"embeddable":true,"href":"https:\/\/heidysandovalruiz.com\/index.php?rest_route=\/wp\/v2\/users\/4"}],"replies":[{"embeddable":true,"href":"https:\/\/heidysandovalruiz.com\/index.php?rest_route=%2Fwp%2Fv2%2Fcomments&post=4754"}],"version-history":[{"count":8,"href":"https:\/\/heidysandovalruiz.com\/index.php?rest_route=\/wp\/v2\/posts\/4754\/revisions"}],"predecessor-version":[{"id":7493,"href":"https:\/\/heidysandovalruiz.com\/index.php?rest_route=\/wp\/v2\/posts\/4754\/revisions\/7493"}],"wp:featuredmedia":[{"embeddable":true,"href":"https:\/\/heidysandovalruiz.com\/index.php?rest_route=\/wp\/v2\/media\/4772"}],"wp:attachment":[{"href":"https:\/\/heidysandovalruiz.com\/index.php?rest_route=%2Fwp%2Fv2%2Fmedia&parent=4754"}],"wp:term":[{"taxonomy":"category","embeddable":true,"href":"https:\/\/heidysandovalruiz.com\/index.php?rest_route=%2Fwp%2Fv2%2Fcategories&post=4754"},{"taxonomy":"post_tag","embeddable":true,"href":"https:\/\/heidysandovalruiz.com\/index.php?rest_route=%2Fwp%2Fv2%2Ftags&post=4754"}],"curies":[{"name":"wp","href":"https:\/\/api.w.org\/{rel}","templated":true}]}}