{"id":4923,"date":"2017-05-29T02:49:24","date_gmt":"2017-05-29T02:49:24","guid":{"rendered":"http:\/\/heidysandovalruiz.com\/?p=4923"},"modified":"2022-02-26T18:30:53","modified_gmt":"2022-02-26T18:30:53","slug":"la-cara-amiga-de-ana-lucia-mendizabal","status":"publish","type":"post","link":"https:\/\/heidysandovalruiz.com\/?p=4923","title":{"rendered":"La cara amiga de \u00abAna Luc\u00eda Mendizabal\u00bb"},"content":{"rendered":"<p style=\"text-align: justify;\">En \u201c<strong>Las entrevistas de Heidy<\/strong>\u201d en esta ocasi\u00f3n conocer\u00e1n la historia de una periodista que ha ocupado puestos de correctora, reportera, redactora, jefa de informaci\u00f3n, coeditora y editora en medios de comunicaci\u00f3n escrita.\u00a0 Hoy conoceremos la historia de \u201c<strong>Ana Luc\u00eda Mendiz\u00e1bal Ruiz<\/strong>\u201d, una colega que nos contar\u00e1 cu\u00e1ndo surge en ella el deseo de dedicarse a esta profesi\u00f3n, sus logros, sus sue\u00f1os y sus proyectos.<\/p>\n<p style=\"text-align: justify;\">Doy la bienvenida a Ana Luc\u00eda a este espacio donde se puede decir lo que se quiere y en otros medios no se puede.<\/p>\n<p style=\"text-align: justify;\">Imag\u00ednate que a veces no es tan f\u00e1cil entrevistar a una colega, pero hay que contar tu historia y pues la inicio pregunt\u00e1ndote<strong> \u00bfQu\u00e9 recuerdos tienes del barrio donde creciste? \u00bfCu\u00e1l era?<\/strong> Mis padres viv\u00edan en la zona 2, y sus primeros a\u00f1os de casados habitaron un apartamento en la casa de mi abuelito. Pero cuando yo ten\u00eda menos de un a\u00f1o, nos trasladamos a la colonia Primero de Julio, en donde viv\u00ed m\u00e1s de 35 a\u00f1os. De quienes guardo los mejores recuerdos en esa colonia es de mis vecinos m\u00e1s cercanos, los Aquino Marroqu\u00edn, quienes hasta ahora siguen siendo mis mejores amigos, casi hermanos.<\/p>\n<p style=\"text-align: justify;\"><strong>\u00bfRecuerdas\u00a0 el ambiente familiar en tu casa? <\/strong>S\u00ed, claro. Mi pap\u00e1 era Daniel Vicente Mendiz\u00e1bal Lemus. Trabajaba en el Banco de Londres, que luego se llam\u00f3 Lloyd\u2019s Bank. Mi mam\u00e1, Anicia de Jes\u00fas Ruiz Cancino es maestra, pero se qued\u00f3 en casa para cuidar de nosotros. Yo fui la mayor de tres hermanos. A mi hermana \u00c1gueda Geraldine le llev\u00f3 un a\u00f1o y medio, y a Melvin Ren\u00e9, siete a\u00f1os y medio. Yo era bastante apegada a mi mam\u00e1. No era muy sociable. Mi hermana en cambio, s\u00ed lo era y mi hermano era el l\u00edder de su grupo de amigos. Siempre fui (y sigo siendo) muy ingenua, lo que me vali\u00f3 que mis hermanos se rieran a costa m\u00eda.<\/p>\n<figure id=\"attachment_4925\" aria-describedby=\"caption-attachment-4925\" style=\"width: 300px\" class=\"wp-caption alignright\"><a href=\"https:\/\/heidysandovalruiz.com\/wp-content\/uploads\/2017\/05\/Junto-a-Farah-Illescas-y-Luis-Molina-captados-por-Gabriel-Arana.jpg\"><img loading=\"lazy\" decoding=\"async\" class=\"size-medium wp-image-4925\" src=\"https:\/\/heidysandovalruiz.com\/wp-content\/uploads\/2017\/05\/Junto-a-Farah-Illescas-y-Luis-Molina-captados-por-Gabriel-Arana-300x300.jpg\" alt=\"Junto a Farah Illescas y Luis Molina, captados por Gabriel Arana\" width=\"300\" height=\"300\" \/><\/a><figcaption id=\"caption-attachment-4925\" class=\"wp-caption-text\">Junto a Farah Illescas y Luis Molina, captados por Gabriel Arana<\/figcaption><\/figure>\n<p style=\"text-align: justify;\"><strong>\u00bfQu\u00e9 te gustaba jugar? <\/strong>Yo siempre fui algo as\u00ed como una \u201cni\u00f1a marciana\u201d. No me gustaba mucho jugar, sino leer, inventar historias que me contaba a m\u00ed misma (hasta la fecha hablo sola). Aprend\u00ed a leer a los cuatro a\u00f1os, y no dej\u00e9 de hacerlo. Me recorr\u00ed m\u00e1s de una vez toda la colecci\u00f3n de \u201cSelecciones\u201d que mi abuelito ten\u00eda en su librera, que abarcaba desde los a\u00f1os 1940 hasta los 1970. Sin embargo, hubo un tiempo que jugaba con mi bicicleta y fing\u00eda que yo misma la arreglaba.<\/p>\n<p style=\"text-align: justify;\"><strong>\u00bfDe qu\u00e9 establecimiento educativo te grad\u00faas y qu\u00e9 sigues estudiando posteriormente? <\/strong>Estudi\u00e9 toda la secundaria y me gradu\u00e9 del Instituto Normal para Se\u00f1oritas Centro Am\u00e9rica (INCA). Soy Maestra de Educaci\u00f3n Primaria Urbana.<\/p>\n<p style=\"text-align: justify;\"><strong>\u00bfA qu\u00e9 edad surge en ti el deseo de ser periodista? <\/strong>La verdad es que mi encuentro con las Ciencias de la Comunicaci\u00f3n fue bastante inusual. Yo no tuve muy clara la vocaci\u00f3n. Luego de graduarme como maestra, decid\u00ed estudiar un curso de computaci\u00f3n (eran los 80 y en aquellos tiempos estaba en auge). Seg\u00fan yo, podr\u00eda gustarme estudiar ingenier\u00eda en sistemas, pero, aunque aprob\u00e9 el curso, que era algo as\u00ed como introductorio, me di cuenta que lo m\u00edo estaba en Humanidades. Llegu\u00e9 a la Universidad Rafael Land\u00edvar sin mucha noci\u00f3n de lo que quer\u00eda. Sin embargo, ya ten\u00eda 18 a\u00f1os y deb\u00eda decidir. As\u00ed que le\u00ed el pensum de estudios de Ciencias de la Comunicaci\u00f3n y me inscrib\u00ed.<\/p>\n<p style=\"text-align: justify;\"><strong>A prop\u00f3sito \u00bfHay periodistas de nuestro pa\u00eds que admiras y por qu\u00e9? <\/strong>Si me pongo en el plano hist\u00f3rico, no puedo dejar de reconocer a personajes que eran verdaderos intelectuales como el caso de David Vela, y m\u00e1rtires de la verdad como Irma Flaquer. Sin embargo, debo confesarte que he admirado a muchos de mis compa\u00f1eros de trabajo, no solo por el talento, sino sobre todo por su entrega. No quiero dejar fuera\u00a0 a ninguno, por eso no menciono nombres, pero te dir\u00e9 que he aprendido much\u00edsimo de gente mayor, pero sobre todo de personas mucho m\u00e1s j\u00f3venes que yo.<\/p>\n<p style=\"text-align: justify;\"><strong>\u00bfRecuerdas cu\u00e1ndo empezaste en esta carrera, en qu\u00e9 medio y haciendo qu\u00e9? <\/strong>Yo ya hab\u00eda cerrado la carrera de Comunicaci\u00f3n cuando decid\u00ed buscar trabajo en prensa. Vi dos anuncios, uno de \u201ccopy\u201d y otro de corrector. (Te cuento que la especialidad de mi licenciatura fue Publicidad). Envi\u00e9 mi curriculum a ambas opciones y result\u00f3 que las dos eran para trabajar en Prensa Libre. Sin embargo, me hicieron las pruebas para el puesto de correctora. El 31 de noviembre de 1991, al medio d\u00eda, recib\u00ed la noticia de que hab\u00eda superado las pruebas y que era la nueva correctora de estilo de la secci\u00f3n Suplementos Especiales. Fui correctora una semana y en ese tiempo, los suplementos navide\u00f1os se multiplicaban y una semana despu\u00e9s de haber llegado, empec\u00e9 a escribir, y al mes me hab\u00edan nombrado como asistente.<\/p>\n<figure id=\"attachment_4928\" aria-describedby=\"caption-attachment-4928\" style=\"width: 300px\" class=\"wp-caption alignleft\"><a href=\"https:\/\/heidysandovalruiz.com\/wp-content\/uploads\/2017\/05\/Con-el-equipo-de-Prensa-Libre.jpg\"><img loading=\"lazy\" decoding=\"async\" class=\"size-medium wp-image-4928\" src=\"https:\/\/heidysandovalruiz.com\/wp-content\/uploads\/2017\/05\/Con-el-equipo-de-Prensa-Libre-300x225.jpg\" alt=\"Con el equipo de Prensa Libre\" width=\"300\" height=\"225\" \/><\/a><figcaption id=\"caption-attachment-4928\" class=\"wp-caption-text\">Con el equipo de Prensa Libre<\/figcaption><\/figure>\n<p style=\"text-align: justify;\"><strong>Dentro de tu trabajo \u00bfQu\u00e9 puestos has ocupado? <\/strong>Como te dec\u00eda en mis inicios fui correctora, luego reportera y m\u00e1s tarde editora. Fui Jefa de Informaci\u00f3n en Revista Amiga. En 1996, mi segundo jefe en Prensa Libre, Gerardo Jim\u00e9nez se fue para ser director del proyecto que m\u00e1s adelante ser\u00eda Diario Al D\u00eda. Yo me fui con \u00e9l, sin saber si quiera de qu\u00e9 se trataba. Yo fui la segunda empleada de la redacci\u00f3n de ese matutino. Cuando empezamos, en la oficina hab\u00eda una silla, una mesa que se mov\u00eda y un tel\u00e9fono. Desde ese aparato, llam\u00e9, a pedido de don Gerardo, a la mayor\u00eda de los que conformaron el equipo, en los inicios de ese diario. Empec\u00e9 siendo reportera de nacionales y a los pocos meses me convert\u00ed en la editora de la secci\u00f3n que se llam\u00f3 Viva la vida y luego Viva. Despu\u00e9s fui coeditora de la secci\u00f3n Estrellas y Familia en Nuestro Diario. M\u00e1s adelante, luego de un conflicto en ese matutino, nos adentramos en un proyecto que se llamaba laguiadeguate.com. Ah\u00ed fui redactora y editora. M\u00e1s adelante se fund\u00f3 el Diario.<\/p>\n<p style=\"text-align: justify;\">Hoy, en donde termin\u00e9 editando dos secciones, antes de que se declarara en quiebra. Trabaj\u00e9 tres semanas en un semanario que se llam\u00f3 \u201cEl D\u00eda a D\u00eda\u201d, antes de que me llamaran de Siglo 21. Ah\u00ed, empec\u00e9 en la secci\u00f3n de Nacionales, y por cinco meses cubr\u00ed las noticias del Ejecutivo. M\u00e1s adelante, renunci\u00e9 pero me pidieron que me quedara en la secci\u00f3n \u201cVida\u201d. Empec\u00e9 nuevamente como reportera.<\/p>\n<p style=\"text-align: justify;\"><strong>A prop\u00f3sito \u00bfC\u00f3mo recuerdas tu paso por la secci\u00f3n \u201cVida<\/strong>\u201d? De verdad, debo confesarte que en Siglo 21, rodeada de jefes bastante m\u00e1s j\u00f3venes que yo, aprend\u00ed a ser periodista de Cultura. El ambiente en esa redacci\u00f3n era sumamente exigente y yo deb\u00ed disciplinarme mucho m\u00e1s, porque ten\u00eda cerca a algunos de los m\u00e1s talentosos periodistas, y ellos esperaban mucho de m\u00ed, debido a mi edad.<\/p>\n<p style=\"text-align: justify;\"><strong>\u00bfEn qu\u00e9 medios escritos has laborado y cubriendo que clase de nota? <\/strong>En Prensa Libre, mi fuerte fue \u201cAmiga\u201d, pero tambi\u00e9n realizaba notas para suplementos como \u201cMundo Motor\u201d y \u201cHabitar\u201d. Durante tres meses conform\u00e9 un equipo de investigaci\u00f3n, que entre otros temas trat\u00f3 el caso de los helic\u00f3pteros Sikorsky, que se compraron en el tiempo de Vinicio Cerezo, los avances en procesos de paz (antes de la firma) y formas alternativas de generar energ\u00eda el\u00e9ctrica. En Al D\u00eda, en los primeros dos meses trabaj\u00e9 reportajes de salud, comunidad y seguridad para la secci\u00f3n Nacionales. Luego, espect\u00e1culos, salud, bienestar, belleza, moda y derechos de la mujer.<\/p>\n<figure id=\"attachment_4927\" aria-describedby=\"caption-attachment-4927\" style=\"width: 300px\" class=\"wp-caption alignright\"><a href=\"https:\/\/heidysandovalruiz.com\/wp-content\/uploads\/2017\/05\/Con-uno-de-los-equipos-de-Siglo-21.jpg\"><img loading=\"lazy\" decoding=\"async\" class=\"size-medium wp-image-4927\" src=\"https:\/\/heidysandovalruiz.com\/wp-content\/uploads\/2017\/05\/Con-uno-de-los-equipos-de-Siglo-21-300x225.jpg\" alt=\"Con uno de los equipos de Siglo 21\" width=\"300\" height=\"225\" \/><\/a><figcaption id=\"caption-attachment-4927\" class=\"wp-caption-text\">Con uno de los equipos de Siglo 21<\/figcaption><\/figure>\n<p style=\"text-align: justify;\">En Nuestro Diario, me concentr\u00e9 en espect\u00e1culos y modelos. Adem\u00e1s de la secci\u00f3n Familia. En laguiadeguate.com ten\u00eda las secciones de libros, teatro y m\u00fasica. En Hoy, redact\u00e9 y edit\u00e9 las secciones Espect\u00e1culos y Vida. En El D\u00eda a D\u00eda redact\u00e9 reportajes acerca de los agujeros que se abrieron en ese tiempo en la ciudad y los placeres de los guatemaltecos. En Siglo 21, primero trabaj\u00e9 pol\u00edtica cubriendo actividades y conflictos del Presidente y sus Ministros. Luego, en Vida, escrib\u00eda acerca de cultura, espect\u00e1culos, salud, bienestar, psicolog\u00eda y social. En El Peri\u00f3dico (donde estuve solo tres meses) hice notas sociales y empresariales. Al volver a Siglo 21, retom\u00e9 las cuestiones culturales.<\/p>\n<p style=\"text-align: justify;\"><strong>\u00bfRecuerdas cu\u00e1l fue la entrevista m\u00e1s dif\u00edcil que realizaste? <\/strong>Creo que fue una que me enviaron a hacer para quedar bien con un diputado, que hab\u00eda escrito un libro. No fue dif\u00edcil entrevistarlo, pero yo no me identificaba con nada de lo que dec\u00eda y de verdad, me cost\u00f3 mucho disimular mi desagrado por la imposici\u00f3n.<\/p>\n<p style=\"text-align: justify;\"><strong>En relaci\u00f3n a la anterior pregunta \u00bfQu\u00e9 entrevistados han sido los que m\u00e1s recuerdas y por qu\u00e9? <\/strong>Me encanta entrevistar artistas. Sobre todo cuando me identifico con sus fuentes de inspiraci\u00f3n. Me acuerdo mucho de la entrevista con la actriz Mildred Ch\u00e1vez, que me cont\u00f3 todo acerca de su familia. Tambi\u00e9n guardo en mis memorias la \u00fanica que le realic\u00e9 a Efra\u00edn Recinos, en la que descubr\u00ed que adem\u00e1s de ser un genio, fue un hijo afortunado, porque su padre era un hombre que se empe\u00f1\u00f3 en cuidarlo y cultivarlo. Alguien a quien tambi\u00e9n recuerdo es a Ricardo Andrade, un hombre joven con muchos sue\u00f1os y talento, a quien le robaron las posibilidades. En Al D\u00eda le hicimos una serie de entrevistas a Alux Nahual en la que conocimos uno a uno a sus integrantes. Y \u00bfc\u00f3mo olvidar a quienes t\u00fa me presentaste? Herman May, Roberto Rey, Aura Marina y tantos otros, dejaron tambi\u00e9n huella en mis historias.<\/p>\n<p style=\"text-align: justify;\"><strong>Eres una chica t\u00edmida (me consta) \u00bfNunca se te ha dificultado acercarte a la persona que vas a entrevistar? <\/strong>Te soy muy sincera. En mis primeros a\u00f1os sufr\u00eda demasiado haciendo entrevistas. Me encantaba escribir, pero no entrevistar. Pero poco a poco, aprend\u00ed a encontrar en cada persona, un punto de identificaci\u00f3n, y eso me ayud\u00f3, al punto de que en la actualidad disfruto mucho conversar con mis entrevistados.<\/p>\n<figure id=\"attachment_4926\" aria-describedby=\"caption-attachment-4926\" style=\"width: 300px\" class=\"wp-caption alignleft\"><a href=\"https:\/\/heidysandovalruiz.com\/wp-content\/uploads\/2017\/05\/34848_424292333484_4719530_n.jpg\"><img loading=\"lazy\" decoding=\"async\" class=\"size-medium wp-image-4926\" src=\"https:\/\/heidysandovalruiz.com\/wp-content\/uploads\/2017\/05\/34848_424292333484_4719530_n-300x201.jpg\" alt=\"Con ex compa\u00f1eros de Nuestro Diario, en el tiempo que se hac\u00eda laguiadeguate.com \" width=\"300\" height=\"201\" \/><\/a><figcaption id=\"caption-attachment-4926\" class=\"wp-caption-text\">Con ex compa\u00f1eros de Nuestro Diario,<br \/>en el tiempo que se hac\u00eda laguiadeguate.com<\/figcaption><\/figure>\n<p style=\"text-align: justify;\"><strong>Dentro de los diferentes cargos que has ocupado \u00bfCu\u00e1l es en el que mejor te has sentido? <\/strong>Es muy dif\u00edcil decirlo, porque te dir\u00e9 que cuando trabaj\u00e9 en Amiga, me encantaba el reto de descubrir maneras distintas de decir las cosas. En Al D\u00eda, sin duda aprend\u00ed a hacerme responsable de las decisiones para dirigir un equipo y tuve la oportunidad de realizar proyectos muy interesantes. Siglo 21, a pesar de una etapa emocional algo extra\u00f1a y dura, fue una escuela sumamente enriquecedora. Actualmente trabajo en el Ministerio de Cultura y Deportes y aqu\u00ed tambi\u00e9n he aprendido much\u00edsimo. Ahora, incluso, hago televisi\u00f3n con el programa \u201cMatiz Cultural\u201d.<\/p>\n<p style=\"text-align: justify;\"><strong>\u00bfAparte del periodismo qu\u00e9 te gusta? <\/strong>Cocinar. No es que lo haga muy bien, pero me relaja y a veces me salen platos ricos.<\/p>\n<p style=\"text-align: justify;\"><strong>\u00bfQu\u00e9 opini\u00f3n te merece el disco m\u00e1s reciente de Ricardo Arjona \u201cCirco Soledad\u201d? \u00a0<\/strong>Hay temas que te parecen que son la d\u00e9cima parte de la misma saga (jajajaja), como \u201cCada cual su vida\u201d. Sin embargo, s\u00ed hay algunas canciones que me sorprendieron como \u201cVivir\u201d, que se me hizo como balada corta venas de los a\u00f1os 1970. Tambi\u00e9n \u201cSixto P\u00e9rez\u201d que te refiere a salseros como Rub\u00e9n Blades o la sentimental \u201cEl cielo a mi favor\u201d. Me divirti\u00f3 tambi\u00e9n ver c\u00f3mo \u201cno canta mal las rancheras\u201d como lo prob\u00f3 en \u201cPorque puedo\u201d.<\/p>\n<p style=\"text-align: justify;\"><strong>\u00bfAlguna vez lo entrevistaste?<\/strong> Le hice preguntas en ruedas de prensa tres veces, e incluso, cuando vino a inaugurar o a visitar sus escuelas, le lanc\u00e9 unos cuestionamientos a gritos y respondi\u00f3. Pero entrevista como tal, no. Cuando estaba en Al D\u00eda hicimos una serie acerca de \u00e9l, de m\u00e1s de 50 cap\u00edtulos. Entonces, su disquera nos ofreci\u00f3 una entrevista, en El Salvador. Pero los editores se tardaron mucho en autorizar el viaje y al llegar mi equipo all\u00e1, ya le hab\u00edan dado la oportunidad a Nuestro Diario. En esa misma gira me ofrecieron un encuentro con \u00e9l en el Teatro Nacional, pero otra decisi\u00f3n de los editores hizo que se nos cerraran las puertas. As\u00ed que no lo logr\u00e9. En 2015 volv\u00ed a trabajar una serie, ya no tan biogr\u00e1fica, pero s\u00ed de an\u00e1lisis de su m\u00fasica, sus motivaciones y por supuesto sus historias de vida y carrera, pero nunca me lleg\u00f3 la oportunidad de entrevistarlo.<\/p>\n<figure id=\"attachment_4930\" aria-describedby=\"caption-attachment-4930\" style=\"width: 300px\" class=\"wp-caption alignright\"><a href=\"https:\/\/heidysandovalruiz.com\/wp-content\/uploads\/2017\/05\/Entrevista-con-el-poeta-Eduardo-Villalobos.jpg\"><img loading=\"lazy\" decoding=\"async\" class=\"size-medium wp-image-4930\" src=\"https:\/\/heidysandovalruiz.com\/wp-content\/uploads\/2017\/05\/Entrevista-con-el-poeta-Eduardo-Villalobos-300x200.jpg\" alt=\"Entrevista con el poeta Eduardo Villalobos\" width=\"300\" height=\"200\" \/><\/a><figcaption id=\"caption-attachment-4930\" class=\"wp-caption-text\">Entrevista con el poeta Eduardo Villalobos<\/figcaption><\/figure>\n<p style=\"text-align: justify;\"><strong>\u00bfC\u00f3mo se ve Ana Lucia Mendiz\u00e1bal dentro de 10 a\u00f1os, haciendo qu\u00e9? <\/strong>Creo que seguir\u00e9 trabajando en comunicaci\u00f3n, porque es lo que s\u00e9 hacer y me apasiona. Espero tambi\u00e9n tener un poco m\u00e1s de tiempo para vivir experiencias con mis cuatro sobrinas, que ya para entonces tendr\u00e1n entre 15 y 25 a\u00f1os.<\/p>\n<p style=\"text-align: justify;\"><strong>Este 2017 se celebran los cien a\u00f1os de Jos\u00e9 Ernesto Monz\u00f3n \u00bfTienes alguna canci\u00f3n que te guste de \u00e9l? \u00a0<\/strong>Me gusta la ternura de \u201cLa Sanjuanerita\u201d y admiro la versatilidad de sus temas y ritmos.<\/p>\n<p style=\"text-align: justify;\"><strong>\u00bfLo conociste? <\/strong>S\u00ed, pero no por razones period\u00edsticas. Resulta que el esposo de mi t\u00eda era de Huehuetenango y en una ocasi\u00f3n, viajamos con \u00e9l a ese departamento y se encontraron en la calle. \u00c9l nos invit\u00f3 a llegar a su casa, nos mostr\u00f3 sus fotograf\u00edas con los famosos mexicanos de los a\u00f1os 50 y 60. Fue muy amable y cari\u00f1oso con mi t\u00edo, a quien yo quer\u00eda mucho.<\/p>\n<p style=\"text-align: justify;\"><strong>\u00bfCu\u00e1les son las habilidades de Ana Luc\u00eda Mendiz\u00e1bal? \u00a0<\/strong>Creo que m\u00e1s que habilidades te dir\u00eda que me caracteriza la perseverancia. Algunos, especialmente mis jefes te podr\u00edan decir que soy muy necia. Aunque soy llorona, me s\u00e9 levantar y seguir luchando.<\/p>\n<p style=\"text-align: justify;\"><strong><a href=\"https:\/\/heidysandovalruiz.com\/wp-content\/uploads\/2017\/05\/16665104_10208578819647253_8826532674185935890_o.jpg\"><img loading=\"lazy\" decoding=\"async\" class=\"size-thumbnail wp-image-4931 alignleft\" src=\"https:\/\/heidysandovalruiz.com\/wp-content\/uploads\/2017\/05\/16665104_10208578819647253_8826532674185935890_o-150x150.jpg\" alt=\"16665104_10208578819647253_8826532674185935890_o\" width=\"150\" height=\"150\" \/><\/a>\u00bfCu\u00e1ntos a\u00f1os llevas dentro del periodismo? \u00bfAlguna vez has pensado que no te gustaba esta profesi\u00f3n? <\/strong>Hace 25 a\u00f1os empec\u00e9 a trabajar como periodista. A veces esta profesi\u00f3n es muy dura, porque aparte de que te exige dedicarle mucho tiempo, no es bien remunerada y muchas veces sufres rechazo.\u00a0 Sin embargo, a pesar de las crisis bastante cruentas que sufr\u00ed hace algunos pocos a\u00f1os, nunca quise dejarla. Es algo as\u00ed como un vicio.<\/p>\n<p style=\"text-align: justify;\"><strong>\u00bfPuedes compartir un\u00a0 mensaje con las personas que lean la entrevista? <\/strong>A veces m\u00e1s que los ojos y los o\u00eddos, para ser periodista y comunicador, lo mejor es abrir el coraz\u00f3n.<\/p>\n<p style=\"text-align: justify;\">Agradezco a mi querida amiga Ana Lucia Mendiz\u00e1bal, el habernos compartido su historia y conocer m\u00e1s de cerca el trabajo que ha realizado a lo largo de 25 a\u00f1os.<\/p>\n<p style=\"text-align: justify;\">Les invitamos para que se unan al grupo de <strong>\u00abArtistas de Guatemala para el Mundo\u00bb <\/strong>en este link <a href=\"http:\/\/on.fb.me\/1sn2wSf\">http:\/\/on.fb.me\/1sn2wSf<\/a> \u00a0\u00a0el cual tiene como prop\u00f3sito compartir videos, fotos, an\u00e9cdotas y todo lo de nuestros artistas en las diferentes d\u00e9cadas.<\/p>\n<p style=\"text-align: justify;\">Tambi\u00e9n ponemos a su disposici\u00f3n el grupo <strong>\u201cUn siglo de anuncios y algo m\u00e1s\u2026\u201d, <\/strong>un espacio donde pueden compartir o comentar los post que se publiquen <a href=\"http:\/\/on.fb.me\/1vASm2g\">http:\/\/on.fb.me\/1vASm2g<\/a><\/p>\n<p style=\"text-align: justify;\"><strong>Las entrevistas las pueden leer en los siguientes links<\/strong>:<\/p>\n<p style=\"text-align: justify;\"><a href=\"http:\/\/www.heidysandovalruiz.com\">http:\/\/www.heidysandovalruiz.com<\/a><\/p>\n<p style=\"text-align: justify;\"><a href=\"http:\/\/lasentrevistasdeheidy.blogspot.com\">http:\/\/lasentrevistasdeheidy.blogspot.com<\/a><\/p>\n<p style=\"text-align: justify;\">\n<p style=\"text-align: justify;\"><strong>Entrevista realizada por Heidy Sandoval Ruiz<\/strong><\/p>\n","protected":false},"excerpt":{"rendered":"<div class=\"mh-excerpt\"><p>En \u201cLas entrevistas de Heidy\u201d en esta ocasi\u00f3n conocer\u00e1n la historia de una periodista que ha ocupado puestos de correctora, reportera, redactora, jefa de informaci\u00f3n, <a class=\"mh-excerpt-more\" href=\"https:\/\/heidysandovalruiz.com\/?p=4923\" title=\"La cara amiga de \u00abAna Luc\u00eda Mendizabal\u00bb\">[&#8230;]<\/a><\/p>\n<\/div>","protected":false},"author":4,"featured_media":4924,"comment_status":"closed","ping_status":"closed","sticky":false,"template":"","format":"standard","meta":{"footnotes":""},"categories":[16],"tags":[],"class_list":["post-4923","post","type-post","status-publish","format-standard","has-post-thumbnail","hentry","category-la-cara-amiga"],"_links":{"self":[{"href":"https:\/\/heidysandovalruiz.com\/index.php?rest_route=\/wp\/v2\/posts\/4923","targetHints":{"allow":["GET"]}}],"collection":[{"href":"https:\/\/heidysandovalruiz.com\/index.php?rest_route=\/wp\/v2\/posts"}],"about":[{"href":"https:\/\/heidysandovalruiz.com\/index.php?rest_route=\/wp\/v2\/types\/post"}],"author":[{"embeddable":true,"href":"https:\/\/heidysandovalruiz.com\/index.php?rest_route=\/wp\/v2\/users\/4"}],"replies":[{"embeddable":true,"href":"https:\/\/heidysandovalruiz.com\/index.php?rest_route=%2Fwp%2Fv2%2Fcomments&post=4923"}],"version-history":[{"count":4,"href":"https:\/\/heidysandovalruiz.com\/index.php?rest_route=\/wp\/v2\/posts\/4923\/revisions"}],"predecessor-version":[{"id":7513,"href":"https:\/\/heidysandovalruiz.com\/index.php?rest_route=\/wp\/v2\/posts\/4923\/revisions\/7513"}],"wp:featuredmedia":[{"embeddable":true,"href":"https:\/\/heidysandovalruiz.com\/index.php?rest_route=\/wp\/v2\/media\/4924"}],"wp:attachment":[{"href":"https:\/\/heidysandovalruiz.com\/index.php?rest_route=%2Fwp%2Fv2%2Fmedia&parent=4923"}],"wp:term":[{"taxonomy":"category","embeddable":true,"href":"https:\/\/heidysandovalruiz.com\/index.php?rest_route=%2Fwp%2Fv2%2Fcategories&post=4923"},{"taxonomy":"post_tag","embeddable":true,"href":"https:\/\/heidysandovalruiz.com\/index.php?rest_route=%2Fwp%2Fv2%2Ftags&post=4923"}],"curies":[{"name":"wp","href":"https:\/\/api.w.org\/{rel}","templated":true}]}}