{"id":4973,"date":"2017-07-01T01:37:12","date_gmt":"2017-07-01T01:37:12","guid":{"rendered":"http:\/\/heidysandovalruiz.com\/?p=4973"},"modified":"2022-02-26T21:03:47","modified_gmt":"2022-02-26T21:03:47","slug":"cuatro-anos-de-historias","status":"publish","type":"post","link":"https:\/\/heidysandovalruiz.com\/?p=4973","title":{"rendered":"Heidy Sandoval Ruiz y cuatro a\u00f1os de historias"},"content":{"rendered":"<p style=\"text-align: justify;\">Hoy se inicia la novena temporada de \u00abLa cara amiga de los invitados de Heidy\u00bb o \u00abLas entrevistas de Heidy\u00bb, es un gusto contar con el apoyo de muchisimas personas como artistas, locutores, periodistas entre otros, que han sido parte de las historias que se han contado en las ocho ediciones anteriores. \u00a0Seguimos adelante, con el deseo de continuar llevando relatos incre\u00edbles vividos por los invitados y en algunos casos de sus seres queridos.<\/p>\n<p style=\"text-align: justify;\">Para dar inicio a esta temporada comparto la entrevista que Luigi Lanuza me hiciera para celebrar cuatro a\u00f1os de historias.<\/p>\n<p style=\"text-align: justify;\">Una amiga que en ese entonces solo era \u201camistad de FB\u201d, me invit\u00f3 a una entrevista dici\u00e9ndome que iniciar\u00eda un espacio donde se contar\u00e1n las historias de guatemaltecos que han destacado en diversos campos.\u00a0 Muchos la conocen pues es una persona que ha demostrado su admiraci\u00f3n y cari\u00f1o a los artistas, adem\u00e1s, es la coordinadora general del evento m\u00e1s importante art\u00edsticamente hablando:\u00a0 <strong>Heidy<\/strong> <strong>Sandoval Ruiz<\/strong> a quien por tercera vez entrevisto para que ella nos cuente si realmente se han cumplido sus metas durante estos cuatro a\u00f1os.<\/p>\n<p style=\"text-align: justify;\">Heidy eso de entrevistarte como que ya me gust\u00f3.\u00a0 Pero vamos al grano.<\/p>\n<p style=\"text-align: justify;\"><strong>\u00bfA cuatro a\u00f1os de haber iniciado \u201cLas entrevistas de Heidy\u201d, c\u00f3mo has visto la respuesta tanto de los entrevistados como de quienes participan?<\/strong> Hola Luigi muchas gracias porque como te lo dije ya en una ocasi\u00f3n lo de periodista se te da bien y aqu\u00ed estoy para dar respuesta a tus inquietudes.<\/p>\n<p style=\"text-align: justify;\">Y respondiendo a tu inquietud te digo que los entrevistados han brindado su apoyo para que en este espacio se cuenten las historias de cada uno.\u00a0 Imag\u00ednate a cuatro a\u00f1os llevo m\u00e1s de 300 entrevistas, entre pintores, cantantes, locutores, periodistas y mucho m\u00e1s y lo que falta.<\/p>\n<p style=\"text-align: justify;\">\u00bfHas tenido alg\u00fan inconveniente en este tiempo? Pues el \u00fanico es que 2 o 3 invitados confirman o piden la entrevista y te quedan mal, entonces tienes que ver como llenas el espacio, porque eso me altera el orden de las historias.\u00a0 Pero en resumen no ha habido problema alguno.<\/p>\n<p style=\"text-align: justify;\"><strong>A parte de tus entrevistas tambi\u00e9n tienes grupos diversos \u00bfPuedes comentarnos algo al respecto? <\/strong>En relaci\u00f3n a los grupos te comento que no deja de molestarme que muchas personas solicitan ser parte de un grupo y les das la oportunidad de ser parte y \u00bfqu\u00e9 crees? Pues no comentan, no dan me gusta a ninguna publicaci\u00f3n y con la finalidad de interactuar es que se abrieron los diversos grupos.\u00a0 Para m\u00ed en lo personal no me interesa tener 5 mil miembros o m\u00e1s si un grupo es el que participa. Por esa raz\u00f3n realizamos limpieza peri\u00f3dicamente.\u00a0 Te digo realizamos porque tengo personas que\u00a0 apoyan en cada uno de los grupos Lucrecia May\u00e9n, Mucky L\u00f3pez, Dalila Rend\u00f3n, Marisol Solares y Gustavo Ord\u00f3\u00f1ez.<a href=\"https:\/\/heidysandovalruiz.com\/wp-content\/uploads\/2017\/07\/DSC04147.jpg\"><img loading=\"lazy\" decoding=\"async\" class=\"size-medium wp-image-4977 alignright\" src=\"https:\/\/heidysandovalruiz.com\/wp-content\/uploads\/2017\/07\/DSC04147-300x200.jpg\" alt=\"DSC04147\" width=\"300\" height=\"200\" \/><\/a><\/p>\n<p style=\"text-align: justify;\"><strong>\u00bfCu\u00e1l crees que es el alcance de tus entrevistas?<\/strong> Es fabuloso para nosotros saber que en varios pa\u00edses como Chile, Estados Unidos, M\u00e9xico, Argentina, El Salvador, Costa Rica, Nicaragua, Honduras, Canad\u00e1, Alemania, Espa\u00f1a, Rep\u00fablica Dominicana, Egipto, Ecuador, Francia y Colombia entre otros han conocido del trabajo de cada uno y su maravillosa historia, aunque te digo que estoy convencida que el secreto para que m\u00e1s personas conozcan cada historia, es que el entrevistado tambi\u00e9n comparta en su muro.<\/p>\n<p style=\"text-align: justify;\"><strong>\u00bfHay qui\u00e9nes han rebasado las expectativas de una entrevista en cuanto a lecturas?<\/strong> F\u00edjate que hay varios entrevistados que han superado m\u00e1s de 800 lecturas y otras historias llegaron a m\u00e1s de 1,500 visitas.\u00a0 Esto me alegra porque no es en vano el trabajo que realizo.<\/p>\n<p style=\"text-align: justify;\"><strong>En el grupo de \u201cArtistas de Guatemala para el mundo\u201d est\u00e1 la secci\u00f3n \u201cEl homenajeado de la semana\u201d \u00bfC\u00f3mo los elijen?<\/strong>\u00a0 Pues esta secci\u00f3n es coordinada con Danny Gabb de quien surgi\u00f3 la idea, pues anteriormente yo empec\u00e9 a compartir \u201cEl artista de la semana\u201d pero no segu\u00ed\u00a0 por el poco inter\u00e9s de los miembros del grupo de apoyar a los artistas.<\/p>\n<p style=\"text-align: justify;\"><strong>\u00bfPor qu\u00e9 temporada vas ya?<\/strong> Pues en julio inicio la novena temporada ya para lograr reunir las 400 entrevistas.<\/p>\n<p style=\"text-align: justify;\"><strong>\u00bfRecu\u00e9rdanos de tus grupos?<\/strong> \u201cUn siglo de anuncios y algo m\u00e1s\u201d, \u201cArtistas de Guatemala para el mundo\u201d <a href=\"https:\/\/www.facebook.com\/groups\/607635919342902\/\">https:\/\/www.facebook.com\/groups\/607635919342902\/<\/a> \u00a0y \u201cNostalgias de cincuenton@s\u201d <a href=\"https:\/\/www.facebook.com\/groups\/1109953692352067\/\">https:\/\/www.facebook.com\/groups\/1109953692352067\/<\/a> que son los m\u00e1s visitados. \u201cLas entrevistas de Heidy\u201d donde se comparten las historias de los invitados <a href=\"https:\/\/www.facebook.com\/groups\/1443599465933701\/\">https:\/\/www.facebook.com\/groups\/1443599465933701\/<\/a>\u00a0\u00a0 Cerdilandia <a href=\"http:\/\/on.fb.me\/1KFsep3\">http:\/\/on.fb.me\/1KFsep3<\/a> \u00a0ese lo manejo sola pues ah\u00ed comparto mi\u00a0 colecci\u00f3n, videos y fotos.<\/p>\n<figure id=\"attachment_4975\" aria-describedby=\"caption-attachment-4975\" style=\"width: 300px\" class=\"wp-caption alignleft\"><a href=\"https:\/\/heidysandovalruiz.com\/wp-content\/uploads\/2017\/07\/DSC06833.jpg\"><img loading=\"lazy\" decoding=\"async\" class=\"wp-image-4975 size-medium\" src=\"https:\/\/heidysandovalruiz.com\/wp-content\/uploads\/2017\/07\/DSC06833-300x200.jpg\" alt=\"DSC06833\" width=\"300\" height=\"200\" \/><\/a><figcaption id=\"caption-attachment-4975\" class=\"wp-caption-text\">L<strong>ic. Iv\u00e1n D\u00edaz L\u00f3pez<\/strong><\/figcaption><\/figure>\n<p style=\"text-align: justify;\"><strong>\u00bfY de la Gala de la Canci\u00f3n Guatemalteca 2017 qu\u00e9 puedes contarnos<\/strong>? Pues ya tenemos el elenco que participar\u00e1, solo quiero informarte que se tiene programada para el s\u00e1bado 2 de septiembre en el Gran Teatro Nacional.<\/p>\n<p style=\"text-align: justify;\">Gracias Heidy por haberme permitido nuevamente ser yo quien tuviera la oportunidad de entrevistarte y pues te deseo mucho \u00e9xito en tus proyectos que tienen como finalidad el apoyo al artista nacional en todas sus manifestaciones.<\/p>\n<p style=\"text-align: justify;\">Les invitamos para que se unan al grupo de <strong>\u00abArtistas de Guatemala para el Mundo\u00bb<\/strong> en este link <a href=\"http:\/\/on.fb.me\/1sn2wSf\">http:\/\/on.fb.me\/1sn2wSf<\/a> \u00a0\u00a0el cual tiene como prop\u00f3sito compartir videos, fotos, an\u00e9cdotas y todo lo de nuestros artistas en las diferentes d\u00e9cadas.<\/p>\n<p style=\"text-align: justify;\">Tambi\u00e9n ponemos a su disposici\u00f3n el grupo \u201c<strong>Un siglo de anuncios y algo m\u00e1s\u2026\u201d,<\/strong> un espacio donde pueden compartir o comentar los post que se publiquen <a href=\"http:\/\/on.fb.me\/1vASm2g\">http:\/\/on.fb.me\/1vASm2g<\/a><\/p>\n<p style=\"text-align: justify;\"><strong>Las entrevistas las pueden leer en los siguientes links:<\/strong><\/p>\n<p style=\"text-align: justify;\"><a href=\"http:\/\/www.heidysandovalruiz.com\">http:\/\/www.heidysandovalruiz.com<\/a><\/p>\n<p style=\"text-align: justify;\"><a href=\"http:\/\/lasentrevistasdeheidy.blogspot.com\">http:\/\/lasentrevistasdeheidy.blogspot.com<\/a><\/p>\n<p style=\"text-align: justify;\"><a href=\"https:\/\/www.facebook.com\/pages\/Los-invitados-de-Heidy\/892159284204965?ref=hl\">h<\/a><\/p>\n<p style=\"text-align: justify;\"><strong>Esta entrevista ha sido realizada por Luigi Lanuza<\/strong><\/p>\n<p style=\"text-align: justify;\">\n","protected":false},"excerpt":{"rendered":"<div class=\"mh-excerpt\"><p>Hoy se inicia la novena temporada de \u00abLa cara amiga de los invitados de Heidy\u00bb o \u00abLas entrevistas de Heidy\u00bb, es un gusto contar con <a class=\"mh-excerpt-more\" href=\"https:\/\/heidysandovalruiz.com\/?p=4973\" title=\"Heidy Sandoval Ruiz y cuatro a\u00f1os de historias\">[&#8230;]<\/a><\/p>\n<\/div>","protected":false},"author":4,"featured_media":4983,"comment_status":"closed","ping_status":"closed","sticky":false,"template":"","format":"standard","meta":{"footnotes":""},"categories":[5],"tags":[],"class_list":["post-4973","post","type-post","status-publish","format-standard","has-post-thumbnail","hentry","category-entrevistas"],"_links":{"self":[{"href":"https:\/\/heidysandovalruiz.com\/index.php?rest_route=\/wp\/v2\/posts\/4973","targetHints":{"allow":["GET"]}}],"collection":[{"href":"https:\/\/heidysandovalruiz.com\/index.php?rest_route=\/wp\/v2\/posts"}],"about":[{"href":"https:\/\/heidysandovalruiz.com\/index.php?rest_route=\/wp\/v2\/types\/post"}],"author":[{"embeddable":true,"href":"https:\/\/heidysandovalruiz.com\/index.php?rest_route=\/wp\/v2\/users\/4"}],"replies":[{"embeddable":true,"href":"https:\/\/heidysandovalruiz.com\/index.php?rest_route=%2Fwp%2Fv2%2Fcomments&post=4973"}],"version-history":[{"count":6,"href":"https:\/\/heidysandovalruiz.com\/index.php?rest_route=\/wp\/v2\/posts\/4973\/revisions"}],"predecessor-version":[{"id":7549,"href":"https:\/\/heidysandovalruiz.com\/index.php?rest_route=\/wp\/v2\/posts\/4973\/revisions\/7549"}],"wp:featuredmedia":[{"embeddable":true,"href":"https:\/\/heidysandovalruiz.com\/index.php?rest_route=\/wp\/v2\/media\/4983"}],"wp:attachment":[{"href":"https:\/\/heidysandovalruiz.com\/index.php?rest_route=%2Fwp%2Fv2%2Fmedia&parent=4973"}],"wp:term":[{"taxonomy":"category","embeddable":true,"href":"https:\/\/heidysandovalruiz.com\/index.php?rest_route=%2Fwp%2Fv2%2Fcategories&post=4973"},{"taxonomy":"post_tag","embeddable":true,"href":"https:\/\/heidysandovalruiz.com\/index.php?rest_route=%2Fwp%2Fv2%2Ftags&post=4973"}],"curies":[{"name":"wp","href":"https:\/\/api.w.org\/{rel}","templated":true}]}}