{"id":5005,"date":"2017-07-09T23:48:13","date_gmt":"2017-07-09T23:48:13","guid":{"rendered":"http:\/\/heidysandovalruiz.com\/?p=5005"},"modified":"2022-02-26T20:55:10","modified_gmt":"2022-02-26T20:55:10","slug":"la-cara-amiga-de-neto-paiz","status":"publish","type":"post","link":"https:\/\/heidysandovalruiz.com\/?p=5005","title":{"rendered":"La cara amiga de \u00abNeto Paiz\u00bb"},"content":{"rendered":"<p style=\"text-align: justify;\">En este mes de julio en \u201c<strong>La cara amiga de los invitados de Heidy<\/strong>\u201d presento en esta oportunidad al artista de la fotograf\u00eda \u201c<strong>Neto Paiz<\/strong>\u201d, quien ha plasmado en su arte de diferentes acontecimientos en la vida art\u00edstica, cultural y deportiva de nuestro pa\u00eds. \u00c9l nos comentar\u00e1 de sus inicios, sus sue\u00f1os y mucho m\u00e1s y ser\u00e1 nuestro invitado quien nos cuente su historia.<\/p>\n<p style=\"text-align: justify;\">Doy la bienvenida a este espacio donde se puede decir lo que se quiere y en otros lados no se puede a Neto de quien soy admiradora por el trabajo que realiza.<br \/>\nHay una pregunta de caj\u00f3n que hago a mis invitados<\/p>\n<p style=\"text-align: justify;\"><strong>\u00bfC\u00f3mo recuerdas tu ni\u00f1ez? \u00bfEn qu\u00e9 barrio la vives?<\/strong> La recuerdo como una de las mejores etapas de mi vida. Crec\u00ed con mis abuelos maternos y mi hermana mayor. Los fines de semana hab\u00eda reuni\u00f3n familiar y llegaban mi mam\u00e1 y mis otras hermanas. Las caminatas con mi abuelo por las calles de la colonia Vista Hermosa, las tardes de pl\u00e1ticas con mi abuela, los domingos familiares en Antigua Guatemala, los juegos de mesa con mis abuelos, los juegos con mi sobrina y hermana, los viajes a Panajachel, y las navidades; son grandes momentos de mi ni\u00f1ez.<a href=\"https:\/\/heidysandovalruiz.com\/wp-content\/uploads\/2017\/07\/unnamed-3.jpg\"><img loading=\"lazy\" decoding=\"async\" class=\"alignright wp-image-5008\" src=\"https:\/\/heidysandovalruiz.com\/wp-content\/uploads\/2017\/07\/unnamed-3-150x150.jpg\" alt=\"unnamed (3)\" width=\"170\" height=\"227\" \/><\/a><\/p>\n<p style=\"text-align: justify;\"><strong>\u00bfEn el colegio que era lo que te gustaba realizar en actividades extra-aula?<\/strong> En la primaria me gustaba participar en los actos c\u00edvicos, y actividades culturales. En la secundaria, me gustaba tomar fotograf\u00edas o participar en la organizaci\u00f3n de las actividades.<\/p>\n<p style=\"text-align: justify;\"><strong>\u00bfCu\u00e1ndo tomas tu primera fotograf\u00eda y qu\u00e9 es lo que tomas? \u00bfRecuerdas la c\u00e1mara que ten\u00edas?<\/strong> La primera fotograf\u00eda con c\u00e1mara profesional, no recuerdo.<\/p>\n<p style=\"text-align: justify;\">La primera fotograf\u00eda con mi c\u00e1mara profesional, si la recuerdo, fue en el Teatro Lux para el musical de Chicago en el 2015.<\/p>\n<p style=\"text-align: justify;\"><strong>\u00bfCu\u00e1ndo te inicias en la fotograf\u00eda en teatro? \u00bfQu\u00e9 te inspira a utilizar precisamente el teatro como inspiraci\u00f3n?<\/strong> Desde el 2010 por un blog de entrevistas que arm\u00e9, conoc\u00ed a muchos actores y actrices, y me invitaban a ver las obras donde participaban. Al ver cada personaje, momento, gesto, vestuario; anhelaba plasmar esas escenas en fotograf\u00edas. Despu\u00e9s de mucho tiempo logr\u00e9 comprar mi c\u00e1mara profesional y el sue\u00f1o se hizo realidad.<\/p>\n<p style=\"text-align: justify;\"><strong>\u00bfTuviste catedr\u00e1ticos o eres autodidacta?<\/strong> No, autodidacta.<\/p>\n<p style=\"text-align: justify;\"><strong>\u00bfA qu\u00e9 te gusta tomarle fotos?<\/strong> A obras de teatro y paisajes.<\/p>\n<p style=\"text-align: justify;\"><strong>\u00bfTienes idea de cu\u00e1ntas fotograf\u00edas has tomado profesionalmente?<\/strong> No, pero si debo decir un n\u00famero, del 2015 a la fecha, 60 000 fotograf\u00edas<\/p>\n<p style=\"text-align: justify;\"><strong>\u00bfC\u00f3mo surge tu inquietud por realizar entrevistas en un blog que ten\u00edas?<\/strong> Es una historia fant\u00e1stica. Por conexiones divinas, logro varias reuniones con el maestro Efra\u00edn Recinos, y sin pensar en el futuro, grab\u00e9 las conversaciones. Tiempo despu\u00e9s, transcrib\u00ed los audios y el resultado, una entrevista. Despu\u00e9s a trav\u00e9s de contactos logr\u00e9 entrevistar a grandes personalidades del teatro, deporte, y m\u00fasica de Guatemala y otros pa\u00edses.<\/p>\n<p style=\"text-align: justify;\"><strong><a href=\"https:\/\/heidysandovalruiz.com\/wp-content\/uploads\/2017\/07\/Efrain-2.jpg\"><img loading=\"lazy\" decoding=\"async\" class=\"size-medium wp-image-5009 alignleft\" src=\"https:\/\/heidysandovalruiz.com\/wp-content\/uploads\/2017\/07\/Efrain-2-300x225.jpg\" alt=\"Efrain 2\" width=\"300\" height=\"225\" \/><\/a>A prop\u00f3sito \u00bfC\u00f3mo recuerdas al maestro Efra\u00edn Recinos?<\/strong> La primera persona que am\u00f3 el proyecto del Centro Cultural Miguel \u00c1ngel Asturias. En cada conversaci\u00f3n que sostuvimos, habl\u00f3 de como fueron los inicios del proyecto, el significado del dise\u00f1o, y como combina los elementos en su obra. Una persona que compart\u00eda sus conocimientos, un verdadero maestro y compa\u00f1ero (como el sol\u00eda llamarme).<\/p>\n<p style=\"text-align: justify;\"><strong>\u00bfA qu\u00e9 personajes recuerdas haber entrevistado?<\/strong> A muchos, creo que cada entrevistado es un personaje que tiene algo que compartir, y ese algo ayudar\u00e1 a otra persona en cierto \u00e1mbito de la vida. Algunas personalidades son: Tuti Furl\u00e1n (actriz, y conductora de televisi\u00f3n), Pedro Ochandiano (Conductor de televisi\u00f3n), Charlie Brenner (Primer Mr, Guatemala), \u00c1lvaro Fortuny (Seleccionado Olimpico \u2013 Nataci\u00f3n), Maria Teresa Mart\u00ednez (Actriz), M\u00f3nica Sarmientos , Joam Solo, Juan Pablo Olyslager, Fran Lepe (actor, productor y m\u00fasico), Tita Mendoza (actriz y maestra), entre otros.<\/p>\n<p style=\"text-align: justify;\"><strong>\u00bfPor qu\u00e9 dejas el blog de tus entrevistas?<\/strong> No lo he dejado. Por cuestiones de tiempo, no he podido publicar entrevistas como quisiera.<\/p>\n<figure id=\"attachment_5010\" aria-describedby=\"caption-attachment-5010\" style=\"width: 300px\" class=\"wp-caption alignright\"><a href=\"https:\/\/heidysandovalruiz.com\/wp-content\/uploads\/2017\/07\/unnamed.jpg\"><img loading=\"lazy\" decoding=\"async\" class=\"wp-image-5010 size-medium\" src=\"https:\/\/heidysandovalruiz.com\/wp-content\/uploads\/2017\/07\/unnamed-300x200.jpg\" alt=\"unnamed\" width=\"300\" height=\"200\" \/><\/a><figcaption id=\"caption-attachment-5010\" class=\"wp-caption-text\"><strong>Foto: Roy El\u00edas<\/strong><\/figcaption><\/figure>\n<p style=\"text-align: justify;\"><strong>\u00bfEntrevistaste a personalidades de otros pa\u00edses? \u00bfA qui\u00e9nes por ejemplo?<\/strong> Mar\u00eda Luisa Alcal\u00e1 (Claudia de la serie del Dr. C\u00e1ndido P\u00e9rez), Robinson D\u00edaz (El Cabo de El Cartel de los Sapos), Juli\u00e1n Arango (Hugo Lombardi de Betty La Fea), Mario Iv\u00e1n Mart\u00ednez (Actor mexicano), Modesto Lacen (Pedro Knight en la serie de Celia), Pablo Valent\u00edn (actor mexicano), Llorenc Gonzalez (El Gran Hotel), Juan Messier (La esquina del diablo), Andr\u00e9s Sandoval (Rosario Tijeras), Otto Sirgo (actor mexicano, t\u00edo de Lucero en Lazos de Amor), Azela Robinson (Ca\u00f1averal de pasiones), Alejandro Peniche, Carlos Bracho (Primer actor mexicano), Gabriel Garz\u00f3n (Voz de Topo Gigio para Latinoam\u00e9rica), entre otros.<\/p>\n<p style=\"text-align: justify;\"><strong>\u00bfQui\u00e9nes te han apoyado para dar a conocer tu trabajo fotogr\u00e1fico?<\/strong> Mi familia, amigos, compa\u00f1eros, conocidos, etc. Quiero agradecer especialmente a Oswal Franco por apoyarme desde el primer d\u00eda de amistad, y alentarme, exigirme y motivarme a crecer como fot\u00f3grafo y ser humano.<\/p>\n<p style=\"text-align: justify;\">A mis amigos de GuaTodo, Carolina D\u00edaz y Rudy Gonz\u00e1lez, por darme mis primeras oportunidades como fot\u00f3grafo y alentarme a seguir adelante. Las compa\u00f1\u00edas de teatro en Guatemala, tales como: Saravandah Producciones, El duende del Atico, Escenarte, Stacatto Singers, Actoris, Teatro Barrio Viejo, La Lumbre, Compa\u00f1\u00eda de la Universidad Popular, Thriambos Producciones, Producciones de Jorge Ram\u00edrez, Roger Ovalle, Edgar Qui\u00f1\u00f3nez,, Mapy Ureta, Espect\u00e1culos Policrom\u00eda, Georgina Pontaza (Teatro Fantas\u00eda Irtra), entre otros.<\/p>\n<p style=\"text-align: justify;\"><strong><a href=\"https:\/\/heidysandovalruiz.com\/wp-content\/uploads\/2017\/07\/unnamed-1.jpg\"><img loading=\"lazy\" decoding=\"async\" class=\"size-medium wp-image-5011 alignleft\" src=\"https:\/\/heidysandovalruiz.com\/wp-content\/uploads\/2017\/07\/unnamed-1-300x225.jpg\" alt=\"unnamed (1)\" width=\"300\" height=\"225\" \/><\/a>\u00bfHas participado en alguna exposici\u00f3n?<\/strong> Estamos en la gesti\u00f3n de esos proyectos.<\/p>\n<p style=\"text-align: justify;\"><strong>\u00bfC\u00f3mo podr\u00edas resumir tu trabajo en el reciente Festival de Junio?<\/strong> Una gran experiencia. Compartir mi talento con grandes artistas guatemaltecos, y plasmar cada detalle y momento en una fotograf\u00eda. Agradecimiento a la mesa t\u00e9cnica del XIII Festival de Junio por permitirme el apoyo a este evento a trav\u00e9s de mi arte. Convivencia, con grandes fot\u00f3grafos guatemaltecos. Debo agradecerles por esta oportunidad.<\/p>\n<p style=\"text-align: justify;\"><strong>Me gustar\u00eda saber \u00bfHay alguna foto que te haya costado trabajo capturar?<\/strong> La foto que debo tomar ma\u00f1ana.<\/p>\n<p style=\"text-align: justify;\"><strong>\u00bfQu\u00e9 proyectos tienes a corto tiempo?<\/strong> Una exposici\u00f3n de fotos<\/p>\n<p style=\"text-align: justify;\"><strong>\u00bfPuedes enviar un mensaje a quienes lean la entrevista?<\/strong> Todo lo que tu mente imagina lo puedes lograr. Las metas y sue\u00f1os son retos en la vida de cada persona; lucha y esfu\u00e9rzate por conseguirlos. En mi caso se que Dios ha estado, y estar\u00e1 en cada paso de mi vida. Gracias a las conexiones divinas, he logrado crecer cada d\u00eda como profesional y ser humano<\/p>\n<p style=\"text-align: justify;\">Agradezco a Neto Paiz, el haber compartido con nosotros su historia y conocer a estos guatemaltecos que con su trabajo, hacen grande a nuestro pa\u00eds.<\/p>\n<p style=\"text-align: center;\"><a href=\"https:\/\/heidysandovalruiz.com\/wp-content\/uploads\/2017\/07\/OSWAL-FRANCO-2.jpg\"><img loading=\"lazy\" decoding=\"async\" class=\"aligncenter size-medium wp-image-5012\" src=\"https:\/\/heidysandovalruiz.com\/wp-content\/uploads\/2017\/07\/OSWAL-FRANCO-2-200x300.jpg\" alt=\"OSWAL FRANCO 2\" width=\"200\" height=\"300\" \/><\/a><\/p>\n<p style=\"text-align: center;\"><strong>Foto: Oswal Franco<\/strong><\/p>\n<p style=\"text-align: center;\"><a href=\"https:\/\/heidysandovalruiz.com\/wp-content\/uploads\/2017\/07\/unnamed-2.jpg\"><img loading=\"lazy\" decoding=\"async\" class=\"aligncenter size-medium wp-image-5014\" src=\"https:\/\/heidysandovalruiz.com\/wp-content\/uploads\/2017\/07\/unnamed-2-300x200.jpg\" alt=\"unnamed (2)\" width=\"300\" height=\"200\" \/><\/a><\/p>\n<p style=\"text-align: justify;\">Les invitamos para que se unan al grupo de \u00ab<strong>Artistas de Guatemala para el Mundo\u00bb<\/strong> en este link <a href=\"http:\/\/on.fb.me\/1sn2wSf\">http:\/\/on.fb.me\/1sn2wSf<\/a> el cual tiene como prop\u00f3sito compartir videos, fotos, an\u00e9cdotas y todo lo de nuestros artistas en las diferentes d\u00e9cadas.<\/p>\n<p style=\"text-align: justify;\">Tambi\u00e9n ponemos a su disposici\u00f3n el grupo \u201c<strong>Un siglo de anuncios y algo m\u00e1s\u2026<\/strong>\u201d, un espacio donde pueden compartir o comentar los post que se publiquen http:\/\/on.fb.me\/1vASm2g<\/p>\n<p style=\"text-align: justify;\"><strong>Las entrevistas las pueden leer en los siguientes links:<\/strong><br \/>\n<a href=\"http:\/\/www.heidysandovalruiz.com\">http:\/\/www.heidysandovalruiz.com\u00a0<\/a><br \/>\n<a href=\"http:\/\/lasentrevistasdeheidy.blogspot.com\">http:\/\/lasentrevistasdeheidy.blogspot.com<\/a><\/p>\n<p style=\"text-align: justify;\"><strong>Entrevista realizada por Heidy Sandoval Ruiz<\/strong><\/p>\n","protected":false},"excerpt":{"rendered":"<div class=\"mh-excerpt\"><p>En este mes de julio en \u201cLa cara amiga de los invitados de Heidy\u201d presento en esta oportunidad al artista de la fotograf\u00eda \u201cNeto Paiz\u201d, <a class=\"mh-excerpt-more\" href=\"https:\/\/heidysandovalruiz.com\/?p=5005\" title=\"La cara amiga de \u00abNeto Paiz\u00bb\">[&#8230;]<\/a><\/p>\n<\/div>","protected":false},"author":4,"featured_media":5006,"comment_status":"closed","ping_status":"closed","sticky":false,"template":"","format":"standard","meta":{"footnotes":""},"categories":[16],"tags":[],"class_list":["post-5005","post","type-post","status-publish","format-standard","has-post-thumbnail","hentry","category-la-cara-amiga"],"_links":{"self":[{"href":"https:\/\/heidysandovalruiz.com\/index.php?rest_route=\/wp\/v2\/posts\/5005","targetHints":{"allow":["GET"]}}],"collection":[{"href":"https:\/\/heidysandovalruiz.com\/index.php?rest_route=\/wp\/v2\/posts"}],"about":[{"href":"https:\/\/heidysandovalruiz.com\/index.php?rest_route=\/wp\/v2\/types\/post"}],"author":[{"embeddable":true,"href":"https:\/\/heidysandovalruiz.com\/index.php?rest_route=\/wp\/v2\/users\/4"}],"replies":[{"embeddable":true,"href":"https:\/\/heidysandovalruiz.com\/index.php?rest_route=%2Fwp%2Fv2%2Fcomments&post=5005"}],"version-history":[{"count":4,"href":"https:\/\/heidysandovalruiz.com\/index.php?rest_route=\/wp\/v2\/posts\/5005\/revisions"}],"predecessor-version":[{"id":7545,"href":"https:\/\/heidysandovalruiz.com\/index.php?rest_route=\/wp\/v2\/posts\/5005\/revisions\/7545"}],"wp:featuredmedia":[{"embeddable":true,"href":"https:\/\/heidysandovalruiz.com\/index.php?rest_route=\/wp\/v2\/media\/5006"}],"wp:attachment":[{"href":"https:\/\/heidysandovalruiz.com\/index.php?rest_route=%2Fwp%2Fv2%2Fmedia&parent=5005"}],"wp:term":[{"taxonomy":"category","embeddable":true,"href":"https:\/\/heidysandovalruiz.com\/index.php?rest_route=%2Fwp%2Fv2%2Fcategories&post=5005"},{"taxonomy":"post_tag","embeddable":true,"href":"https:\/\/heidysandovalruiz.com\/index.php?rest_route=%2Fwp%2Fv2%2Ftags&post=5005"}],"curies":[{"name":"wp","href":"https:\/\/api.w.org\/{rel}","templated":true}]}}