{"id":5017,"date":"2017-07-13T00:23:48","date_gmt":"2017-07-13T00:23:48","guid":{"rendered":"http:\/\/heidysandovalruiz.com\/?p=5017"},"modified":"2022-02-26T20:53:39","modified_gmt":"2022-02-26T20:53:39","slug":"luis-roman-el-malentendido","status":"publish","type":"post","link":"https:\/\/heidysandovalruiz.com\/?p=5017","title":{"rendered":"Luis Rom\u00e1n \u00abEl malentendido\u00bb"},"content":{"rendered":"<p style=\"text-align: justify;\">En la \u201c<strong>Cara amiga de los invitados de Heidy<\/strong>\u201d, presento en esta oportunidad informaci\u00f3n de una obra que actualmente se encuentra en cartelera: \u201cEl malentendido\u201d e invitamos al productor <strong>Luis Rom\u00e1n<\/strong> para que nos comente por menores de este nuevo trabajo.<\/p>\n<p style=\"text-align: justify;\">Bienvenido \u00a0a este espacio que como ya sabes siempre te apoya en las diversas actividades que realizas y aprovecho la oportunidad para expresarte mi admiraci\u00f3n por ese trabajo tan constante que realizas.<\/p>\n<p style=\"text-align: justify;\"><strong>Para dar inicio quiero preguntarte \u00bfC\u00f3mo surge la inquietud de llevar a escena \u201cEl malentendido\u201d? <\/strong>El Malentendido fue una obra que yo le\u00ed hace como 20 a\u00f1os cuando fui estudiante de teatro y siempre quise hacer.\u00a0 As\u00ed que la ten\u00eda entre las obras pendientes para poder realizar.\u00a0 Habl\u00e9 con Alfredo Porras el a\u00f1o pasado en donde le propuse el proyecto para que el fuera el director, a lo cual me respondi\u00f3 emocionado que con gusto tomaba el reto de este proyecto.<\/p>\n<p style=\"text-align: justify;\"><strong>\u00bfCu\u00e1nto tiempo se tuvo para la preparaci\u00f3n de cada personaje? <\/strong>Fueron casi 3 meses de ensayos todos los d\u00edas, a veces incluyendo los fines de semana, porque realmente los personajes son complejos, son muy humanos y eso ha sido un gran reto actoral.<\/p>\n<p style=\"text-align: justify;\"><strong>\u00bfCu\u00e1ntas personas integran el elenco incluyendo el personal de fotograf\u00eda, vestuario, etc.? <\/strong>Somos 5 actores (3 actrices y 2 actores); dos personas que nos apoyan en lo t\u00e9cnico, 2 personas para maquillaje y peinados; 2 personas para las fotograf\u00edas.<a href=\"https:\/\/heidysandovalruiz.com\/wp-content\/uploads\/2017\/07\/19665112_1547064498671269_4821179187289598906_n.jpg\"><img loading=\"lazy\" decoding=\"async\" class=\"size-medium wp-image-5019 alignright\" src=\"https:\/\/heidysandovalruiz.com\/wp-content\/uploads\/2017\/07\/19665112_1547064498671269_4821179187289598906_n-300x200.jpg\" alt=\"19665112_1547064498671269_4821179187289598906_n\" width=\"300\" height=\"200\" \/><\/a><\/p>\n<p style=\"text-align: justify;\"><strong>\u00bfC\u00f3mo te contactas con Alfredo Porras Smith para dirigir la obra? <\/strong>Con Alfredo Porras somos amigos desde hace m\u00e1s de 20 a\u00f1os, ha sido una persona que me ha apoyado durante mi carrera, es un maestro en todo la definici\u00f3n de la palabra, desde hace 6 a\u00f1os que inici\u00e9 mi academia de teatro y \u00e9l es uno de los maestros titulares de esta escuela de actuaci\u00f3n.\u00a0 As\u00ed que siempre hemos estado comunicando; \u00e9l ha dirigido varios proyectos teatrales de Thriambos Producciones que es mi productora que este a\u00f1o estamos cumpliendo 15 a\u00f1os.<\/p>\n<p style=\"text-align: justify;\"><strong>A prop\u00f3sito \u00bfPuedes contarnos del reconocimiento se le otorg\u00f3 a Alfredo Porras el primer d\u00eda que se present\u00f3 la obra? <\/strong>El Maestro Porras ha sido mi maestro de vida, en la parte personal lo respeto y quiero mucho y en la parte profesional lo admiro por la dedicaci\u00f3n a toda una vida al Teatro.\u00a0\u00a0 Todo lo del homenaje vino, de una reflexi\u00f3n que hice en uno de los ensayos, cuando vi el potencial del maestro Porras con que nos explicaba cada uno de los personajes, todas las referencias que nos comparti\u00f3 y el empoderamiento que tenia de El Malentendido que lo hizo suyo; fue cuando dije esta temporada debe estar dedicada a \u00e9l, porque es su proyecto y aparte lleva m\u00e1s de 50 a\u00f1os en el medio teatral.\u00a0 Y yo como instituci\u00f3n Thriambos Producciones no hab\u00edamos otorgado ning\u00fan reconocimiento a alguno de mis maestros de plantel o director de alg\u00fan proyecto.\u00a0 As\u00ed que tome la decisi\u00f3n de reconocer la trayectoria del maestro Alfredo Porras en el estreno el 1 de julio.<\/p>\n<p style=\"text-align: justify;\"><strong><a href=\"https:\/\/heidysandovalruiz.com\/wp-content\/uploads\/2017\/07\/EKEM-1383.jpg\"><img loading=\"lazy\" decoding=\"async\" class=\"size-medium wp-image-5020 alignleft\" src=\"https:\/\/heidysandovalruiz.com\/wp-content\/uploads\/2017\/07\/EKEM-1383-300x200.jpg\" alt=\"EKEM-1383\" width=\"300\" height=\"200\" \/><\/a>La carrera teatral de Porras Smith es una de las m\u00e1s completas en nuestro pa\u00eds \u00bfPuedes brindarnos algunos datos de su trayectoria? <\/strong>El Maestro Porras tiene una carrera de m\u00e1s de 50 a\u00f1os de trayectoria como actor, director y maestro de teatro.\u00a0 Ha sido ganador de m\u00faltiples premios como actor y director.\u00a0 Actualmente es el director de la Escuela Nacional de Arte Dram\u00e1tico, catedr\u00e1tico en la Escuela Superior de Arte, Universidad Popular y Estudio Thriambos.<\/p>\n<p style=\"text-align: justify;\"><strong>\u00bfQui\u00e9n es el autor de la obra? \u00bfPor qu\u00e9 la seleccionas? <\/strong>El autor es Albert Camus que es franc\u00e9s.\u00a0 Es uno de los dramaturgos m\u00e1s importantes de ese pa\u00eds.\u00a0 Las obras de Camus son muy reflexivas, duras y que tienen mucha critica para la sociedad.\u00a0 La seleccion\u00e9 porque a pesar de que es una obra escrita en los a\u00f1os cuarenta, el tema todav\u00eda es vigente para nuestro pa\u00eds, habla de la incomunicaci\u00f3n de los seres humanos, de la migraci\u00f3n y del regreso a un pa\u00eds o lugar (casa) en el que te das cuenta que no es lo mismo a lo que tu recordabas.<\/p>\n<p style=\"text-align: justify;\"><strong>\u00bfCu\u00e1ntos son los personajes de la obra? <\/strong>Son 5 personajes, La madre (Bitty Herrera), Marha (Nelly Castillo), Mar\u00eda (Ivette Monney), Jan (Luis Rom\u00e1n) y el Criado (Alfredo Porras Smith)<\/p>\n<p style=\"text-align: justify;\"><strong>\u00bfD\u00f3nde se presenta \u201cEl malentendido\u201d y cu\u00e1l es el horario? <\/strong>Estamos los viernes y s\u00e1bados a las 8pm, en la Sala Manuel Galich de la Universidad Popular.<\/p>\n<p style=\"text-align: justify;\"><strong>\u00bfHasta cu\u00e1ndo estar\u00e1 en cartelera la obra? <\/strong>Estaremos hasta el 29 de julio del presente a\u00f1o.<\/p>\n<p style=\"text-align: justify;\"><strong>\u00bfPuedes recordarnos quien tiene a su cargo la producci\u00f3n general? <\/strong>Es una producci\u00f3n de Thriambos Producciones y en la parte ejecutiva mi persona.<img decoding=\"async\" class=\"alignright\" src=\"https:\/\/heidysandovalruiz.com\/wp-content\/uploads\/2017\/07\/19554334_1962394850659817_3730627886076494213_n-194x300.jpg\" alt=\"19554334_1962394850659817_3730627886076494213_n\" \/><\/p>\n<p style=\"text-align: justify;\"><strong>Y para invitar y motivar a quienes lean la entrevista \u00bfPuedes darnos una breve sinopsis?\u00a0<\/strong>Es la historia de Jan un joven que regresa a su pa\u00eds casado con Mar\u00eda, despu\u00e9s de 20 a\u00f1os de haberse ido de su casa, de su pa\u00eds.\u00a0 Volviendo porque se enter\u00f3 de la muerte de su padre y quiere venir a apoyar a su madre y hermana.\u00a0 Pero viene como extranjero a la casa, sin saber que en su casa todo ha cambiado.\u00a0 La madre y hermana son unas asesinas en serie.<\/p>\n<p style=\"text-align: justify;\">Agradezco a Luis Rom\u00e1n el habernos compartido interioridades de esta obra que esperamos sea todo un \u00e9xito entre el p\u00fablico guatemalteco.<\/p>\n<p style=\"text-align: justify;\">Les invitamos para que se unan al grupo de \u00ab<strong>Artistas de Guatemala para el Mundo<\/strong>\u00bb en este link <a href=\"http:\/\/on.fb.me\/1sn2wSf\">http:\/\/on.fb.me\/1sn2wSf<\/a> \u00a0\u00a0el cual tiene como prop\u00f3sito compartir videos, fotos, an\u00e9cdotas y todo lo de nuestros artistas en las diferentes d\u00e9cadas.<\/p>\n<p style=\"text-align: justify;\">Tambi\u00e9n ponemos a su disposici\u00f3n el grupo \u201c<strong>Un siglo de anuncios y algo m\u00e1s<\/strong>\u2026\u201d, un espacio donde pueden compartir o comentar los post que se publiquen <a href=\"http:\/\/on.fb.me\/1vASm2g\">http:\/\/on.fb.me\/1vASm2g<\/a><\/p>\n<p style=\"text-align: justify;\">Las entrevistas las pueden leer en los siguientes links:<\/p>\n<p style=\"text-align: justify;\"><a href=\"http:\/\/www.heidysandovalruiz.com\">http:\/\/www.heidysandovalruiz.com<\/a><\/p>\n<p style=\"text-align: justify;\"><a href=\"http:\/\/lasentrevistasdeheidy.blogspot.com\">http:\/\/lasentrevistasdeheidy.blogspot.com<\/a><\/p>\n<p style=\"text-align: justify;\">\n<p style=\"text-align: justify;\"><strong>Entrevista por Heidy Sandoval Ruiz<\/strong><\/p>\n","protected":false},"excerpt":{"rendered":"<div class=\"mh-excerpt\"><p>En la \u201cCara amiga de los invitados de Heidy\u201d, presento en esta oportunidad informaci\u00f3n de una obra que actualmente se encuentra en cartelera: \u201cEl malentendido\u201d <a class=\"mh-excerpt-more\" href=\"https:\/\/heidysandovalruiz.com\/?p=5017\" title=\"Luis Rom\u00e1n \u00abEl malentendido\u00bb\">[&#8230;]<\/a><\/p>\n<\/div>","protected":false},"author":4,"featured_media":5018,"comment_status":"closed","ping_status":"closed","sticky":false,"template":"","format":"standard","meta":{"footnotes":""},"categories":[63],"tags":[351],"class_list":["post-5017","post","type-post","status-publish","format-standard","has-post-thumbnail","hentry","category-varios","tag-luis-roman-el-malentendido"],"_links":{"self":[{"href":"https:\/\/heidysandovalruiz.com\/index.php?rest_route=\/wp\/v2\/posts\/5017","targetHints":{"allow":["GET"]}}],"collection":[{"href":"https:\/\/heidysandovalruiz.com\/index.php?rest_route=\/wp\/v2\/posts"}],"about":[{"href":"https:\/\/heidysandovalruiz.com\/index.php?rest_route=\/wp\/v2\/types\/post"}],"author":[{"embeddable":true,"href":"https:\/\/heidysandovalruiz.com\/index.php?rest_route=\/wp\/v2\/users\/4"}],"replies":[{"embeddable":true,"href":"https:\/\/heidysandovalruiz.com\/index.php?rest_route=%2Fwp%2Fv2%2Fcomments&post=5017"}],"version-history":[{"count":3,"href":"https:\/\/heidysandovalruiz.com\/index.php?rest_route=\/wp\/v2\/posts\/5017\/revisions"}],"predecessor-version":[{"id":7543,"href":"https:\/\/heidysandovalruiz.com\/index.php?rest_route=\/wp\/v2\/posts\/5017\/revisions\/7543"}],"wp:featuredmedia":[{"embeddable":true,"href":"https:\/\/heidysandovalruiz.com\/index.php?rest_route=\/wp\/v2\/media\/5018"}],"wp:attachment":[{"href":"https:\/\/heidysandovalruiz.com\/index.php?rest_route=%2Fwp%2Fv2%2Fmedia&parent=5017"}],"wp:term":[{"taxonomy":"category","embeddable":true,"href":"https:\/\/heidysandovalruiz.com\/index.php?rest_route=%2Fwp%2Fv2%2Fcategories&post=5017"},{"taxonomy":"post_tag","embeddable":true,"href":"https:\/\/heidysandovalruiz.com\/index.php?rest_route=%2Fwp%2Fv2%2Ftags&post=5017"}],"curies":[{"name":"wp","href":"https:\/\/api.w.org\/{rel}","templated":true}]}}