{"id":5028,"date":"2017-07-17T03:28:29","date_gmt":"2017-07-17T03:28:29","guid":{"rendered":"http:\/\/heidysandovalruiz.com\/?p=5028"},"modified":"2022-02-26T20:52:35","modified_gmt":"2022-02-26T20:52:35","slug":"la-cara-amiga-de-luis-dunninger","status":"publish","type":"post","link":"https:\/\/heidysandovalruiz.com\/?p=5028","title":{"rendered":"La cara amiga de \u00abLuis Dunninger\u00bb"},"content":{"rendered":"<p style=\"text-align: justify;\">En esta oportunidad en la \u201c<strong>Cara amiga de los invitados de Heidy<\/strong>\u201d, conocer\u00e1n la historia de un guatemalteco que a trav\u00e9s de su trabajo ha logrado en el campo del Mentalismo, Cartomagia, Escapismo y mucho m\u00e1s colocarse en un lugar muy especial.\u00a0 Nuestro invitado es Luis Pedro Evertsz Cofi\u00f1o conocico art\u00edsticamente como <strong>Luis Dunninger<\/strong>.\u00a0 En esta historia conoceremos de su ni\u00f1ez y de como se inici\u00f3 en esta actividad.<\/p>\n<p style=\"text-align: justify;\">Doy la bienvenida a Luis a este espacio donde se puede decir lo que se quiere y en otros lados no se puede.<\/p>\n<p style=\"text-align: justify;\"><strong>\u00bfD\u00f3nde transcurre la etapa de tu ni\u00f1ez? \u00bfC\u00f3mo la recuerdas?<\/strong> Crec\u00ed en zona 10, cerca de la embajada americana, y mi ni\u00f1ez fue siempre centrada y apegada a no salirme de lo que no deb\u00eda, pues en ese entonces pasaba por mi mente un deseo enorme de ser sacerdote y por ende me manten\u00eda en la iglesia y cuando sal\u00eda era con amigos de quienes guardo experiencias y recuerdos.<\/p>\n<p style=\"text-align: justify;\"><strong>\u00bfD\u00f3nde realizas tus estudios<\/strong>? \u00a0Bueno debo decir que no estuve en un \u00fanico colegio, ya que a pesar de ser tranquilo no lo era cuando alguien me dec\u00eda tu madre, jaja y eso provocaba que mi madre me sacara de colegio, pero estuve en el Liceo Alpha, y logro salir del ETMA.<\/p>\n<p style=\"text-align: justify;\"><strong>\u00bfA qu\u00e9 edad surge en ti la inquietud de conocer el mundo de la magia?<\/strong> En mi caso ya inicio a los 38, como parte de una terapia en la cual me sirvi\u00f3 mucho para dejar la tristeza que embargaba mi coraz\u00f3n debido a una ruptura sentimental.<\/p>\n<figure id=\"attachment_5030\" aria-describedby=\"caption-attachment-5030\" style=\"width: 300px\" class=\"wp-caption alignright\"><a href=\"https:\/\/heidysandovalruiz.com\/wp-content\/uploads\/2017\/07\/Con-el-Mago-Angello.jpg\"><img loading=\"lazy\" decoding=\"async\" class=\"size-medium wp-image-5030\" src=\"https:\/\/heidysandovalruiz.com\/wp-content\/uploads\/2017\/07\/Con-el-Mago-Angello-300x300.jpg\" alt=\"Con el Mago Angello\" width=\"300\" height=\"300\" \/><\/a><figcaption id=\"caption-attachment-5030\" class=\"wp-caption-text\"><strong>Con el Mago Angello<\/strong><\/figcaption><\/figure>\n<p style=\"text-align: justify;\"><strong>\u00bfDe d\u00f3nde surge tu nombre art\u00edstico?<\/strong> Luis Dunninger en honor al mago Mentalista Joseph Dunninger..<\/p>\n<p style=\"text-align: justify;\"><strong>\u00bfQu\u00e9 mago te inspira para que t\u00fa te inclines por la magia<\/strong>? Mago Lara, maestro de muchos magos en Guatemala y del que tristemente no muchos magos reconocen que fue su maestro, y se dicen autodidactas. Pero mago Lara 50 a\u00f1os de estar en este medio.<\/p>\n<p style=\"text-align: justify;\"><strong>\u00bfQu\u00e9 traigo a tu mente si te menciono al mago Lara?<\/strong> Marco Tulio Lara, maestro, padre, amigo y la persona a quien m\u00e1s admiro y que hoy por hoy todav\u00eda sigo visitando y aprendiendo magia en su casa. Pues este mundo nunca termina.<\/p>\n<p style=\"text-align: justify;\"><strong>\u00bfCu\u00e1l recuerdas fue tu primer truco?<\/strong> Inici\u00e9 con cartomagia, y luego me fui con mentalismo, escapismo.<\/p>\n<p style=\"text-align: justify;\"><strong>La magia es un arte que nunca se termina de aprender \u00bfCu\u00e1nto tiempo le dedicas al estudio de la misma?<\/strong> Al inicio un promedio de 6 horas diarias y ahora le dedico un dia a la semana, especialmente los domingos mi lista de magia aprendida de mi querido mago Lara.<\/p>\n<p style=\"text-align: justify;\"><strong>Tengo entendido que has incursionado en el cine \u00bfC\u00f3mo te contactan? Y \u00bfC\u00f3mo recuerdas esa experiencia?<\/strong> Inici\u00e9 con Fran Lepe y de ah\u00ed me contactaron para ser de extra en una pel\u00edcula de la cual a\u00fan no ha salido, Ovnis en Zacapa.<\/p>\n<p style=\"text-align: justify;\"><strong>Y del teatro \u00bfQu\u00e9 nos cuentas de tu participaci\u00f3n?<\/strong> Particip\u00e9 en montajes para Casa de Dios y para el Banco G&amp;T en papeles como rey mago para una pastorela, y de guardespaldas, la verdad es otro rollo.<\/p>\n<p style=\"text-align: justify;\"><strong>A prop\u00f3sito \u00bfCon qu\u00e9 actores y actrices has compartido escenario?<\/strong> Fran Lepe, Astrid Tenes, Alberto Castillo, Jorge Ram\u00edrez etc.<\/p>\n<p style=\"text-align: justify;\"><strong>\u00bfHas pensado en realizar alguna obra que mezcle la magia con la historia?<\/strong> De momento no, ya que no me dedico al 100 al teatro.<\/p>\n<p style=\"text-align: justify;\"><strong>\u00bfEn qu\u00e9 escenarios te has presentado en el campo del Mentalismo, Cartomagia, Escapismo?<\/strong> He estado en shows infantiles,\u00a0 con p\u00fablico adulto, Mi Cope, Pepsi, Banco Azteca, Elektra etc.<\/p>\n<figure id=\"attachment_5031\" aria-describedby=\"caption-attachment-5031\" style=\"width: 300px\" class=\"wp-caption alignleft\"><a href=\"https:\/\/heidysandovalruiz.com\/wp-content\/uploads\/2017\/07\/Kareen-Santos.jpg\"><img loading=\"lazy\" decoding=\"async\" class=\"size-medium wp-image-5031\" src=\"https:\/\/heidysandovalruiz.com\/wp-content\/uploads\/2017\/07\/Kareen-Santos-300x199.jpg\" alt=\"Modelo Kareen Santos\" width=\"300\" height=\"199\" \/><\/a><figcaption id=\"caption-attachment-5031\" class=\"wp-caption-text\">Modelo Kareen Santos<\/figcaption><\/figure>\n<p style=\"text-align: justify;\"><strong>En relaci\u00f3n al tema \u00bfQu\u00e9 aprendiste primero el campo del Mentalismo, Cartomagia o Escapismo?<\/strong> Inici\u00e9 Cartomagia y luego Mentalismo y luego alternaba con ambas.<\/p>\n<p style=\"text-align: justify;\"><strong>\u00bfHas participado en alguna convenci\u00f3n de magos?<\/strong> Si he estado en las celebraciones del d\u00eda de reyes y cenas que se han hecho, como fortaleciendo la magia\u2026.donde conoc\u00ed al Mago Lara.<\/p>\n<p style=\"text-align: justify;\"><strong>\u00bfC\u00f3mo visualizas el campo de la magia en nuestro pa\u00eds?<\/strong> Hay buenos magos, pero no hay espacio para todos, poco apoyo y en algunos casos se peca de EGO.<\/p>\n<p style=\"text-align: justify;\"><strong>\u00bfQu\u00e9 opini\u00f3n te merece Tony Camo el mentalista espa\u00f1ol?<\/strong> Para mi todos los magos son buenos, independientemente de su \u00e1rea, lo que ayuda es el p\u00fablico de lo contrario un p\u00fablico sin asombro no permite que un mago se luzca y sorprenda.<\/p>\n<p style=\"text-align: justify;\"><strong>\u00bfCu\u00e1les son tus proyectos para lo que queda del a\u00f1o 2017?<\/strong> Seguir presentando mis shows donde me llamen dentro y fuera de la ciudad capital.<\/p>\n<p style=\"text-align: justify;\"><strong>\u00bfImpartes clases de magia? \u00bfD\u00f3nde pueden localizarte<\/strong>? Magia no imparto, los remito con mi maestro mago Lara, y localizarme al 4259-8431.<\/p>\n<p style=\"text-align: justify;\"><strong>\u00bfPuedes compartir un mensaje para quienes lean la entrevista?<\/strong> La magia no est\u00e1 en saber el secreto, la magia es sacar el ni\u00f1o que llevas dentro, sacar tu sonrisa, el asombro y el como lo hizo, antes de tratar de saber el como, disfruten de la magia y les aseguro que nunca olvidaran ese momento.<\/p>\n<p style=\"text-align: justify;\">Agradezco a Luis Dunninger el haber compartido su maravillosa historia y aprovecho para desearle muchos \u00e9xitos en su profesi\u00f3n.<\/p>\n<p style=\"text-align: center;\"><a href=\"https:\/\/heidysandovalruiz.com\/wp-content\/uploads\/2017\/07\/15590467_1073187822792352_331025864025443701_n.jpg\"><img loading=\"lazy\" decoding=\"async\" class=\"aligncenter size-medium wp-image-5032\" src=\"https:\/\/heidysandovalruiz.com\/wp-content\/uploads\/2017\/07\/15590467_1073187822792352_331025864025443701_n-169x300.jpg\" alt=\"15590467_1073187822792352_331025864025443701_n\" width=\"169\" height=\"300\" \/><\/a><\/p>\n<p style=\"text-align: center;\"><a href=\"https:\/\/heidysandovalruiz.com\/wp-content\/uploads\/2017\/07\/13895442_943189489125520_1784668346029134364_n.jpg\"><img loading=\"lazy\" decoding=\"async\" class=\"aligncenter size-medium wp-image-5033\" src=\"https:\/\/heidysandovalruiz.com\/wp-content\/uploads\/2017\/07\/13895442_943189489125520_1784668346029134364_n-300x300.jpg\" alt=\"13895442_943189489125520_1784668346029134364_n\" width=\"300\" height=\"300\" \/><\/a><\/p>\n<p style=\"text-align: center;\"><a href=\"https:\/\/heidysandovalruiz.com\/wp-content\/uploads\/2017\/07\/13901332_943189359125533_983964405344264077_n.jpg\"><img loading=\"lazy\" decoding=\"async\" class=\"aligncenter size-medium wp-image-5034\" src=\"https:\/\/heidysandovalruiz.com\/wp-content\/uploads\/2017\/07\/13901332_943189359125533_983964405344264077_n-300x300.jpg\" alt=\"13901332_943189359125533_983964405344264077_n\" width=\"300\" height=\"300\" \/><\/a><\/p>\n<p style=\"text-align: center;\"><a href=\"https:\/\/heidysandovalruiz.com\/wp-content\/uploads\/2017\/07\/14720338_1011694108941724_6695013975146555554_n.jpg\"><img loading=\"lazy\" decoding=\"async\" class=\"aligncenter size-medium wp-image-5035\" src=\"https:\/\/heidysandovalruiz.com\/wp-content\/uploads\/2017\/07\/14720338_1011694108941724_6695013975146555554_n-300x169.jpg\" alt=\"14720338_1011694108941724_6695013975146555554_n\" width=\"300\" height=\"169\" \/><\/a><\/p>\n<p style=\"text-align: center;\"><a href=\"https:\/\/heidysandovalruiz.com\/wp-content\/uploads\/2017\/07\/15672689_1073187862792348_5487204807064749726_n.jpg\"><img loading=\"lazy\" decoding=\"async\" class=\"aligncenter size-medium wp-image-5036\" src=\"https:\/\/heidysandovalruiz.com\/wp-content\/uploads\/2017\/07\/15672689_1073187862792348_5487204807064749726_n-225x300.jpg\" alt=\"15672689_1073187862792348_5487204807064749726_n\" width=\"225\" height=\"300\" \/><\/a><\/p>\n<p><iframe loading=\"lazy\" src=\"https:\/\/www.youtube.com\/embed\/yf6H6D8fGs4?ecver=1\" width=\"560\" height=\"315\" frameborder=\"0\" allowfullscreen=\"allowfullscreen\"><\/iframe><\/p>\n<p><iframe loading=\"lazy\" src=\"https:\/\/www.youtube.com\/embed\/Lu77uUTnG9Y?ecver=1\" width=\"560\" height=\"315\" frameborder=\"0\" allowfullscreen=\"allowfullscreen\"><\/iframe><\/p>\n<p><iframe loading=\"lazy\" src=\"https:\/\/www.youtube.com\/embed\/AAhidxjPRN4?ecver=1\" width=\"560\" height=\"315\" frameborder=\"0\" allowfullscreen=\"allowfullscreen\"><\/iframe><\/p>\n<p style=\"text-align: justify;\">Les invitamos para que se unan al grupo de \u00ab<strong>Artistas de Guatemala para el Mundo\u00bb <\/strong>en este link <a href=\"http:\/\/on.fb.me\/1sn2wSf\">http:\/\/on.fb.me\/1sn2wSf<\/a><br \/>\nel cual tiene como prop\u00f3sito compartir videos, fotos, an\u00e9cdotas y todo lo de nuestros artistas en las diferentes d\u00e9cadas.<\/p>\n<p style=\"text-align: justify;\">Tambi\u00e9n ponemos a su disposici\u00f3n el grupo <strong>\u201cUn siglo de anuncios y algo m\u00e1s\u2026\u201d, <\/strong>un espacio donde pueden compartir o comentar los post que se publiquen <a href=\"http:\/\/on.fb.me\/1vASm2g\">http:\/\/on.fb.me\/1vASm2g<\/a><\/p>\n<p style=\"text-align: justify;\"><strong>Las entrevistas las pueden leer en los siguientes links:<\/strong><\/p>\n<p style=\"text-align: justify;\"><a href=\"http:\/\/www.heidysandovalruiz.com\">http:\/\/www.heidysandovalruiz.com<\/a><\/p>\n<p><a href=\"http:\/\/lasentrevistasdeheidy.blogspot.com\">http:\/\/lasentrevistasdeheidy.blogspot.com<\/a><\/p>\n<p><strong>Entrevista realizada por Heidy Sandoval Ruiz<\/strong><\/p>\n","protected":false},"excerpt":{"rendered":"<div class=\"mh-excerpt\"><p>En esta oportunidad en la \u201cCara amiga de los invitados de Heidy\u201d, conocer\u00e1n la historia de un guatemalteco que a trav\u00e9s de su trabajo ha <a class=\"mh-excerpt-more\" href=\"https:\/\/heidysandovalruiz.com\/?p=5028\" title=\"La cara amiga de \u00abLuis Dunninger\u00bb\">[&#8230;]<\/a><\/p>\n<\/div>","protected":false},"author":4,"featured_media":5029,"comment_status":"closed","ping_status":"closed","sticky":false,"template":"","format":"standard","meta":{"footnotes":""},"categories":[16],"tags":[352],"class_list":["post-5028","post","type-post","status-publish","format-standard","has-post-thumbnail","hentry","category-la-cara-amiga","tag-la-cara-amiga-de-luis-dunninger"],"_links":{"self":[{"href":"https:\/\/heidysandovalruiz.com\/index.php?rest_route=\/wp\/v2\/posts\/5028","targetHints":{"allow":["GET"]}}],"collection":[{"href":"https:\/\/heidysandovalruiz.com\/index.php?rest_route=\/wp\/v2\/posts"}],"about":[{"href":"https:\/\/heidysandovalruiz.com\/index.php?rest_route=\/wp\/v2\/types\/post"}],"author":[{"embeddable":true,"href":"https:\/\/heidysandovalruiz.com\/index.php?rest_route=\/wp\/v2\/users\/4"}],"replies":[{"embeddable":true,"href":"https:\/\/heidysandovalruiz.com\/index.php?rest_route=%2Fwp%2Fv2%2Fcomments&post=5028"}],"version-history":[{"count":4,"href":"https:\/\/heidysandovalruiz.com\/index.php?rest_route=\/wp\/v2\/posts\/5028\/revisions"}],"predecessor-version":[{"id":7542,"href":"https:\/\/heidysandovalruiz.com\/index.php?rest_route=\/wp\/v2\/posts\/5028\/revisions\/7542"}],"wp:featuredmedia":[{"embeddable":true,"href":"https:\/\/heidysandovalruiz.com\/index.php?rest_route=\/wp\/v2\/media\/5029"}],"wp:attachment":[{"href":"https:\/\/heidysandovalruiz.com\/index.php?rest_route=%2Fwp%2Fv2%2Fmedia&parent=5028"}],"wp:term":[{"taxonomy":"category","embeddable":true,"href":"https:\/\/heidysandovalruiz.com\/index.php?rest_route=%2Fwp%2Fv2%2Fcategories&post=5028"},{"taxonomy":"post_tag","embeddable":true,"href":"https:\/\/heidysandovalruiz.com\/index.php?rest_route=%2Fwp%2Fv2%2Ftags&post=5028"}],"curies":[{"name":"wp","href":"https:\/\/api.w.org\/{rel}","templated":true}]}}