{"id":508,"date":"2013-11-20T20:03:18","date_gmt":"2013-11-20T20:03:18","guid":{"rendered":"http:\/\/heidysandovalruiz.com\/?p=508"},"modified":"2014-01-16T22:51:45","modified_gmt":"2014-01-16T22:51:45","slug":"la-cara-amiga-de-jorge-barrera","status":"publish","type":"post","link":"https:\/\/heidysandovalruiz.com\/?p=508","title":{"rendered":"La cara amiga de \u00abJorge Barrera\u00bb"},"content":{"rendered":"<p><span style=\"color: #333399;\">En la \u201c<strong>Cara amiga de nuestros invitados<\/strong>\u201d, este d\u00eda nos sorprenderemos con la personalidad humana de un destacado cantautor que ha logrado colocarse en el gusto del p\u00fablico de todas las edades.\u00a0 <strong>Jorge Barrera<\/strong> acept\u00f3 ser parte de eta secci\u00f3n y los invito para que conozcamos un poco de la trayectoria de nuestro invitado en este espacio, donde se puede decir lo que se quiere y lo que en otros medios no se puede.<\/span><\/p>\n<p><span style=\"color: #333399;\">Pero antes de iniciar la entrevista quiero agradecer a Jorge Barrera, el haber aceptado ser parte del elenco art\u00edstico que se presentar\u00e1 el pr\u00f3ximo jueves 5 de septiembre, en la \u201cXX Gala de la Canci\u00f3n Guatemalteca\u201d.<\/span><\/p>\n<p><span style=\"color: #333399;\"><strong>Tu infancia y adolescencia transcurren normal o ya tra\u00edas la inquietud de dedicarte al canto?<\/strong> <b>Todo empez\u00f3 porque\u00a0form\u00e9 parte del coro de mi parroquia del municipio en San Andr\u00e9s Itzapa,\u00a0 Chimaltenango, en donde sent\u00ed una fuerte atracci\u00f3n hacia la m\u00fasica fue all\u00ed donde d\u00ed mis primeros pasos adem\u00e1s, me termin\u00e9 de enamorar de la canci\u00f3n en la estudiantina de la Facultad de Agronom\u00eda de la USAC.<\/b><\/span><\/p>\n<p><span style=\"color: #333399;\"><strong>Tu familia te apoyaron desde el principio o quer\u00edan otra carrera para ti?\u00a0<\/strong> <b>Ellos al principio no cre\u00edan en esta carrera porque sab\u00edan de lo dif\u00edcil que es desarrollarse en este \u00e1mbito pero con el transcurrir del tiempo fueron cambiando de opini\u00f3n.<\/b><\/span><\/p>\n<p><span style=\"color: #333399;\"><strong>Recuerdas cual fue el primer pensamiento que tuviste al decidir dedicarte a esta profesi\u00f3n?<\/strong> <b>Hacer lo que realmente me gusta adem\u00e1s, sentir el calor del p\u00fablico por el hecho de pararme sobre un escenario.<\/b><\/span><\/p>\n<p><span style=\"color: #333399;\"><strong>C\u00f3mo es tu personalidad?<\/strong> <b>Me considero un humano de remate alguien que sufre, goza vive a plenitud.<\/b><\/span><\/p>\n<p><span style=\"color: #333399;\"><strong>Qu\u00e9 significa para ti la palabra \u201chumano\u201d?<\/strong> <b>Significa imperfecto pero ideal consecuente con la vida.<\/b><\/span><\/p>\n<p><span style=\"color: #333399;\"><strong>Qu\u00e9 canci\u00f3n de alg\u00fan autor guatemalteco cantar\u00edas y porqu\u00e9?<\/strong> <b>Luna de Xelaj\u00fa porque es una joya de canci\u00f3n.<\/b><\/span><\/p>\n<p><span style=\"color: #333399;\"><strong>Uno de tus m\u00e1s recientes temas es \u201cPor mi Secretaria\u201d, como ha sido recibida por el p\u00fablico?<\/strong> <b>Gracias a Dios muy bien, porque la escrib\u00ed como un homenaje a tan lindo gremio.<\/b><\/span><\/p>\n<p><span style=\"color: #333399;\"><strong>Encuentras apoyo en los medios de comunicaci\u00f3n social?<\/strong> <b>Si pero ha sido un tanto dif\u00edcil, ha sido el trabajo de mucho tiempo para poder ganar un espacio.<\/b><\/span><\/p>\n<p><span style=\"color: #333399;\"><strong>Cu\u00e1ntos a\u00f1os tienes en el medio musical? Y Qu\u00e9 te falta por hacer?<\/strong> <b>Llevo 20 a\u00f1os, me falta internacionalizarme.<\/b><\/span><\/p>\n<p><span style=\"color: #333399;\"><strong>D\u00f3nde te localizan?<\/strong> <b>Me pueden localizar en E-mail: <\/b><\/span><a href=\"mailto:humanoderemate@yahoo.com\"><b>humanoderemate@yahoo.com<\/b><\/a><\/p>\n<p><b>\u00a0<\/b><\/p>\n<p><strong><span style=\"color: #000080;\"><i>Entrevista realizada por Heidy Sandoval Ruiz<\/i><\/span><\/strong><b><i><\/i><\/b><\/p>\n","protected":false},"excerpt":{"rendered":"<div class=\"mh-excerpt\"><p>En la \u201cCara amiga de nuestros invitados\u201d, este d\u00eda nos sorprenderemos con la personalidad humana de un destacado cantautor que ha logrado colocarse en el <a class=\"mh-excerpt-more\" href=\"https:\/\/heidysandovalruiz.com\/?p=508\" title=\"La cara amiga de \u00abJorge Barrera\u00bb\">[&#8230;]<\/a><\/p>\n<\/div>","protected":false},"author":4,"featured_media":509,"comment_status":"closed","ping_status":"closed","sticky":false,"template":"","format":"standard","meta":{"footnotes":""},"categories":[16],"tags":[32],"class_list":["post-508","post","type-post","status-publish","format-standard","has-post-thumbnail","hentry","category-la-cara-amiga","tag-la-cara-amiga-de-jorge-barrera"],"_links":{"self":[{"href":"https:\/\/heidysandovalruiz.com\/index.php?rest_route=\/wp\/v2\/posts\/508","targetHints":{"allow":["GET"]}}],"collection":[{"href":"https:\/\/heidysandovalruiz.com\/index.php?rest_route=\/wp\/v2\/posts"}],"about":[{"href":"https:\/\/heidysandovalruiz.com\/index.php?rest_route=\/wp\/v2\/types\/post"}],"author":[{"embeddable":true,"href":"https:\/\/heidysandovalruiz.com\/index.php?rest_route=\/wp\/v2\/users\/4"}],"replies":[{"embeddable":true,"href":"https:\/\/heidysandovalruiz.com\/index.php?rest_route=%2Fwp%2Fv2%2Fcomments&post=508"}],"version-history":[{"count":3,"href":"https:\/\/heidysandovalruiz.com\/index.php?rest_route=\/wp\/v2\/posts\/508\/revisions"}],"predecessor-version":[{"id":517,"href":"https:\/\/heidysandovalruiz.com\/index.php?rest_route=\/wp\/v2\/posts\/508\/revisions\/517"}],"wp:featuredmedia":[{"embeddable":true,"href":"https:\/\/heidysandovalruiz.com\/index.php?rest_route=\/wp\/v2\/media\/509"}],"wp:attachment":[{"href":"https:\/\/heidysandovalruiz.com\/index.php?rest_route=%2Fwp%2Fv2%2Fmedia&parent=508"}],"wp:term":[{"taxonomy":"category","embeddable":true,"href":"https:\/\/heidysandovalruiz.com\/index.php?rest_route=%2Fwp%2Fv2%2Fcategories&post=508"},{"taxonomy":"post_tag","embeddable":true,"href":"https:\/\/heidysandovalruiz.com\/index.php?rest_route=%2Fwp%2Fv2%2Ftags&post=508"}],"curies":[{"name":"wp","href":"https:\/\/api.w.org\/{rel}","templated":true}]}}