{"id":511,"date":"2013-11-20T20:16:58","date_gmt":"2013-11-20T20:16:58","guid":{"rendered":"http:\/\/heidysandovalruiz.com\/?p=511"},"modified":"2014-01-16T22:51:40","modified_gmt":"2014-01-16T22:51:40","slug":"la-cara-amiga-de-gloria-marina","status":"publish","type":"post","link":"https:\/\/heidysandovalruiz.com\/?p=511","title":{"rendered":"La cara amiga de \u00abGloria Marina\u00bb"},"content":{"rendered":"<p style=\"text-align: justify;\"><span style=\"color: #000080;\">La \u201c<strong>Cara amiga de nuestros invitados\u201d<\/strong>, presenta en esta oportunidad a una int\u00e9rprete que con su temperamento y estilo, la han colocado en el gusto del p\u00fablico durante varios a\u00f1os.\u00a0 Al estar en el escenario transmite en cada canci\u00f3n esa energ\u00eda, esa pasi\u00f3n que la hecho consentida del p\u00fablico.\u00a0 Ella es Gloria Marina, la invitada con la que hoy haremos un recuerdo de aquellos a\u00f1os de sus inicios y de lo que ha pasado durante este tiempo en su vida profesional.<\/span><\/p>\n<p style=\"text-align: justify;\"><span style=\"color: #000080;\"><strong>En qu\u00e9 a\u00f1o inicias tu carrera profesionalmente?<\/strong> Mi primer contrato art\u00edstico lo firm\u00e9 el 20 de febrero de 1979. Fue en RIO SHOW propiedad de V\u00edctor Manuel Porras.<\/span><\/p>\n<p style=\"text-align: justify;\"><span style=\"color: #000080;\"><strong>Sentiste desde peque\u00f1a el deseo de dedicarte al canto?<\/strong> Si. Desde ni\u00f1a cantaba en el colegio y en la iglesia.<\/span><\/p>\n<p style=\"text-align: justify;\"><span style=\"color: #000080;\"><strong>Recibiste clases o fue un don heredado?<\/strong> Nunca recib\u00ed clases, fue un Don que Dios me regal\u00f3. Despu\u00e9s de varios a\u00f1os de cantar profesionalmente vino a Guatemala, la doctora Ang\u00e9lica Rosa Sep\u00falveda y tom\u00e9 algunos cursos con ella.<\/span><\/p>\n<p style=\"text-align: justify;\"><span style=\"color: #000080;\"><strong>Qu\u00e9 recuerdos te traen cuando te menciono los nombres de Jorge M\u00e9ndez y Chalo Hern\u00e1ndez?<\/strong> Recuerdo los 2 programas en vivo por donde desfilamos todos los cantantes de este pa\u00eds.<\/span><\/p>\n<p style=\"text-align: justify;\"><span style=\"color: #000080;\"><strong>Alguna vez participaste en las caravanas?<\/strong> No. En algunas ocasiones coincidi\u00f3 mi presentaci\u00f3n con caravanas, pero yo iba de forma individual.<\/span><\/p>\n<p style=\"text-align: justify;\"><span style=\"color: #000080;\"><strong>Qu\u00e9 compositor nacional es tu preferido?<\/strong> Por el hecho de haberlos conocido personalmente, mis preferidos son Amando Parrilla y V\u00edctor Manuel Porras.<\/span><\/p>\n<p style=\"text-align: justify;\"><span style=\"color: #000080;\"><strong>Hay alguna diferencia entre el p\u00fablico de hace unas dos d\u00e9cadas al de hoy?<\/strong>\u00a0\u00a0Si, antes el p\u00fablico asist\u00eda a escuchar buena m\u00fasica. A admirar a un artista. Ahora asisten m\u00e1s a bailar que a escucharEn qu\u00e9 lugares te presentabas en los ochentas? Huy\u2026. De los que recuerdo: RIO SHOW, BARROCO, BOMBI JOU, TIKANYS, BAR EL PARLAMENTO, BAR EL REFUGIO, ALOHA BAR, CHANEL\u00b4S, BONAPART Y MANHATTAN, donde me quede por muchos a\u00f1os.<\/span><\/p>\n<p style=\"text-align: justify;\"><span style=\"color: #000080;\"><strong>A cu\u00e1les de tus compa\u00f1eros recuerdas de esa \u00e9poca?<\/strong> V\u00edctor Manuel Porras, Daniel Chinchilla, Daniel Salazar, Luis Arnoldo, Paco C\u00e1ceres, Mario Labarra, Julio Enrique, Carlos Emilio, Sergio Iv\u00e1n, Roberto Rey y mis queridas Tanya Zea, Elizabeth, Mar\u00eda Velazco, Shenny Terraza, Mariel Castro, Cherokee, Ana Reyna\u2026. Perd\u00f3n si se me escapa alguien.<\/span><\/p>\n<p style=\"text-align: justify;\"><span style=\"color: #000080;\"><strong>Extra\u00f1as algo de esos a\u00f1os?<\/strong> Muchas cosas, pero lo m\u00e1s importante la abundancia de centros nocturnos en los que hab\u00eda trabajo para todos.<\/span><\/p>\n<p style=\"text-align: justify;\"><span style=\"color: #000080;\"><strong>Cu\u00e1ndo te presentabas te acompa\u00f1aban m\u00fasicos en vivo o ya hab\u00edan pistas?<\/strong> Todo era en vivo. Aunque ya exist\u00edan pistas, pero los artistas prefer\u00edamos acompa\u00f1amiento en vivo.<\/span><\/p>\n<p style=\"text-align: justify;\"><span style=\"color: #000080;\"><strong>Cu\u00e1l es tu estilo preferido en cuanto a la interpretaci\u00f3n de las canciones?<\/strong> El temperamental. Interpretar con mucha pasi\u00f3n y sentimiento.<\/span><\/p>\n<p style=\"text-align: justify;\"><span style=\"color: #000080;\"><strong>C\u00f3mo has logrado mantenerte en el gusto del p\u00fablico durante tantos a\u00f1os?<\/strong> Probablemente el gran amor que yo le tengo a mi carrera, el respeto al p\u00fablico y mi manejo de las relaciones p\u00fablicas.<\/span><\/p>\n","protected":false},"excerpt":{"rendered":"<div class=\"mh-excerpt\"><p>La \u201cCara amiga de nuestros invitados\u201d, presenta en esta oportunidad a una int\u00e9rprete que con su temperamento y estilo, la han colocado en el gusto <a class=\"mh-excerpt-more\" href=\"https:\/\/heidysandovalruiz.com\/?p=511\" title=\"La cara amiga de \u00abGloria Marina\u00bb\">[&#8230;]<\/a><\/p>\n<\/div>","protected":false},"author":4,"featured_media":514,"comment_status":"closed","ping_status":"closed","sticky":false,"template":"","format":"standard","meta":{"footnotes":""},"categories":[16],"tags":[33],"class_list":["post-511","post","type-post","status-publish","format-standard","has-post-thumbnail","hentry","category-la-cara-amiga","tag-la-cara-amiga-de-gloria-marina"],"_links":{"self":[{"href":"https:\/\/heidysandovalruiz.com\/index.php?rest_route=\/wp\/v2\/posts\/511","targetHints":{"allow":["GET"]}}],"collection":[{"href":"https:\/\/heidysandovalruiz.com\/index.php?rest_route=\/wp\/v2\/posts"}],"about":[{"href":"https:\/\/heidysandovalruiz.com\/index.php?rest_route=\/wp\/v2\/types\/post"}],"author":[{"embeddable":true,"href":"https:\/\/heidysandovalruiz.com\/index.php?rest_route=\/wp\/v2\/users\/4"}],"replies":[{"embeddable":true,"href":"https:\/\/heidysandovalruiz.com\/index.php?rest_route=%2Fwp%2Fv2%2Fcomments&post=511"}],"version-history":[{"count":3,"href":"https:\/\/heidysandovalruiz.com\/index.php?rest_route=\/wp\/v2\/posts\/511\/revisions"}],"predecessor-version":[{"id":605,"href":"https:\/\/heidysandovalruiz.com\/index.php?rest_route=\/wp\/v2\/posts\/511\/revisions\/605"}],"wp:featuredmedia":[{"embeddable":true,"href":"https:\/\/heidysandovalruiz.com\/index.php?rest_route=\/wp\/v2\/media\/514"}],"wp:attachment":[{"href":"https:\/\/heidysandovalruiz.com\/index.php?rest_route=%2Fwp%2Fv2%2Fmedia&parent=511"}],"wp:term":[{"taxonomy":"category","embeddable":true,"href":"https:\/\/heidysandovalruiz.com\/index.php?rest_route=%2Fwp%2Fv2%2Fcategories&post=511"},{"taxonomy":"post_tag","embeddable":true,"href":"https:\/\/heidysandovalruiz.com\/index.php?rest_route=%2Fwp%2Fv2%2Ftags&post=511"}],"curies":[{"name":"wp","href":"https:\/\/api.w.org\/{rel}","templated":true}]}}