{"id":522,"date":"2013-11-21T03:14:44","date_gmt":"2013-11-21T03:14:44","guid":{"rendered":"http:\/\/heidysandovalruiz.com\/?p=522"},"modified":"2014-01-16T22:50:45","modified_gmt":"2014-01-16T22:50:45","slug":"la-cara-amiga-de-contrapunto-que-mas","status":"publish","type":"post","link":"https:\/\/heidysandovalruiz.com\/?p=522","title":{"rendered":"La cara amiga de \u00abContrapunto Qu\u00e9 M\u00e1s\u00bb"},"content":{"rendered":"<p style=\"text-align: justify;\"><span style=\"color: #333399;\">Este d\u00eda en \u201cLa cara amiga de nuestros invitados\u201d, conoceremos cu\u00e1ndo surgi\u00f3 el Grupo Contrapunto Que M\u00e1s, y para ello conversamos con su Director\u00a0<b>Carlos Franco<\/b>\u00a0a quien tuve la oportunidad de conocer cuando celebramos los 15 a\u00f1os de la \u201cGala de la Canci\u00f3n Guatemalteca\u201d.\u00a0\u00a0Hoy sabremos m\u00e1s de este grupo que con m\u00e1s de una d\u00e9cada ha llevado sabor y ritmo a sus seguidores. Bienvenido Carlitos a este espacio, donde se puede decir lo que se quiere y lo que en otros medios no se puede.<\/span><\/p>\n<p style=\"text-align: justify;\"><span style=\"color: #333399;\">En tu juventud integraste alg\u00fan grupo musical? <b>En los a\u00f1os 70\u2019s, mi inclinaci\u00f3n por la m\u00fasica se empieza a manifestar pues en un cumplea\u00f1os recib\u00ed de regalo un requinto con el cual me reun\u00eda con algunos amigos de mi colonia que ya tocaban m\u00fasica de tr\u00edos y de los cuales aprend\u00ed a tocar guitarra.\u00a0 El siguiente paso fue formar un grupo musical para tocar m\u00fasica de la \u00e9poca con instrumentos hechizos pues era a lo \u00fanico a lo que se pod\u00eda optar por razones econ\u00f3micas.<\/b><\/span><\/p>\n<p style=\"text-align: justify;\"><span style=\"color: #333399;\"><b>Por estos a\u00f1os fui invitado a formar parte de un grupo musical electr\u00f3nico que tocaba en un restaurante bailable en la colonia La Florida (Los Ping\u00fcinos) y fue aqu\u00ed donde la pasi\u00f3n por la m\u00fasica marc\u00f3 mi vida.<\/b><\/span><\/p>\n<p style=\"text-align: justify;\"><span style=\"color: #333399;\"><b>A esto vino la invitaci\u00f3n de Carlos Gramajo (QEPD) para formar parte de un grupo musical (Los Falcon) que era el encargado de amenizar \u201cLa Hora Cultural el Ej\u00e9rcito;\u00a0 un programa que se llevaba a todas las instituciones que lo solicitaran\u00a0 en toda la Rep\u00fablica de Guatemala y fue as\u00ed como pude recorrer y conocer gran parte de mi Guatemala.<\/b><\/span><\/p>\n<p style=\"text-align: justify;\"><span style=\"color: #333399;\"><b>Luego se present\u00f3 la oportunidad de formar otro grupo en la zona 8 gracias al apoyo y entusiasmo de don Manuel D\u00edaz con el cual llegaron las primeras grabaciones en un estudio profesional (FONICA). Este grupo se llam\u00f3 Corte Suprema y algunas de sus grabaciones fueron bien difundidas por las radios locales.<\/b><\/span><\/p>\n<p style=\"text-align: justify;\"><span style=\"color: #333399;\"><b>Para ese entonces y por necesidades del grupo empec\u00e9 a practicar en los teclados (\u00f3rganos en ese entonces) y fui dejando la guitarra en segundo plano hasta la fecha.<\/b><\/span><\/p>\n<p style=\"text-align: justify;\"><span style=\"color: #333399;\"><b>En esta misma \u00e9poca fui invitado por un amigo a compartir mis conocimientos a un grupo de ni\u00f1as menores de edad que estaban recluidas en un reformatorio en la colonia las Brisas (\u00bfGorriones-Gaviotas?) ya que \u00e9l era el director y en una bodega ten\u00edan unas mel\u00f3dicas abandonadas y \u00e9l pens\u00f3 que se les pod\u00eda dar buen uso y as\u00ed se hizo durante un tiempo adhonoren.<\/b><\/span><\/p>\n<p style=\"text-align: justify;\"><span style=\"color: #333399;\">Para los a\u00f1os ochentas a que te dedicas? <b>En los a\u00f1os 80\u2019s abandon\u00e9 la Universidad para tocar en un Hotel de prestigio acompa\u00f1ando a cantantes profesionales y de ah\u00ed vino una larga temporada en hoteles, restaurantes, plazas p\u00fablicas, salones de eventos, y muchos escenarios en los cuales pude aprender y desarrollar muchos g\u00e9neros de m\u00fasica que hasta hoy son mi patrimonio.<\/b><\/span><\/p>\n<p style=\"text-align: justify;\"><span style=\"color: #333399;\"><b>Durante estos a\u00f1os tambi\u00e9n tuve la oportunidad de trabajar en diferentes programas de televisi\u00f3n que ten\u00edan segmentos de cantantes aficionados y otros compa\u00f1eros y yo \u00e9ramos los encargados de acompa\u00f1arlos (Chalo Hern\u00e1ndez).<\/b><\/span><\/p>\n<p style=\"text-align: justify;\">\n<p style=\"text-align: justify;\"><span style=\"color: #000080;\"><b>ALGUNOS GRUPOS MUSICALES<\/b>\u00a0:\u00a0<b>TROGS \u00a01971, \u00a0<i>ATOMOs\u00a0 \u00a01972, \u00a0BAKTIS\u00a0 1973\u00a0 \u00a0\u00a0CORTE SUPREMA \u00a0 \u00a0 \u00a01974<\/i><\/b> \u00a0\u00a0\u00a0\u00a0<b><i>PANELA \u00a0\u00a0 \u00a0 1975 \u00a0 \u00a0ANGELES AZULES \u00a0 \u00a0 \u00a0 1976\u00a0\u00a0\u00a0\u00a0\u00a0SOL Y AGUA \u00a0 1980 \u00a0\u00a0<\/i><\/b><b>BLACK POWER \u00a0 \u00a01982<\/b>\u00a0 <b><i>SHERATHON \u00a0 1985<\/i><\/b><b>\u00a0<\/b> <b><i>CONTROL DE\u00a0CALIDAD \u00a01989<\/i><\/b>\u00a0\u00a0\u00a0 <b><i>MANHATAN \u00a0 \u00a01990<\/i><\/b>\u00a0 <b><i>AFTER EIGTH \u00a01991<\/i><\/b>\u00a0\u00a0 <b><i>MILK SHAKE \u00a0 \u00a0 1993<\/i><\/b>\u00a0\u00a0 <b><i>NAVEGANTES \u00a0 \u00a0 \u00a0\u00a01994<\/i><\/b>\u00a0\u00a0 <b><i>CONTRAPUNTO \u00a0 \u00a0 \u00a0 \u00a0 \u00a0 \u00a02000<\/i><\/b><\/span><\/p>\n<p style=\"text-align: justify;\"><b style=\"color: #333399;\">En estos \u00faltimos 9 a\u00f1os tambi\u00e9n he estado produciendo y grabando pistas musicales para cantantes aficionados y profesionales. Una de las mayores satisfacciones en mi vida musical ha sido tocar, hacer pistas y grabar m\u00fasica de alabanza.<\/b><\/p>\n<p style=\"text-align: justify;\"><span style=\"color: #333399;\">Qu\u00e9 opinas del talento que tienes? <b>Entre alegr\u00edas, tristezas, frustraciones, elogios, triunfos, fracasos, aceptaci\u00f3n y rechazos, entre otras,\u00a0 primero agradezco a DIOS por darme este talento que ha sido la mayor parte de mi vida, a Carlos Franco Jr. Jos\u00e9 Manuel Franco, Karlita Franco (mis hijos) y mucha gente linda que ha estado a mi lado en esta dura pero bella profesi\u00f3n. Por el inmenso apoyo que me han brindado que DIOS los bendiga.<\/b><\/span><\/p>\n<p style=\"text-align: justify;\"><span style=\"color: #333399;\">Alguna vez te llam\u00f3 la atenci\u00f3n ir a sextear? <b>Entre mi ni\u00f1ez y adolescencia aprend\u00ed el arte de talla en madera y todos los s\u00e1bados me tocaba ir a vender al mercado central lo que hac\u00eda durante la semana y era cuando aprovechaba para recorrer toda la sexta y quinta y me lo disfrutaba.<\/b><\/span><\/p>\n<p style=\"text-align: justify;\"><span style=\"color: #333399;\"><b>Con el arte de talla en madera realic\u00e9 varias exposiciones en colegios, restaurantes y algunos otros lugares donde recib\u00ed muchas felicitaciones y muestras de apoyo. Tambi\u00e9n tuve la oportunidad de participar en la Bienal de Arte Pa\u00edz.<\/b><\/span><\/p>\n<p style=\"text-align: justify;\"><span style=\"color: #333399;\">Qu\u00e9 grupos estaban de moda en tu adolescencia? <\/span><b style=\"color: #333399;\">Yo estudiaba en el Aqueche \u00a0y fue la \u00e9poca\u00a0 en que se hac\u00edan bailes en todos los institutos con los grupos de moda, Cuerpo y alma, Apple pie, Pl\u00e1stico Pesado, Siglo XX, \u00c1ngeles Azules, Pastel de Fresa entre otros<\/b><\/p>\n<p style=\"text-align: justify;\"><span style=\"color: #333399;\">Cu\u00e9ntanos c\u00f3mo surge Contrapunto Que M\u00e1s y hace cu\u00e1nto? <b>A principio de a\u00f1o 2000 y por inquietud de un amigo colombiano (Diego G\u00f3mez) form\u00e9 CONTRAPUNTO, un grupo de m\u00fasica puramente bailable el cual ser\u00eda el grupo de planta de un restaurante colombiano durante 9 a\u00f1os.<\/b><\/span><\/p>\n<p style=\"text-align: justify;\"><span style=\"color: #333399;\"><b>Para que este grupo tuviera \u00e9xito en dicho restaurante la\u00a0condici\u00f3n fue que se tocara ballenato, uno de los g\u00e9neros de m\u00fasica folkl\u00f3rica colombiana.\u00a0 Con el grupo CONTRAPUNTO llegaron nuevas experiencias a nivel art\u00edstico, pues era el \u00fanico que tocaba ese g\u00e9nero de m\u00fasica entre otros ritmos y nos dio la oportunidad de presentarnos en muchos lugares para desarrollarnos y disfrutarlo.<\/b><\/span><\/p>\n<p style=\"text-align: justify;\"><span style=\"color: #333399;\"><b>Con CONTRAPUNTO fuimos invitados a\u00a0 participar en diferentes actividades de car\u00e1cter ben\u00e9fico como asilos, Telet\u00f3n, Asociaci\u00f3n de Migrantes, recaudaci\u00f3n de fondos para personas particulares, entre otras.<\/b><\/span><\/p>\n<p style=\"text-align: justify;\"><span style=\"color: #333399;\"><b>En el a\u00f1o 2008 CONTRAPUNTO recibi\u00f3 un RECONOCIMIENTO en la \u201cXV Gala de la Canci\u00f3n Guatemalteca\u201d, en el Centro Cultural Miguel \u00c1ngel Asturias, para ese evento CONTRAPUNTO adapt\u00f3 varias canciones guatemaltecas a ritmos tropicales (salsa, cumbia, ballenato), los cuales tuvieron mucha aceptaci\u00f3n entre el p\u00fablico asistente.<\/b><\/span><\/p>\n<p style=\"text-align: justify;\"><span style=\"color: #333399;\">Qui\u00e9nes integran el grupo? <b>Como en toda organizaci\u00f3n algunos m\u00fasicos que iniciaron Contrapunto buscaron mejores oportunidades, otros se retiraron de la m\u00fasica, algunos formaron sus propios grupos pero todos han quedado como mis amigos,\u00a0 siempre nos comunicamos,\u00a0 nos apoyamos y a los cuales agradezco su participaci\u00f3n, por ellos Contrapunto sigue adelante. Actualmente participan en el grupo Carlos Franco Jr. (Percusiones) Ram\u00f3n Gonz\u00e1lez (Voz l\u00edder) Fernando Contreras (Voz y coros) Jorge Mor\u00e1n (Bajo voz y coros) Carlos Franco (Teclados y coros)<\/b><\/span><\/p>\n<p style=\"text-align: justify;\"><span style=\"color: #333399;\">C\u00f3mo Director qu\u00e9 le pides a los m\u00fasicos? <b>Siempre he tratado que nuestro grupo sea muy unido y agradable estar en el, y para eso les pido a mis compa\u00f1eros primeramente ensayo frecuente, puntualidad, presentaci\u00f3n y comunicaci\u00f3n.<\/b><\/span><\/p>\n<p style=\"text-align: justify;\"><span style=\"color: #333399;\">Qu\u00e9 reacci\u00f3n tienes si alguno de\u00a0los integrantes llega tarde o con unas copitas de m\u00e1s? <b>Tiendo a incomodarme cuando se les presenta alg\u00fan contratiempo pero no me gusta predisponerlos antes de la presentaci\u00f3n.\u00a0 Casi\u00a0 no ocurre porque regularmente llegamos juntos a los eventos.<\/b><\/span><\/p>\n<p style=\"text-align: justify;\"><span style=\"color: #333399;\">Porqu\u00e9 te inclinas a tocar cumbias y merengues\u2026sabor!!!? <b>La versatilidad de los integrantes de Contrapunto permite abarcar muchos g\u00e9neros de m\u00fasica pero el g\u00e9nero\u00a0 tropical lo ha marcado la gente que nos contrata, aunque en algunos eventos tocamos otros estilos.<\/b><\/span><\/p>\n<p style=\"text-align: justify;\"><span style=\"color: #333399;\">Alguna vez has pensado cambiar el estilo musical del grupo? <b>De momento no, porque el grupo se ha identificado por este estilo, pero cuando al momento\u00a0 que me contactan me piden m\u00fasica variada si hemos variado nuestro estilo.<\/b><\/span><\/p>\n<p style=\"text-align: justify;\"><span style=\"color: #333399;\">Tienen alg\u00fan color especial para las presentaciones? <b>No, cuando una fiesta es elegante vamos de traje,\u00a0 en jardines, centros tur\u00edsticos y otros, nuestro uniforme es acorde al evento.<\/b><\/span><\/p>\n<p style=\"text-align: justify;\"><span style=\"color: #333399;\">D\u00f3nde pueden los lectores ir a escucharlos? <\/span><b style=\"color: #333399;\">Actualmente no estamos en ning\u00fan lugar fijo pero regularmente en nuestra p\u00e1gina de Facebook\u00a0 (Contrapunto Que Mas) publicamos donde tendremos nuestras pr\u00f3ximas presentaciones.<\/b><\/p>\n<p style=\"text-align: justify;\"><span style=\"color: #333399;\">Qu\u00e9 canci\u00f3n es la que m\u00e1s les piden? <b>Depende mucho del evento que sea y m\u00e1s bien yo dir\u00eda que estilo es el que mas solicitan por ejemplo, cuando el evento es para gente colombiana piden ballenato, para p\u00fablico joven salsa y cumbia, la gente mayor nos solicitan m\u00fasica de sonoras.\u00a0 Es muy variado<\/b><\/span><\/p>\n<p style=\"text-align: justify;\"><span style=\"color: #333399;\">Aprovecho la oportunidad para agradecerte el haber aceptado la invitaci\u00f3n a participar el jueves 5 de septiembre a la \u201cXX Gala de la Canci\u00f3n Guatemalteca\u201d.<\/span><\/p>\n<p style=\"text-align: justify;\"><span style=\"color: #333399;\"><b>Gracias Heidy por esta oportunidad ya que representa una gran ventana para nuestro desarrollo art\u00edstico.\u00a0 Dios te bendiga.<\/b><\/span><\/p>\n<p style=\"text-align: justify;\"><span style=\"color: #333399;\"><b>\u00a0<\/b><\/span><\/p>\n<p><span style=\"color: #333399;\">\u00a0<\/span><\/p>\n<p><span style=\"color: #333399;\">\u00a0<\/span><\/p>\n<p><span style=\"color: #333399;\"><b>Entrevista realizada por Heidy Sandoval Ruiz<\/b><\/span><\/p>\n","protected":false},"excerpt":{"rendered":"<div class=\"mh-excerpt\"><p>Este d\u00eda en \u201cLa cara amiga de nuestros invitados\u201d, conoceremos cu\u00e1ndo surgi\u00f3 el Grupo Contrapunto Que M\u00e1s, y para ello conversamos con su Director\u00a0Carlos Franco\u00a0a <a class=\"mh-excerpt-more\" href=\"https:\/\/heidysandovalruiz.com\/?p=522\" title=\"La cara amiga de \u00abContrapunto Qu\u00e9 M\u00e1s\u00bb\">[&#8230;]<\/a><\/p>\n<\/div>","protected":false},"author":4,"featured_media":523,"comment_status":"closed","ping_status":"closed","sticky":false,"template":"","format":"standard","meta":{"footnotes":""},"categories":[16],"tags":[34],"class_list":["post-522","post","type-post","status-publish","format-standard","has-post-thumbnail","hentry","category-la-cara-amiga","tag-la-cara-amiga-de-contrapunto-que-mas"],"_links":{"self":[{"href":"https:\/\/heidysandovalruiz.com\/index.php?rest_route=\/wp\/v2\/posts\/522","targetHints":{"allow":["GET"]}}],"collection":[{"href":"https:\/\/heidysandovalruiz.com\/index.php?rest_route=\/wp\/v2\/posts"}],"about":[{"href":"https:\/\/heidysandovalruiz.com\/index.php?rest_route=\/wp\/v2\/types\/post"}],"author":[{"embeddable":true,"href":"https:\/\/heidysandovalruiz.com\/index.php?rest_route=\/wp\/v2\/users\/4"}],"replies":[{"embeddable":true,"href":"https:\/\/heidysandovalruiz.com\/index.php?rest_route=%2Fwp%2Fv2%2Fcomments&post=522"}],"version-history":[{"count":3,"href":"https:\/\/heidysandovalruiz.com\/index.php?rest_route=\/wp\/v2\/posts\/522\/revisions"}],"predecessor-version":[{"id":525,"href":"https:\/\/heidysandovalruiz.com\/index.php?rest_route=\/wp\/v2\/posts\/522\/revisions\/525"}],"wp:featuredmedia":[{"embeddable":true,"href":"https:\/\/heidysandovalruiz.com\/index.php?rest_route=\/wp\/v2\/media\/523"}],"wp:attachment":[{"href":"https:\/\/heidysandovalruiz.com\/index.php?rest_route=%2Fwp%2Fv2%2Fmedia&parent=522"}],"wp:term":[{"taxonomy":"category","embeddable":true,"href":"https:\/\/heidysandovalruiz.com\/index.php?rest_route=%2Fwp%2Fv2%2Fcategories&post=522"},{"taxonomy":"post_tag","embeddable":true,"href":"https:\/\/heidysandovalruiz.com\/index.php?rest_route=%2Fwp%2Fv2%2Ftags&post=522"}],"curies":[{"name":"wp","href":"https:\/\/api.w.org\/{rel}","templated":true}]}}