{"id":5233,"date":"2017-08-31T17:24:20","date_gmt":"2017-08-31T17:24:20","guid":{"rendered":"http:\/\/heidysandovalruiz.com\/?p=5233"},"modified":"2022-02-27T03:11:40","modified_gmt":"2022-02-27T03:11:40","slug":"made-1200-artistas-han-desfilado-en-la-gala","status":"publish","type":"post","link":"https:\/\/heidysandovalruiz.com\/?p=5233","title":{"rendered":"M\u00e1de 1,200 artistas han desfilado en la gala"},"content":{"rendered":"<p style=\"text-align: justify;\">Con el prop\u00f3sito de dar a conocer el repertorio musical con el que contamos los guatemaltecos, se cre\u00f3 uno de los espect\u00e1culos que durante 19 a\u00f1os se ha presentado consecutivamente,\u00a0\u00a0la\u00a0<strong>\u201cGala<\/strong><strong>\u00a0de\u00a0la Canci\u00f3n Guatemalteca<\/strong><strong>\u201d<\/strong><strong>,\u00a0<\/strong>el cual<strong>\u00a0<\/strong>surgi\u00f3 a inquietud de quien escribe y en 1994 se present\u00f3 como un proyecto al Comit\u00e9 Permanente Pro-festejos de\u00a0la Independencia Nacional\u00a0\u00a0siendo\u00a0\u00a0aprobado por\u00a0la Licenciada Silvia\u00a0Tejeda\u00a0de Jim\u00e9nez, Gobernadora Departamental y Presidenta del Comit\u00e9 en ese entonces.<\/p>\n<p style=\"text-align: justify;\">A partir de ese a\u00f1o el Comit\u00e9 Permanente Pro-festejos de\u00a0la Independencia Nacional, presenta entre las actividades que festejan\u00a0la Independencia Nacional\u00a0la\u00a0<strong>\u201c<\/strong><strong>Gala de\u00a0la Canci\u00f3n Guatemalteca<\/strong><strong>\u201d<\/strong><strong>,\u00a0<\/strong>espect\u00e1culo \u00fanico de su g\u00e9nero en nuestro pa\u00eds, pues en este programa musical se pueden escuchar canciones nacionales con diversidad de g\u00e9neros como el rom\u00e1ntico, la balada, el merengue, la salsa entre otros, que se han presentado.<\/p>\n<p style=\"text-align: justify;\">M\u00e1s de mil docientos artistas se han presentado entre grupos, tr\u00edos, orquestas, solistas, d\u00faos y quintetos, todos ellos compartiendo con el p\u00fablico canciones de reconocidos compositores y algunos interpretan de su autor\u00eda.<\/p>\n<p style=\"text-align: justify;\">Artistas de reconocida trayectoria han aceptado participar apoyando este a\u00f1o y los invitados son:\u00a0<strong>Herman May, Marimba Chapinlandia, Carlos Cu\u00e9llar, Wedding Musique, Carlos Emilio, Grupo Caballo Loco, Los Nobles y Esperanto<\/strong>.\u00a0\u00a0La edici\u00f3n de este a\u00f1o ser\u00e1 dedicada a <strong>Jos\u00e9 Ernesto Monz\u00f3n \u201cEl Cantor del Paisaje\u201d<\/strong> y se reconocer\u00e1 la trayectoria de Jorge Raudales y Marimba Chapinlandia. \u00a0Los presentadores son: Carlos de Triana, Luis Garist\u00fa, Luis Pellecer, Heidy Sandoval Ruiz y como invitado especial Josu\u00e9 Morales.<\/p>\n<p style=\"text-align: justify;\">El Gobernador de la Ciudad de Guatemala y Presidente de la Comisi\u00f3n Ejecutiva del Comit\u00e9 Permanente Pro-festejos de la Independencia Nacional, \u00a0Licenciado Iv\u00e1n D\u00edaz L\u00f3pez, invita a los guatemaltecos a asistir a esta y a todas las actividades programadas en este mes de septiembre.<\/p>\n<p style=\"text-align: justify;\">Los guatemaltecos pueden asistir a la \u201c<strong>XXIV Gala de\u00a0la Canci\u00f3n Guatemalteca\u201d<\/strong>\u00a0con toda la familia, a la serenata gratuita que el Comit\u00e9 Permanente Pro-festejos le da a Guatemala y la cual se ha programado para el s\u00e1bado 2 de septiembre a partir de las 16:00 horas en\u00a0la Gran Sala\u00a0Efra\u00edn Recinos del Centro Cultural Miguel \u00c1ngel Asturias.\u00a0\u00a0Los boletos se dar\u00e1n en la taquilla el d\u00eda del evento.<\/p>\n<p><iframe loading=\"lazy\" src=\"https:\/\/www.youtube.com\/embed\/PmxOgMpKUMo\" width=\"560\" height=\"315\" frameborder=\"0\" allowfullscreen=\"allowfullscreen\"><\/iframe><\/p>\n<p style=\"text-align: center;\"><a href=\"https:\/\/heidysandovalruiz.com\/wp-content\/uploads\/2017\/08\/img1502680663815.jpg\"><img loading=\"lazy\" decoding=\"async\" class=\"aligncenter size-medium wp-image-5235\" src=\"https:\/\/heidysandovalruiz.com\/wp-content\/uploads\/2017\/08\/img1502680663815-300x300.jpg\" alt=\"img1502680663815\" width=\"300\" height=\"300\" \/><\/a><\/p>\n<p style=\"text-align: center;\"><a href=\"https:\/\/heidysandovalruiz.com\/wp-content\/uploads\/2017\/08\/Carlos-Cuellar.jpg\"><img loading=\"lazy\" decoding=\"async\" class=\"aligncenter size-medium wp-image-5236\" src=\"https:\/\/heidysandovalruiz.com\/wp-content\/uploads\/2017\/08\/Carlos-Cuellar-219x300.jpg\" alt=\"Carlos Cuellar\" width=\"219\" height=\"300\" \/><\/a><\/p>\n<p style=\"text-align: center;\"><a href=\"https:\/\/heidysandovalruiz.com\/wp-content\/uploads\/2017\/08\/Carlos-Emilio.jpg\"><img loading=\"lazy\" decoding=\"async\" class=\"aligncenter size-medium wp-image-5237\" src=\"https:\/\/heidysandovalruiz.com\/wp-content\/uploads\/2017\/08\/Carlos-Emilio-281x300.jpg\" alt=\"Carlos Emilio\" width=\"281\" height=\"300\" \/><\/a><\/p>\n<p style=\"text-align: center;\"><a href=\"https:\/\/heidysandovalruiz.com\/wp-content\/uploads\/2017\/08\/Chapinlandia-4.jpg\"><img loading=\"lazy\" decoding=\"async\" class=\"aligncenter size-medium wp-image-5238\" src=\"https:\/\/heidysandovalruiz.com\/wp-content\/uploads\/2017\/08\/Chapinlandia-4-300x169.jpg\" alt=\"Chapinlandia (4)\" width=\"300\" height=\"169\" \/><\/a> <a href=\"https:\/\/heidysandovalruiz.com\/wp-content\/uploads\/2017\/08\/Esperanto-1.jpg\"><img loading=\"lazy\" decoding=\"async\" class=\"aligncenter size-medium wp-image-5239\" src=\"https:\/\/heidysandovalruiz.com\/wp-content\/uploads\/2017\/08\/Esperanto-1-300x199.jpg\" alt=\"Esperanto 1\" width=\"300\" height=\"199\" \/><\/a><\/p>\n<p style=\"text-align: center;\"><a href=\"https:\/\/heidysandovalruiz.com\/wp-content\/uploads\/2017\/08\/Herman-May.jpg\"><img loading=\"lazy\" decoding=\"async\" class=\"aligncenter size-medium wp-image-5240\" src=\"https:\/\/heidysandovalruiz.com\/wp-content\/uploads\/2017\/08\/Herman-May-200x300.jpg\" alt=\"Herman May\" width=\"200\" height=\"300\" \/><\/a><\/p>\n<p style=\"text-align: center;\"><a href=\"https:\/\/heidysandovalruiz.com\/wp-content\/uploads\/2017\/08\/Los-Nobles.jpg\"><img loading=\"lazy\" decoding=\"async\" class=\"aligncenter size-medium wp-image-5241\" src=\"https:\/\/heidysandovalruiz.com\/wp-content\/uploads\/2017\/08\/Los-Nobles-300x225.jpg\" alt=\"Los Nobles\" width=\"300\" height=\"225\" \/><\/a><\/p>\n<p style=\"text-align: center;\"><a href=\"https:\/\/heidysandovalruiz.com\/wp-content\/uploads\/2017\/08\/Wedding-Musique.jpg\"><img loading=\"lazy\" decoding=\"async\" class=\"aligncenter size-medium wp-image-5242\" src=\"https:\/\/heidysandovalruiz.com\/wp-content\/uploads\/2017\/08\/Wedding-Musique-300x200.jpg\" alt=\"Wedding Musique\" width=\"300\" height=\"200\" \/><\/a><\/p>\n<p style=\"text-align: center;\"><a href=\"https:\/\/heidysandovalruiz.com\/wp-content\/uploads\/2017\/08\/caballo-loco-logo.jpg\"><img loading=\"lazy\" decoding=\"async\" class=\"aligncenter size-medium wp-image-5243\" src=\"https:\/\/heidysandovalruiz.com\/wp-content\/uploads\/2017\/08\/caballo-loco-logo-300x254.jpg\" alt=\"caballo loco logo\" width=\"300\" height=\"254\" \/><\/a><\/p>\n","protected":false},"excerpt":{"rendered":"<div class=\"mh-excerpt\"><p>Con el prop\u00f3sito de dar a conocer el repertorio musical con el que contamos los guatemaltecos, se cre\u00f3 uno de los espect\u00e1culos que durante 19 <a class=\"mh-excerpt-more\" href=\"https:\/\/heidysandovalruiz.com\/?p=5233\" title=\"M\u00e1de 1,200 artistas han desfilado en la gala\">[&#8230;]<\/a><\/p>\n<\/div>","protected":false},"author":4,"featured_media":5234,"comment_status":"closed","ping_status":"closed","sticky":false,"template":"","format":"standard","meta":{"footnotes":""},"categories":[164],"tags":[364,363],"class_list":["post-5233","post","type-post","status-publish","format-standard","has-post-thumbnail","hentry","category-gala-de-la-cancion","tag-200-artistas-han-desfilado-en-la-gala","tag-made-1"],"_links":{"self":[{"href":"https:\/\/heidysandovalruiz.com\/index.php?rest_route=\/wp\/v2\/posts\/5233","targetHints":{"allow":["GET"]}}],"collection":[{"href":"https:\/\/heidysandovalruiz.com\/index.php?rest_route=\/wp\/v2\/posts"}],"about":[{"href":"https:\/\/heidysandovalruiz.com\/index.php?rest_route=\/wp\/v2\/types\/post"}],"author":[{"embeddable":true,"href":"https:\/\/heidysandovalruiz.com\/index.php?rest_route=\/wp\/v2\/users\/4"}],"replies":[{"embeddable":true,"href":"https:\/\/heidysandovalruiz.com\/index.php?rest_route=%2Fwp%2Fv2%2Fcomments&post=5233"}],"version-history":[{"count":6,"href":"https:\/\/heidysandovalruiz.com\/index.php?rest_route=\/wp\/v2\/posts\/5233\/revisions"}],"predecessor-version":[{"id":7550,"href":"https:\/\/heidysandovalruiz.com\/index.php?rest_route=\/wp\/v2\/posts\/5233\/revisions\/7550"}],"wp:featuredmedia":[{"embeddable":true,"href":"https:\/\/heidysandovalruiz.com\/index.php?rest_route=\/wp\/v2\/media\/5234"}],"wp:attachment":[{"href":"https:\/\/heidysandovalruiz.com\/index.php?rest_route=%2Fwp%2Fv2%2Fmedia&parent=5233"}],"wp:term":[{"taxonomy":"category","embeddable":true,"href":"https:\/\/heidysandovalruiz.com\/index.php?rest_route=%2Fwp%2Fv2%2Fcategories&post=5233"},{"taxonomy":"post_tag","embeddable":true,"href":"https:\/\/heidysandovalruiz.com\/index.php?rest_route=%2Fwp%2Fv2%2Ftags&post=5233"}],"curies":[{"name":"wp","href":"https:\/\/api.w.org\/{rel}","templated":true}]}}