{"id":5259,"date":"2017-09-06T03:40:29","date_gmt":"2017-09-06T03:40:29","guid":{"rendered":"http:\/\/heidysandovalruiz.com\/?p=5259"},"modified":"2017-09-06T04:12:08","modified_gmt":"2017-09-06T04:12:08","slug":"la-cara-amiga-de-shery","status":"publish","type":"post","link":"https:\/\/heidysandovalruiz.com\/?p=5259","title":{"rendered":"La cara amiga de \u00abShery\u00bb"},"content":{"rendered":"<p style=\"text-align: justify;\">En la \u201c<strong>Cara amiga de los invitados de Heidy<\/strong>\u201d, comparto en esta oportunidad\u00a0 la entrevista con \u201c<strong>Shery<\/strong> <strong>Singer<\/strong>\u201d una artista de quien dicen que empez\u00f3 a cantar antes que a hablar, imitando las canciones que escuchaba en la radio, han pasado varios a\u00f1os desde que ella se inici\u00f3 en el campo de la m\u00fasica y ella nos cuenta su historia, la que les invito a leer.\u00a0 Bienvenida Shery a este espacio donde se puede decir lo que quiere y en otros lados no se puede.<\/p>\n<p style=\"text-align: justify;\">Para dar inicio a la entrevista te pregunto<strong> \u00bfC\u00f3mo es eso que aprendiste a cantar antes que hablar? <\/strong>Mi mam\u00e1 era una rocola, todo el d\u00eda desde que estaba seguro en su vientre ella escuchaba m\u00fasica de todos los tiempos y es verdad, pod\u00eda cantar pero no dec\u00eda ni mam\u00e1.<\/p>\n<p style=\"text-align: justify;\"><strong>\u00bfD\u00f3nde transcurre la \u00e9poca de tu ni\u00f1ez? \u00bfC\u00f3mo la recuerdas? <\/strong>En el interior de la rep\u00fablica. Muy feliz, manejaba bicicleta, jugaba cincos, carritos, fut, guerritas y de imitar a nuestras bandas favoritas con mis hermanos,<\/p>\n<p style=\"text-align: justify;\"><strong>\u00bfEn d\u00f3nde estudiaste? Me imagino que te gustaba participar en diversas actividades \u00bfPuedes contarnos de esta etapa?<\/strong> En El Liceo Antigue\u00f1o, en La Salle y en varias escuelas.\u00a0 Siempre andaba metida en todo lo que ten\u00eda que ver con arte y deporte. Me gustaba escribir poes\u00eda, cantar, era muy buena para las competencias de velocidad.<\/p>\n<p style=\"text-align: justify;\">\u00bf<strong>Consideras que de adolescente eras rebelde? \u00bfQu\u00e9 recuerdas de tus quince a\u00f1os?<\/strong> Muy rebelde, tanto que me fui de la casa. Mmmm no quise fiesta sino que me llevaran de viaje y que me dieran el dinero para comprar ropa y discos de mis artistas favoritos y karaokes :)!!<a href=\"https:\/\/heidysandovalruiz.com\/wp-content\/uploads\/2017\/09\/Shery-backstage-video-VYN-4.jpg\"><img loading=\"lazy\" decoding=\"async\" class=\"size-medium wp-image-5260 alignright\" src=\"https:\/\/heidysandovalruiz.com\/wp-content\/uploads\/2017\/09\/Shery-backstage-video-VYN-4-175x300.jpg\" alt=\"Shery backstage video VYN - 4\" width=\"175\" height=\"300\" srcset=\"https:\/\/heidysandovalruiz.com\/wp-content\/uploads\/2017\/09\/Shery-backstage-video-VYN-4-175x300.jpg 175w, https:\/\/heidysandovalruiz.com\/wp-content\/uploads\/2017\/09\/Shery-backstage-video-VYN-4-598x1024.jpg 598w\" sizes=\"auto, (max-width: 175px) 100vw, 175px\" \/><\/a><\/p>\n<p style=\"text-align: justify;\"><strong>\u00bfCu\u00e1l recuerdas fue la primera canci\u00f3n que cantaste en un escenario?<\/strong> Mi Plegaria, Considero una hermosa canci\u00f2n, con una melod\u00eda dulce y que hasta la fecha quiero mucho y me gusta cantar.<\/p>\n<p style=\"text-align: justify;\"><strong>\u00bfCu\u00e1l es la fecha que marca el inicio de la carrera musical de Shery? <\/strong>2007 si no estoy mal, Luis Galich, mi maestro, amigo y genio, es uno de los culpables que ande metida en lo que m\u00e1s amo, la m\u00fasica.<\/p>\n<p style=\"text-align: justify;\"><strong>Si te digo \u201cEl amor es un fantasma\u201d \u00bfqu\u00e9 traigo a tu mente? <\/strong>El inicio de Shery como compositora. No sab\u00eda que pod\u00eda hacer canciones y eso la verdad, es una de las cosas que m\u00e1s me llenan como persona, como artista. Poder cantarte a la gente lo que pienso, lo que siento. Eso es un privilegio. \ud83d\ude42 !!<\/p>\n<p style=\"text-align: justify;\"><strong>A prop\u00f3sito \u00bfPor qu\u00e9 incluyes en tu repertorio \u201cEl amor\u201d de Jos\u00e9 Luis Perales? <\/strong>Porque amo las canciones que son poes\u00eda. Considero que Perales es uno de los grandes compositores que me hace sentir a trav\u00e9s de sus letras.<\/p>\n<p style=\"text-align: justify;\"><strong>Si hicieras duetos con artistas de Guatemala \u00bfCon qui\u00e9nes te gustar\u00eda realizarlos? <\/strong>Nunca lo hab\u00eda pensado&#8230; mmmmm creo que con cualquiera que hagamos click y que tengamos las ganas de hacerlo.<\/p>\n<p style=\"text-align: justify;\"><strong><a href=\"https:\/\/heidysandovalruiz.com\/wp-content\/uploads\/2017\/09\/shery-kh16.jpeg\"><img loading=\"lazy\" decoding=\"async\" class=\"size-medium wp-image-5262 alignleft\" src=\"https:\/\/heidysandovalruiz.com\/wp-content\/uploads\/2017\/09\/shery-kh16-198x300.jpeg\" alt=\"shery-kh16\" width=\"198\" height=\"300\" srcset=\"https:\/\/heidysandovalruiz.com\/wp-content\/uploads\/2017\/09\/shery-kh16-198x300.jpeg 198w, https:\/\/heidysandovalruiz.com\/wp-content\/uploads\/2017\/09\/shery-kh16.jpeg 422w\" sizes=\"auto, (max-width: 198px) 100vw, 198px\" \/><\/a>\u00bfTus canciones han sido reconocidas y premiadas? <\/strong>S\u00ed, en varios festivales. Las canciones premiadas son El amor es un fantasma, Me convert\u00ed en roca y En la vida y Para Siempre.<\/p>\n<p style=\"text-align: justify;\">En cualquier cosa que me mueva, que me motive. M\u00e1s de 200 canciones publicadas y no publicadas.<\/p>\n<p style=\"text-align: justify;\"><strong>\u00bfCon qu\u00e9 artistas de talla internacional has compartido escenario? <\/strong>Con Vikki Car, Aleks Syntek, \u00a0Enrique Iglesias, Chayanne, Christian Castro, Mijares, Miguel Bos\u00e9 entre otros.<\/p>\n<p style=\"text-align: justify;\">Como a todos&#8230; He sufrido, he amado, he sido rechazada, he sido aceptada. El amor puede llegar a ser pendejo y puede llevarte a la perdici\u00f3n, puede ser amoroso y hacerte sentir que eres el m\u00e1s feliz del mundo. Eso es el amor y aconsejo que lo vivas intensamente.<\/p>\n<p style=\"text-align: justify;\"><strong>\u00bfC\u00f3mo te ves de aqu\u00ed a unos diez a\u00f1os, art\u00edsticamente hablando por supuesto? <\/strong>Cantando! Quiero\u00a0 estar junto a la m\u00fasica siempre,<\/p>\n<p style=\"text-align: justify;\"><strong>\u00bfCu\u00e1ndo y por qu\u00e9 haces una pausa en tu carrera? <\/strong>Uy!, la peque\u00f1a pausa fue de 5 a\u00f1os aproximadamente. \u00bfPor qu\u00e9? Primero porque me fui a hacer m\u00e1s canciones. Cuando las cantaba para probarlas frente a mi espejo, no me llegaban al alma. Estaban bonitas pero no era lo que hice con las canciones anteriores. Entonces comprend\u00ed que no ten\u00eda que forzar a escribir, sino ten\u00eda que darme tiempo, vivir, conocerme m\u00e1s, tener nuevas experiencias y es as\u00ed como regreso, feliz como compositora ya que cre\u00eda que solo pod\u00eda escribir desde el desamor pero en este nuevo material, le canto a muchas cosas y eso es genial para m\u00ed.<a href=\"https:\/\/heidysandovalruiz.com\/wp-content\/uploads\/2017\/09\/shery-syntek-19.jpg\"><img loading=\"lazy\" decoding=\"async\" class=\"size-medium wp-image-5263 alignright\" src=\"https:\/\/heidysandovalruiz.com\/wp-content\/uploads\/2017\/09\/shery-syntek-19-300x205.jpg\" alt=\"shery-syntek-19\" width=\"300\" height=\"205\" srcset=\"https:\/\/heidysandovalruiz.com\/wp-content\/uploads\/2017\/09\/shery-syntek-19-300x205.jpg 300w, https:\/\/heidysandovalruiz.com\/wp-content\/uploads\/2017\/09\/shery-syntek-19.jpg 600w\" sizes=\"auto, (max-width: 300px) 100vw, 300px\" \/><\/a><\/p>\n<p style=\"text-align: justify;\"><strong>Por cierto \u00bfDe regreso a los escenarios qu\u00e9 traes a tu p\u00fablico? <\/strong>Una canci\u00f3n que am\u00e9 desde que naci\u00f3. Virgen Ya No.<\/p>\n<p style=\"text-align: justify;\"><strong>A prop\u00f3sito \u00bf\u201dVirgen ya no\u201d en qu\u00e9 te basas para escribir esta canci\u00f3n? <\/strong>Me burlo de la doble moral, de los mojigatos, de los que aparentar ser algo solo por ser aceptados en una sociedad solapada.\u00a0 Cuando me d\u00ed cuenta que yo misma estaba entrando en ese jueguito de ser lo que los dem\u00e1s quieren que sea, surge esta canci\u00f3n como un himno de liberaci\u00f3n y cr\u00e9eme que se siente delicioso poder ser t\u00fa.<\/p>\n<p style=\"text-align: justify;\"><strong>\u00bfHas recibido apoyo de los medios de comunicaci\u00f3n? <\/strong>S\u00ed, gracias a Dios me han apoyado siempre. Obviamente hay varios que se reservan pero para eso hay m\u00e1s puertas que tocar. Los que te apoyan te apoyan, y los que no, en algun momento quiz\u00e1 crean en t\u00ed.<\/p>\n<p style=\"text-align: justify;\"><strong>\u00bfQu\u00e9 significado tiene para ti la palabra \u201cvivir\u201d? <\/strong>entregarse en cuerpo y alma a cada cosa que hagas. Ser intenso, ser agradecido.<\/p>\n<p style=\"text-align: justify;\"><strong><a href=\"https:\/\/heidysandovalruiz.com\/wp-content\/uploads\/2017\/09\/Shery-backstage-video-VYN-7.jpg\"><img loading=\"lazy\" decoding=\"async\" class=\"size-medium wp-image-5265 alignleft\" src=\"https:\/\/heidysandovalruiz.com\/wp-content\/uploads\/2017\/09\/Shery-backstage-video-VYN-7-225x300.jpg\" alt=\"Shery backstage video VYN - 7\" width=\"225\" height=\"300\" srcset=\"https:\/\/heidysandovalruiz.com\/wp-content\/uploads\/2017\/09\/Shery-backstage-video-VYN-7-225x300.jpg 225w, https:\/\/heidysandovalruiz.com\/wp-content\/uploads\/2017\/09\/Shery-backstage-video-VYN-7-768x1024.jpg 768w\" sizes=\"auto, (max-width: 225px) 100vw, 225px\" \/><\/a>\u00bfHa cambiado Shery a la de los inicios a la actual y en qu\u00e9 aspectos? <\/strong>He madurado musicalmente. Sigo creyendo en Santa Claus, y sigo agradeciendo al ser supremo por haberme dado este don de cantar, por mi sonido y por el extra de hacer canciones. Sigo siendo yo, m\u00e1s libre y sigo siendo feliz arriba de un escenario.<\/p>\n<p style=\"text-align: justify;\">Nostalgia. Fui batonista desde primero primaria hasta sexto :)!!. As\u00ed flaquita como sigo siendo. Me gustar\u00eda que celebraramos m\u00e1s en grande a Guatemala, que en los centros educativos y en los hogares, lograran inyectarnos ese amor incondicional por tu tierra, por tus paisanos.<\/p>\n<p style=\"text-align: justify;\"><strong>\u00bfQu\u00e9 proyectos tienes para lo que resta del 2017? <\/strong>Dar un concierto, lanzar una canci\u00f3n navide\u00f1a y seguir en promoci\u00f3n con este sencillo hasta donde me lo permita. Ya tengo las siguientes canciones en fila para ser lanzados.<\/p>\n<p style=\"text-align: justify;\"><strong>\u00bfD\u00f3nde te pueden localizar en las redes sociales?<\/strong><\/p>\n<ul style=\"text-align: justify;\">\n<li>en Facebook e Instagram estoy como Sherymusic<\/li>\n<li>En Twitter como Sherymusica<\/li>\n<li>y en Youtube mi canal es Shery1<\/li>\n<li>Mi p\u00e1gina: <a href=\"http:\/\/www.shery.net\">shery.net<\/a><\/li>\n<\/ul>\n<p style=\"text-align: justify;\">Primero a t\u00ed muchas gracias por tan bonita entrevista y a los que nos leen que sean felices, que seamos cordiales en el tr\u00e1fico, que hagamos cosas que nos produzcan satisfacci\u00f3n, que ayudemos a nuestro pr\u00f3jimo y que cualquier cosa que hagamos, no importa qu\u00e9, lo hagamos como si la vida se nos fuera en ello. Ser excelentes en todo.\u00a0 Ser de 100, no de 60 :)!!.<\/p>\n<p style=\"text-align: justify;\">Agradezco a Shery el haber compartido parte de su vida personal y art\u00edstica, al mismo tiempo que le deseo todo el \u00e9xito en su carrera.<\/p>\n<p><iframe loading=\"lazy\" src=\"https:\/\/www.youtube.com\/embed\/Coj4UFPXfp4\" width=\"560\" height=\"315\" frameborder=\"0\" allowfullscreen=\"allowfullscreen\"><\/iframe><\/p>\n<p><iframe loading=\"lazy\" src=\"https:\/\/www.youtube.com\/embed\/gw9adKyV1pI\" width=\"560\" height=\"315\" frameborder=\"0\" allowfullscreen=\"allowfullscreen\"><\/iframe><\/p>\n<p><iframe loading=\"lazy\" src=\"https:\/\/www.youtube.com\/embed\/pnrXkrEmUwA\" width=\"560\" height=\"315\" frameborder=\"0\" allowfullscreen=\"allowfullscreen\"><\/iframe><\/p>\n<p><iframe loading=\"lazy\" width=\"560\" height=\"315\" src=\"https:\/\/www.youtube.com\/embed\/ocmVy_NN4s4\" frameborder=\"0\" allowfullscreen><\/iframe><\/p>\n<p><iframe loading=\"lazy\" width=\"560\" height=\"315\" src=\"https:\/\/www.youtube.com\/embed\/LkM3-qqO_Us\" frameborder=\"0\" allowfullscreen><\/iframe><\/p>\n<p style=\"text-align: justify;\">Les invitamos para que se unan al grupo de <strong>\u00abArtistas de Guatemala para el Mundo\u00bb<\/strong> en este link <a href=\"http:\/\/on.fb.me\/1sn2wSf\">http:\/\/on.fb.me\/1sn2wSf<\/a> \u00a0\u00a0el cual tiene como prop\u00f3sito compartir videos, fotos, an\u00e9cdotas y todo lo de nuestros artistas en las diferentes d\u00e9cadas.<\/p>\n<p style=\"text-align: justify;\">Hemos creado el grupo \u201c<strong>Las entrevistas de Heidy\u201d<\/strong> que pueden localizar en<\/p>\n<p style=\"text-align: justify;\"><a href=\"https:\/\/www.facebook.com\/groups\/1443599465933701\/\">https:\/\/www.facebook.com\/groups\/1443599465933701\/<\/a><\/p>\n<p style=\"text-align: justify;\">Tambi\u00e9n ponemos a su disposici\u00f3n el grupo \u201c<strong>Un siglo de anuncios y algo m\u00e1s\u2026\u201d,<\/strong> un espacio donde pueden compartir o comentar los post que se publiquen <a href=\"http:\/\/on.fb.me\/1vASm2g\">http:\/\/on.fb.me\/1vASm2g<\/a><\/p>\n<p style=\"text-align: justify;\">Las entrevistas las pueden leer en los siguientes links:<\/p>\n<p style=\"text-align: justify;\"><a href=\"http:\/\/www.heidysandovalruiz.com\">http:\/\/www.heidysandovalruiz.com<\/a><\/p>\n<p style=\"text-align: justify;\"><a href=\"http:\/\/lasentrevistasdeheidy.blogspot.com\">http:\/\/lasentrevistasdeheidy.blogspot.com<\/a><\/p>\n<p style=\"text-align: justify;\"><a href=\"https:\/\/www.facebook.com\/pages\/Los-invitados-de-Heidy\/892159284204965?ref=hl\">https:\/\/www.facebook.com\/pages\/Los-invitados-de-Heidy\/892159284204965?ref=hl<\/a><\/p>\n<p style=\"text-align: justify;\"><strong>Entrevista realizada por Heidy Sandoval Ruiz<\/strong><\/p>\n<p style=\"text-align: justify;\">\n","protected":false},"excerpt":{"rendered":"<div class=\"mh-excerpt\"><p>En la \u201cCara amiga de los invitados de Heidy\u201d, comparto en esta oportunidad\u00a0 la entrevista con \u201cShery Singer\u201d una artista de quien dicen que empez\u00f3 <a class=\"mh-excerpt-more\" href=\"https:\/\/heidysandovalruiz.com\/?p=5259\" title=\"La cara amiga de \u00abShery\u00bb\">[&#8230;]<\/a><\/p>\n<\/div>","protected":false},"author":4,"featured_media":5261,"comment_status":"closed","ping_status":"closed","sticky":false,"template":"","format":"standard","meta":{"footnotes":""},"categories":[16],"tags":[366],"class_list":["post-5259","post","type-post","status-publish","format-standard","has-post-thumbnail","hentry","category-la-cara-amiga","tag-la-cara-amiga-de-shery"],"_links":{"self":[{"href":"https:\/\/heidysandovalruiz.com\/index.php?rest_route=\/wp\/v2\/posts\/5259","targetHints":{"allow":["GET"]}}],"collection":[{"href":"https:\/\/heidysandovalruiz.com\/index.php?rest_route=\/wp\/v2\/posts"}],"about":[{"href":"https:\/\/heidysandovalruiz.com\/index.php?rest_route=\/wp\/v2\/types\/post"}],"author":[{"embeddable":true,"href":"https:\/\/heidysandovalruiz.com\/index.php?rest_route=\/wp\/v2\/users\/4"}],"replies":[{"embeddable":true,"href":"https:\/\/heidysandovalruiz.com\/index.php?rest_route=%2Fwp%2Fv2%2Fcomments&post=5259"}],"version-history":[{"count":7,"href":"https:\/\/heidysandovalruiz.com\/index.php?rest_route=\/wp\/v2\/posts\/5259\/revisions"}],"predecessor-version":[{"id":5272,"href":"https:\/\/heidysandovalruiz.com\/index.php?rest_route=\/wp\/v2\/posts\/5259\/revisions\/5272"}],"wp:featuredmedia":[{"embeddable":true,"href":"https:\/\/heidysandovalruiz.com\/index.php?rest_route=\/wp\/v2\/media\/5261"}],"wp:attachment":[{"href":"https:\/\/heidysandovalruiz.com\/index.php?rest_route=%2Fwp%2Fv2%2Fmedia&parent=5259"}],"wp:term":[{"taxonomy":"category","embeddable":true,"href":"https:\/\/heidysandovalruiz.com\/index.php?rest_route=%2Fwp%2Fv2%2Fcategories&post=5259"},{"taxonomy":"post_tag","embeddable":true,"href":"https:\/\/heidysandovalruiz.com\/index.php?rest_route=%2Fwp%2Fv2%2Ftags&post=5259"}],"curies":[{"name":"wp","href":"https:\/\/api.w.org\/{rel}","templated":true}]}}