{"id":530,"date":"2013-11-21T17:44:39","date_gmt":"2013-11-21T17:44:39","guid":{"rendered":"http:\/\/heidysandovalruiz.com\/?p=530"},"modified":"2014-01-16T22:50:38","modified_gmt":"2014-01-16T22:50:38","slug":"la-cara-amiga-de-la-gala-de-la-cancion-guatemalteca","status":"publish","type":"post","link":"https:\/\/heidysandovalruiz.com\/?p=530","title":{"rendered":"La cara amiga de la \u00abGala de la Canci\u00f3n Guatemalteca\u00bb"},"content":{"rendered":"<p style=\"text-align: justify;\"><span style=\"color: #333399;\">En esta oportunidad en la \u00ab<strong>Cara amiga\u2026la Gala de la Canci\u00f3n Guatemalteca\u00bb<\/strong>, comparto con ustedes la entrevista que me realiz\u00f3 la periodista Ana Luc\u00eda M\u00e9ndizabal.<\/span><\/p>\n<p style=\"text-align: justify;\"><span style=\"color: #333399;\">Este a\u00f1o arriba a veinte a\u00f1os de presentarse consecutivamente, la \u201cGala de la Canci\u00f3n Guatemalteca\u201d, el espect\u00e1culo que ha sido coordinado y dirigido por la entusiasta y din\u00e1mica comunicadora social, Heidy Sandoval Ruiz de Ord\u00f3\u00f1ez.<\/span><\/p>\n<p style=\"text-align: justify;\"><span style=\"color: #333399;\">Hoy conversamos con ella de la experiencia que ha tenido a lo largo de dos d\u00e9cadas realizando este evento donde participan artistas nacionales.<\/span><\/p>\n<p style=\"text-align: justify;\"><span style=\"color: #333399;\">C\u00f3mo surge la Gala de la Canci\u00f3n Guatemalteca y cu\u00e1l ha sido tu motivaci\u00f3n? <b>Precisamente hace 20 a\u00f1os siendo parte del Comit\u00e9 Permanente Pro-festejos de la Independencia Nacional, pensando en que en M\u00e9xico los artistas saludaban a su pa\u00eds al celebrar su independencia interpretando canciones, pues se me ocurri\u00f3 hacer algo similar en Guatemala, por lo que motivada en este sentido de cantarle a nuestra patria,\u00a0<\/b><b>present\u00e9 como un proyecto al Comit\u00e9 la \u201cGala de la Canci\u00f3n Guatemalteca\u201d, y el cual fue aprobado\u00a0 en 1994 por la Licenciada Silvia Tejeda de Jim\u00e9nez, Gobernadora Departamental y Presidenta del Comit\u00e9 en ese entonces.<\/b><\/span><\/p>\n<p style=\"text-align: justify;\"><span style=\"color: #333399;\">Qui\u00e9nes han apoyado esta actividad?\u00a0<b><\/b><b>Desde que se inici\u00f3 la presentaci\u00f3n de la primera Gala, he contado con el incondicional apoyo del Comit\u00e9\u00a0<\/b><b>Permanente Pro-festejos de la Independencia Nacional, quien cada a\u00f1o ha programado este evento como parte de las actividades que festejan la independencia nacional.\u00a0 Asimismo, he contado con el gran apoyo de Gustavo Ord\u00f3\u00f1ez mi esposo, mi familia, los artistas que son pieza fundamental para la realizaci\u00f3n del evento, personal del Teatro Nacional, as\u00ed como el gran apoyo de presentadores que se han unido a esta actividad.<\/b><\/span><\/p>\n<p style=\"text-align: justify;\"><span style=\"color: #333399;\">Entre los presentadores quienes han sido invitados a participar?\u00a0<b>La primera Gala que en ese entonces se llamaba \u201cNoche de Gala de la Canci\u00f3n Guatemalteca\u201d porque era a las 19 horas, me apoy\u00f3 en la conducci\u00f3n Karl Hainz Ch\u00e1vez, quien por cierto est\u00e1 invitado a participar con nosotros este a\u00f1o, posteriormente recuerdo el apoyo de Nancy Cifuentes, Rodolfo Mendoza, Jaime Paniagua, Javier Maldonado, Josu\u00e9 Morales, Jimmy Morales y desde el a\u00f1o 2,000 al 2010 se unieron en su orden Carlos de Triana, Luis Garist\u00fa, Tito Rivera y Luis Pellecer con quienes ya hemos logrado la qu\u00edmica perfecta.<\/b><\/span><\/p>\n<p style=\"text-align: justify;\"><span style=\"color: #333399;\">C\u00f3mo se logra que los artistas participen en este evento?\u00a0<b>Somos un grupo de seis personas que seleccionamos a los artistas, cada uno propone y luego me corresponde comunicarme con los artistas que se han escogido y les hago la invitaci\u00f3n para que participen en la serenata que se le da a Guatemala, hemos tenido apoyo de un 98% rara vez nos dicen que no, salvo que sea por compromisos de trabajo.<\/b><\/span><\/p>\n<p style=\"text-align: justify;\"><span style=\"color: #333399;\">A qui\u00e9nes de los artistas recuerdas que hayan participado en las Galas?\u00a0<b>A todos especialmente a aquellos que ya no est\u00e1n con nosotros y que siempre estuvieron en la mejor disposici\u00f3n de apoyarme como Mariana, Pedro de Sina\u00ed, Paco C\u00e1ceres, Danko de Guatemala, Carlos del Llano, V\u00edctor Manuel Porras y amigos como Amado M\u00e9rida, Ren\u00e9 Piril, Ricardo Vaccaro, V\u00edctor Molina, Jaime Paniagua, Pepe de la Fuente, entre muchos otros.<\/b><\/span><\/p>\n<p style=\"text-align: justify;\"><span style=\"color: #333399;\">Algunas an\u00e9cdotas que quieras compartir?\u00a0<b>Una de ellas es que la \u00faltima vez que V\u00edctor Manuel Porras estuvo en un escenario fue en la I Gala el 9 de septiembre de 1994, unas semanas despu\u00e9s falleci\u00f3.\u00a0 En otra de las galas salimos con Tito Rivera a repartir las entradas al p\u00fablico que estaba haciendo cola, fue una experiencia muy agradable. As\u00ed como cuando particip\u00f3 La Valeria, que le dio un toque de humor al evento.<\/b><\/span><\/p>\n<p style=\"text-align: justify;\"><span style=\"color: #333399;\"><b>Aprovecho la oportunidad para agradecer a quienes durante 20 a\u00f1os me han apoyado incondicionalmente artistas, presentadores, mi familia, amigos, compa\u00f1eros de trabajo, medios de comunicaci\u00f3n que han apoyado y cre\u00eddo en este evento y al personal del Teatro Nacional.<\/b><\/span><\/p>\n<p style=\"text-align: justify;\"><span style=\"color: #333399;\">Qu\u00e9 se presentar\u00e1 para los veinte a\u00f1os de la Gala?\u00a0<b>Pues tenemos un excelente grupo art\u00edstico entre ellos<\/b><b>\u00a0<\/b><b>Super Banda Raudales, Rodolfo Molina, Gloria Marina, Arturo Xicay, Rocio Recinos, Jorge Barrera, Grupo Kopante,\u00a0 Grupo Contrapunto Que Mas, Marimba de Concierto de Bellas Artes y Los Inseparables de Cob\u00e1n.\u00a0\u00a0Se rendir\u00e1 homenaje al Grupo Nuevo Mundo, Roger Ovalle, Programa Nuestro Mundo y Edgar Qui\u00f1\u00f3nez.<\/b><\/span><\/p>\n<p style=\"text-align: justify;\"><span style=\"color: #333399;\">\u00a0<\/span><\/p>\n<p><span style=\"color: #333399;\"><b>La admisi\u00f3n es gratuita pero con boleto que se entregar\u00e1 el d\u00eda del evento.<\/b><\/span><\/p>\n","protected":false},"excerpt":{"rendered":"<div class=\"mh-excerpt\"><p>En esta oportunidad en la \u00abCara amiga\u2026la Gala de la Canci\u00f3n Guatemalteca\u00bb, comparto con ustedes la entrevista que me realiz\u00f3 la periodista Ana Luc\u00eda M\u00e9ndizabal. <a class=\"mh-excerpt-more\" href=\"https:\/\/heidysandovalruiz.com\/?p=530\" title=\"La cara amiga de la \u00abGala de la Canci\u00f3n Guatemalteca\u00bb\">[&#8230;]<\/a><\/p>\n<\/div>","protected":false},"author":4,"featured_media":532,"comment_status":"closed","ping_status":"closed","sticky":false,"template":"","format":"standard","meta":{"footnotes":""},"categories":[16],"tags":[36],"class_list":["post-530","post","type-post","status-publish","format-standard","has-post-thumbnail","hentry","category-la-cara-amiga","tag-la-cara-amiga-de-la-gala-de-la-cancion-guatemalteca"],"_links":{"self":[{"href":"https:\/\/heidysandovalruiz.com\/index.php?rest_route=\/wp\/v2\/posts\/530","targetHints":{"allow":["GET"]}}],"collection":[{"href":"https:\/\/heidysandovalruiz.com\/index.php?rest_route=\/wp\/v2\/posts"}],"about":[{"href":"https:\/\/heidysandovalruiz.com\/index.php?rest_route=\/wp\/v2\/types\/post"}],"author":[{"embeddable":true,"href":"https:\/\/heidysandovalruiz.com\/index.php?rest_route=\/wp\/v2\/users\/4"}],"replies":[{"embeddable":true,"href":"https:\/\/heidysandovalruiz.com\/index.php?rest_route=%2Fwp%2Fv2%2Fcomments&post=530"}],"version-history":[{"count":3,"href":"https:\/\/heidysandovalruiz.com\/index.php?rest_route=\/wp\/v2\/posts\/530\/revisions"}],"predecessor-version":[{"id":608,"href":"https:\/\/heidysandovalruiz.com\/index.php?rest_route=\/wp\/v2\/posts\/530\/revisions\/608"}],"wp:featuredmedia":[{"embeddable":true,"href":"https:\/\/heidysandovalruiz.com\/index.php?rest_route=\/wp\/v2\/media\/532"}],"wp:attachment":[{"href":"https:\/\/heidysandovalruiz.com\/index.php?rest_route=%2Fwp%2Fv2%2Fmedia&parent=530"}],"wp:term":[{"taxonomy":"category","embeddable":true,"href":"https:\/\/heidysandovalruiz.com\/index.php?rest_route=%2Fwp%2Fv2%2Fcategories&post=530"},{"taxonomy":"post_tag","embeddable":true,"href":"https:\/\/heidysandovalruiz.com\/index.php?rest_route=%2Fwp%2Fv2%2Ftags&post=530"}],"curies":[{"name":"wp","href":"https:\/\/api.w.org\/{rel}","templated":true}]}}