{"id":5401,"date":"2017-10-12T01:10:19","date_gmt":"2017-10-12T01:10:19","guid":{"rendered":"http:\/\/heidysandovalruiz.com\/?p=5401"},"modified":"2017-10-21T00:56:33","modified_gmt":"2017-10-21T00:56:33","slug":"la-cara-amiga-de-juan-pablo-elizondo","status":"publish","type":"post","link":"https:\/\/heidysandovalruiz.com\/?p=5401","title":{"rendered":"La cara amiga de \u00abJuan Pablo Elizondo\u00bb"},"content":{"rendered":"<p style=\"text-align: justify;\">En la \u201c<strong>Cara amiga de los invitados de Heidy<\/strong>\u201d, presento en esta oportunidad a un joven cantante que creci\u00f3 en un hogar donde su padre era maestro filarm\u00f3nico, desde ni\u00f1o aprendi\u00f3 a amar la buena m\u00fasica y a los 16 a\u00f1os fue descubierto por su canto, de esto y mucho m\u00e1s nos contar\u00e1 en su historia nuestro invitado. Presento a ustedes a\u00a0<strong>Juan Pablo Elizondo Mend\u00eda<\/strong>\u00a0quien nos contar\u00e1 parte de su historia.<\/p>\n<p style=\"text-align: justify;\">Doy la bienvenida a este espacio donde se puede decir lo que se quiere y en otros lados no se puede.<\/p>\n<p style=\"text-align: justify;\">Para dar inicio a nuestra entrevista quiero preguntarte\u00a0<strong>\u00bfC\u00f3mo fue tu ni\u00f1ez,\u00a0\u00a0la relaci\u00f3n con tus padres como era en esa \u00e9poca y d\u00f3nde transcurre esta etapa de tu vida?<\/strong>\u00a0Muy hermosa, unos padres ejemplares. Me ense\u00f1aron el amor por Dios, nuestras tradiciones y ante todo el amor a Guatemala. La honestidad.<\/p>\n<p style=\"text-align: justify;\"><strong>\u00bfSentiste desde muy peque\u00f1o tu gusto por el arte? \u00bfAlguien de la familia ten\u00eda vocaci\u00f3n art\u00edstica?<\/strong>\u00a0Pues me gust\u00f3 siempre la buena m\u00fasica, mi pap\u00e1 era Filarm\u00f3nico. En su momento tuvo su conjunto en el extinto centro nocturno \u201c El Quijote\u201d.<\/p>\n<p style=\"text-align: justify;\"><strong>Si te menciono Adri\u00e1n Arriola Molina \u00bfQu\u00e9 traigo a tu memoria?<\/strong>\u00a0Fue qui\u00e9n descubri\u00f3 mi aptitud para cantar, en su momento m\u00fasica sacra, antigua y tradicional. Algo Hermoso y profundo.<\/p>\n<p style=\"text-align: justify;\"><strong>\u00bfAlicia Azurdia y Onelia Sosa qu\u00e9 te dicen estos nombres?<\/strong>\u00a0Mis dos grandes influencias musicales desde ni\u00f1o. En tardes de domingo en especial, las de diciembre, mi pap\u00e1 pon\u00eda sus long plays escuchando sus canciones tan lindas. Las quiero y admiro.<\/p>\n<p style=\"text-align: justify;\"><strong>\u00bfQu\u00e9 significa para ti Julio C\u00e9sar del Valle en tu carrera art\u00edstica<\/strong>? Un gran guatemalteco, y quien me apoy\u00f3 en mis inquietudes como cantante nacionalista, y un gran compositor, amo sus canciones.<\/p>\n<p style=\"text-align: justify;\"><strong>\u00bfHas recibido clases de t\u00e9cnica vocal?<\/strong>\u00a0Si empec\u00e9 ya formalmente con Mario Melgar, hace pocos a\u00f1os con Noris Barrios y \u00faltimamente v\u00eda Internet con Anabella Cord\u00f3n y algunos tips que me ha compartido Daniel Salazar. Un privilegio para m\u00ed.<\/p>\n<p style=\"text-align: justify;\"><strong>\u00bfC\u00f3mo surge la idea de grabar canciones de autores nacionales?<\/strong>\u00a0Desde ni\u00f1o me llam\u00f3 poderosamente la atenci\u00f3n las canciones guatemaltecas escuchando a mis queridas Alicia Azurdia (QEPD) y Onelia Sosa.<a href=\"https:\/\/heidysandovalruiz.com\/wp-content\/uploads\/2017\/10\/20664754_838861426290404_6556033815191019284_n.jpg\"><img loading=\"lazy\" decoding=\"async\" class=\"size-medium wp-image-5403 alignright\" src=\"https:\/\/heidysandovalruiz.com\/wp-content\/uploads\/2017\/10\/20664754_838861426290404_6556033815191019284_n-300x300.jpg\" alt=\"20664754_838861426290404_6556033815191019284_n\" width=\"300\" height=\"300\" srcset=\"https:\/\/heidysandovalruiz.com\/wp-content\/uploads\/2017\/10\/20664754_838861426290404_6556033815191019284_n-300x300.jpg 300w, https:\/\/heidysandovalruiz.com\/wp-content\/uploads\/2017\/10\/20664754_838861426290404_6556033815191019284_n-150x150.jpg 150w, https:\/\/heidysandovalruiz.com\/wp-content\/uploads\/2017\/10\/20664754_838861426290404_6556033815191019284_n.jpg 799w\" sizes=\"auto, (max-width: 300px) 100vw, 300px\" \/><\/a><\/p>\n<p style=\"text-align: justify;\"><strong>\u00bfQu\u00e9 g\u00e9nero musical es el que te gusta interpretar?<\/strong>\u00a0Amo cantar guarimbas, Sones, boleros.<\/p>\n<p style=\"text-align: justify;\"><strong>Aparte de cantar \u00bfQu\u00e9 es lo que te gusta hacer?<\/strong>\u00a0Me gusta Leer, escuchar m\u00fasica de mi gusto y caminar por las calles del centro Hist\u00f3rico de mi Ciudad.<\/p>\n<p style=\"text-align: justify;\"><strong>A prop\u00f3sito \u00bfCon qu\u00e9 instrumento te acompa\u00f1as para cantar?<\/strong>\u00a0La Marimba, es mi vida!<\/p>\n<p style=\"text-align: justify;\"><strong>\u00bfTe gusta viajar? \u00bfQu\u00e9 lugar del mundo te gustar\u00eda conocer y por qu\u00e9? Si,<\/strong>\u00a0aunque hace ratos no lo hago. Me gustar\u00eda viajar a Espa\u00f1a en el continente Europeo, Sevilla, M\u00e1laga me gusta de esa parte andaluza, viene parte de nuestra cultura.<\/p>\n<p style=\"text-align: justify;\"><strong>\u00bfHas escrito alguna canci\u00f3n?<\/strong>\u00a0\u201cAl fin lleg\u00f3 la inspiraci\u00f3n\u201d es una guarimba y un bolero est\u00e1n haciendo los arreglos. Pronto los dar\u00e9 a conocer.<\/p>\n<p style=\"text-align: justify;\"><strong>En cuanto a las canciones que has grabado \u00bfQu\u00e9 apoyo has tenido para hacerlo?<\/strong>\u00a0Pues sale de mi peculio, y en estas dos canciones de mi inspiraci\u00f3n, me apoy\u00f3 una gran amiga de los Estados Unidos.<\/p>\n<p style=\"text-align: justify;\"><strong>\u00bfD\u00f3nde te has presentado y has llevado tu show?<\/strong>\u00a0Han sido varios, en escenarios de AGAYC, IPSA, tres ediciones del Festival del Centro Hist\u00f3rico, y pues estoy ya moviendo para dar presentaciones en el interior.<\/p>\n<p style=\"text-align: justify;\">\u00a0Alicia Azurdia, Onelia Sosa, Juan de Dios Quesada, Blanca Lidia, Paola, Elizabeth de Guatemala, Neto \u00c1valos, Sandra Patricia, Jorge Mario Paredes, ufff muchos&#8230;<\/p>\n<p style=\"text-align: justify;\"><strong><a href=\"https:\/\/heidysandovalruiz.com\/wp-content\/uploads\/2017\/10\/12472645_581112135398669_1457588118597110574_n.jpg\"><img loading=\"lazy\" decoding=\"async\" class=\"size-medium wp-image-5404 alignleft\" src=\"https:\/\/heidysandovalruiz.com\/wp-content\/uploads\/2017\/10\/12472645_581112135398669_1457588118597110574_n-229x300.jpg\" alt=\"12472645_581112135398669_1457588118597110574_n\" width=\"229\" height=\"300\" srcset=\"https:\/\/heidysandovalruiz.com\/wp-content\/uploads\/2017\/10\/12472645_581112135398669_1457588118597110574_n-229x300.jpg 229w, https:\/\/heidysandovalruiz.com\/wp-content\/uploads\/2017\/10\/12472645_581112135398669_1457588118597110574_n.jpg 732w\" sizes=\"auto, (max-width: 229px) 100vw, 229px\" \/><\/a>\u00bfCarlos del Llano, Jorge Urrutia o V\u00edctor Manuel Porras, de qui\u00e9n te gustar\u00eda cantar sus canciones?<\/strong>\u00a0La verdad de los tres, grandes cantautores.<\/p>\n<p style=\"text-align: justify;\"><strong>\u00bfQu\u00e9 opini\u00f3n te merece el apoyo de los medios de comunicaci\u00f3n a tu carrera?<\/strong>\u00a0Pues he tenido suerte de que varios medios me hayan apoyado, y pues sigo tocando puertas, una de ellas y que se me abrieron, sus entrevistas Heidy. Gracias mil.<\/p>\n<p style=\"text-align: justify;\"><strong>Por ah\u00ed me enter\u00e9 que hay unos videos en puerta \u00bfQu\u00e9 sorpresas musicales vienen?<\/strong>\u00a0Pues son dos temas muy queridos para m\u00ed: Cantar\u00e9 por siempre, un paso doble de Julio Cesar del Valle y el bolero: Sue\u00f1o y Realidad, de mi querida y a\u00f1orada Alicia Azurdia.<\/p>\n<p style=\"text-align: justify;\"><strong>\u00bfQu\u00e9 proyectos tienes para el resto de este a\u00f1o?<\/strong>\u00a0Pues est\u00e1 en puertas un viaje a Coatepeque a promover mis canciones guatemaltecas y hay posibilidades de viajar a Quetzaltenango. Ah\u00ed vamos poco a poco.<\/p>\n<p style=\"text-align: justify;\"><strong>\u00bfPuedes compartir un mensaje para quienes leen \u201cLas entrevistas de Heidy\u201d?<\/strong>\u00a0Pues una ventana amena de difundir la historia y vivencias de cada artista en cualquier rama que aporta una buena parte de su coraz\u00f3n y entusiasmo, para enaltecer el nombre de nuestra amada Guatemala. Un gran apoyo al artista y la difusi\u00f3n de sus inquietudes, proyectos y ante todo nuestra historia! Y pues el apoyo a la m\u00fasica guatemalteca es hermosa, sintamos orgullosos de ella!!!<\/p>\n<p style=\"text-align: justify;\">Conocimos la historia de\u00a0\u00a0Juan Pablo y deseamos que tenga \u00e9xito en cada uno de los proyectos que emprenda y que cuando comparta sus videos pues nosotros le apoyemos compartiendo.<\/p>\n<p><iframe loading=\"lazy\" src=\"https:\/\/www.youtube.com\/embed\/uVetVQOxxm4\" width=\"560\" height=\"315\" frameborder=\"0\" allowfullscreen=\"allowfullscreen\"><\/iframe><\/p>\n<p style=\"text-align: justify;\">Les invitamos para que se unan al grupo de\u00a0<strong>\u00abArtistas de Guatemala para el Mundo\u00bb\u00a0<\/strong>en este link\u00a0<a href=\"http:\/\/on.fb.me\/1sn2wSf\">http:\/\/on.fb.me\/1sn2wSf<\/a>\u00a0\u00a0\u00a0el cual tiene como prop\u00f3sito compartir videos, fotos, an\u00e9cdotas y todo lo de nuestros artistas en las diferentes d\u00e9cadas.<\/p>\n<p style=\"text-align: justify;\">Hemos creado el grupo \u201c<strong>Las<\/strong>\u00a0<strong>entrevistas de Heidy<\/strong>\u201d que pueden localizar en<\/p>\n<p style=\"text-align: justify;\"><a href=\"https:\/\/www.facebook.com\/groups\/1443599465933701\/\">https:\/\/www.facebook.com\/groups\/1443599465933701\/<\/a><\/p>\n<p style=\"text-align: justify;\">Tambi\u00e9n ponemos a su disposici\u00f3n el grupo \u201c<strong>Un siglo de anuncios y algo m\u00e1s\u2026\u201d,<\/strong>\u00a0un espacio donde pueden compartir o comentar los po\u00a0Les invitamos para que se unan al grupo de \u00ab<strong>Artistas de Guatemala para el Mundo<\/strong>\u00bb en este link\u00a0<a href=\"http:\/\/on.fb.me\/1sn2wSf\">http:\/\/on.fb.me\/1sn2wSf<\/a>\u00a0\u00a0el cual tiene como prop\u00f3sito compartir videos, fotos, an\u00e9cdotas y todo lo de nuestros artistas en las diferentes d\u00e9cadas.<\/p>\n<p style=\"text-align: justify;\">Hemos creado el grupo\u00a0<strong>\u201cLas entrevistas de Heidy\u201d<\/strong>\u00a0que pueden localizar en<\/p>\n<p style=\"text-align: justify;\"><a href=\"https:\/\/www.facebook.com\/groups\/1443599465933701\/\">https:\/\/www.facebook.com\/groups\/1443599465933701\/<\/a><\/p>\n<p style=\"text-align: justify;\">Tambi\u00e9n ponemos a su disposici\u00f3n el grupo \u201c<strong>Un siglo de anuncios y algo m\u00e1s\u2026\u201d,\u00a0<\/strong>un espacio donde pueden compartir o comentar los post que se publiquen\u00a0<a href=\"http:\/\/on.fb.me\/1vASm2g\">http:\/\/on.fb.me\/1vASm2g<\/a><\/p>\n<p style=\"text-align: justify;\">Las entrevistas las pueden leer en los siguientes links:<\/p>\n<p style=\"text-align: justify;\"><a href=\"http:\/\/www.heidysandovalruiz.com\/\">http:\/\/www.heidysandovalruiz.com<\/a><\/p>\n<p style=\"text-align: justify;\"><a href=\"http:\/\/lasentrevistasdeheidy.blogspot.com\/\">http:\/\/lasentrevistasdeheidy.blogspot.com<\/a><\/p>\n<p style=\"text-align: justify;\"><a href=\"https:\/\/www.facebook.com\/pages\/Los-invitados-de-Heidy\/892159284204965?ref=hl\">https:\/\/www.facebook.com\/pages\/Los-invitados-de-Heidy\/892159284204965?ref=hl<\/a><\/p>\n<p style=\"text-align: justify;\">st que se publiquen\u00a0<a href=\"http:\/\/on.fb.me\/1vASm2g\">http:\/\/on.fb.me\/1vASm2g<\/a><\/p>\n<p style=\"text-align: justify;\"><strong>Las entrevistas las pueden leer en los siguientes links:<\/strong><\/p>\n<p style=\"text-align: justify;\"><a href=\"http:\/\/www.heidysandovalruiz.com\/\">http:\/\/www.heidysandovalruiz.com<\/a><\/p>\n<p style=\"text-align: justify;\"><a href=\"http:\/\/lasentrevistasdeheidy.blogspot.com\/\">http:\/\/lasentrevistasdeheidy.blogspot.com<\/a><\/p>\n<p style=\"text-align: justify;\"><a href=\"https:\/\/www.facebook.com\/pages\/Los-invitados-de-Heidy\/892159284204965?ref=hl\">https:\/\/www.facebook.com\/pages\/Los-invitados-de-Heidy\/892159284204965?ref=hl<\/a><\/p>\n<p style=\"text-align: justify;\"><strong>Entrevista realizada por Heidy Sandoval Ruiz<\/strong><\/p>\n<p style=\"text-align: justify;\"><strong><em>Toda publicaci\u00f3n es responsabilidad de la Administraci\u00f3n<\/em><\/strong><\/p>\n","protected":false},"excerpt":{"rendered":"<div class=\"mh-excerpt\"><p>En la \u201cCara amiga de los invitados de Heidy\u201d, presento en esta oportunidad a un joven cantante que creci\u00f3 en un hogar donde su padre <a class=\"mh-excerpt-more\" href=\"https:\/\/heidysandovalruiz.com\/?p=5401\" title=\"La cara amiga de \u00abJuan Pablo Elizondo\u00bb\">[&#8230;]<\/a><\/p>\n<\/div>","protected":false},"author":4,"featured_media":5402,"comment_status":"closed","ping_status":"closed","sticky":false,"template":"","format":"standard","meta":{"footnotes":""},"categories":[16],"tags":[371],"class_list":["post-5401","post","type-post","status-publish","format-standard","has-post-thumbnail","hentry","category-la-cara-amiga","tag-la-cara-amiga-de-juan-pablo-elizondo"],"_links":{"self":[{"href":"https:\/\/heidysandovalruiz.com\/index.php?rest_route=\/wp\/v2\/posts\/5401","targetHints":{"allow":["GET"]}}],"collection":[{"href":"https:\/\/heidysandovalruiz.com\/index.php?rest_route=\/wp\/v2\/posts"}],"about":[{"href":"https:\/\/heidysandovalruiz.com\/index.php?rest_route=\/wp\/v2\/types\/post"}],"author":[{"embeddable":true,"href":"https:\/\/heidysandovalruiz.com\/index.php?rest_route=\/wp\/v2\/users\/4"}],"replies":[{"embeddable":true,"href":"https:\/\/heidysandovalruiz.com\/index.php?rest_route=%2Fwp%2Fv2%2Fcomments&post=5401"}],"version-history":[{"count":3,"href":"https:\/\/heidysandovalruiz.com\/index.php?rest_route=\/wp\/v2\/posts\/5401\/revisions"}],"predecessor-version":[{"id":5426,"href":"https:\/\/heidysandovalruiz.com\/index.php?rest_route=\/wp\/v2\/posts\/5401\/revisions\/5426"}],"wp:featuredmedia":[{"embeddable":true,"href":"https:\/\/heidysandovalruiz.com\/index.php?rest_route=\/wp\/v2\/media\/5402"}],"wp:attachment":[{"href":"https:\/\/heidysandovalruiz.com\/index.php?rest_route=%2Fwp%2Fv2%2Fmedia&parent=5401"}],"wp:term":[{"taxonomy":"category","embeddable":true,"href":"https:\/\/heidysandovalruiz.com\/index.php?rest_route=%2Fwp%2Fv2%2Fcategories&post=5401"},{"taxonomy":"post_tag","embeddable":true,"href":"https:\/\/heidysandovalruiz.com\/index.php?rest_route=%2Fwp%2Fv2%2Ftags&post=5401"}],"curies":[{"name":"wp","href":"https:\/\/api.w.org\/{rel}","templated":true}]}}