{"id":5427,"date":"2017-10-24T18:07:37","date_gmt":"2017-10-24T18:07:37","guid":{"rendered":"http:\/\/heidysandovalruiz.com\/?p=5427"},"modified":"2017-10-24T18:40:17","modified_gmt":"2017-10-24T18:40:17","slug":"retomando-huella-cordialmente-invitados","status":"publish","type":"post","link":"https:\/\/heidysandovalruiz.com\/?p=5427","title":{"rendered":"II Festival de M\u00fasica Antigua \u00abRetomando Huella \u00ab"},"content":{"rendered":"<p style=\"text-align: justify;\">En la \u201c<strong>Cara amiga de los invitados de Heidy<\/strong>\u201d, en esta ocasi\u00f3n damos a conocer lo que se tiene preparado para la presentaci\u00f3n\u00a0 del II Festival de M\u00fasica Antigua \u201cRetomando Huella\u201d 2017\u00a0 que se realizar\u00e1 en varias sedes.\u00a0 Para obtener mayor informaci\u00f3n solicit\u00e9 el apoyo de nuestro buen amigo Juan Dom\u00ednguez, quien nos proporcionar\u00e1 la informaci\u00f3n completa de esta actividad.\u00a0 Bienvenido Juan Dom\u00ednguez a este espacio donde tu sabes se puede decir lo que se quiere y en otros no se puede.<\/p>\n<p style=\"text-align: justify;\"><strong>Cu\u00e9ntanos \u00bfQu\u00e9 es el Festival de M\u00fasica Antigua \u201cRetomando Huella\u201d? <\/strong>El festival es una gran colaboraci\u00f3n de muy alto nivel entre m\u00fasicos, bailarines, reconocidos maestros en varias especialidades, templos hist\u00f3ricos, ministerios gubernamentales, espacios teatrales e instituciones nacionales de danza y m\u00fasica, todo acompa\u00f1ado por selectos artistas invitados de talla internacional. El t\u00e9rmino m\u00fasica antigua se refiere a toda esa m\u00fasica compuesta y tocada en Europa antes de 1750, incluye a la m\u00fasica compuesta y ejecutada desde los tiempos medievales hasta la \u00e9poca cl\u00e1sica de m\u00fasica, que m\u00e1s o menos comienza en ese a\u00f1o. Se caracteriza por instrumentos hechos con materiales y m\u00e9todos antiguos y partituras escritas con notaciones que aunque se entienden, hoy no se usan. En este Festival se presentar\u00e1n talleres, conciertos, charlas, conferencias, demostraciones, visitas guiadas, pl\u00e1ticas instructivas, y muchas cosas m\u00e1s.<\/p>\n<p style=\"text-align: justify;\"><strong>\u00bfEn el I Festival de M\u00fasica Antigua \u201cRetomando Huella\u201d, tuvo las mismas caracter\u00edsticas o hay cambios? <\/strong>Hay eventos que han tenido gran aceptaci\u00f3n y entonces se han repetido como la visita a los \u00f3rganos barrocos de las iglesias del centro hist\u00f3rico, el concierto de danza, entre otros\u2014aunque el a\u00f1o pasado el concierto de danza y m\u00fasica se dedic\u00f3 a danzas del siglo XVI\u2014este a\u00f1o se enfocar\u00e1 en las danzas de los siglos XVII y XVIII. Se debe subrayar tambi\u00e9n que esta vez hay m\u00e1s invitados internacionales y nuevas pl\u00e1ticas y charlas por esos invitados.<a href=\"https:\/\/heidysandovalruiz.com\/wp-content\/uploads\/2017\/10\/hqdefault.jpg\"><img loading=\"lazy\" decoding=\"async\" class=\"size-medium wp-image-5430 alignright\" src=\"https:\/\/heidysandovalruiz.com\/wp-content\/uploads\/2017\/10\/hqdefault-300x225.jpg\" alt=\"hqdefault\" width=\"300\" height=\"225\" srcset=\"https:\/\/heidysandovalruiz.com\/wp-content\/uploads\/2017\/10\/hqdefault-300x225.jpg 300w, https:\/\/heidysandovalruiz.com\/wp-content\/uploads\/2017\/10\/hqdefault.jpg 480w\" sizes=\"auto, (max-width: 300px) 100vw, 300px\" \/><\/a><\/p>\n<p style=\"text-align: justify;\"><strong>\u00bfQu\u00e9 nos puedes contar de la danza hist\u00f3rica de los siglos XVII y XVIII? <\/strong>La danza de esta \u00e9poca se caracteriza como el comienzo de la danza que hoy se le llama Ballet Cl\u00e1sico. Aunque en el previo siglo se comenz\u00f3 un poco este desarrollo, en esta \u00e9poca se definen mucho m\u00e1s los pasos, las posiciones de los pies; se le otorga nombres que perduran a ciertas figuras y pasos y sobretodo se comienza con el entrenamiento en la danza a trav\u00e9s del concepto de clases y ensayos. A\u00fan no se ha separado la danza del escenario de la danza social y muchos eventos de danzas inclu\u00edan danzas sociales que todos bailaban junto con presentaciones por parte de bailarines profesionales. Algo muy interesante de esta \u00e9poca es la gran contribuci\u00f3n de los reyes de Francia a la danza, en particular de Luis XIV, quien era un gran bailar\u00edn y promovi\u00f3 este tipo de expresi\u00f3n en su corte y en todo su reino que despu\u00e9s se difundi\u00f3 por Europa y las Am\u00e9ricas.<\/p>\n<p style=\"text-align: justify;\"><strong>\u00bfQui\u00e9n tendr\u00e1 a su cargo el impartir los talleres? <\/strong>Bueno, Heidy, hay varios talleres. Hay de m\u00fasica, danza, talleres sobre instrumentos y sobre los manuscritos de m\u00fasica barroca de Guatemala, etc. Los talleres de danza barroca ser\u00e1n impartidos por la maestra norteamericana JUDY KENNEDY, maestra y core\u00f3grafa internacional experta en Danza del Renacimiento y Barroca. Directora por 25 a\u00f1os del Oregon Shakespeare Festival y del Consort de Danse Baroque de Cardiff, Gales.\u00a0 Creemos que esta es primera vez en Guatemala que se ofrecer\u00e1 un curso enfocado en la pr\u00e1ctica de las danzas barrocas y sus secuencias, t\u00e9cnica, estilo, y trabajo del espacio.<\/p>\n<p style=\"text-align: justify;\"><strong>\u00bfQui\u00e9nes pueden participar en este festival? <\/strong>Todos los interesados en el arte barroco, a bailarines profesionales y aficionados, actores, m\u00fasicos int\u00e9rpretes y el p\u00fablico en general, quienes tendr\u00e1n la oportunidad de participar y aprender los pasos b\u00e1sicos de las danzas de los siglos XVII y XVIII.<\/p>\n<p style=\"text-align: justify;\"><strong>\u00bfEs primera vez que se imparte un curso de esta naturaleza? <\/strong>Creemos que es primera vez en Guatemala que se ofrecen talleres de danza barroca o sea danza hist\u00f3rica de esta \u00e9poca, y la primera vez que se ofrecen al p\u00fablico por medio de este festival.<\/p>\n<p style=\"text-align: justify;\"><strong>\u00bfA qui\u00e9nes est\u00e1n dirigidos estos talleres? <\/strong>A todas aquellas personas interesadas en arte y cultura, en especial a la cultura de la \u00e9poca del barroco, que cabe mencionar fue una \u00e9poca de brillantez en el antiguo reino de Guatemala que tenemos por ejemplo a la gran arquitectura de La Antigua, n\u00fameros manuscritos de composiciones en todos los rincones de nuestro pa\u00eds, poetas, expresiones religiosas y mucho m\u00e1s. Habr\u00e1n eventos dirigidos a todos los gustos e intereses, entre ellos importantes estrenos en Guatemala y en Centroam\u00e9rica, y todo gratis.<\/p>\n<p style=\"text-align: justify;\"><strong><a href=\"https:\/\/heidysandovalruiz.com\/wp-content\/uploads\/2017\/10\/ThumbnailHandler.jpg\"><img loading=\"lazy\" decoding=\"async\" class=\"size-medium wp-image-5431 alignleft\" src=\"https:\/\/heidysandovalruiz.com\/wp-content\/uploads\/2017\/10\/ThumbnailHandler-300x185.jpg\" alt=\"ThumbnailHandler\" width=\"300\" height=\"185\" srcset=\"https:\/\/heidysandovalruiz.com\/wp-content\/uploads\/2017\/10\/ThumbnailHandler-300x185.jpg 300w, https:\/\/heidysandovalruiz.com\/wp-content\/uploads\/2017\/10\/ThumbnailHandler.jpg 400w\" sizes=\"auto, (max-width: 300px) 100vw, 300px\" \/><\/a>\u00bfPuedes decirnos cu\u00e1les son las danzas de esa \u00e9poca? <\/strong>Hay muchas danzas de la \u00e9poca, algunas son para un gran grupo, como las contradanzas que tienen origen ingl\u00e9s, otras son para parejas, individuos o tr\u00edos o para cuatro personas, entre estas est\u00e1n el Minuet, la Sarabande, la Bouree, la Alemanda, Gavotte, y muchas m\u00e1s de la corte francesa. La Sarabande es muy interesante ya que en Guatemala existe el evento de danza popular llamado Zarabanda, donde pasan el lazo a cambio de una moneda para poder bailar.\u00a0 La Sarabande\/Zarabande se cree tuvo su origen en las Am\u00e9ricas, y m\u00e1s espec\u00edfico en Centroam\u00e9rica, aunque no hay escritos exactos. Hoy la Zarabanda se recuerda en nuestro pa\u00eds como evento casi folcl\u00f3rico pero fue una danza que tuvo tanta popularidad que en esa \u00e9poca cruz\u00f3 el Atlantico y se sembr\u00f3 en el seno de las cortes europeas para seguir siendo una de las danzas cl\u00e1sicas del barroco. Una contribuci\u00f3n centroamericana a la cultura mundial.<\/p>\n<p style=\"text-align: justify;\"><strong>\u00bfHabr\u00e1 visitas a lugares emblem\u00e1ticos que guardan historia? <\/strong>Uno de los programas m\u00e1s emblem\u00e1tico es la visita a varios templos del centro hist\u00f3rico donde se albergan importantes instrumentos de la \u00e9poca barroca. Estos incluyen los \u00f3rganos barrocos de la Catedral Metropolitana, Nuestra Se\u00f1ora del Carmen, San Miguel de Capuchinas, La Merced, y otras. Ser\u00e1 una visita guiada a los \u00f3rganos hist\u00f3ricos dirigida por el restaurador Mauricio Flores.<\/p>\n<p style=\"text-align: justify;\"><strong>Dentro del programa he visto que se podr\u00e1 apreciar la m\u00fasica ejecutada en los \u00f3rganos de\u00a0 algunas iglesias \u00bfQu\u00e9 maestros intervendr\u00e1n en la ejecuci\u00f3n de los mismos? <\/strong>Bueno, creo que ya mencion\u00e9 que el maestro Mauricio Flores ser\u00e1 el que dirige esta actividad, pero tambi\u00e9n quiero a\u00f1adir que aparte de esta actividad, unos de los artistas invitados al II Festival son el Glosas Ensamble de Costa Rica que est\u00e1 dirigido por Tania Vicente, un ensamble de especialistas en repertorio del renacimiento, barroco y colonial\u00a0 latinoamericano para voz, la\u00fad, viola de gamba y percusiones, y que ofrecer\u00e1 una \u00fanica y cautivadora presentaci\u00f3n con comentarios Ilustrativos sobre la m\u00fasica, m\u00fasicos e instrumentos rara vez escuchados en vivo en nuestro pa\u00eds.<\/p>\n<p style=\"text-align: justify;\"><strong>\u00bfPuedes decirnos qu\u00e9 es el Consorcio Barroco de Guatemala? <\/strong>El consorcio es el anfitri\u00f3n del festival. Es la primera orquesta de cuerdas barrocas con instrumentos de la \u00e9poca en Centroam\u00e9rica. Fue fundada en 2010 por el violinista Marco Barrios Rend\u00f3n en compa\u00f1\u00eda de los maestros Ricardo del Carmen Fortuny y Pedro Vel\u00e1squez, pioneros del estudio y la interpretaci\u00f3n del repertorio musical del periodo barroco europeo y colonial hispanoamericano en Guatemala y toda la regi\u00f3n. Este se destaca en interpretar la rica m\u00fasica de esta \u00e9poca con instrumentos aut\u00e9nticos y con reconstrucciones hist\u00f3ricamente informadas de los siglos XVII y XVIII. El consorcio se ha enriquecido en cada temporada con la participaci\u00f3n de nuevos integrantes, distinguidos int\u00e9rpretes que suman y aportan a la agrupaci\u00f3n con su destreza.<a href=\"https:\/\/heidysandovalruiz.com\/wp-content\/uploads\/2017\/10\/FESTIVAL-DE-MUSICA-ANTIGUA-3.jpg\"><img loading=\"lazy\" decoding=\"async\" class=\"size-medium wp-image-5432 alignright\" src=\"https:\/\/heidysandovalruiz.com\/wp-content\/uploads\/2017\/10\/FESTIVAL-DE-MUSICA-ANTIGUA-3-300x194.jpg\" alt=\"FESTIVAL DE MUSICA ANTIGUA\" width=\"300\" height=\"194\" srcset=\"https:\/\/heidysandovalruiz.com\/wp-content\/uploads\/2017\/10\/FESTIVAL-DE-MUSICA-ANTIGUA-3-300x194.jpg 300w, https:\/\/heidysandovalruiz.com\/wp-content\/uploads\/2017\/10\/FESTIVAL-DE-MUSICA-ANTIGUA-3-1024x662.jpg 1024w\" sizes=\"auto, (max-width: 300px) 100vw, 300px\" \/><\/a><\/p>\n<p style=\"text-align: justify;\"><strong>\u00bfLos talleres tambi\u00e9n se ver\u00e1n complementados con exhibiciones y conferencias? <\/strong>Habr\u00e1 toda una gama de charlas, conferencias, como en mi caso con la maestra Kennedy en una conferencia con el tema de INTRODUCCI\u00d3N A LOS G\u00c9NEROS DE DANZA BARROCA, una explicaci\u00f3n con una demonstraci\u00f3n de los ritmos y danzas de la \u00e9poca. Tambi\u00e9n habr\u00e1 una VISITA AL ARCHIVO HIST\u00d3RICO DE M\u00daSICA E INSTRUMENTOS DEL CONSERVATORIO NACIONAL DE M\u00daSICA, una interesante exposici\u00f3n y charla informativa a cargo del maestro Hugo Arenas, director general del CNM. Esta es una conferencia sobre los manuscritos \u201cEl Repertorio Nacional de M\u00fasica\u201d,\u00a0 conservados en el CNM por el Doctor Igor de Gandarias.\u00a0 Y tambi\u00e9n cabe mencionar la CONFERENCIA \u201cCONSTRUCCI\u00d3N Y RESTAURACI\u00d3N DE INSTRUMENTOS DE\u00a0 CUERDA PULSADA Y CUERDA FROTADA DEL RENACIMIENTO Y BARROCO,\u201d dirigida por el Maestro Juan Carlos Soto de Costa Rica.\u00a0 Hay muchas m\u00e1s, pero estas son las que de momento se me ocurren.<\/p>\n<p style=\"text-align: justify;\"><strong>\u00bfLos asistentes podr\u00e1n conocer una muestra de los nuevos descubrimientos?<\/strong> Es un rico y valioso archivo de composiciones que hasta ahora han estado un poco en el olvido, pero demuestran la riqueza de la m\u00fasica \u2014y cultura en general\u2014en esa \u00e9poca de nuestro pa\u00eds.<\/p>\n<p style=\"text-align: justify;\"><strong>\u00bfQui\u00e9nes patrocinan esta actividad? <\/strong>La actividad fue organizada por Marco Barrios junto con el Consorcio y un comit\u00e9 de apoyo, en cual participo. Est\u00e1 patrocinada por el Ministerio de Cultura y Deporte, y tambi\u00e9n recibe apoyo del Conservatorio Nacional de M\u00fasica Germ\u00e1n Alc\u00e1ntara, la Orquesta Sinf\u00f3nica Nacional, el Museo Nacional de Historia, el Paraninfo Universitario, el Ballet Guatemala, Escuela Nacional de Danza, Academia Guatemalteca de Trompeta, y otros qu\u00e9 tal vez se me olvidan y pido disculpas, porque todos los patrocinadores son indispensables.<\/p>\n<p style=\"text-align: justify;\"><strong><a href=\"https:\/\/heidysandovalruiz.com\/wp-content\/uploads\/2017\/10\/70213a98a4d0f6c0354b0c60a7cb3b9d_L.jpg\"><img loading=\"lazy\" decoding=\"async\" class=\"size-medium wp-image-5433 alignleft\" src=\"https:\/\/heidysandovalruiz.com\/wp-content\/uploads\/2017\/10\/70213a98a4d0f6c0354b0c60a7cb3b9d_L-300x203.jpg\" alt=\"70213a98a4d0f6c0354b0c60a7cb3b9d_L\" width=\"300\" height=\"203\" srcset=\"https:\/\/heidysandovalruiz.com\/wp-content\/uploads\/2017\/10\/70213a98a4d0f6c0354b0c60a7cb3b9d_L-300x203.jpg 300w, https:\/\/heidysandovalruiz.com\/wp-content\/uploads\/2017\/10\/70213a98a4d0f6c0354b0c60a7cb3b9d_L.jpg 450w\" sizes=\"auto, (max-width: 300px) 100vw, 300px\" \/><\/a>\u00bfCu\u00e1les ser\u00e1n las sedes que se utilizar\u00e1n para realizar este festival? <\/strong>Bueno es una gran lista, en cada una de ellas se presentar\u00e1n actividades relacionadas con el Festival.\u00a0 A pesar de ser un nutrido listado deber\u00eda mencionarlas por su valiosa participaci\u00f3n ellas son:<\/p>\n<ul>\n<li style=\"text-align: justify;\">Orquesta Sinf\u00f3nica Nacional<\/li>\n<li style=\"text-align: justify;\">Ballet Guatemala<\/li>\n<li style=\"text-align: justify;\">Escuela Nacional de Danza<\/li>\n<li style=\"text-align: justify;\">Conservatorio Nacional de M\u00fasica \u201cGerm\u00e1n Alc\u00e1ntara\u201d<\/li>\n<li style=\"text-align: justify;\">Paraninfo Universitario, CCU<\/li>\n<li style=\"text-align: justify;\">Palacio Nacional de la Cultura<\/li>\n<li style=\"text-align: justify;\">Museo Nacional de Historia<\/li>\n<li style=\"text-align: justify;\">S.I. Catedral Metropolitana de Guatemala<\/li>\n<li style=\"text-align: justify;\">Santuario de\u00a0 Nuestra Se\u00f1ora de Guadalupe<\/li>\n<li style=\"text-align: justify;\">Rector\u00eda de Nuestra Se\u00f1ora de El Carmen<\/li>\n<li style=\"text-align: justify;\">Parroquia de Nuestra Se\u00f1ora de Las Mercedes<\/li>\n<li style=\"text-align: justify;\">Rector\u00eda de San Miguel de Capuchinas<\/li>\n<li style=\"text-align: justify;\">Centro Cultural Miguel \u00c1ngel Asturias<\/li>\n<li style=\"text-align: justify;\">Direcci\u00f3n General de Bandas de Costa Rica y la<\/li>\n<li style=\"text-align: justify;\">Academia Guatemalteca de Trompeta<\/li>\n<\/ul>\n<p style=\"text-align: justify;\"><strong>\u00bfPuedes indicarnos el costo, a qu\u00e9 hora y qu\u00e9 d\u00edas se impartir\u00e1 el festival? <\/strong>El festival ofrecer\u00e1 una gran gama de actividades desde el martes 24 de octubre hasta el 10 de noviembre del 2017.\u00a0 Cada d\u00eda habr\u00e1n varias actividades para escoger que espero despierten la curiosidad de cada miembro del p\u00fablico. Todas las actividades son gratuitas. Cabe mencionar que el festival se inaugura el martes 24 con un gran concierto de m\u00fasica, canto y danza en el Sal\u00f3n de Banquetes del Palacio Nacional de la Cultura a las 19:00 horas, completamente gratis. Les recomiendo que lleguen temprano ya que se suele llenar y el cupo es limitado en el sal\u00f3n.<\/p>\n<p style=\"text-align: justify;\"><strong>\u00bfLas personas interesadas a d\u00f3nde pueden comunicarse para obtener mayor informaci\u00f3n? <\/strong>Hay varias maneras, pueden mandar un correo a musicaantigua@gmail.com o llamar a los tel\u00e9fonos 5951-4331, 5951-4265 y 5349-8166. Les recomendar\u00eda probar primero por correo y llamar si no reciben respuesta a buen tiempo. Tambi\u00e9n pueden revisar la p\u00e1gina del Ministerio de Cultura y Deporte y tengo entendido una p\u00e1gina en Facebook.<\/p>\n<p style=\"text-align: justify;\"><strong>\u00bfPuedes enviar un mensaje a quienes lean esta entrevista? <\/strong>Env\u00edo la m\u00e1s cordial bienvenida a todo el p\u00fablico guatemalteco para que se acerquen a estas actividades. Se sorprender\u00e1n del alto nivel de m\u00fasica antigua en Guatemala y tambi\u00e9n se deleitar\u00e1n de actividades no muy comunes por artistas internacionales en nuestro pa\u00eds. Y todo es gratuito. No deben faltar a las actividades que le llamen la atenci\u00f3n!<\/p>\n<p style=\"text-align: justify;\">Much\u00edsimas gracias, Heidy por esta oportunidad y espacio!<\/p>\n<p><iframe loading=\"lazy\" src=\"https:\/\/www.youtube.com\/embed\/epmG43H9D98\" width=\"560\" height=\"315\" frameborder=\"0\" allowfullscreen=\"allowfullscreen\"><\/iframe><\/p>\n<p style=\"text-align: justify;\"><strong>Entrevista por Heidy Sandoval Ruiz<\/strong><\/p>\n","protected":false},"excerpt":{"rendered":"<div class=\"mh-excerpt\"><p>En la \u201cCara amiga de los invitados de Heidy\u201d, en esta ocasi\u00f3n damos a conocer lo que se tiene preparado para la presentaci\u00f3n\u00a0 del II <a class=\"mh-excerpt-more\" href=\"https:\/\/heidysandovalruiz.com\/?p=5427\" title=\"II Festival de M\u00fasica Antigua \u00abRetomando Huella \u00ab\">[&#8230;]<\/a><\/p>\n<\/div>","protected":false},"author":4,"featured_media":5429,"comment_status":"closed","ping_status":"closed","sticky":false,"template":"","format":"standard","meta":{"footnotes":""},"categories":[16],"tags":[373],"class_list":["post-5427","post","type-post","status-publish","format-standard","has-post-thumbnail","hentry","category-la-cara-amiga","tag-retomando-huella-cordialmente-invitados"],"_links":{"self":[{"href":"https:\/\/heidysandovalruiz.com\/index.php?rest_route=\/wp\/v2\/posts\/5427","targetHints":{"allow":["GET"]}}],"collection":[{"href":"https:\/\/heidysandovalruiz.com\/index.php?rest_route=\/wp\/v2\/posts"}],"about":[{"href":"https:\/\/heidysandovalruiz.com\/index.php?rest_route=\/wp\/v2\/types\/post"}],"author":[{"embeddable":true,"href":"https:\/\/heidysandovalruiz.com\/index.php?rest_route=\/wp\/v2\/users\/4"}],"replies":[{"embeddable":true,"href":"https:\/\/heidysandovalruiz.com\/index.php?rest_route=%2Fwp%2Fv2%2Fcomments&post=5427"}],"version-history":[{"count":6,"href":"https:\/\/heidysandovalruiz.com\/index.php?rest_route=\/wp\/v2\/posts\/5427\/revisions"}],"predecessor-version":[{"id":5438,"href":"https:\/\/heidysandovalruiz.com\/index.php?rest_route=\/wp\/v2\/posts\/5427\/revisions\/5438"}],"wp:featuredmedia":[{"embeddable":true,"href":"https:\/\/heidysandovalruiz.com\/index.php?rest_route=\/wp\/v2\/media\/5429"}],"wp:attachment":[{"href":"https:\/\/heidysandovalruiz.com\/index.php?rest_route=%2Fwp%2Fv2%2Fmedia&parent=5427"}],"wp:term":[{"taxonomy":"category","embeddable":true,"href":"https:\/\/heidysandovalruiz.com\/index.php?rest_route=%2Fwp%2Fv2%2Fcategories&post=5427"},{"taxonomy":"post_tag","embeddable":true,"href":"https:\/\/heidysandovalruiz.com\/index.php?rest_route=%2Fwp%2Fv2%2Ftags&post=5427"}],"curies":[{"name":"wp","href":"https:\/\/api.w.org\/{rel}","templated":true}]}}