{"id":543,"date":"2013-11-22T00:25:41","date_gmt":"2013-11-22T00:25:41","guid":{"rendered":"http:\/\/heidysandovalruiz.com\/?p=543"},"modified":"2017-01-27T02:19:43","modified_gmt":"2017-01-27T02:19:43","slug":"la-cara-amiga-de-cesar-lima","status":"publish","type":"post","link":"https:\/\/heidysandovalruiz.com\/?p=543","title":{"rendered":"La cara amiga de \u00abC\u00e9sar Lima\u00bb"},"content":{"rendered":"<div>\n<p style=\"text-align: justify;\"><span lang=\"ES-GT\" style=\"color: #351c75; font-family: Arial, sans-serif;\">Hoy en \u201cLa cara amiga de nuestros invitados\u201d, entregamos a ustedes las vivencias, inquietudes y an\u00e9cdotas de un int\u00e9rprete que adem\u00e1s compone sus canciones que han sonado en varias radios de nuestro pa\u00eds, \u00e9l es Cesar Hugo Lima art\u00edsticamente <strong>C\u00e9sar Lima,<\/strong> quien acept\u00f3 compartir con nosotros\u00a0 un cargamento de muchos recuerdos y sue\u00f1os. Recibimos a Cesar con fuertes aplausos en este espacio, donde se puede decir lo que se quiere y lo que en otros medios no se puede.<\/span><\/p>\n<\/div>\n<div style=\"text-align: justify;\">\n<p><span lang=\"ES-GT\" style=\"color: #351c75; font-family: Arial, sans-serif;\"><b>Te recuerdas como nos conocimos?\u00a0<\/b><\/span><span style=\"color: #351c75; font-family: Arial, sans-serif;\">Inici\u00e9 la entrevista con esa pregunta porque cuando escuch\u00e9 \u201cLa ni\u00f1a y el profesor\u201d sonar en la radio dije\u2026que artista es? de d\u00f3nde? Y cuando me dijeron es Cesar Lima de Guatemala, dije\u2026\u00e9l tiene que estar en la Gala y as\u00ed fue que en 1996 estuviste invitado a la III Gala de la Canci\u00f3n Guatemalteca.<\/span><\/p>\n<\/div>\n<div style=\"text-align: justify;\">\n<p><span lang=\"ES-GT\" style=\"color: #351c75; font-family: Arial, sans-serif;\">Efectivamente fue a trav\u00e9s de la m\u00fasica, sonaba en TGW mi canci\u00f3n la Ni\u00f1a y el profesor, eso despert\u00f3 tu curiosidad quiz\u00e1s identificada con alg\u00fan amor plat\u00f3nico y por medio de Sadak Godoy en aquel entonces mi representante se dio la oportunidad de conocernos y de tener el honor de participar por primera vez en una gala de la canci\u00f3n guatemalteca.<\/span><\/p>\n<\/div>\n<div style=\"text-align: justify;\">\n<p><span lang=\"ES-GT\" style=\"color: #351c75; font-family: Arial, sans-serif;\"><b>Qu\u00e9 recuerdos tienes de tu mam\u00e1, de tu ni\u00f1ez?\u00a0<\/b><\/span><span style=\"color: #351c75; font-family: Arial, sans-serif;\">La historia de mi vida est\u00e1 plagada de an\u00e9cdotas y momentos que indudablemente me han inspirado a escribir mi autobiograf\u00eda porque tengo cosas interesantes que contar\u2026podr\u00eda comentarte por ejemplo un recuerdo precioso\u2026\u201dla ceiba de Sacapulas en el Depto. de Quich\u00e9 donde a los cuatro o cinco a\u00f1os me sub\u00eda a sus ra\u00edces y me pon\u00eda a cantar las canciones que por aquel entonces estaban de moda y la gente me aplaud\u00eda\u2026mientras mi madre angustiada me buscaba en vano en el patio de la casa.<\/span><\/p>\n<\/div>\n<div style=\"text-align: justify;\">\n<p><span lang=\"ES-GT\" style=\"color: #351c75; font-family: Arial, sans-serif;\">No est\u00e1 dem\u00e1s mencionar que fui un hijo muy amado, en la mesa nunca falt\u00f3 la merienda servida por las manos benditas de mi madre, ni la compa\u00f1\u00eda y el consejo sabio de mi padre.<\/span><\/p>\n<\/div>\n<div style=\"text-align: justify;\">\n<p><span lang=\"ES-GT\" style=\"color: #351c75; font-family: Arial, sans-serif;\">Desde la infancia me volv\u00ed fan de Don H\u00e9ctor Gait\u00e1n y su programa \u201c<strong>La calle donde tu vives\u2026<\/strong>\u201d noche a noche le escuch\u00e1bamos a la hora de la cena, eso enriqueci\u00f3 mi acervo cultural y despert\u00f3 el inter\u00e9s por conocer m\u00e1s de la historia de mi pa\u00eds.<a href=\"https:\/\/heidysandovalruiz.com\/wp-content\/uploads\/2013\/11\/15319278_1370517332961117_2888960979430316667_n.jpg\"><img loading=\"lazy\" decoding=\"async\" class=\"size-medium wp-image-4358 alignright\" src=\"https:\/\/heidysandovalruiz.com\/wp-content\/uploads\/2013\/11\/15319278_1370517332961117_2888960979430316667_n-300x300.jpg\" alt=\"15319278_1370517332961117_2888960979430316667_n\" width=\"300\" height=\"300\" \/><\/a><\/span><\/p>\n<\/div>\n<div style=\"text-align: justify;\">\n<p><span style=\"color: #351c75;\"><span style=\"font-family: Arial, sans-serif;\">Son muchos\u2026muchos los bellos recuerdos de do\u00f1a Mar\u00eda de Lima y de don Daniel Lima quienes me abrieron sus brazos en el momento preciso que otros brazos me abandonaron y eso cambio mi historia\u2026alguna vez lo dije cantado en un verso en mis inicios como:\u00a0<\/span><b>verso perdido.<\/b><\/span><\/p>\n<\/div>\n<div style=\"text-align: justify;\">\n<p><span lang=\"ES-GT\" style=\"color: #351c75; font-family: Arial, sans-serif;\"><b>Como fue tu adolescencia?\u00a0<\/b><\/span><span style=\"color: #351c75; font-family: Arial, sans-serif;\">Bonita, simp\u00e1tica, traviesa desde los primeros a\u00f1os tuve una compa\u00f1era que se convirti\u00f3 con el tiempo en mi novia\u2026mi compa\u00f1era y hoy mi amante\u2026con la \u00fanica que podr\u00eda volver a tener un romance cualquier d\u00eda y con la que eventualmente me veo a escondidas\u2026la que siempre est\u00e1 ah\u00ed\u2026la que nunca exige ni pide nada\u2026nunca cuestiona\u2026la que huele a nada, sabe a vac\u00edo y suena a silencio\u2026<\/span><\/p>\n<\/div>\n<div style=\"text-align: justify;\">\n<p><span lang=\"ES-GT\" style=\"color: #351c75; font-family: Arial, sans-serif;\">Hace unos a\u00f1os escrib\u00ed un poema que se llama &#8212;\u201cdesde cuando,\u2026desde siempre \u201ctal vez este te exprese con mayor claridad c\u00f3mo fue mi adolescencia\u2026<\/span><\/p>\n<\/div>\n<div style=\"text-align: justify;\"><span style=\"color: #351c75; font-family: Arial, sans-serif;\">Te encontr\u00e9 tambi\u00e9n\u2026<\/span><\/div>\n<div style=\"text-align: justify;\">\n<p><span style=\"color: #351c75;\"><span lang=\"ES-GT\" style=\"font-family: Arial, sans-serif;\">en\u00a0 mi cambio de voz al pronunciar tu nombre<\/span><\/span><\/p>\n<\/div>\n<div style=\"text-align: justify;\">\n<p><span style=\"color: #351c75;\"><span lang=\"ES-GT\" style=\"font-family: Arial, sans-serif;\">como\u00a0 mirada curiosa en mis horas frente al espejo para combatir el acn\u00e9<\/span><\/span><\/p>\n<\/div>\n<div style=\"text-align: justify;\">\n<p><span style=\"color: #351c75;\"><span lang=\"ES-GT\" style=\"font-family: Arial, sans-serif;\">en el aparecimiento paulatino del bozo\u00a0 y en la humedad de mis sue\u00f1os er\u00f3ticos<\/span><\/span><\/p>\n<\/div>\n<div style=\"text-align: justify;\">\n<p><span style=\"color: #351c75;\"><span lang=\"ES-GT\" style=\"font-family: Arial, sans-serif;\">en la fantas\u00eda de un cuento donde yo era el pr\u00edncipe que rescataba a su princesa,<\/span><\/span><\/p>\n<\/div>\n<div style=\"text-align: justify;\">\n<p><span style=\"color: #351c75;\"><span lang=\"ES-GT\" style=\"font-family: Arial, sans-serif;\">en la coqueter\u00eda natural\u00a0 del\u00a0 peinado perfecto ,<\/span><\/span><\/p>\n<\/div>\n<div style=\"text-align: justify;\">\n<p><span style=\"color: #351c75;\"><span lang=\"ES-GT\" style=\"font-family: Arial, sans-serif;\">los zapatos impecables, el pantal\u00f3n de un solo quiebre , la camisa blanca<\/span><\/span><\/p>\n<\/div>\n<div style=\"text-align: justify;\">\n<p><span style=\"color: #351c75;\"><span lang=\"ES-GT\" style=\"font-family: Arial, sans-serif;\">y los libros bajo el brazo.<\/span><\/span><\/p>\n<\/div>\n<div style=\"text-align: justify;\">\n<p><span lang=\"ES-GT\" style=\"color: #351c75; font-family: Arial, sans-serif;\">\u00a0\u2026te encontr\u00e9 en aquella esquina esperando el autob\u00fas,<\/span><\/p>\n<\/div>\n<div style=\"text-align: justify;\">\n<p><span style=\"color: #351c75;\"><span lang=\"ES-GT\" style=\"font-family: Arial, sans-serif;\">procurando a toda costa sentarme a tu lado,<\/span><\/span><\/p>\n<p><span style=\"color: #351c75;\"><span lang=\"ES-GT\" style=\"font-family: Arial, sans-serif;\">ver tu sonrisa fresca y tu mirada\u00a0 t\u00edmida,<\/span><\/span><\/p>\n<\/div>\n<div style=\"text-align: justify;\">\n<p><span style=\"color: #351c75;\"><span lang=\"ES-GT\" style=\"font-family: Arial, sans-serif;\">querer hablar de todo sin poder hablar de nada,<\/span><\/span><\/p>\n<\/div>\n<div style=\"text-align: justify;\">\n<p><span style=\"color: #351c75;\"><span lang=\"ES-GT\" style=\"font-family: Arial, sans-serif;\">\u00a0preguntarte si te pod\u00eda acompa\u00f1ar<\/span><\/span><\/p>\n<\/div>\n<div style=\"text-align: justify;\">\n<p><span style=\"color: #351c75;\"><span lang=\"ES-GT\" style=\"font-family: Arial, sans-serif;\">\u00a0pedirte tus cuadernos\u00a0 y caminar junto a ti,<\/span><\/span><\/p>\n<\/div>\n<div style=\"text-align: justify;\">\n<p><span style=\"color: #351c75;\"><span lang=\"ES-GT\" style=\"font-family: Arial, sans-serif;\">\u00a0robarme una flor en alg\u00fan jard\u00edn vecino\u00a0\u00a0 y colocarla en tu pelo,<\/span><\/span><\/p>\n<\/div>\n<div style=\"text-align: justify;\">\n<p><span style=\"color: #351c75;\"><span lang=\"ES-GT\" style=\"font-family: Arial, sans-serif;\">\u00a0preguntarte por tus gustos, tus sabores y colores preferidos<\/span><\/span><\/p>\n<\/div>\n<div style=\"text-align: justify;\">\n<p><span style=\"color: #351c75;\"><span lang=\"ES-GT\" style=\"font-family: Arial, sans-serif;\">\u00a0esas preguntas tontas que uno improvisa como\u00a0 argumento para disimular<\/span><\/span><\/p>\n<\/div>\n<div style=\"text-align: justify;\">\n<p><span style=\"color: #351c75;\"><span lang=\"ES-GT\" style=\"font-family: Arial, sans-serif;\">\u00a0un\u2026como me gustas\u2026me encantar\u00eda darte un beso.<\/span><\/span><\/p>\n<\/div>\n<div style=\"text-align: justify;\">\n<p><span style=\"color: #351c75;\"><span lang=\"ES-GT\" style=\"font-family: Arial, sans-serif;\">Te encontr\u00e9 en la\u00a0 hora\u00a0 del recreo<\/span><\/span><\/p>\n<\/div>\n<div style=\"text-align: justify;\">\u00a0<span style=\"color: #351c75; font-family: Arial, sans-serif;\">platicando con mi mejor amigo ,<\/span><\/div>\n<p style=\"text-align: justify;\"><span style=\"color: #351c75;\">\u00a0<\/span><span lang=\"ES-GT\" style=\"font-family: Arial, sans-serif;\"><span style=\"color: #351c75; font-family: Arial, sans-serif;\">bajo la sombra del \u00e1rbol m\u00e1s frondoso de aquel patio&#8230;<\/span><\/span><\/p>\n<p style=\"text-align: justify;\">\u00a0<span style=\"color: #351c75;\"><span lang=\"ES-GT\" style=\"font-family: Arial, sans-serif;\">\u00e9l, haciendo de Cupido ; tu, disimulando tu inter\u00e9s en mi persona<\/span><\/span><\/p>\n<div style=\"text-align: justify;\"><span style=\"color: #351c75; font-family: Arial, sans-serif;\">provoc\u00e1ndole angustias a mi alma\u2026con\u00a0tu tal vez, quiz\u00e1s\u2026acepte ser tu novia.<\/span><\/div>\n<p style=\"text-align: justify;\"><span style=\"color: #351c75; font-family: Arial, sans-serif;\">Te encontr\u00e9 en mi primera escapada del\u00a0 colegio<\/span><\/p>\n<p style=\"text-align: justify;\"><span lang=\"ES-GT\"><span style=\"color: #351c75; font-family: Arial, sans-serif;\">para asistir a la fiesta donde sab\u00eda\u00a0 que te encontrar\u00eda,<\/span><\/span><\/p>\n<p style=\"text-align: justify;\"><span style=\"color: #351c75;\"><span lang=\"ES-GT\" style=\"font-family: Arial, sans-serif;\">pude ver el brillo de tus ojos cuando me viste aparecer\u2026<\/span><\/span><\/p>\n<div style=\"text-align: justify;\"><span style=\"color: #351c75; font-family: Arial, sans-serif;\">y\u00a0 te encontr\u00e9 tambi\u00e9n en aquella canci\u00f3n\u00a0 rom\u00e1ntica<\/span><\/div>\n<p style=\"text-align: justify;\"><span lang=\"ES-GT\" style=\"font-family: Arial, sans-serif;\"><span style=\"color: #351c75; font-family: Arial, sans-serif;\">que bailamos por primera vez<\/span><\/span><\/p>\n<p style=\"text-align: justify;\"><span style=\"color: #351c75;\"><span lang=\"ES-GT\" style=\"font-family: Arial, sans-serif;\">y en ese momento inolvidable cuando\u00a0 vi\u00e9ndote a\u00a0 los ojos\u00a0<\/span><\/span><\/p>\n<div style=\"text-align: justify;\"><span style=\"color: #351c75; font-family: Arial, sans-serif;\">quise hacer la\u00a0 cl\u00e1sica pregunta\u2026<\/span><\/div>\n<p style=\"text-align: justify;\"><span lang=\"ES-GT\" style=\"font-family: Arial, sans-serif;\"><span style=\"color: #351c75; font-family: Arial, sans-serif;\">pero tus labios me dieron la respuesta<\/span><\/span><\/p>\n<p style=\"text-align: justify;\"><span style=\"color: #351c75; font-family: Arial, sans-serif;\">te encontr\u00e9 en aquel primer beso \u2026<\/span><\/p>\n<p style=\"text-align: justify;\"><span lang=\"ES-GT\" style=\"font-family: Arial, sans-serif;\"><span style=\"color: #351c75; font-family: Arial, sans-serif;\">en aquel repique de campanas\u00a0 que nunca o\u00ed<\/span><\/span><\/p>\n<p style=\"text-align: justify;\"><span style=\"color: #351c75;\"><span lang=\"ES-GT\" style=\"font-family: Arial, sans-serif;\">en aquella funci\u00f3n de cine vespertino que compart\u00ed \u2026con nadie,<\/span><\/span><\/p>\n<p style=\"text-align: justify;\"><span style=\"color: #351c75;\"><span lang=\"ES-GT\" style=\"font-family: Arial, sans-serif;\">en aqu\u00e9l 14 de febrero, sin rosas, chocolates, ni ositos de felpa<\/span><\/span><\/p>\n<div style=\"text-align: justify;\">\n<p><span style=\"color: #351c75;\"><span lang=\"ES-GT\" style=\"font-family: Arial, sans-serif;\">en aquella tarde de lluvia donde me moj\u00e9 solo,<\/span><\/span><\/p>\n<\/div>\n<div style=\"text-align: justify;\">\n<p><span style=\"color: #351c75;\"><span lang=\"ES-GT\" style=\"font-family: Arial, sans-serif;\">en\u00a0 la noche en el balc\u00f3n viendo la luna<\/span><\/span><\/p>\n<\/div>\n<div style=\"text-align: justify;\">\n<p><span style=\"color: #351c75;\"><span lang=\"ES-GT\" style=\"font-family: Arial, sans-serif;\">y pidiendo 3 deseos a una estrella que cruz\u00f3 el firmamento.<\/span><\/span><\/p>\n<\/div>\n<div style=\"text-align: justify;\">\n<p><span style=\"color: #351c75;\"><span lang=\"ES-GT\" style=\"font-family: Arial, sans-serif;\">Te encontr\u00e9 en aquel amor que nunca\u00a0 tuve<\/span><\/span><\/p>\n<\/div>\n<div style=\"text-align: justify;\">\n<p><span style=\"color: #351c75;\"><span lang=\"ES-GT\" style=\"font-family: Arial, sans-serif;\">y si lo tuve pas\u00f3 sin darme cuenta,<\/span><\/span><\/p>\n<\/div>\n<div style=\"text-align: justify;\">\n<p><span style=\"color: #351c75;\"><span lang=\"ES-GT\" style=\"font-family: Arial, sans-serif;\">seguramente\u00a0 de haber aparecido tu ,tendr\u00eda otro argumento<\/span><\/span><\/p>\n<\/div>\n<div style=\"text-align: justify;\">\n<p><span style=\"color: #351c75;\"><span lang=\"ES-GT\" style=\"font-family: Arial, sans-serif;\">la parte de esta historia\u2026que fue mi adolescencia.<\/span><\/span><\/p>\n<\/div>\n<div style=\"text-align: justify;\">\n<p><span style=\"color: #351c75;\"><span lang=\"ES-GT\" style=\"font-family: Arial, sans-serif;\">Te encontr\u00e9\u00a0 en una\u00a0 foto recuerdo de una fiesta de quince a\u00f1os<\/span><\/span><\/p>\n<\/div>\n<div style=\"text-align: justify;\">\n<p><span style=\"color: #351c75;\"><span lang=\"ES-GT\" style=\"font-family: Arial, sans-serif;\">a la que me invitaste y llegue con la ilusi\u00f3n de conocer a tu familia<\/span><\/span><\/p>\n<\/div>\n<div style=\"text-align: justify;\">\n<p><span style=\"color: #351c75;\"><span lang=\"ES-GT\" style=\"font-family: Arial, sans-serif;\">te ve\u00edas preciosa, como princesa del cuento que invent\u00e9<\/span><\/span><\/p>\n<\/div>\n<div style=\"text-align: justify;\">\n<p><span style=\"color: #351c75;\"><span lang=\"ES-GT\" style=\"font-family: Arial, sans-serif;\">fui tu chambel\u00e1n y bailamos en medio del sal\u00f3n\u00a0 aquel vals de las mariposas<\/span><\/span><\/p>\n<\/div>\n<div style=\"text-align: justify;\">\n<p><span style=\"color: #351c75;\"><span lang=\"ES-GT\" style=\"font-family: Arial, sans-serif;\">ante los ojos llorosos de tu\u00a0 madre y la mirada celosa de tu padre<\/span><\/span><\/p>\n<\/div>\n<div style=\"text-align: justify;\">\n<p><span style=\"color: #351c75;\"><span lang=\"ES-GT\" style=\"font-family: Arial, sans-serif;\">fui la envidia de tus enamorados\u00a0 y aquel momento se hizo inolvidable.<\/span><\/span><\/p>\n<\/div>\n<div style=\"text-align: justify;\"><span style=\"color: #351c75; font-family: Arial, sans-serif;\">Te\u00a0 encontr\u00e9 en mi acto de graduaci\u00f3n<\/span><\/div>\n<p style=\"text-align: justify;\"><span style=\"color: #351c75;\"><span lang=\"ES-GT\" style=\"font-family: Arial, sans-serif;\">en la novia orgullosa que aplaudi\u00f3 al escuchar mi nombre,<\/span><\/span><\/p>\n<div style=\"text-align: justify;\">\n<p><span style=\"color: #351c75;\"><span lang=\"ES-GT\" style=\"font-family: Arial, sans-serif;\">en la fotograf\u00eda en blanco y negro al lado de mis padres,<\/span><\/span><\/p>\n<\/div>\n<div style=\"text-align: justify;\">\n<p><span style=\"color: #351c75;\"><span lang=\"ES-GT\" style=\"font-family: Arial, sans-serif;\">en el\u00a0 premio de tus labios al bajar del escenario<\/span><\/span><\/p>\n<\/div>\n<div style=\"text-align: justify;\">\n<p><span style=\"color: #351c75;\"><span lang=\"ES-GT\" style=\"font-family: Arial, sans-serif;\">peroque va !! \u2026 aquel momento y otros m\u00e1s \u2026.lo viv\u00ed en solitario.<\/span><\/span><\/p>\n<\/div>\n<div style=\"text-align: justify;\">\n<p><span style=\"color: #351c75;\"><span lang=\"ES-GT\" style=\"font-family: Arial, sans-serif;\">Te encontr\u00e9 en el primer alboroto de mis hormonas<\/span><\/span><\/p>\n<\/div>\n<div style=\"text-align: justify;\">\n<p><span style=\"color: #351c75;\"><span lang=\"ES-GT\" style=\"font-family: Arial, sans-serif;\">cuando descubr\u00ed\u00a0 a donde se llega si se toma la ruta de la caricia y de los besos,<\/span><\/span><\/p>\n<\/div>\n<div style=\"text-align: justify;\">\n<p><span style=\"color: #351c75;\"><span lang=\"ES-GT\" style=\"font-family: Arial, sans-serif;\">en aquella sensaci\u00f3n inicial\u00a0 de placer unida al miedo<\/span><\/span><\/p>\n<\/div>\n<div style=\"text-align: justify;\">\n<p><span style=\"color: #351c75;\"><span lang=\"ES-GT\" style=\"font-family: Arial, sans-serif;\">en aquel silencio eterno\u00a0 de la primera vez.<\/span><\/span><\/p>\n<\/div>\n<div style=\"text-align: justify;\">\n<p><span lang=\"ES-GT\" style=\"color: #351c75; font-family: Arial, sans-serif;\"><b><a href=\"https:\/\/heidysandovalruiz.com\/wp-content\/uploads\/2013\/11\/1459838_1021992197813634_8560299074119256726_n.jpg\"><img loading=\"lazy\" decoding=\"async\" class=\"size-medium wp-image-4359 alignleft\" src=\"https:\/\/heidysandovalruiz.com\/wp-content\/uploads\/2013\/11\/1459838_1021992197813634_8560299074119256726_n-300x228.jpg\" alt=\"1459838_1021992197813634_8560299074119256726_n\" width=\"300\" height=\"228\" \/><\/a>C\u00f3mo recuerdas cuando grabaste tu primera canci\u00f3n y la llevaste al primer medio de comunicaci\u00f3n?\u00a0<\/b><\/span><span style=\"color: #351c75; font-family: Arial, sans-serif;\">Como si hubiese sido hoy mismo\u2026ten\u00eda una cita en Fm joya a las 10 de la ma\u00f1ana y a las 9:40 ya estaba en recepci\u00f3n esperando a Hugo Sol\u00eds que hab\u00eda escuchado mi m\u00fasica y me hab\u00eda dicho que buscar\u00eda una oportunidad para que el gerente Lic. Erick Campos escuchara mis temas\u2026justo antes de que entr\u00e1ramos\u00a0 sali\u00f3 una se\u00f1orita muy guapa pero petulante y agrandada que a\u00f1os despu\u00e9s supe quien era pero por caballero me reservo el nombre, luego pasamos adelante Hugo me present\u00f3 con Erick Campos escuch\u00f3 el tema \u201cte deseo\u201d y mand\u00f3 a llamar a Roberto Garc\u00eda (creo yo) y le dijo\u2026progr\u00e1mate este disco cada dos horas\u2026<\/span><\/p>\n<\/div>\n<div style=\"text-align: justify;\">\n<p><span lang=\"ES-GT\" style=\"color: #351c75; font-family: Arial, sans-serif;\">Cuando sal\u00ed de la radio iba para mi casa\u2026sintonic\u00e9 la Joya y sent\u00ed una emoci\u00f3n muy especial al escuchar por primera vez mi voz en una emisora\u2026ese fue un paso importante en este camino que hab\u00eda iniciado muchos a\u00f1os atr\u00e1s.<\/span><\/p>\n<\/div>\n<div style=\"text-align: justify;\">\n<p><span lang=\"ES-GT\" style=\"color: #351c75; font-family: Arial, sans-serif;\">Por cierto\u2026la chica tambi\u00e9n iba a mostrar su material\u2026pero nunca son\u00f3 en fm joya.<\/span><\/p>\n<\/div>\n<div style=\"text-align: justify;\">\n<p><span lang=\"ES-GT\" style=\"color: #351c75; font-family: Arial, sans-serif;\"><b>Cu\u00e1ntas canciones has compuesto desde cu\u00e1ndo y qu\u00e9 te inspira?\u00a0<\/b><\/span><span style=\"color: #351c75; font-family: Arial, sans-serif;\">Decir con certeza un n\u00famero es petulante\u2026y no decirlo es injusto para el compositor que hay en mi\u2026de que vale mencionar un n\u00famero si no he tenido la oportunidad de dar a conocer nada m\u00e1s que 22 temas de mi autor\u00eda con esfuerzo propio porque no ha existido la posibilidad de dar a conocer m\u00e1s, son varios\u2026una buena cantidad\u2026inspirados en muchos aspectos\u2026pero principalmente ella\u2026la soledad.<\/span><\/p>\n<\/div>\n<div style=\"text-align: justify;\">\n<p><span lang=\"ES-GT\" style=\"color: #351c75; font-family: Arial, sans-serif;\"><b>Qui\u00e9nes han interpretado tus canciones?\u00a0<\/b><\/span><span style=\"color: #351c75; font-family: Arial, sans-serif;\">Un chico llamado hace algunos a\u00f1os Diego Mor\u00e9, Elizabeth y pr\u00f3ximamente Danilo L\u00f3pez.<\/span><\/p>\n<\/div>\n<div style=\"text-align: justify;\">\n<p><span lang=\"ES-GT\" style=\"color: #351c75; font-family: Arial, sans-serif;\"><b>Que significa la familia para ti?\u00a0<\/b><\/span><span style=\"color: #351c75; font-family: Arial, sans-serif;\">Es mi alimento, mi esposa, mis hijos son el motor de mi vida\u2026soy muy familiar y trato de mantenerles alejados del medio aunque mis dos hijos peque\u00f1os quieren de alguna manera seguir mis pasos.<\/span><\/p>\n<\/div>\n<div style=\"text-align: justify;\">\n<p><span lang=\"ES-GT\" style=\"color: #351c75; font-family: Arial, sans-serif;\"><b>Alguna de tus hijas ha heredado el gusto musical?\u00a0<\/b><\/span><span style=\"font-family: Arial, sans-serif; color: #351c75;\">Mis cuatro hijos tienen algo de su pap\u00e1 musicalmente hablando mi hija Danielita que es la m\u00e1s grande tiene un timbre de voz muy bonito pero no quiso continuar cantando, Mar\u00eda Orqu\u00eddea si ha grabado algunos temas y canta muy bien tiene un estilo muy propio, Oscar Daniel es instrumentista estudia piano y canto\u00a0 en el conservatorio y ya comenz\u00f3 a escribir m\u00fasica, Sol de Mar\u00eda le gusta el teatro y cantar\u2026ella es la m\u00e1s extrovertida de los cuatro y es el epicentro de la alegr\u00eda o la tristeza en casa.<\/span><\/p>\n<\/div>\n<div style=\"text-align: justify;\">\n<p><span lang=\"ES-GT\" style=\"color: #351c75; font-family: Arial, sans-serif;\"><b>Con quienes de tus compa\u00f1eros artistas tienes una relaci\u00f3n de amistad estrecha?\u00a0<\/b><\/span><span style=\"font-family: Arial, sans-serif; color: #351c75;\">Aunque no constante con todos mantengo cierta relaci\u00f3n de respeto y cordialidad\u2026pero siento un gusto muy especial cuando me encuentro con Arturito Xicay, Mario Vallar, Fabi\u00e1n Brindis\u2026y otros amigos del medio.<\/span><\/p>\n<\/div>\n<div style=\"text-align: justify;\">\n<p><span style=\"color: #351c75; font-family: Arial, sans-serif;\"><b>En qu\u00e9 momento decides cantar acompa\u00f1ado de marimba y cu\u00e1les son las canciones que m\u00e1s te solicitan?\u00a0<\/b><\/span><span style=\"color: #351c75; font-family: Arial, sans-serif;\">Este proyecto nace en 2011 por el deseo de recuperar el gusto por la m\u00fasica guatemalteca cantada acompa\u00f1ada por marimba, lo que a\u00f1os atr\u00e1s hicieron grandes personajes de la far\u00e1ndula como Hugo Leonel Vaccaro, Ernesto Avalos, Alicia Azurdia fueron la inspiraci\u00f3n para presentar esta propuesta que ha tenido mucho \u00e9xito.<\/span><\/p>\n<\/div>\n<div style=\"text-align: justify;\">\n<p><span lang=\"ES-GT\" style=\"color: #351c75; font-family: Arial, sans-serif;\">Regalito de amor, como una sombra, olvido pasional son solo algunos de los tantos temas que me piden en cada concierto.<\/span><\/p>\n<\/div>\n<div style=\"text-align: justify;\">\n<p><span lang=\"ES-GT\" style=\"color: #351c75; font-family: Arial, sans-serif;\"><b>Tienes material grabado con canciones interpretadas con el acompa\u00f1amiento de la marimba?\u00a0<\/b><\/span><span style=\"color: #351c75; font-family: Arial, sans-serif;\">A\u00fan no, pero ese es el punto medular del proyecto\u2026poder grabar 20 temas nacionales acompa\u00f1ados por marimba incluyendo dos de mi autor\u00eda. <a href=\"https:\/\/heidysandovalruiz.com\/wp-content\/uploads\/2013\/11\/21450_414469588661401_1344937380_n1.jpg\"><img loading=\"lazy\" decoding=\"async\" class=\"size-medium wp-image-4361 alignright\" src=\"https:\/\/heidysandovalruiz.com\/wp-content\/uploads\/2013\/11\/21450_414469588661401_1344937380_n1-300x228.jpg\" alt=\"21450_414469588661401_1344937380_n\" width=\"300\" height=\"228\" \/><\/a><\/span><\/p>\n<\/div>\n<div style=\"text-align: justify;\">\n<p><span lang=\"ES-GT\" style=\"color: #351c75; font-family: Arial, sans-serif;\"><b>Eres un hombre con sue\u00f1os pero cuando te propones algo como lo alcanzas?\u00a0<\/b><\/span><span style=\"color: #351c75; font-family: Arial, sans-serif;\">No soy de los que gastan energ\u00eda pensando que voy a hacer ma\u00f1ana, como me voy a vestir, que voy a comer, que voy a pensar, que voy a escribir, que voy a cantar\u2026<\/span><\/p>\n<\/div>\n<div style=\"text-align: justify;\">\n<p><span lang=\"ES-GT\" style=\"color: #351c75; font-family: Arial, sans-serif;\">Si Dios me da la bendici\u00f3n de abrir los ojos y sentir\u2026es se\u00f1a que sigo existiendo ah\u00ed es donde comienzo a pensar y me preocupo por a partir de ese instante\u2026dar gracias y comenzar a vivir\u2026 ese d\u00eda.<\/span><\/p>\n<\/div>\n<div style=\"text-align: justify;\">\n<p><span lang=\"ES-GT\" style=\"color: #351c75; font-family: Arial, sans-serif;\">Una ma\u00f1ana despert\u00e9 tarareando un fragmento de canci\u00f3n llamada Guatemala tierra linda que ten\u00eda escrita y pens\u00e9 que deb\u00eda ser acompa\u00f1ada de marimba\u2026entonces llam\u00e9 a mi representante y le pregunt\u00e9 si conoc\u00eda alguna marimba, la contactamos. Hicimos 3 ensayos y realizamos 6 conciertos exitosos en 2011 llamado Guatemala amor m\u00edo. Con canciones 100 por ciento guatemaltecas y cerrando cada concierto con este tema.<\/span><\/p>\n<\/div>\n<div style=\"text-align: justify;\">\n<p><span lang=\"ES-GT\" style=\"color: #351c75; font-family: Arial, sans-serif;\"><b>En d\u00f3nde actuar\u00e1s el pr\u00f3ximo s\u00e1bado 7 y 8 de septiembre?\u00a0<\/b><\/span><span style=\"color: #351c75; font-family: Arial, sans-serif;\">Tenemos una gira programad para septiembre se que esas dos fechas est\u00e1n vendidas para eventos privados, \u00a0el viernes 20 se que estaremos en centro comercial zona 4 y el domingo 22 en Pacific Center. Con el concierto de marimba.<\/span><\/p>\n<\/div>\n<div style=\"text-align: justify;\">\n<p><span lang=\"ES-GT\" style=\"color: #351c75; font-family: Arial, sans-serif;\"><b>Hay proyectos a corto plazo?\u00a0<\/b><\/span><span style=\"color: #351c75; font-family: Arial, sans-serif;\">Como te repito\u2026no me gusta pensar a futuro principalmente en un pa\u00eds como el nuestro con tanta inseguridad\u2026pero si Dios me prorroga el contrato de vida en febrero tengo un proyecto llamado \u201cEntre vinos y tequilas\u201d donde cantar\u00e9 junto a mi amigo Danilo L\u00f3pez m\u00fasica mexicana con acompa\u00f1amiento de mariachi en vivo, al mismo tiempo dar\u00e9 a conocer\u00a0 un cd con 4 temas de mi autor\u00eda en\u00a0 estilo ranchero.<\/span><\/p>\n<\/div>\n<div style=\"text-align: justify;\">\n<p><span lang=\"ES-GT\" style=\"color: #351c75; font-family: Arial, sans-serif;\"><b>D\u00f3nde te presentas actualmente?\u00a0<\/b><\/span><span style=\"color: #351c75; font-family: Arial, sans-serif;\">Por el momento mi barca anda a la deriva en busca de un puerto para encallar\u2026voy a donde me lleva el viento\u2026canto donde hay quien necesite hacer volar su imaginaci\u00f3n, exhalar un suspiro o exorcizar sus miedos a trav\u00e9s de una canci\u00f3n.<\/span><\/p>\n<\/div>\n<div style=\"text-align: justify;\">\n<p><span lang=\"ES-GT\" style=\"color: #000080; font-family: Arial, sans-serif;\">Pronto estaremos en alg\u00fan lugar de forma permanente.<\/span><\/p>\n<\/div>\n<div style=\"text-align: justify;\">\n<p><span style=\"color: #000080;\">Qu\u00e9 opinas del blog<\/span>\u00a0<a href=\"http:\/\/www.heidyylosartistas.blogspot.com\/\">www.losinvitadosdeheidy.blogspot.com<\/a><\/p>\n<\/div>\n<div style=\"text-align: justify;\">\n<p><span style=\"color: #000080;\">Pues conoci\u00e9ndote s\u00e9 que es un espacio m\u00e1s para apoyar el arte nacional y te agradezco el honor que me das de pertenecer a este selecto grupo de amantes del arte.<\/span><\/p>\n<\/div>\n<div style=\"text-align: justify;\">\n<p><span lang=\"ES-GT\" style=\"color: #351c75; font-family: Arial, sans-serif;\"><span style=\"color: #000080;\">He intentado incursionar en la poes\u00eda p<\/span>or medio de mi p\u00e1gina:<\/span><\/p>\n<\/div>\n<div style=\"text-align: justify;\">\n<p><span lang=\"ES-GT\" style=\"color: #351c75; font-family: Arial, sans-serif;\"><a href=\"http:\/\/www.elnumendecesarlima.mex.tl\/\">www.elnumendecesarlima.mex.tl<\/a>\u00a0 la cual te invito a visitar para que conozcas el lado B de este humano que alterna su vida entre la m\u00fasica, la docencia, la familia y la poes\u00eda.<\/span><\/p>\n<\/div>\n<p style=\"text-align: justify;\"><span lang=\"ES-GT\" style=\"color: #351c75; font-family: Arial, sans-serif;\">Gracias a ti por esta oportunidad que Dios te siga bendiciendo.<\/span><\/p>\n<p><iframe loading=\"lazy\" src=\"https:\/\/www.youtube.com\/embed\/67AyCf6c9Nk\" width=\"560\" height=\"315\" frameborder=\"0\" allowfullscreen=\"allowfullscreen\"><\/iframe><\/p>\n<p><iframe loading=\"lazy\" src=\"https:\/\/www.youtube.com\/embed\/T_EPPzEayCs\" width=\"560\" height=\"315\" frameborder=\"0\" allowfullscreen=\"allowfullscreen\"><\/iframe><\/p>\n<p><iframe loading=\"lazy\" src=\"https:\/\/www.youtube.com\/embed\/q0P-EE5g0ck\" width=\"560\" height=\"315\" frameborder=\"0\" allowfullscreen=\"allowfullscreen\"><\/iframe><\/p>\n<p><iframe loading=\"lazy\" src=\"https:\/\/www.youtube.com\/embed\/4i8IOQy-c8c\" width=\"560\" height=\"315\" frameborder=\"0\" allowfullscreen=\"allowfullscreen\"><\/iframe><\/p>\n<div>\n<p><iframe loading=\"lazy\" src=\"https:\/\/www.youtube.com\/embed\/TNWV_hVCa8E\" width=\"560\" height=\"315\" frameborder=\"0\" allowfullscreen=\"allowfullscreen\"><\/iframe><\/p>\n<p><iframe loading=\"lazy\" src=\"https:\/\/www.youtube.com\/embed\/OXZFqydKvx0\" width=\"560\" height=\"315\" frameborder=\"0\" allowfullscreen=\"allowfullscreen\"><\/iframe><\/p>\n<p><span lang=\"ES-GT\" style=\"color: #351c75; font-family: Arial, sans-serif;\">\u00a0<\/span><\/p>\n<\/div>\n<div>\n<p><span lang=\"ES-GT\" style=\"font-family: Arial, sans-serif;\"><b><span style=\"color: #351c75; font-size: small;\">\u00a0<\/span><\/b><\/span><\/p>\n<\/div>\n<div>\n<p><span lang=\"ES-GT\" style=\"font-family: Arial, sans-serif;\"><b><span style=\"color: #351c75; font-size: small;\">Entrevista realizada por Heidy Sandoval Ruiz de Ord\u00f3\u00f1ez<\/span><\/b><\/span><\/p>\n<\/div>\n","protected":false},"excerpt":{"rendered":"<div class=\"mh-excerpt\"><p>Hoy en \u201cLa cara amiga de nuestros invitados\u201d, entregamos a ustedes las vivencias, inquietudes y an\u00e9cdotas de un int\u00e9rprete que adem\u00e1s compone sus canciones que <a class=\"mh-excerpt-more\" href=\"https:\/\/heidysandovalruiz.com\/?p=543\" title=\"La cara amiga de \u00abC\u00e9sar Lima\u00bb\">[&#8230;]<\/a><\/p>\n<\/div>","protected":false},"author":4,"featured_media":4360,"comment_status":"closed","ping_status":"closed","sticky":false,"template":"","format":"standard","meta":{"footnotes":""},"categories":[16],"tags":[37],"class_list":["post-543","post","type-post","status-publish","format-standard","has-post-thumbnail","hentry","category-la-cara-amiga","tag-la-cara-amiga-de-cesar-lima"],"_links":{"self":[{"href":"https:\/\/heidysandovalruiz.com\/index.php?rest_route=\/wp\/v2\/posts\/543","targetHints":{"allow":["GET"]}}],"collection":[{"href":"https:\/\/heidysandovalruiz.com\/index.php?rest_route=\/wp\/v2\/posts"}],"about":[{"href":"https:\/\/heidysandovalruiz.com\/index.php?rest_route=\/wp\/v2\/types\/post"}],"author":[{"embeddable":true,"href":"https:\/\/heidysandovalruiz.com\/index.php?rest_route=\/wp\/v2\/users\/4"}],"replies":[{"embeddable":true,"href":"https:\/\/heidysandovalruiz.com\/index.php?rest_route=%2Fwp%2Fv2%2Fcomments&post=543"}],"version-history":[{"count":7,"href":"https:\/\/heidysandovalruiz.com\/index.php?rest_route=\/wp\/v2\/posts\/543\/revisions"}],"predecessor-version":[{"id":4365,"href":"https:\/\/heidysandovalruiz.com\/index.php?rest_route=\/wp\/v2\/posts\/543\/revisions\/4365"}],"wp:featuredmedia":[{"embeddable":true,"href":"https:\/\/heidysandovalruiz.com\/index.php?rest_route=\/wp\/v2\/media\/4360"}],"wp:attachment":[{"href":"https:\/\/heidysandovalruiz.com\/index.php?rest_route=%2Fwp%2Fv2%2Fmedia&parent=543"}],"wp:term":[{"taxonomy":"category","embeddable":true,"href":"https:\/\/heidysandovalruiz.com\/index.php?rest_route=%2Fwp%2Fv2%2Fcategories&post=543"},{"taxonomy":"post_tag","embeddable":true,"href":"https:\/\/heidysandovalruiz.com\/index.php?rest_route=%2Fwp%2Fv2%2Ftags&post=543"}],"curies":[{"name":"wp","href":"https:\/\/api.w.org\/{rel}","templated":true}]}}