{"id":5439,"date":"2017-10-26T00:33:34","date_gmt":"2017-10-26T00:33:34","guid":{"rendered":"http:\/\/heidysandovalruiz.com\/?p=5439"},"modified":"2018-02-04T04:33:04","modified_gmt":"2018-02-04T04:33:04","slug":"nerea-una-produccion-de-luigi-lanuza","status":"publish","type":"post","link":"https:\/\/heidysandovalruiz.com\/?p=5439","title":{"rendered":"\u00abNerea\u00bb una producci\u00f3n de Luigi Lanuza"},"content":{"rendered":"<p style=\"text-align: justify;\">En la \u201c<strong>Cara amiga de los invitados de Heidy<\/strong>\u201d present\u00f3 una vez m\u00e1s a un buen amigo de este espacio: <strong>Luigi Lanuza<\/strong> quien recientemente trabaj\u00f3 en \u201cNerea\u201d del cual es productor y de la que el nos hablar\u00e1 en este espacio donde el ha sido uno de los guatemaltecos que m\u00e1s han participado.\u00a0 Le doy la bienvenida a Luigi para que el nos cuente de este nuevo proyecto y que lo motiv\u00f3 para realizarlo.<\/p>\n<p style=\"text-align: justify;\"><strong>Mi querido Luigi definitivamente cuando algo te gusta no lo puedes dejar y t\u00fa no cabe duda amas la producci\u00f3n \u00bfQu\u00e9 te hizo involucrarte en el proyecto de \u201cNerea\u201d?<\/strong> Ten\u00eda la idea de hacer un corto de terror y se present\u00f3 la oportunidad de trabajar con un joven talentoso en efectos especiales como lo es Kike Rodr\u00edguez.<\/p>\n<p style=\"text-align: justify;\"><strong>A prop\u00f3sito de Nerea \u00bfQu\u00e9 significa?<\/strong> Nerea es un nombre femenino griego, se asocia con las ninfas, con el agua, literalmente significa \u00abLa que manda en el mar\u00bb.<\/p>\n<p style=\"text-align: justify;\"><strong>\u00bfCon qui\u00e9n unes tus ideas para crear esta producci\u00f3n?<\/strong> Me uno con Jorge Liquidano (Coproductor), con Josh Veliz (Guionista cinematogr\u00e1fico) y Axel Reyes (Director) y un grupo de talentosos j\u00f3venes cineastas.<\/p>\n<p style=\"text-align: justify;\"><strong>\u00bfC\u00f3mo te llevas en lo personal con Josh Veliz y Axel Reyes? \u00bfSon amigos desde hace mucho?<\/strong> a estos dos talentosos j\u00f3venes los conoc\u00ed cuando particip\u00e9 como actor en un cortometrajes que ellos estaban grabando. Me llevo bien con ambos aunque Josh es un poco m\u00e1s reservado. Ambos muy buenos y talentosos.<a href=\"https:\/\/heidysandovalruiz.com\/wp-content\/uploads\/2017\/10\/21766580_10156277156279528_1703492717833919705_n.jpg\"><img loading=\"lazy\" decoding=\"async\" class=\"size-medium wp-image-5441 alignright\" src=\"https:\/\/heidysandovalruiz.com\/wp-content\/uploads\/2017\/10\/21766580_10156277156279528_1703492717833919705_n-300x204.jpg\" alt=\"21766580_10156277156279528_1703492717833919705_n\" width=\"300\" height=\"204\" srcset=\"https:\/\/heidysandovalruiz.com\/wp-content\/uploads\/2017\/10\/21766580_10156277156279528_1703492717833919705_n-300x204.jpg 300w, https:\/\/heidysandovalruiz.com\/wp-content\/uploads\/2017\/10\/21766580_10156277156279528_1703492717833919705_n.jpg 960w\" sizes=\"auto, (max-width: 300px) 100vw, 300px\" \/><\/a><\/p>\n<p style=\"text-align: justify;\"><strong>\u00bfC\u00f3mo seleccionaron a los artistas principales y secundarios?<\/strong> Karla Baso acept\u00f3 la invitaci\u00f3n a interpretar a \u00abNerea\u00bb que es el personaje principal de la historia, para esto viaj\u00f3 desde M\u00e9xico precisamente en el momento se estaba produciendo el terremoto en el pa\u00eds vecino, los otros personajes entraron al proyecto por recomendaciones como muy buenos actores y actrices.<\/p>\n<p style=\"text-align: justify;\"><strong>\u00bfQu\u00e9 nos puedes contar de Karla Baso? \u00bfC\u00f3mo le hacen llegar la invitaci\u00f3n a participar?<\/strong> Karla est\u00e1 radicada en M\u00e9xico desde hace varios a\u00f1os, su carrera art\u00edstica en M\u00e9xico la ha llevado muy alto y es muy querida. Karla no solo tiene una belleza f\u00edsica excepcional pero tambi\u00e9n la tiene como persona. Ya hab\u00edamos tenido contacto para el proyecto de un largometraje y de all\u00ed naci\u00f3 nuestra amistad.<\/p>\n<p style=\"text-align: justify;\"><strong>S\u00e9 que la locaci\u00f3n se realiza en Antigua \u00bfPor qu\u00e9 escogen este lugar y d\u00f3nde es el punto exacto?<\/strong> Se realizaron escenas en Antigua Guatemala porque necesit\u00e1bamos un lugar muy elegante y distinguido para las escenas de Nerea, gracias al patrocinio de Pablo D\u00edaz quien es el due\u00f1o del Restaurante El Sereno en la Antigua, pudimos grabar escenas en el bar del restaurante, adem\u00e1s de todas las atenciones que nos brind\u00f3 a los actores y al grupo t\u00e9cnico. Aprovecho tambi\u00e9n para agradecer al Restaurante Saberico por su patrocinio de comida y bebida.<\/p>\n<p style=\"text-align: justify;\"><strong>Adem\u00e1s del Bar \u00bfQu\u00e9 otros escenarios tiene Nerea?<\/strong> es un cortometraje, entonces la historia solo se desarrolla en interiores, el bar en la Antigua y una casa particular en San Lucas Sacatep\u00e9quez.<\/p>\n<p style=\"text-align: justify;\"><strong><a href=\"https:\/\/heidysandovalruiz.com\/wp-content\/uploads\/2017\/10\/22007709_10156277154709528_601502963741481332_n.jpg\"><img loading=\"lazy\" decoding=\"async\" class=\"size-medium wp-image-5442 alignleft\" src=\"https:\/\/heidysandovalruiz.com\/wp-content\/uploads\/2017\/10\/22007709_10156277154709528_601502963741481332_n-300x200.jpg\" alt=\"22007709_10156277154709528_601502963741481332_n\" width=\"300\" height=\"200\" srcset=\"https:\/\/heidysandovalruiz.com\/wp-content\/uploads\/2017\/10\/22007709_10156277154709528_601502963741481332_n-300x200.jpg 300w, https:\/\/heidysandovalruiz.com\/wp-content\/uploads\/2017\/10\/22007709_10156277154709528_601502963741481332_n.jpg 960w\" sizes=\"auto, (max-width: 300px) 100vw, 300px\" \/><\/a>\u00bfC\u00f3mo se logra fusi\u00f3n de Colectiva Films Co. y Cinematogr\u00e1fica Tikal?<\/strong> gracias al apoyo y confianza que tuvo Jorge Liquidano en el proyecto, unimos esfuerzos para realizar este cortometaje.<\/p>\n<p style=\"text-align: justify;\"><strong>\u00bfHubo alg\u00fan atraso en la producci\u00f3n?<\/strong> definitivamente tuvimos atrasos, siempre en una producci\u00f3n por muy grande o peque\u00f1a que sea, se presentan inconvenientes como problemas de tr\u00e1fico, problemas con el equipo, etc.<\/p>\n<p style=\"text-align: justify;\"><strong>\u00bfEn cu\u00e1nto tiempo se realiz\u00f3 la grabaci\u00f3n?<\/strong> fueron tres d\u00edas de grabaci\u00f3n.<\/p>\n<p style=\"text-align: justify;\"><strong>\u00bfQu\u00e9 se nos presenta en esta historia?<\/strong> Muy resumido: es la historia de un joven inseguro de s\u00ed mismo, muy t\u00edmido que estando con un grupo de amigos conoce a una enigm\u00e1tica y bella mujer, la cual est\u00e1 dispuesta a todo por su amor. Mezclamos romance, suspenso y terror.<\/p>\n<p style=\"text-align: justify;\"><strong>La pregunta del mill\u00f3n \u00bfQu\u00e9 papel desempe\u00f1as? Has representado varios personajes entre ellos un mudo y un taxista por decir algo \u00bfY cu\u00e1l es la sorpresa para este cortometraje? <\/strong>represento a un abuelo abandonado y enfermo que vive de las a\u00f1oranzas de su pasado, viendo fotos y videos viejos (mmmm&#8230;..ahora que me doy cuenta creo mi personaje y mi vida real son lo mismo)\u00a0 \ud83d\ude42<\/p>\n<p style=\"text-align: justify;\"><strong>\u00bfCu\u00e1ntas personas participan incluyendo a maquillistas, extras, equipo de producci\u00f3n, etc.?<\/strong> Somos m\u00e1s o menos unas 40 personas.<a href=\"https:\/\/heidysandovalruiz.com\/wp-content\/uploads\/2017\/10\/22007300_10156277153874528_839039838219115745_n.jpg\"><img loading=\"lazy\" decoding=\"async\" class=\"size-medium wp-image-5443 alignright\" src=\"https:\/\/heidysandovalruiz.com\/wp-content\/uploads\/2017\/10\/22007300_10156277153874528_839039838219115745_n-300x200.jpg\" alt=\"22007300_10156277153874528_839039838219115745_n\" width=\"300\" height=\"200\" srcset=\"https:\/\/heidysandovalruiz.com\/wp-content\/uploads\/2017\/10\/22007300_10156277153874528_839039838219115745_n-300x200.jpg 300w, https:\/\/heidysandovalruiz.com\/wp-content\/uploads\/2017\/10\/22007300_10156277153874528_839039838219115745_n.jpg 960w\" sizes=\"auto, (max-width: 300px) 100vw, 300px\" \/><\/a><\/p>\n<p style=\"text-align: justify;\"><strong>\u00bfC\u00f3mo defines el resultado de este trabajo?<\/strong> estamos de momento en el proceso de postproducci\u00f3n pero el material que he visto est\u00e1 excelente, tenemos un muy buen proyecto. Nos llevamos muy bien con el grupo t\u00e9cnico y art\u00edstico, siempre hay uno que otro problema pero hey! NADA es perfecto en esta vida.<\/p>\n<p style=\"text-align: justify;\"><strong>\u00bfD\u00f3nde podr\u00e1n ver Nerea y cu\u00e1ndo es la fecha del estreno?<\/strong> Est\u00e1 planeado el estreno el 31 de octubre (Halloween) por Guatevisi\u00f3n si todo va bien.<\/p>\n<p style=\"text-align: justify;\"><strong>\u00bfHay otros proyectos para lo que resta del a\u00f1o<\/strong>? pues espero podamos hacer m\u00e1s cortometrajes, Nerea es un personaje que merece hici\u00e9ramos una serie.<\/p>\n<p style=\"text-align: justify;\"><strong>\u00bfPuedes enviar un\u00a0 mensaje a quienes lean la entrevista<\/strong>? Saludos amigos y amigas seguidores de \u201cLas entrevistas de Heidy\u201d, muchas gracias por su apoyo. Espero les guste Nerea, es muy diferente a mis producciones anteriores. Especialmente porque fu\u00e9 hecha con el talento y nuevas ideas y conceptos de la nueva generaci\u00f3n de j\u00f3venes cineastas. Y ya sabes Heidy, mi cari\u00f1o y respeto para ti que siempre estas apoyando al artista nacional, a artistas extranjeros y a toda manifestaci\u00f3n art\u00edstica.<\/p>\n<p style=\"text-align: justify;\">Agradezco a Luigi el haber compartido informaci\u00f3n de su nuevo trabajo y adem\u00e1s, aprovecho para felicitarlo porque como entrevistador lo hace muy bien y esto lo digo por las notas que ha publicado relacionadas con mi persona.<\/p>\n<p style=\"text-align: justify;\">Fotograf\u00edas cortes\u00eda de\u00a0<a id=\"js_2xi\" href=\"https:\/\/www.facebook.com\/marco.ortiz.376\" data-hovercard=\"\/ajax\/hovercard\/user.php?id=1445980329&amp;extragetparams=%7B%22directed_target_id%22%3A0%7D\" data-hovercard-prefer-more-content-show=\"1\">Marco Ortiz<\/a><\/p>\n<p><iframe loading=\"lazy\" width=\"560\" height=\"415\" src=\"https:\/\/www.youtube.com\/embed\/nUWshpsblzE\" frameborder=\"0\" allow=\"autoplay; encrypted-media\" allowfullscreen><\/iframe><\/p>\n<p style=\"text-align: justify;\">\n<p style=\"text-align: justify;\">Les invitamos para que se unan al grupo de \u00ab<strong>Artistas de Guatemala para el Mundo\u00bb<\/strong> en este link <a href=\"http:\/\/on.fb.me\/1sn2wSf\">http:\/\/on.fb.me\/1sn2wSf<\/a> \u00a0\u00a0el cual tiene como prop\u00f3sito compartir videos, fotos, an\u00e9cdotas y todo lo de nuestros artistas en las diferentes d\u00e9cadas.<\/p>\n<p style=\"text-align: justify;\">Hemos creado el grupo \u201c<strong>Las entrevistas de Heidy<\/strong>\u201d que pueden localizar en<\/p>\n<p style=\"text-align: justify;\"><a href=\"https:\/\/www.facebook.com\/groups\/1443599465933701\/\">https:\/\/www.facebook.com\/groups\/1443599465933701\/<\/a><\/p>\n<p style=\"text-align: justify;\">Tambi\u00e9n ponemos a su disposici\u00f3n el grupo \u201c<strong>Un siglo de anuncios y algo m\u00e1s\u2026\u201d,<\/strong> un espacio donde pueden compartir o comentar los post que se publiquen <a href=\"http:\/\/on.fb.me\/1vASm2g\">http:\/\/on.fb.me\/1vASm2g<\/a><\/p>\n<p style=\"text-align: justify;\"><strong>Las entrevistas las pueden leer en los siguientes links:<\/strong><\/p>\n<p style=\"text-align: justify;\"><a href=\"http:\/\/www.heidysandovalruiz.com\">http:\/\/www.heidysandovalruiz.com<\/a><\/p>\n<p style=\"text-align: justify;\"><a href=\"http:\/\/lasentrevistasdeheidy.blogspot.com\">http:\/\/lasentrevistasdeheidy.blogspot.com<\/a><\/p>\n<p style=\"text-align: justify;\"><a href=\"https:\/\/www.facebook.com\/pages\/Los-invitados-de-Heidy\/892159284204965?ref=hl\">https:\/\/www.facebook.com\/pages\/Los-invitados-de-Heidy\/892159284204965?ref=hl<\/a><\/p>\n<p style=\"text-align: justify;\"><strong>Entrevista por Heidy Sandoval Ruiz<\/strong><\/p>\n","protected":false},"excerpt":{"rendered":"<div class=\"mh-excerpt\"><p>En la \u201cCara amiga de los invitados de Heidy\u201d present\u00f3 una vez m\u00e1s a un buen amigo de este espacio: Luigi Lanuza quien recientemente trabaj\u00f3 <a class=\"mh-excerpt-more\" href=\"https:\/\/heidysandovalruiz.com\/?p=5439\" title=\"\u00abNerea\u00bb una producci\u00f3n de Luigi Lanuza\">[&#8230;]<\/a><\/p>\n<\/div>","protected":false},"author":4,"featured_media":5440,"comment_status":"closed","ping_status":"closed","sticky":false,"template":"","format":"standard","meta":{"footnotes":""},"categories":[16],"tags":[374],"class_list":["post-5439","post","type-post","status-publish","format-standard","has-post-thumbnail","hentry","category-la-cara-amiga","tag-nerea-una-produccion-de-luigi-lanuza"],"_links":{"self":[{"href":"https:\/\/heidysandovalruiz.com\/index.php?rest_route=\/wp\/v2\/posts\/5439","targetHints":{"allow":["GET"]}}],"collection":[{"href":"https:\/\/heidysandovalruiz.com\/index.php?rest_route=\/wp\/v2\/posts"}],"about":[{"href":"https:\/\/heidysandovalruiz.com\/index.php?rest_route=\/wp\/v2\/types\/post"}],"author":[{"embeddable":true,"href":"https:\/\/heidysandovalruiz.com\/index.php?rest_route=\/wp\/v2\/users\/4"}],"replies":[{"embeddable":true,"href":"https:\/\/heidysandovalruiz.com\/index.php?rest_route=%2Fwp%2Fv2%2Fcomments&post=5439"}],"version-history":[{"count":4,"href":"https:\/\/heidysandovalruiz.com\/index.php?rest_route=\/wp\/v2\/posts\/5439\/revisions"}],"predecessor-version":[{"id":5562,"href":"https:\/\/heidysandovalruiz.com\/index.php?rest_route=\/wp\/v2\/posts\/5439\/revisions\/5562"}],"wp:featuredmedia":[{"embeddable":true,"href":"https:\/\/heidysandovalruiz.com\/index.php?rest_route=\/wp\/v2\/media\/5440"}],"wp:attachment":[{"href":"https:\/\/heidysandovalruiz.com\/index.php?rest_route=%2Fwp%2Fv2%2Fmedia&parent=5439"}],"wp:term":[{"taxonomy":"category","embeddable":true,"href":"https:\/\/heidysandovalruiz.com\/index.php?rest_route=%2Fwp%2Fv2%2Fcategories&post=5439"},{"taxonomy":"post_tag","embeddable":true,"href":"https:\/\/heidysandovalruiz.com\/index.php?rest_route=%2Fwp%2Fv2%2Ftags&post=5439"}],"curies":[{"name":"wp","href":"https:\/\/api.w.org\/{rel}","templated":true}]}}