{"id":5447,"date":"2017-11-06T03:52:33","date_gmt":"2017-11-06T03:52:33","guid":{"rendered":"http:\/\/heidysandovalruiz.com\/?p=5447"},"modified":"2017-11-06T03:58:28","modified_gmt":"2017-11-06T03:58:28","slug":"alex-maldonado-el-premio-nacional-de-periodismo","status":"publish","type":"post","link":"https:\/\/heidysandovalruiz.com\/?p=5447","title":{"rendered":"Alex Maldonado: el Premio Nacional de Periodismo"},"content":{"rendered":"<p style=\"text-align: justify;\">En la \u201c<strong>Cara amiga de los invitados de Heidy\u201d<\/strong> presento en esta oportunidad al periodista <strong>Alex Maldonado<\/strong> quien integra la Comisi\u00f3n del Premio Nacional de Periodismo del Instituto de Previsi\u00f3n Social del Periodista, IPSP. Para conocer m\u00e1s al respecto de este premio conversamos con Alex quien nos ampl\u00eda la informaci\u00f3n al respecto.<\/p>\n<p style=\"text-align: justify;\"><strong>Para dar inicio a la entrevista puedes comentarnos \u00bfC\u00f3mo surge la idea de crear un premio nacional de prensa? <\/strong>B\u00e1sicamente de la necesidad de reconocer el buen trabajo del gremio. En Guatemala no exist\u00eda un reconocimiento a la labor period\u00edstica.<\/p>\n<p style=\"text-align: justify;\"><strong>\u00bfCu\u00e1ndo fue la primera vez que se llev\u00f3 a cabo? <\/strong>En 2014, este a\u00f1o se realizar\u00e1 la cuarta edici\u00f3n.<\/p>\n<p style=\"text-align: justify;\"><strong>\u00bfRecuerdas qui\u00e9nes fueron los ganadores? <\/strong>Los nombres no los tengo en mente en este momento, pero fueron trabajos sobre la realidad nacional, la pol\u00edtica y hubo uno deportivo. Lo cierto es que cada participante presenta una selecci\u00f3n de su trabajo, y le se decir que la calidad es grande. Es por ello que la escogencia ha sido, a\u00f1o con a\u00f1o, dif\u00edcil para quienes integran el jurado.<\/p>\n<p style=\"text-align: justify;\"><strong>\u00bfCu\u00e1l es el objetivo de realizar este concurso? <\/strong>El periodismo es odiado y querido, seg\u00fan la posici\u00f3n en la que se encuentren los autores de las noticias que se publican y si estos son gente de poder (econ\u00f3mico o pol\u00edtico) una buena noticia de investigaci\u00f3n o de denuncia en contra de ellos es un golpe para el autor, porque luego viene el acoso, las llamadas a las redacciones, la censura y producto de ello la autocensura. Reconocer esos buenos trabajos en parte es tarea de nosotros mismos y que mejor forma de acuerparnos que hacer un reconocimiento p\u00fablico y recordarle a la sociedad cuales han sido esas publicaciones, a\u00f1o con a\u00f1o. El premio econ\u00f3mico que se da queda, para nosotros, en segundo plano. Buscamos que ganar el premio sea m\u00e1s una motivaci\u00f3n a seguir haciendo un buen trabajo. Si masificamos ese pensamiento gana el participante, gana el gremio y gana el pa\u00eds con periodismo de calidad.<\/p>\n<p style=\"text-align: justify;\"><strong>\u00bfQui\u00e9nes pueden optar a participar? <\/strong>Todo el que haga periodismo y publique sus notas en alg\u00fan medio que genere impacto. No tienen que ser solo los medios tradicionales. La web est\u00e1 generando mucha opini\u00f3n y contenidos de calidad, solo necesitamos que tanto el participante como el medio sean entidades serias como nosotros lo somos al organizar el evento. Adem\u00e1s, los trabajos deben llenar los requisitos establecidos en las bases de cada categor\u00eda que las hemos establecido seg\u00fan lineamientos de los g\u00e9neros period\u00edsticos.<a href=\"https:\/\/heidysandovalruiz.com\/wp-content\/uploads\/2017\/11\/LOGO.jpg\"><img loading=\"lazy\" decoding=\"async\" class=\"size-medium wp-image-5449 alignright\" src=\"https:\/\/heidysandovalruiz.com\/wp-content\/uploads\/2017\/11\/LOGO-300x172.jpg\" alt=\"LOGO\" width=\"300\" height=\"172\" srcset=\"https:\/\/heidysandovalruiz.com\/wp-content\/uploads\/2017\/11\/LOGO-300x172.jpg 300w, https:\/\/heidysandovalruiz.com\/wp-content\/uploads\/2017\/11\/LOGO-1024x587.jpg 1024w, https:\/\/heidysandovalruiz.com\/wp-content\/uploads\/2017\/11\/LOGO.jpg 1236w\" sizes=\"auto, (max-width: 300px) 100vw, 300px\" \/><\/a><\/p>\n<p style=\"text-align: justify;\"><strong>En estos a\u00f1os \u00bfHa habido participaci\u00f3n de periodistas departamentales? <\/strong>Recuerdo que el primer a\u00f1o no. El segundo hubo algunos y el a\u00f1o pasado aument\u00f3. Este a\u00f1o creamos una categor\u00eda espec\u00edfica para motivarlos a participar. Pero la idea no es motivarlos a ganar un premio, sino ha hacer buen periodismo y producto de eso, sus trabajos se vuelven candidatos a participar en cert\u00e1menes y a ganarlos. El periodismo departamental siempre ha estado descuidado y desincentivado por lo que quienes lo ejercen tienen menor motivaci\u00f3n. Sin embargo, con la llegada de Internet han encontrado espacios que les han sido negados. Creemos que el periodismo departamental es muy importante.<\/p>\n<p style=\"text-align: justify;\"><strong>\u00bfQu\u00e9 categor\u00edas son las que se premian? <\/strong>Este a\u00f1o vamos a reconocer cuatro: Fotograf\u00eda, Investigaci\u00f3n, Cobertura diaria y Cobertura de un corresponsal departamental.<\/p>\n<p style=\"text-align: justify;\"><strong>\u00bfDe qu\u00e9 fecha a que fecha deben haberse publicado los trabajos a participar? <\/strong>Siempre van de noviembre del a\u00f1o anterior a octubre del a\u00f1o que se va premiar. Lo mismo ocurre este a\u00f1o.<\/p>\n<p style=\"text-align: justify;\"><strong>\u00bfCu\u00e1ndo finaliz\u00f3 la entrega de trabajos? <\/strong>La entrega de este a\u00f1o finaliz\u00f3 el s\u00e1bado reci\u00e9n pasado (4 de noviembre). Los participantes pudieron llevarlos personalmente a nuestra sede o los enviaron por Internet. Hay colegas que les gusta el proceso tradicional, aunque este a\u00f1o la mayor\u00eda los envi\u00f3 v\u00eda electr\u00f3nica.<\/p>\n<p style=\"text-align: justify;\"><strong>\u00bfQui\u00e9nes conforman la comisi\u00f3n que tiene a su cargo este concurso? <\/strong>Somos cinco miembros, todos periodistas afiliados al IPSP, por supuesto. Su servidor, soy el fundador y coordinador del evento. Tambi\u00e9n trabajan en la orgaizaci\u00f3n Ingrid Valenzuela, Patricia Ram\u00edrez, Gladys Ram\u00edrez y Luis Mario Morales.<\/p>\n<p style=\"text-align: justify;\"><strong>\u00bfC\u00f3mo se selecciona a los ganadores? <\/strong>Ese es trabajo del jurado. Ellos son seleccionados de entre tantos periodistas de trayectoria en Guatemala, luego de que los proponemos, les solicitamos que nos apoyen con esa funci\u00f3n y, si aceptan, son quienes determinan cuales son los mejores trabajos seg\u00fan los requisitos establecidos para cada categor\u00eda y las normas que dicta el periodismo.<\/p>\n<figure id=\"attachment_5450\" aria-describedby=\"caption-attachment-5450\" style=\"width: 225px\" class=\"wp-caption alignleft\"><a href=\"https:\/\/heidysandovalruiz.com\/wp-content\/uploads\/2017\/11\/Premio-2016-embajada-de-Mexico.jpg\"><img loading=\"lazy\" decoding=\"async\" class=\"size-medium wp-image-5450\" src=\"https:\/\/heidysandovalruiz.com\/wp-content\/uploads\/2017\/11\/Premio-2016-embajada-de-Mexico-225x300.jpg\" alt=\"dav\" width=\"225\" height=\"300\" srcset=\"https:\/\/heidysandovalruiz.com\/wp-content\/uploads\/2017\/11\/Premio-2016-embajada-de-Mexico-225x300.jpg 225w, https:\/\/heidysandovalruiz.com\/wp-content\/uploads\/2017\/11\/Premio-2016-embajada-de-Mexico-768x1024.jpg 768w\" sizes=\"auto, (max-width: 225px) 100vw, 225px\" \/><\/a><figcaption id=\"caption-attachment-5450\" class=\"wp-caption-text\">dav<\/figcaption><\/figure>\n<p style=\"text-align: justify;\"><strong>\u00bfQu\u00e9 trabajos pueden ser rechazados? <\/strong>Los que no cumplan los requistos, tanto de las bases, como del periodismo.<\/p>\n<p style=\"text-align: justify;\"><strong>\u00bfQui\u00e9nes patrocinan esta actividad?<\/strong> Tenemos delegaciones diplom\u00e1ticas que nos han apoyado desde el inicio como las embajadas de Estados Unidos y M\u00e9xico. Adem\u00e1s de entidades privadas como Energuate, Bantrab, Walmart y ahora Cementos Progreso.<\/p>\n<p style=\"text-align: justify;\"><strong>\u00bfQu\u00e9 premios se entregar\u00e1n a los ganadores? <\/strong>Hay incentivos econ\u00f3micos que se dan en la noche de premiaci\u00f3n, pero nosotros buscamos que m\u00e1s sea el reconocimiento p\u00fablico el que motive a participar en el certamen.<\/p>\n<p style=\"text-align: justify;\"><strong>\u00bfPara cu\u00e1ndo se tiene programada la premiaci\u00f3n? <\/strong>Este a\u00f1o ser\u00e1 el martes 5 de diciembre, en la sede de la Embajada de M\u00e9xico.<\/p>\n<p style=\"text-align: justify;\">Agradezco a Alex Maldonado el habernos enriquecido con esta informaci\u00f3n y desde ya les deseamos \u00e9xitos en este evento.<\/p>\n<p style=\"text-align: justify;\"><strong>Entrevista realizada por Heidy Sandoval Ruiz<\/strong><\/p>\n<p style=\"text-align: justify;\"><strong>\u00a0<\/strong><\/p>\n","protected":false},"excerpt":{"rendered":"<div class=\"mh-excerpt\"><p>En la \u201cCara amiga de los invitados de Heidy\u201d presento en esta oportunidad al periodista Alex Maldonado quien integra la Comisi\u00f3n del Premio Nacional de <a class=\"mh-excerpt-more\" href=\"https:\/\/heidysandovalruiz.com\/?p=5447\" title=\"Alex Maldonado: el Premio Nacional de Periodismo\">[&#8230;]<\/a><\/p>\n<\/div>","protected":false},"author":4,"featured_media":5448,"comment_status":"closed","ping_status":"closed","sticky":false,"template":"","format":"standard","meta":{"footnotes":""},"categories":[16],"tags":[375],"class_list":["post-5447","post","type-post","status-publish","format-standard","has-post-thumbnail","hentry","category-la-cara-amiga","tag-alex-maldonado-el-premio-nacional-de-periodismo"],"_links":{"self":[{"href":"https:\/\/heidysandovalruiz.com\/index.php?rest_route=\/wp\/v2\/posts\/5447","targetHints":{"allow":["GET"]}}],"collection":[{"href":"https:\/\/heidysandovalruiz.com\/index.php?rest_route=\/wp\/v2\/posts"}],"about":[{"href":"https:\/\/heidysandovalruiz.com\/index.php?rest_route=\/wp\/v2\/types\/post"}],"author":[{"embeddable":true,"href":"https:\/\/heidysandovalruiz.com\/index.php?rest_route=\/wp\/v2\/users\/4"}],"replies":[{"embeddable":true,"href":"https:\/\/heidysandovalruiz.com\/index.php?rest_route=%2Fwp%2Fv2%2Fcomments&post=5447"}],"version-history":[{"count":3,"href":"https:\/\/heidysandovalruiz.com\/index.php?rest_route=\/wp\/v2\/posts\/5447\/revisions"}],"predecessor-version":[{"id":5453,"href":"https:\/\/heidysandovalruiz.com\/index.php?rest_route=\/wp\/v2\/posts\/5447\/revisions\/5453"}],"wp:featuredmedia":[{"embeddable":true,"href":"https:\/\/heidysandovalruiz.com\/index.php?rest_route=\/wp\/v2\/media\/5448"}],"wp:attachment":[{"href":"https:\/\/heidysandovalruiz.com\/index.php?rest_route=%2Fwp%2Fv2%2Fmedia&parent=5447"}],"wp:term":[{"taxonomy":"category","embeddable":true,"href":"https:\/\/heidysandovalruiz.com\/index.php?rest_route=%2Fwp%2Fv2%2Fcategories&post=5447"},{"taxonomy":"post_tag","embeddable":true,"href":"https:\/\/heidysandovalruiz.com\/index.php?rest_route=%2Fwp%2Fv2%2Ftags&post=5447"}],"curies":[{"name":"wp","href":"https:\/\/api.w.org\/{rel}","templated":true}]}}