{"id":546,"date":"2013-11-22T00:33:30","date_gmt":"2013-11-22T00:33:30","guid":{"rendered":"http:\/\/heidysandovalruiz.com\/?p=546"},"modified":"2014-01-24T01:35:28","modified_gmt":"2014-01-24T01:35:28","slug":"la-cara-amiga-de-leslie-medina","status":"publish","type":"post","link":"https:\/\/heidysandovalruiz.com\/?p=546","title":{"rendered":"La cara amiga de \u00abLeslie Medina\u00bb"},"content":{"rendered":"<div>\n<p style=\"text-align: justify;\"><span style=\"color: #003366;\"><span style=\"font-family: Arial, sans-serif;\">En \u201c<strong>La cara amiga de nuestros invitados<\/strong>\u201d, hoy nos complace presentarles la entrevista que realizamos a<strong> Leslie Medina,<\/strong> una artista que desde los 5 a\u00f1os se sinti\u00f3 atra\u00edda por las artes y lo m\u00e1s importante que siempre ha contado con el apoyo de su familia.<\/span><span style=\"font-family: Arial, sans-serif;\">\u00a0\u00a0<\/span><span style=\"font-family: Arial, sans-serif;\">Leslie acept\u00f3 conversar con nosotros en este espacio, donde se puede decir lo que se quiere y lo que en otros medios no se puede.<\/span><\/span><\/p>\n<\/div>\n<div style=\"text-align: justify;\">\n<p><span style=\"color: #003366;\"><span style=\"font-family: Arial, sans-serif;\">Desde muy peque\u00f1a eras inquieta, qu\u00e9 opinas de quienes traen un talento?\u00a0<\/span><b style=\"color: #741b47; font-family: Arial, sans-serif;\">Que el tener un talento sea cual sea es una bendici\u00f3n y que es muy lindo poder compartir con los dem\u00e1s y luchen por alcanzar sus sue\u00f1os y metas.<\/b><\/span><\/p>\n<\/div>\n<div style=\"text-align: justify;\">\n<p><span style=\"color: #003366;\"><span style=\"font-family: Arial, sans-serif;\">A qui\u00e9n te gustaba imitar, porque me imagino que en el colegio te pon\u00edas a cantar en alguna actividad?\u00a0<\/span><b style=\"color: #741b47; font-family: Arial, sans-serif;\">De ni\u00f1a yo quer\u00eda llegar ser como Xuxa y pasaba horas imit\u00e1ndola tanto que cuando me inici\u00e9 en la m\u00fasica mi vestuario ten\u00eda mucho de ella jejeje.<\/b><\/span><\/p>\n<\/div>\n<div style=\"text-align: justify;\">\n<p><span style=\"color: #003366;\"><span style=\"font-family: Arial, sans-serif;\">Te iniciaste muy joven, pero quien te da ese apoyo para presentarte profesionalmente?\u00a0<\/span><b style=\"color: #741b47; font-family: Arial, sans-serif;\">Me inici\u00e9 desde los 5 a\u00f1os y pues mi pap\u00e1 fue el que me motivo y el que siempre me ha apoyado hasta el d\u00eda de hoy.<\/b><\/span><\/p>\n<\/div>\n<div style=\"text-align: justify;\">\n<p><span style=\"color: #003366;\"><span style=\"font-family: Arial, sans-serif;\">Cu\u00e1l fue tu primer disco?\u00a0<\/span><b style=\"color: #741b47; font-family: Arial, sans-serif;\">Mi primer disco se titul\u00f3 \u201cSin tu amor\u201d en el ven\u00edan varios cober de artistas que siempre admir\u00e9 y so\u00f1\u00e9 en grabar sus temas alg\u00fan d\u00eda.<\/b><\/span><\/p>\n<\/div>\n<div style=\"text-align: justify;\">\n<p><span style=\"color: #003366;\"><span style=\"font-family: Arial, sans-serif;\">Cu\u00e1ntos discos has grabado?\u00a0<\/span><b style=\"color: #741b47; font-family: Arial, sans-serif;\">Hasta el momento llevo 15 discos grabados y temas al rededor de unos 100 temas que no he incluido en discos.<\/b><\/span><\/p>\n<\/div>\n<div style=\"text-align: justify;\">\n<p><span style=\"color: #003366; font-family: Arial, sans-serif;\">Hace cuantos a\u00f1os te iniciaste en la carrera musical, perteneciste a alguna agrupaci\u00f3n musical o desde siempre has sido solista?<\/span><\/p>\n<\/div>\n<div style=\"text-align: justify;\">\n<p><span style=\"color: #003366; font-family: Arial, sans-serif;\"><b>Ya tengo 16 a\u00f1os en el \u00e1mbito musical como solista y por unos a\u00f1os conform\u00e9 un d\u00fao con An\u00edbal Coro con los temas \u00abLa Hoja en Blanco\u00bb, \u00abOlv\u00eddame\u00bb y \u00abNo soy culpable\u00bb.<\/b><\/span><\/p>\n<\/div>\n<div style=\"text-align: justify;\">\n<p><span style=\"color: #003366;\"><span style=\"font-family: Arial, sans-serif;\">\u00bfC\u00f3mo crees que ha sido el camino que has recorrido en el medio art\u00edstico?\u00a0<\/span><b style=\"color: #741b47; font-family: Arial, sans-serif;\">No ha sido f\u00e1cil pero no me puedo quejar porque estoy muy feliz con lo que he logrado ya que tengo la dicha y la bendici\u00f3n de contar con el apoyo del p\u00fablico y de los medios de comunicaci\u00f3n, adem\u00e1s he disfrutado el conocer mucha gente y recorrer mi bella Guatemala y otros pa\u00edses.<\/b><\/span><\/p>\n<\/div>\n<div style=\"text-align: justify;\">\n<p><span style=\"color: #003366;\"><span style=\"font-family: Arial, sans-serif;\">\u00bfCu\u00e1l crees que es el sector donde m\u00e1s tienes presentaciones o donde m\u00e1s solicitan de tus actuaciones?\u00a0<\/span><b style=\"color: #741b47; font-family: Arial, sans-serif;\">Mi g\u00e9nero musical es muy comercial y por ello es muy solicitado y gracias a ello tengo la bendici\u00f3n que a lo largo de estos 16 a\u00f1os, me he presentado en casi todo el territorio guatemalteco.<\/b><\/span><\/p>\n<\/div>\n<div style=\"text-align: justify;\">\n<p><span style=\"color: #003366;\"><span style=\"font-family: Arial, sans-serif;\">\u00bfCu\u00e1les consideras que han sido las mejores presentaciones que has tenido hasta el momento? \u00a0<\/span><b style=\"color: #741b47; font-family: Arial, sans-serif;\">Es una pregunta dif\u00edcil pues todas me las he disfrutado jejeje pero podr\u00eda decirte que las que han marcado mi vida fue cuando grabe mi DVD en vivo con p\u00fablico que me ha apoyado desde que inici\u00e9 mi carrera y cuando me ha tocado abrir conciertos de artistas extranjeros.<\/b><\/span><\/p>\n<\/div>\n<div style=\"text-align: justify;\">\n<p><span style=\"color: #003366;\"><span style=\"font-family: Arial, sans-serif;\">Hablando de artistas internacionales a qui\u00e9nes les has iniciado el show?\u00a0<\/span><b style=\"color: #741b47; font-family: Arial, sans-serif;\">Claro ac\u00e1 en Guatemala Vicente y Alejandro Fern\u00e1ndez, Marco Antonio Sol\u00eds, Juan Gabriel, Los Temerarios, Los Tigres del Norte entre otros.<\/b><\/span><\/p>\n<\/div>\n<div style=\"text-align: justify;\">\n<p><span style=\"color: #003366;\"><span style=\"font-family: Arial, sans-serif;\">\u00bfCu\u00e1les crees que son tus cualidades como persona y como artista?\u00a0<\/span><b style=\"color: #741b47; font-family: Arial, sans-serif;\">Pues como persona me considero sincera y servicial, disfruto mucho el ser de bendici\u00f3n para otras personas y como artista es que siempre he tenido los pies sobre la tierra, me considero una persona normal.<\/b><\/span><\/p>\n<\/div>\n<div style=\"text-align: justify;\">\n<p><span style=\"color: #003366;\"><span style=\"font-family: Arial, sans-serif;\">Tienes alguna canci\u00f3n que sea tu favorita?\u00a0<\/span><b style=\"color: #741b47; font-family: Arial, sans-serif;\">Siempre me encant\u00f3 el tema \u201cComo te va mi amor\u201d de Pandora y disfruto mucho el cantar la nueva versi\u00f3n que se hiso para incluirla en mi disco.<\/b><\/span><\/p>\n<\/div>\n<div style=\"text-align: justify;\">\n<p><span style=\"color: #003366;\"><span style=\"font-family: Arial, sans-serif;\">Cu\u00e1ntas canciones has escrito y en que te inspiras?\u00a0<\/span><b style=\"color: #741b47; font-family: Arial, sans-serif;\">Siempre me he considerado no muy buena para escribir canciones as\u00ed que son pocas las canciones propias que he escrito pero tengo como 50 temas en los me inspira el amor, la vida, y la m\u00e1s reciente canci\u00f3n que compuse se llama amor sincero que fue escrita para mi hijo Diego que es mi fuente de inspiraci\u00f3n.<\/b><\/span><\/p>\n<\/div>\n<div style=\"text-align: justify;\">\n<p><span style=\"color: #003366;\"><span style=\"font-family: Arial, sans-serif;\">Qu\u00e9 te recuerda \u201cLa chica bomba\u201d?\u00a0<\/span><b style=\"color: #741b47; font-family: Arial, sans-serif;\">jejej me recuerda a una de las \u00e9pocas de mi vida art\u00edstica muy hermosa pues fue el p\u00fablico quien me bautizo con ese nombre\u00a0 por dos temas que se titulaban \u201cYo soy la bomba\u201d y la \u201cChica bomba\u201d por eso se empezaron a llamarme as\u00ed.<\/b><\/span><\/p>\n<\/div>\n<div style=\"text-align: justify;\">\n<p><span style=\"color: #003366;\"><span style=\"font-family: Arial, sans-serif;\">En qu\u00e9 pa\u00edses escuchan tu m\u00fasica?\u00a0<\/span><b style=\"color: #741b47; font-family: Arial, sans-serif;\">En el Salvador, Honduras y Nicaragua, ecuador, peru, colombia, mexico y Estados Unidos.<\/b><\/span><\/p>\n<\/div>\n<div style=\"text-align: justify;\">\n<p><span style=\"color: #003366;\"><span style=\"font-family: Arial, sans-serif;\">Cu\u00e1l es el secreto para mantenerse mucho tiempo en el gusto del p\u00fablico?\u00a0<\/span><b style=\"color: #741b47; font-family: Arial, sans-serif;\">La constancia y el amor y entrega que le pongo a todo lo que hago.<\/b><\/span><\/p>\n<\/div>\n<div style=\"text-align: justify;\">\n<p><span style=\"color: #003366;\"><span style=\"font-family: Arial, sans-serif;\">Qu\u00e9 significa M\u00e9xico en tu carrera profesional?\u00a0<\/span><b style=\"color: #741b47; font-family: Arial, sans-serif;\">Un pa\u00eds con un gran mercado musical, siempre so\u00f1\u00e9 poder presentarme en M\u00e9xico y a Dios gracias lo pude hacer, conoc\u00ed a muy bella personas que actualmente son de gran apoyo all\u00e1 y\u00a0 M\u00e9xico signific\u00f3 para m\u00ed una experiencia que me hiso madurar profesionalmente.<\/b><\/span><\/p>\n<\/div>\n<div style=\"text-align: justify;\">\n<p><span style=\"color: #003366;\"><span style=\"font-family: Arial, sans-serif;\">Puedes contarnos algo de tu beb\u00e9?\u00a0<\/span><b style=\"color: #741b47; font-family: Arial, sans-serif;\">El es el ser m\u00e1s bello\u00a0 que me motiva hacer grandes cosas por \u00e9l y para \u00e9l, es el que me inspira a seguir luchando.<\/b><\/span><\/p>\n<\/div>\n<div style=\"text-align: justify;\">\n<p><span style=\"color: #003366;\"><span style=\"font-family: Arial, sans-serif;\">Cu\u00e1les son tus proyectos para lo que resta del a\u00f1o?\u00a0<\/span><b style=\"color: #741b47; font-family: Arial, sans-serif;\">Actualmente montamos un estudio con mi esposo y\u00a0 estamos poni\u00e9ndole todo nuestro empe\u00f1o a ello para lograr posicionar el estudio de grabaci\u00f3n y poder impulsar nuevos talentos.<\/b><\/span><\/p>\n<\/div>\n<div style=\"text-align: justify;\">\n<p><span style=\"color: #003366;\"><span style=\"font-family: Arial, sans-serif;\">\u00bfC\u00f3mo haces para mantenerte en forma y lucir bella en el escenario?\u00a0<\/span><b style=\"color: #741b47; font-family: Arial, sans-serif;\">Pues aunque no lo crean no soy de las chicas que hacen un mundo de dietas y ejercicio, pues tan solo dedico todos los d\u00edas dos horas de ensayo donde practico baile y comer sano nada m\u00e1s.<\/b><\/span><\/p>\n<\/div>\n<div style=\"text-align: justify;\">\n<p><span style=\"color: #003366;\"><span style=\"font-family: Arial, sans-serif;\">Y para finalizar nuestra nos puedes contar c\u00f3mo se pueden comunicar contigo?<\/span><span style=\"font-family: Arial, sans-serif;\"><b>Para poder contactarme se puede hacer por correo electr\u00f3nico<\/b>\u00a0<\/span><span style=\"font-family: Arial, sans-serif;\">magnamara25@hotmail.com<\/span><span style=\"font-family: Arial, sans-serif;\">\u00a0<b>o a los tel\u00e9fonos 55665346 \/ 42052312<\/b><\/span><\/span><\/p>\n<\/div>\n<div style=\"text-align: justify;\">\n<p><span style=\"color: #003366; font-family: Arial, sans-serif;\"><b>O me pueden buscar por Facebook como LESLIE MEDINA o en Twiter Leslie_medina<\/b><\/span><\/p>\n<\/div>\n<div>\n<p><span style=\"color: #003366;\">\u00a0<\/span><\/p>\n<\/div>\n<div>\n<p><span style=\"color: #003366;\">\u00a0<\/span><\/p>\n<\/div>\n<p><span style=\"color: #003366;\"><b><span style=\"font-family: Arial, sans-serif;\">Entrevista realizada por Heidy Sandoval Ruiz<\/span><\/b><\/span><\/p>\n","protected":false},"excerpt":{"rendered":"<div class=\"mh-excerpt\"><p>En \u201cLa cara amiga de nuestros invitados\u201d, hoy nos complace presentarles la entrevista que realizamos a Leslie Medina, una artista que desde los 5 a\u00f1os <a class=\"mh-excerpt-more\" href=\"https:\/\/heidysandovalruiz.com\/?p=546\" title=\"La cara amiga de \u00abLeslie Medina\u00bb\">[&#8230;]<\/a><\/p>\n<\/div>","protected":false},"author":4,"featured_media":550,"comment_status":"closed","ping_status":"closed","sticky":false,"template":"","format":"standard","meta":{"footnotes":""},"categories":[16],"tags":[38],"class_list":["post-546","post","type-post","status-publish","format-standard","has-post-thumbnail","hentry","category-la-cara-amiga","tag-la-cara-amiga-de-leslie-medina"],"_links":{"self":[{"href":"https:\/\/heidysandovalruiz.com\/index.php?rest_route=\/wp\/v2\/posts\/546","targetHints":{"allow":["GET"]}}],"collection":[{"href":"https:\/\/heidysandovalruiz.com\/index.php?rest_route=\/wp\/v2\/posts"}],"about":[{"href":"https:\/\/heidysandovalruiz.com\/index.php?rest_route=\/wp\/v2\/types\/post"}],"author":[{"embeddable":true,"href":"https:\/\/heidysandovalruiz.com\/index.php?rest_route=\/wp\/v2\/users\/4"}],"replies":[{"embeddable":true,"href":"https:\/\/heidysandovalruiz.com\/index.php?rest_route=%2Fwp%2Fv2%2Fcomments&post=546"}],"version-history":[{"count":5,"href":"https:\/\/heidysandovalruiz.com\/index.php?rest_route=\/wp\/v2\/posts\/546\/revisions"}],"predecessor-version":[{"id":609,"href":"https:\/\/heidysandovalruiz.com\/index.php?rest_route=\/wp\/v2\/posts\/546\/revisions\/609"}],"wp:featuredmedia":[{"embeddable":true,"href":"https:\/\/heidysandovalruiz.com\/index.php?rest_route=\/wp\/v2\/media\/550"}],"wp:attachment":[{"href":"https:\/\/heidysandovalruiz.com\/index.php?rest_route=%2Fwp%2Fv2%2Fmedia&parent=546"}],"wp:term":[{"taxonomy":"category","embeddable":true,"href":"https:\/\/heidysandovalruiz.com\/index.php?rest_route=%2Fwp%2Fv2%2Fcategories&post=546"},{"taxonomy":"post_tag","embeddable":true,"href":"https:\/\/heidysandovalruiz.com\/index.php?rest_route=%2Fwp%2Fv2%2Ftags&post=546"}],"curies":[{"name":"wp","href":"https:\/\/api.w.org\/{rel}","templated":true}]}}