{"id":5503,"date":"2017-11-26T04:34:28","date_gmt":"2017-11-26T04:34:28","guid":{"rendered":"http:\/\/heidysandovalruiz.com\/?p=5503"},"modified":"2017-11-26T04:38:57","modified_gmt":"2017-11-26T04:38:57","slug":"la-cara-amiga-de-leonel-estrada-furlan","status":"publish","type":"post","link":"https:\/\/heidysandovalruiz.com\/?p=5503","title":{"rendered":"La cara amiga de \u00abLeonel Estrada Furl\u00e1n\u00bb"},"content":{"rendered":"<p style=\"font-weight: 400; text-align: justify;\">En la \u201c<strong>Cara amiga de los invitados de Heidy<\/strong>\u201d,\u00a0\u00a0comparto la historia de un comunicador social, maestro, miembro del Cuerpo Voluntario de Bomberos de Guatemala, asociado a la m\u00e1xima entidad de prensa del pa\u00eds la Asociaci\u00f3n de Periodistas de Guatemala, APG. De esto y de mucho m\u00e1s nos comentar\u00e1 nuestro invitado\u00a0<strong>Leonel Estrada Furl\u00e1n<\/strong>.<\/p>\n<p style=\"font-weight: 400; text-align: justify;\">Mi estimado Leonel es un gusto compartir parte de su vida profesional y personal.\u00a0\u00a0Para iniciar la entrevista puede contarnos\u00a0<strong>\u00bfDe d\u00f3nde es originario? \u00bfQu\u00e9 recuerdos tiene de la etapa de su ni\u00f1ez? \u00bfA qu\u00e9 jugaba?<\/strong>\u00a0Mis pap\u00e1s, antig\u00fce\u00f1os de pura cepa se casaron en el templo La Merced de la Antigua Guatemala en noviembre de 1942 y su luna de miel fue por el occidente del pa\u00eds. Deduzco que puedo ser originario de Tecp\u00e1n, Atitl\u00e1n o Quetzaltenango. Tengo hermosos recuerdos de mi ni\u00f1ez en el\u00a0\u00a0barrio de San Sebasti\u00e1n, en la Antigua Guatemala, donde jug\u00e1bamos trompo, chajalele, electrizado, cincos (canicas), pelota y aprend\u00ed a manejar bicicleta.<\/p>\n<p style=\"font-weight: 400; text-align: justify;\"><strong>\u00bfCu\u00e1les son para usted los momentos m\u00e1s especiales de la convivencia con sus padres y hermanos?\u00a0<\/strong>Tuve la suerte de vivir cerca de mis pap\u00e1s hasta el momento de su deceso. Gozamos con las cosas sencillas de los pueblos, convites, desfiles, corpus, procesiones, rezados, posadas .Estuvimos unidos en la salud y en la enfermedad. Quisieron mucho a mis tres hijos y fuimos muy felices viajando a la playa, a Esquipulas, viaje que hac\u00edamos en tren, a balnearios y tantos lugares hermosos del pa\u00eds.\u00a0\u00a0Les agradezco que siempre respetaron mi libre albedr\u00edo. En la idea que para muestra un bot\u00f3n fui hijo \u00fanico.<\/p>\n<figure id=\"attachment_5505\" aria-describedby=\"caption-attachment-5505\" style=\"width: 300px\" class=\"wp-caption alignright\"><a href=\"https:\/\/heidysandovalruiz.com\/wp-content\/uploads\/2017\/11\/Foto-3.jpg\"><img loading=\"lazy\" decoding=\"async\" class=\"wp-image-5505 size-medium\" src=\"https:\/\/heidysandovalruiz.com\/wp-content\/uploads\/2017\/11\/Foto-3-300x202.jpg\" alt=\"Foto 3\" width=\"300\" height=\"202\" srcset=\"https:\/\/heidysandovalruiz.com\/wp-content\/uploads\/2017\/11\/Foto-3-300x202.jpg 300w, https:\/\/heidysandovalruiz.com\/wp-content\/uploads\/2017\/11\/Foto-3.jpg 432w\" sizes=\"auto, (max-width: 300px) 100vw, 300px\" \/><\/a><figcaption id=\"caption-attachment-5505\" class=\"wp-caption-text\"><strong>Recibe la Orden Rafael Land\u00edvar por el Concejo Municipal de Antigua<\/strong><\/figcaption><\/figure>\n<p style=\"font-weight: 400; text-align: justify;\"><strong>\u00bfEn los a\u00f1os de adolescencia c\u00f3mo era Leonel?\u00a0<\/strong>Siempre muy inquieto. Estudi\u00e9 en el colegio Don Bosco y a los 14 a\u00f1os fui director de la banda de guerra. Hice mucho ciclismo y ten\u00eda bastantes amigos.<\/p>\n<p style=\"font-weight: 400; text-align: justify;\"><strong>\u00bfD\u00f3nde estudia y de que se grad\u00faa tanto en la prevocacional como a nivel universitario?\u00a0<\/strong>Tras recibir la educaci\u00f3n al estilo salesiano desde primer grado de primaria, ingres\u00e9 a la facultad de derecho de la Universidad Rafael Land\u00edvar. Por cierto fui compa\u00f1ero de Oscar Berger y \u00c1lvaro Arz\u00fa. La URL estaba reci\u00e9n fundada y el campus estaba en la zona diez. Sent\u00ed que era un colegio en grande\u00a0\u00a0y ya no segu\u00ed estudiando. Ingres\u00e9 a la Escuela Centroamericana de Periodismo de la USAC y obtuve el t\u00edtulo de Periodista y el grado acad\u00e9mico de licenciado en periodismo.<\/p>\n<p style=\"font-weight: 400; text-align: justify;\"><strong>A prop\u00f3sito \u00bfC\u00f3mo surge en usted la inquietud por el periodismo?\u00a0<\/strong>En primero prevocacional (1957) vino a Guatemala el Rector Mayor de los salesianos y los alumnos del colegio nos apersonamos en el\u00a0\u00a0aeropuerto. A los pocos d\u00edas tres compa\u00f1eros y yo fuimos sorprendidos una tarde de capiuza. El padre encargado nos puso de castigo escribir algo sobre la llegada del Rector Mayor. Recuerdo que fui el primero en terminar y entregar el trabajo-castigo. Al d\u00eda siguiente me llam\u00f3 el padre y me dijo que ten\u00eda mucha facilidad para escribir y redactar. Adem\u00e1s una mi prima hermana se cas\u00f3 con el periodista Francisco Montenegro Sierra y desde ni\u00f1o me gustaba o\u00edrlo en el radio diario Guatemala Flash y me aficion\u00e9 por el periodismo. Cuando ingres\u00e9 a la APG me apadrin\u00f3 Paco Montenegro Sierra, con David Vela y Mario Ribas Montes.<\/p>\n<figure id=\"attachment_5506\" aria-describedby=\"caption-attachment-5506\" style=\"width: 183px\" class=\"wp-caption alignleft\"><a href=\"https:\/\/heidysandovalruiz.com\/wp-content\/uploads\/2017\/11\/Foto-2.jpg\"><img loading=\"lazy\" decoding=\"async\" class=\"size-medium wp-image-5506\" src=\"https:\/\/heidysandovalruiz.com\/wp-content\/uploads\/2017\/11\/Foto-2-183x300.jpg\" alt=\"Con la Reina Nacional de los Bomberos Voluntarios.\" width=\"183\" height=\"300\" srcset=\"https:\/\/heidysandovalruiz.com\/wp-content\/uploads\/2017\/11\/Foto-2-183x300.jpg 183w, https:\/\/heidysandovalruiz.com\/wp-content\/uploads\/2017\/11\/Foto-2.jpg 224w\" sizes=\"auto, (max-width: 183px) 100vw, 183px\" \/><\/a><figcaption id=\"caption-attachment-5506\" class=\"wp-caption-text\"><strong>Con la Reina Nacional de los Bomberos Voluntarios.<\/strong><\/figcaption><\/figure>\n<p style=\"font-weight: 400; text-align: justify;\"><strong>\u00bfEn qu\u00e9 medios ha laborado y cu\u00e1l ha sido su experiencia?\u00a0<\/strong>Hice pr\u00e1cticas en diario Impacto, en los peri\u00f3dicos Horizontes de Jalapa y\u00a0\u00a0El Grupo\u00a0\u00a0y El Periodista, ambos en la Escuela de Periodismo. Luego fui columnista en la revista La Semana, La Gaceta de Antigua, El Deportivo de Gr\u00e1fico, Revista Gentes y Cosas del Banco de Guatemala, el Peri\u00f3dico y revistas hist\u00f3rico-religiosas: La Rese\u00f1a y G\u00f3lgota ambas de hermandades de la Antigua Guatemala. En las emisoras de radio: Festival, Internacional, Estrella, Radio Mar\u00eda y\u00a0\u00a0Monumental de la Antigua Guatemala. En televisi\u00f3n: TV actualidades de canal 7, Mentes Sanas de canal 11 y El Deportito de televisiete. Como relacionista p\u00fablico en GUATEXPRO, Bandesa, Banco Inmobiliario y en el FHA. Encargado de oficina de prensa del Ministerio P\u00fablico.<\/p>\n<p style=\"font-weight: 400; text-align: justify;\"><strong>\u00bfQu\u00e9 traigo a su mente si le menciono el Programa \u201cColoquio\u201d?\u00a0<\/strong>Original programa en Radio Internacional y luego en radio Mar\u00eda, con un equipo multidisciplinario\u00a0\u00a0dirigido por mi hijo Juan Carlos, fue una franja muy gustada que ten\u00eda participaci\u00f3n de la audiencia.<\/p>\n<p style=\"font-weight: 400; text-align: justify;\"><strong>\u00bfQu\u00e9 le gusta m\u00e1s: escribir o conducir programas de radio?\u00a0\u00a0<\/strong>Para conducir programas de radio y televisi\u00f3n se necesita escribir previamente. La llamada improvisaci\u00f3n no existe.<\/p>\n<p style=\"font-weight: 400; text-align: justify;\"><strong>\u00bfEn qu\u00e9 momento de su vida decide integrarse a los Bomberos Voluntarios?\u00a0<\/strong>En la d\u00e9cada de los a\u00f1os ochenta me dirig\u00eda a la Antigua para trasmitir por medio de la TGW la salida de la procesi\u00f3n de Jes\u00fas de San Bartolo el quinto domingo de cuaresma. A media ma\u00f1ana acaeci\u00f3 el accidente de un bus que procedente de la capital\u00a0\u00a0se embarranc\u00f3 en la bajada de Las Ca\u00f1as. Escrib\u00ed un reportaje sobre dicho accidente y el papel de los bomberos voluntarios.<\/p>\n<p style=\"font-weight: 400; text-align: justify;\">Mi sorpresa fue cuando por\u00a0\u00a0medio del mayor Oscar D\u00edaz, secretario de esa instituci\u00f3n, se me felicitaba. Se me concedi\u00f3 una plaqueta y se me invit\u00f3 a afiliarme como asesor de\u00a0\u00a0Relaciones P\u00fablicas. Permanec\u00ed\u00a0\u00a0en la instituci\u00f3n quince a\u00f1os, integrando en tres ocasiones el Directorio Nacional, la presidencia del tribunal\u00a0\u00a0electoral, la docencia en la escuela t\u00e9cnica y las secretarias del directorio y general de la Instituci\u00f3n.<\/p>\n<figure id=\"attachment_5507\" aria-describedby=\"caption-attachment-5507\" style=\"width: 196px\" class=\"wp-caption alignright\"><a href=\"https:\/\/heidysandovalruiz.com\/wp-content\/uploads\/2017\/11\/Foto-1.jpg\"><img loading=\"lazy\" decoding=\"async\" class=\"size-medium wp-image-5507\" src=\"https:\/\/heidysandovalruiz.com\/wp-content\/uploads\/2017\/11\/Foto-1-196x300.jpg\" alt=\"Procesi\u00f3n Jes\u00fas de la Merced, la Antigua Guatemala.\" width=\"196\" height=\"300\" srcset=\"https:\/\/heidysandovalruiz.com\/wp-content\/uploads\/2017\/11\/Foto-1-196x300.jpg 196w, https:\/\/heidysandovalruiz.com\/wp-content\/uploads\/2017\/11\/Foto-1.jpg 285w\" sizes=\"auto, (max-width: 196px) 100vw, 196px\" \/><\/a><figcaption id=\"caption-attachment-5507\" class=\"wp-caption-text\">Procesi\u00f3n Jes\u00fas de la Merced, la Antigua Guatemala.<\/figcaption><\/figure>\n<p style=\"font-weight: 400; text-align: justify;\"><strong>\u00bfC\u00f3mo surge la inquietud de ser integrante de la Hermandad de Jes\u00fas Nazareno de \u201cLa Merced\u201d y desde cu\u00e1ndo pertenece a ella?\u00a0<\/strong>Desde ni\u00f1o he sido devoto de Jes\u00fas Nazareno Mercedario, lo llev\u00e9 en hombros m\u00e1s de 50 a\u00f1os. Fui invitado a incorporarme a la sub directiva durante el periodo social 1972-1977 desempe\u00f1ando la secretar\u00eda de Relaciones P\u00fablicas.<\/p>\n<p style=\"font-weight: 400; text-align: justify;\"><strong>La vida no es solo trabajo \u00bfQu\u00e9 le gusta hacer a Leonel en su tiempo libre?\u00a0<\/strong>Escribir art\u00edculos period\u00edsticos. Participar en actividades religiosas, soy cat\u00f3lico practicante y durante 15 a\u00f1os pertenec\u00ed al grupo de Ministros\u00a0\u00a0Extraordinarios de la Sagrada Comuni\u00f3n del Santuario Expiatorio al Sagrado Coraz\u00f3n de Jes\u00fas. (Don Bosco) asistir al estadio Pensativo siempre que juega nuestro equipo emblema: Antigua GFC.<\/p>\n<p style=\"font-weight: 400; text-align: justify;\"><strong>\u00bfRecuerda c\u00f3mo fue que se enamor\u00f3 de esposa?\u00a0<\/strong>Claro. Una mi prima me invit\u00f3 a una fiesta de quince a\u00f1os de una su compa\u00f1era del Colegio Belga. Yo llegu\u00e9 y en cuanto vi a la quincea\u00f1era me flech\u00f3. Fuimos novios cuatro a\u00f1os, luego nos casamos y llevamos 52 a\u00f1os de vida matrimonial<\/p>\n<p style=\"font-weight: 400; text-align: justify;\"><strong>\u00bfQu\u00e9 significado tiene para usted el amor de la familia, de la pareja?\u00a0<\/strong>La familia es la base de la sociedad. Es realmente un tesoro. Un respaldo. Con mi esposa hemos atravesado \u00e9pocas de crisis y de alegr\u00eda como todas las parejas. Y si Dios nos tiene juntos\u2026por algo ser\u00e1.<\/p>\n<p style=\"font-weight: 400; text-align: justify;\"><strong>\u00bfC\u00f3mo definir\u00eda su car\u00e1cter?<\/strong>\u00a0Soy escorpi\u00f3n. Creo ser tolerante, alegre, molest\u00f3n,\u00a0\u00a0cuando decido hacer algo lo hago.<\/p>\n<figure id=\"attachment_5508\" aria-describedby=\"caption-attachment-5508\" style=\"width: 201px\" class=\"wp-caption alignleft\"><a href=\"https:\/\/heidysandovalruiz.com\/wp-content\/uploads\/2017\/11\/Foto-4.jpg\"><img loading=\"lazy\" decoding=\"async\" class=\"wp-image-5508 size-medium\" src=\"https:\/\/heidysandovalruiz.com\/wp-content\/uploads\/2017\/11\/Foto-4-201x300.jpg\" alt=\"Foto 4\" width=\"201\" height=\"300\" srcset=\"https:\/\/heidysandovalruiz.com\/wp-content\/uploads\/2017\/11\/Foto-4-201x300.jpg 201w, https:\/\/heidysandovalruiz.com\/wp-content\/uploads\/2017\/11\/Foto-4.jpg 475w\" sizes=\"auto, (max-width: 201px) 100vw, 201px\" \/><\/a><figcaption id=\"caption-attachment-5508\" class=\"wp-caption-text\">Entrega de la Copa de Campeones Nacionales del Futbol del equipo Antigua a Jes\u00fas de la Merced.<\/figcaption><\/figure>\n<p style=\"font-weight: 400; text-align: justify;\"><strong>\u00bfQu\u00e9 significa para usted la Asociaci\u00f3n de Periodistas de Guatemala?\u00a0<\/strong>Es nuestro colegio profesional. Bajo su alero hemos atestiguado momentos dif\u00edciles de la vida nacional. Lamentablemente la hemos dejado envejecer y ahora estamos urgidos de sangre nueva.<\/p>\n<p style=\"font-weight: 400; text-align: justify;\"><strong>\u00bfCon qui\u00e9nes de los colegas periodistas ha conservado una estrecha amistad desde su juventud?<\/strong>\u00a0\u00a0Bueno, que a\u00fan\u00a0\u00a0est\u00e9n vivos: Mario Antonio Sandoval y Rub\u00e9n Alfonso Ram\u00edrez, compa\u00f1eros apegistas.<\/p>\n<p style=\"font-weight: 400; text-align: justify;\"><strong>\u00bfQu\u00e9 opini\u00f3n le merece los medios de comunicaci\u00f3n en nuestro pa\u00eds?\u00a0\u00a0<\/strong>\u00a0Como en toda sociedad tienen la\u00a0\u00a0funci\u00f3n de informar y formar. Lamentablemente no siempre cumplen con objetividad, asumo que en la mayor\u00eda de las veces porque\u00a0\u00a0las decisiones\u00a0\u00a0est\u00e1n en manos de empresarios y no de periodistas.<\/p>\n<p style=\"font-weight: 400; text-align: justify;\"><strong>\u00bfQu\u00e9 requisitos debe tener un buen relacionista p\u00fablico?\u00a0<\/strong>RR.PP es la industria de la persuasi\u00f3n. Entusiasmo, educaci\u00f3n, creatividad, valores morales, psicolog\u00eda, personalidad, extroversi\u00f3n y simpat\u00eda.<\/p>\n<p style=\"font-weight: 400; text-align: justify;\"><strong>\u00bfEn qu\u00e9 universidades ha impartido sus conocimientos? Y \u00bfQu\u00e9 cargos ha desarrollado?\u00a0<\/strong>Director de la Facultad de Ciencias de la Comunicaci\u00f3n Social de la Universidad Francisco Marroqu\u00edn, Decano de la Facultad de Ciencias de la Comunicaci\u00f3n Social de la Universidad Mesoamericana, catedr\u00e1tico en Universidad Rafael Land\u00edvar, Mariano G\u00e1lvez y Galileo.<\/p>\n<p style=\"font-weight: 400; text-align: justify;\"><strong>\u00bfQu\u00e9 reconocimientos ha recibido a lo largo de su maravillosa trayectoria?\u00a0<\/strong>Primero: El cari\u00f1o y reconocimiento de\u00a0\u00a0los alumnos. La Medalla\u00a0\u00a0Hugo Santucci, m\u00e1xima distinci\u00f3n de la Asociaci\u00f3n de Antiguos Alumnos de Don Bosco, por ser buen cristiano y honrado ciudadano.<\/p>\n<p style=\"font-weight: 400; text-align: justify;\"><strong>\u00bfC\u00f3mo resumir\u00eda su vida de trabajos y logros?\u00a0<\/strong>Doy gracias a Dios por las oportunidades que me ha dado en mi vida. Bendigo a mis pap\u00e1s que me ense\u00f1aron a ser honrado, a mi esposa, mis tres hijos y mis tres nietos.<\/p>\n<p style=\"font-weight: 400; text-align: justify;\"><strong>\u00bfQu\u00e9 significado tiene para usted Antigua Guatemala?\u00a0<\/strong>Es la patria chica. Escenario donde las generaciones de mis abuelos, pap\u00e1s y nuestra, hemos conjugado amor, trabajo, religi\u00f3n y voluntad de servicio.<a href=\"https:\/\/heidysandovalruiz.com\/wp-content\/uploads\/2017\/11\/DSC05444.jpg\"><img loading=\"lazy\" decoding=\"async\" class=\"size-medium wp-image-5509 alignright\" src=\"https:\/\/heidysandovalruiz.com\/wp-content\/uploads\/2017\/11\/DSC05444-300x225.jpg\" alt=\"DSC05444\" width=\"300\" height=\"225\" srcset=\"https:\/\/heidysandovalruiz.com\/wp-content\/uploads\/2017\/11\/DSC05444-300x225.jpg 300w, https:\/\/heidysandovalruiz.com\/wp-content\/uploads\/2017\/11\/DSC05444-1024x768.jpg 1024w\" sizes=\"auto, (max-width: 300px) 100vw, 300px\" \/><\/a><\/p>\n<p style=\"font-weight: 400; text-align: justify;\">Estoy enterada que conduce un programa de radio \u00bfPuede contarnos al respecto? Actualmente integro la comisi\u00f3n de radio de la APG. .Selecciono las personas que participan. Conduzco el programa dos martes al mes en Radio Universidad 92.1 FM.<\/p>\n<p style=\"font-weight: 400; text-align: justify;\"><strong>\u00bfQu\u00e9 le falta a estas alturas de la vida por hacer?\u00a0<\/strong>Tratar de vivir en paz con Dios y con el pr\u00f3jimo. Hacer alg\u00fan apostolado. Compartir mis conocimientos y experiencias con la juventud. No vivir el tiempo de jubilaci\u00f3n con preocupaciones y temores.<\/p>\n<p style=\"font-weight: 400; text-align: justify;\"><strong>\u00bfPuede enviar un mensaje a las personas que lean esta entrevista?\u00a0<\/strong>Asumir siempre una actitud\u00a0\u00a0positiva. Visualizar con fe el futuro. Darle un\u00a0\u00a0prop\u00f3sito a la vida. Evitar las\u00a0\u00a0preocupaciones in\u00fatiles. Comprender que lo importante no es cuantas veces hemos ca\u00eddo, sino cu\u00e1ntas veces nos hemos levantado.<\/p>\n<p style=\"font-weight: 400; text-align: justify;\">Les invitamos para que se unan al grupo de \u00ab<strong>Artistas de Guatemala para el Mundo<\/strong>\u00bb en este link\u00a0<a href=\"http:\/\/on.fb.me\/1sn2wSf\">http:\/\/on.fb.me\/1sn2wSf<\/a>\u00a0\u00a0\u00a0el cual tiene como prop\u00f3sito compartir videos, fotos, an\u00e9cdotas y todo lo de nuestros artistas en las diferentes d\u00e9cadas.<\/p>\n<p style=\"font-weight: 400; text-align: justify;\">Hemos creado el grupo \u201c<strong>Las entrevistas de Heidy<\/strong>\u201d que pueden localizar en<\/p>\n<p style=\"font-weight: 400; text-align: justify;\"><a href=\"https:\/\/www.facebook.com\/groups\/1443599465933701\/\">https:\/\/www.facebook.com\/groups\/1443599465933701\/<\/a><\/p>\n<p style=\"font-weight: 400; text-align: justify;\">Tambi\u00e9n ponemos a su disposici\u00f3n el grupo\u00a0<strong>\u201cUn siglo de anuncios y algo m\u00e1s\u2026\u201d,\u00a0<\/strong>un espacio donde pueden compartir o comentar los post que se publiquen\u00a0<a href=\"http:\/\/on.fb.me\/1vASm2g\">http:\/\/on.fb.me\/1vASm2g<\/a><\/p>\n<p style=\"font-weight: 400; text-align: justify;\"><strong>Las entrevistas las pueden leer en los siguientes links:<\/strong><\/p>\n<p style=\"font-weight: 400; text-align: justify;\"><a href=\"http:\/\/www.heidysandovalruiz.com\/\">http:\/\/www.heidysandovalruiz.com<\/a><\/p>\n<p style=\"font-weight: 400; text-align: justify;\"><a href=\"http:\/\/lasentrevistasdeheidy.blogspot.com\/\">http:\/\/lasentrevistasdeheidy.blogspot.com<\/a><\/p>\n<p style=\"font-weight: 400; text-align: justify;\"><a href=\"https:\/\/www.facebook.com\/pages\/Los-invitados-de-Heidy\/892159284204965?ref=hl\">https:\/\/www.facebook.com\/pages\/Los-invitados-de-Heidy\/892159284204965?ref=hl<\/a><\/p>\n<p style=\"font-weight: 400; text-align: justify;\"><strong>Entrevista realizada por Heidy Sandoval Ruiz<\/strong><\/p>\n<p style=\"font-weight: 400; text-align: justify;\"><strong><em>Toda publicaci\u00f3n es responsabilidad de la Administraci\u00f3n<\/em><\/strong><\/p>\n","protected":false},"excerpt":{"rendered":"<div class=\"mh-excerpt\"><p>En la \u201cCara amiga de los invitados de Heidy\u201d,\u00a0\u00a0comparto la historia de un comunicador social, maestro, miembro del Cuerpo Voluntario de Bomberos de Guatemala, asociado <a class=\"mh-excerpt-more\" href=\"https:\/\/heidysandovalruiz.com\/?p=5503\" title=\"La cara amiga de \u00abLeonel Estrada Furl\u00e1n\u00bb\">[&#8230;]<\/a><\/p>\n<\/div>","protected":false},"author":4,"featured_media":5504,"comment_status":"closed","ping_status":"closed","sticky":false,"template":"","format":"standard","meta":{"footnotes":""},"categories":[16],"tags":[378],"class_list":["post-5503","post","type-post","status-publish","format-standard","has-post-thumbnail","hentry","category-la-cara-amiga","tag-la-cara-amiga-de-leonel-estrada-furlan"],"_links":{"self":[{"href":"https:\/\/heidysandovalruiz.com\/index.php?rest_route=\/wp\/v2\/posts\/5503","targetHints":{"allow":["GET"]}}],"collection":[{"href":"https:\/\/heidysandovalruiz.com\/index.php?rest_route=\/wp\/v2\/posts"}],"about":[{"href":"https:\/\/heidysandovalruiz.com\/index.php?rest_route=\/wp\/v2\/types\/post"}],"author":[{"embeddable":true,"href":"https:\/\/heidysandovalruiz.com\/index.php?rest_route=\/wp\/v2\/users\/4"}],"replies":[{"embeddable":true,"href":"https:\/\/heidysandovalruiz.com\/index.php?rest_route=%2Fwp%2Fv2%2Fcomments&post=5503"}],"version-history":[{"count":4,"href":"https:\/\/heidysandovalruiz.com\/index.php?rest_route=\/wp\/v2\/posts\/5503\/revisions"}],"predecessor-version":[{"id":8033,"href":"https:\/\/heidysandovalruiz.com\/index.php?rest_route=\/wp\/v2\/posts\/5503\/revisions\/8033"}],"wp:featuredmedia":[{"embeddable":true,"href":"https:\/\/heidysandovalruiz.com\/index.php?rest_route=\/wp\/v2\/media\/5504"}],"wp:attachment":[{"href":"https:\/\/heidysandovalruiz.com\/index.php?rest_route=%2Fwp%2Fv2%2Fmedia&parent=5503"}],"wp:term":[{"taxonomy":"category","embeddable":true,"href":"https:\/\/heidysandovalruiz.com\/index.php?rest_route=%2Fwp%2Fv2%2Fcategories&post=5503"},{"taxonomy":"post_tag","embeddable":true,"href":"https:\/\/heidysandovalruiz.com\/index.php?rest_route=%2Fwp%2Fv2%2Ftags&post=5503"}],"curies":[{"name":"wp","href":"https:\/\/api.w.org\/{rel}","templated":true}]}}