{"id":5513,"date":"2017-11-30T04:01:51","date_gmt":"2017-11-30T04:01:51","guid":{"rendered":"http:\/\/heidysandovalruiz.com\/?p=5513"},"modified":"2017-11-30T04:12:12","modified_gmt":"2017-11-30T04:12:12","slug":"la-cara-amiga-de-julio-edgar","status":"publish","type":"post","link":"https:\/\/heidysandovalruiz.com\/?p=5513","title":{"rendered":"La cara amiga de \u00abJulio Edgar Garc\u00eda\u00bb"},"content":{"rendered":"<p style=\"font-weight: 400; text-align: justify;\">En esta fecha se celebra el\u00a0<strong>\u201cD\u00eda del Periodista<\/strong>\u201d por lo que quisimos traer a ustedes en la \u201c<strong>Cara amiga de los invitados de Heidy<\/strong>\u201d la historia de quien actualmente dirige la m\u00e1xima entidad de prensa del pa\u00eds, la Asociaci\u00f3n de Periodistas de Guatemala, APG, su nombre\u00a0<strong>Julio Edgar Garc\u00eda\u00a0<\/strong>quien nos contar\u00e1 de su trabajo period\u00edstico y de muchos aspectos m\u00e1s que por primera vez comenta en una entrevista.\u00a0\u00a0Doy la bienvenida a nuestro invitado.<\/p>\n<p style=\"font-weight: 400; text-align: justify;\">Para dar inicio a la entrevista puedes contarnos\u00a0<strong>\u00bfCu\u00e1l fue el barrio en el que viviste tu ni\u00f1ez? \u00bfQu\u00e9 recuerdos tienes de esa etapa de tu vida?<\/strong>\u00a0Nac\u00ed en el barrio El Gallito zona 3, una infancia dedicada a juegos de la \u00e9poca: trompo, capirucho, tejo cincos y chamuscas con pelota de trapo. Una tranquilidad absoluta sin mayor delincuencia.<\/p>\n<p style=\"font-weight: 400; text-align: justify;\"><strong>\u00bfD\u00f3nde realizas tus estudios y de qu\u00e9 te grad\u00faas<\/strong>? La primaria la curs\u00e9 en el Colegio \u00abCasa Central\u00bb, luego 3 a\u00f1os en el Colegio Juana de Arco, posteriormente en el Instituto T\u00e9cnico Vocacional y el t\u00edtulo de bachiller en Ciencias y Letras en el Instituto Mixto Nocturno de Orientaci\u00f3n Cultural. Posteriormente en la Escuela Centroamericana de Periodismo y en la Escuela de Ciencias de la Comunicaci\u00f3n de la USAC, obtuve el t\u00edtulo de Periodista Profesional y Licenciado en Ciencias de la Comunicaci\u00f3n.<\/p>\n<p style=\"font-weight: 400; text-align: justify;\"><strong>\u00bfQu\u00e9 recuerdos tienes como estudiante en tu \u00e9poca de adolescente?\u00a0<\/strong>Prevalec\u00eda el respeto y la camarer\u00eda y dedicados a los deportes. Todos eramos adolescentes sanos una que otra oveja negra.<\/p>\n<p style=\"font-weight: 400; text-align: justify;\"><strong>\u00bfCu\u00e1ndo surge en ti la inquietud de inclinarte por el periodismo<\/strong>? Al trabajar en Diario El Gr\u00e1fico en el departamento de suscripciones combin\u00e1ndolo como cobrador.<a href=\"https:\/\/heidysandovalruiz.com\/wp-content\/uploads\/2017\/11\/DSC01442.jpg\"><img loading=\"lazy\" decoding=\"async\" class=\"size-medium wp-image-5518 alignright\" src=\"https:\/\/heidysandovalruiz.com\/wp-content\/uploads\/2017\/11\/DSC01442-300x200.jpg\" alt=\"DSC01442\" width=\"300\" height=\"200\" srcset=\"https:\/\/heidysandovalruiz.com\/wp-content\/uploads\/2017\/11\/DSC01442-300x200.jpg 300w, https:\/\/heidysandovalruiz.com\/wp-content\/uploads\/2017\/11\/DSC01442-1024x683.jpg 1024w\" sizes=\"auto, (max-width: 300px) 100vw, 300px\" \/><\/a><\/p>\n<p style=\"font-weight: 400; text-align: justify;\"><strong>\u00bfPensaste estudiar otra carrera?<\/strong>\u00a0Siempre tuve la inquietud de estudiar Derecho incluso curs\u00e9 dos a\u00f1os en la facultad respectiva de la Universidad de San Carlos de Guatemala y en la Mariano G\u00e1lvez, pero por el bendito periodismo ya no prosegu\u00ed la carrera de derecho.<\/p>\n<p style=\"font-weight: 400; text-align: justify;\"><strong>\u00bfRecuerdas cu\u00e1l fue la primera actividad en la que participaste y dijiste \u201cel periodismo es lo m\u00edo\u201d?<\/strong>\u00a0Reci\u00e9n hab\u00eda circulado Diario El Grafico a mediados de 1963 al tener la oportunidad en la redacci\u00f3n logr\u00e9 datos de un accidente y de informaciones de bomberos y hospitales. En la redacci\u00f3n le pusieron atenci\u00f3n a mi inquietud y publicaron estos datos como noticia, lo cual me motiv\u00f3 y entusiasm\u00f3 e incluso abandon\u00e9 las labores en el departamento de suscripciones. Fue en Diario El Grafico, primero como meritorio y luego como reportero en 1964 pero tambi\u00e9n ten\u00eda inquietud por la locuci\u00f3n y tuve turnos dominicales en Radio Reloj. En Gr\u00e1fico tuve la oportunidad de codearme con los mejores reporteros y redactores. Apreci\u00e9 la dedicaci\u00f3n e impulso de Jorge Carpio Nicolle para lograr colocar al medio como uno de los mejores, adem\u00e1s, el respeto de la redacci\u00f3n hacia mi persona de quienes aprend\u00ed lo mejor para forjarme como reportero y periodista.<\/p>\n<p style=\"font-weight: 400; text-align: justify;\"><strong>Si te menciono \u201cDiario El Gr\u00e1fico\u201d \u00bfQu\u00e9 traigo a tu mente<\/strong>? La oportunidad envidiable no era f\u00e1cil trabajar en un peri\u00f3dico, diario El Gr\u00e1fico fue una escuela del periodismo.<\/p>\n<p style=\"font-weight: 400; text-align: justify;\"><strong>\u00bfC\u00f3mo defines la vida de un reportero?<\/strong>\u00a0Apasionante y con satisfacciones de todo tipo y con riesgos a cada momento.<\/p>\n<figure id=\"attachment_5517\" aria-describedby=\"caption-attachment-5517\" style=\"width: 200px\" class=\"wp-caption alignleft\"><a href=\"https:\/\/heidysandovalruiz.com\/wp-content\/uploads\/2017\/11\/DSC05781.jpg\"><img loading=\"lazy\" decoding=\"async\" class=\"size-medium wp-image-5517\" src=\"https:\/\/heidysandovalruiz.com\/wp-content\/uploads\/2017\/11\/DSC05781-200x300.jpg\" alt=\"Juramentaci\u00f3n como Presidente de APG\" width=\"200\" height=\"300\" srcset=\"https:\/\/heidysandovalruiz.com\/wp-content\/uploads\/2017\/11\/DSC05781-200x300.jpg 200w, https:\/\/heidysandovalruiz.com\/wp-content\/uploads\/2017\/11\/DSC05781-683x1024.jpg 683w, https:\/\/heidysandovalruiz.com\/wp-content\/uploads\/2017\/11\/DSC05781.jpg 1641w\" sizes=\"auto, (max-width: 200px) 100vw, 200px\" \/><\/a><figcaption id=\"caption-attachment-5517\" class=\"wp-caption-text\">Juramentaci\u00f3n como<br \/>Presidente de APG<\/figcaption><\/figure>\n<p style=\"font-weight: 400; text-align: justify;\"><strong>\u00bfQu\u00e9 recuerdos tienes de Cartones Radiof\u00f3nicos?<\/strong>\u00a0Me recuerda al gran periodista Mario Monterroso Armas con quien definimos el nombre de Cartones Radiof\u00f3nicos en Super Radio, incluso no estuve de acuerdo y Mario me dijo el nombre no importa, importa la entrega noticiosa. Mario Monterroso me invit\u00f3 para transmitir Cartones Radiof\u00f3nicos a las 10 de la noche pero finalmente el lo hizo solo y fue el mejor medio de la \u00e9poca m\u00e1s tenebrosa del pa\u00eds y con audiencia nacional. Posteriormente trabaj\u00e9 en Cartones Radiof\u00f3nicos como reportero y editorialista cuando se sacaban tres emisiones diarias. Asimismo un gran compromiso al fundar mi Radioperi\u00f3dico Super Avance en el espacio dejado por Mario Monterroso Armas, pero logr\u00e9 ubicar al medio con audiencia nacional en los canales de la inolvidable Super Radio.<\/p>\n<p style=\"font-weight: 400; text-align: justify;\"><strong>\u00bfEn qu\u00e9 otros medios has laborado?<\/strong>\u00a0Diario La Naci\u00f3n, Guatemala Flash, Prensa Libre, elabor\u00e9 el noticiero de televisi\u00f3n del gobierno de 1974 a 1980, el cual se transmit\u00eda en todos los canales de televisi\u00f3n.<\/p>\n<p style=\"font-weight: 400; text-align: justify;\"><strong>\u00bfQu\u00e9 noticia es la que te marc\u00f3 emocionalmente hablando? \u00bfPor qu\u00e9?<\/strong>\u00a0Noticias fueron muchas, entre ellas violaciones a menores, informar sobre las precarias condiciones de cientos de familias y un editorial en mi Radioperi\u00f3dico Super Avance me salv\u00f3 la vida en la \u00e9poca de los 70. Me encontraba frente a la casa de una subcampeona de pin-pon en la zona 8, y miembros de una patrulla trataron de exigirme que me fuera del lugar y al retirarse luego de 20 minutos, llegaron 6 patrullas de la polic\u00eda nacional en las famosas \u00abperreras\u00bb y armados hasta los dientes me conminaron a bajarme de mi carro y a\u00fan con luz tenue el jefe del comando policiaco me llam\u00f3: don Julio Edgar y a la vez extern\u00f3: ya no hay nada muchachos dirigi\u00e9ndose a los polic\u00edas y me invit\u00f3 a subir a la patrulla y me dijo: don Julio Edgar ven\u00edamos a matarle los otros polic\u00edas dijeron que eramos guerrilleros, somos unos desgraciados dijo el comandante cuando usted en su Radioperi\u00f3dico Super Avance hace pocos minutos en su editorial escribi\u00f3\u00a0\u00a0de las necesidades de todos los polic\u00edas, se\u00f1alando bajos salarios, uniformes ra\u00eddos y durmiendo en condiciones precarias en las comandancias, pidiendo a la vez el jefe policiaco mil disculpas por el atropello.<\/p>\n<figure id=\"attachment_5519\" aria-describedby=\"caption-attachment-5519\" style=\"width: 300px\" class=\"wp-caption alignright\"><a href=\"https:\/\/heidysandovalruiz.com\/wp-content\/uploads\/2017\/11\/SESION-FOTOS-APG-5.jpg\"><img loading=\"lazy\" decoding=\"async\" class=\"wp-image-5519 size-medium\" src=\"https:\/\/heidysandovalruiz.com\/wp-content\/uploads\/2017\/11\/SESION-FOTOS-APG-5-300x225.jpg\" alt=\"SESION FOTOS APG (5)\" width=\"300\" height=\"225\" srcset=\"https:\/\/heidysandovalruiz.com\/wp-content\/uploads\/2017\/11\/SESION-FOTOS-APG-5-300x225.jpg 300w, https:\/\/heidysandovalruiz.com\/wp-content\/uploads\/2017\/11\/SESION-FOTOS-APG-5-1024x768.jpg 1024w, https:\/\/heidysandovalruiz.com\/wp-content\/uploads\/2017\/11\/SESION-FOTOS-APG-5.jpg 1280w\" sizes=\"auto, (max-width: 300px) 100vw, 300px\" \/><\/a><figcaption id=\"caption-attachment-5519\" class=\"wp-caption-text\"><strong>Directiva APG a\u00f1o 2008<\/strong><\/figcaption><\/figure>\n<p style=\"font-weight: 400; text-align: justify;\">Un caso paradigm\u00e1tico: el caso de la mano cortada, as\u00ed se denomin\u00f3. Con investigaci\u00f3n period\u00edstica logr\u00e9 llegar hasta Mixco en donde se cometi\u00f3 un crimen y los responsables fueron a la c\u00e1rcel luego de amputarle de un machetazo la mano a la v\u00edctima y el misterio de la mano aparecida dentro de un tragante en la zona 8, llev\u00e9 el caso hasta la exhumaci\u00f3n del cad\u00e1ver. El forense estableci\u00f3 que si era la mano del fallecido al coloc\u00e1rsela el forense y se estableci\u00f3 que si era la mano de la v\u00edctima.<\/p>\n<p style=\"font-weight: 400; text-align: justify;\"><strong>\u00bfTrabajaste alguna vez fuera de Guatemala? Y \u00bfPor qu\u00e9 raz\u00f3n?<\/strong>\u00a0As\u00ed es, trabaj\u00e9 en Houston Texas en los peri\u00f3dicos El Sol de Houston, la Voz de Houston, El Mundo y fundador y director del Deportivo de Houston, constituy\u00e9ndome en el primer periodista guatemalteco fundador y director de un peri\u00f3dico en esa ciudad norteamericana, adem\u00e1s, edit\u00e9 3 revistas, esto ocurri\u00f3 durante mi exilio de 6 a\u00f1os para resguardar mi vida por las m\u00faltiples amenazas, persecuci\u00f3n y atentados de que fui v\u00edctima durante el conflicto armado interno.<\/p>\n<p style=\"font-weight: 400; text-align: justify;\"><strong>\u00bfPuedes mencionarnos algunos de los reconocimientos recibidos?\u00a0<\/strong>Tuve el honor de recibir un reconocimiento de la Casa de la Cultura de Houston y de haberme incluido en un programa por celebraci\u00f3n del D\u00eda Internacional del Ni\u00f1o. Fund\u00e9 la Asociaci\u00f3n de Periodistas Hispanos en Houston. En la Asociaci\u00f3n de Periodistas de Guatemala, me otorgaron el m\u00e1ximo galard\u00f3n el Coraz\u00f3n Apegista, as\u00ed como reconocimiento por la defensa de la libertad de prensa. Recib\u00ed pergamino de 25 y 50 a\u00f1os de ejercicio period\u00edstico.<\/p>\n<p style=\"font-weight: 400; text-align: justify;\">\u00bfCundo ingresas a la APG? \u00bfRecuerdas cu\u00e1ntos asociados hab\u00edan en ese entonces? Fue en el a\u00f1o de 1969 y en ese entonces hab\u00edamos 270 asociados.<a href=\"https:\/\/heidysandovalruiz.com\/wp-content\/uploads\/2017\/11\/DSC00943.jpg\"><img loading=\"lazy\" decoding=\"async\" class=\"size-medium wp-image-5522 alignleft\" src=\"https:\/\/heidysandovalruiz.com\/wp-content\/uploads\/2017\/11\/DSC00943-300x225.jpg\" alt=\"DSC00943\" width=\"300\" height=\"225\" srcset=\"https:\/\/heidysandovalruiz.com\/wp-content\/uploads\/2017\/11\/DSC00943-300x225.jpg 300w, https:\/\/heidysandovalruiz.com\/wp-content\/uploads\/2017\/11\/DSC00943-1024x768.jpg 1024w\" sizes=\"auto, (max-width: 300px) 100vw, 300px\" \/><\/a><\/p>\n<p style=\"font-weight: 400; text-align: justify;\"><strong>\u00bfA qu\u00e9 periodistas has admirado y por qu\u00e9?<\/strong>\u00a0H\u00e9ctor Cifuentes Aguirre, Mario Monterroso Armas, Mario Carpio Nicolle, Ovidio Ur\u00edzar Mont\u00fafar, Ileana Alamilla, Julio Israel Lemus, todos me han orientado para desarrollar mi profesi\u00f3n de periodista.<\/p>\n<p style=\"font-weight: 400; text-align: justify;\">\u00bfA parte del periodismo qu\u00e9 te gusta hacer? Hacer amistades y hacer el bien.<\/p>\n<p style=\"font-weight: 400; text-align: justify;\"><strong>\u00bfTe gustan los deportes?<\/strong>\u00a0Desde ni\u00f1o practiqu\u00e9 el futbol y logr\u00e9 ser goleador en varios equipos en donde milit\u00e9 incluso entren\u00e9 con los equipos Municipal de la Liga Mayor, Tipograf\u00eda, Chichicaste y Antigua Guatemala. Tambi\u00e9n fui goleador en el equipo H\u00e9rcules desde la infantil, juvenil y la segunda divisi\u00f3n, Reporteros de APG, Inguat y goleador en dos campeonatos del Patronato Anti Alcoh\u00f3lico, tambi\u00e9n fui campe\u00f3n de ciclismo en el Colegio Juana de Arco.<\/p>\n<p style=\"font-weight: 400; text-align: justify;\"><strong>\u00bfQu\u00e9 es lo m\u00e1s dif\u00edcil que te ha tocado vivir como presidente de la m\u00e1xima entidad de prensa?<\/strong>\u00a0La faltad de participaci\u00f3n de los asociados, especialmente durante las elecciones de junta directiva-<\/p>\n<p style=\"font-weight: 400; text-align: justify;\"><strong>\u00bfC\u00f3mo definir\u00edas tu gesti\u00f3n como presidente de la APG?\u00a0<\/strong>Satisfactoria se alcanzaron diversos objetivos, hemos tratado de darle y elevar el nombre de APG a nivel nacional e internacional, nuestra participaci\u00f3n en las demandas populares, seguimiento constante para lograr la emisi\u00f3n del Acuerdo gubernativo, el cual le dar\u00eda vigencia al programa de protecci\u00f3n a periodistas, acercamiento con periodistas y medios de comunicaci\u00f3n, una revista profesional y la vigencia administrativa y diversas mejoras en nuestra sede.<\/p>\n<p style=\"font-weight: 400; text-align: justify;\"><strong><a href=\"https:\/\/heidysandovalruiz.com\/wp-content\/uploads\/2017\/11\/DSC03292.jpg\"><img loading=\"lazy\" decoding=\"async\" class=\"size-medium wp-image-5521 alignright\" src=\"https:\/\/heidysandovalruiz.com\/wp-content\/uploads\/2017\/11\/DSC03292-300x200.jpg\" alt=\"DSC03292\" width=\"300\" height=\"200\" srcset=\"https:\/\/heidysandovalruiz.com\/wp-content\/uploads\/2017\/11\/DSC03292-300x200.jpg 300w, https:\/\/heidysandovalruiz.com\/wp-content\/uploads\/2017\/11\/DSC03292-1024x683.jpg 1024w\" sizes=\"auto, (max-width: 300px) 100vw, 300px\" \/><\/a>\u00bfPuedes enviar un mensaje para quienes lean la entrevista?<\/strong>\u00a0Un saludo fraternal a todas y todos los periodistas pues como muchos saben el 30 de noviembre se celebra el \u201cD\u00eda del Periodista\u201d y reitero nuestro respeto de parte de la m\u00e1xima entidad de prensa del pa\u00eds.<\/p>\n<p style=\"font-weight: 400; text-align: justify;\">Les invitamos para que se unan al grupo de<strong>\u00a0\u00abArtistas de Guatemala para el Mundo<\/strong>\u00bb en este link\u00a0<a href=\"http:\/\/on.fb.me\/1sn2wSf\">http:\/\/on.fb.me\/1sn2wSf<\/a>\u00a0\u00a0\u00a0el cual tiene como prop\u00f3sito compartir videos, fotos, an\u00e9cdotas y todo lo de nuestros artistas en las diferentes d\u00e9cadas.<\/p>\n<p style=\"font-weight: 400; text-align: justify;\">Hemos creado el grupo \u201c<strong>Las entrevistas de Heidy<\/strong>\u201d que pueden localizar en<\/p>\n<p style=\"font-weight: 400; text-align: justify;\"><a href=\"https:\/\/www.facebook.com\/groups\/1443599465933701\/\">https:\/\/www.facebook.com\/groups\/1443599465933701\/<\/a><\/p>\n<p style=\"font-weight: 400; text-align: justify;\">Tambi\u00e9n ponemos a su disposici\u00f3n el grupo \u201c<strong>Un siglo de anuncios y algo m\u00e1s\u2026\u201d,<\/strong>\u00a0un espacio donde pueden compartir o comentar los post que se publiquen\u00a0<a href=\"http:\/\/on.fb.me\/1vASm2g\">http:\/\/on.fb.me\/1vASm2g<\/a><\/p>\n<p style=\"font-weight: 400; text-align: justify;\"><strong>Las entrevistas las pueden leer en los siguientes links:<\/strong><\/p>\n<p style=\"font-weight: 400; text-align: justify;\"><a href=\"http:\/\/www.heidysandovalruiz.com\/\">http:\/\/www.heidysandovalruiz.com<\/a><\/p>\n<p style=\"font-weight: 400; text-align: justify;\"><a href=\"http:\/\/lasentrevistasdeheidy.blogspot.com\/\">http:\/\/lasentrevistasdeheidy.blogspot.com<\/a><\/p>\n<p style=\"font-weight: 400; text-align: justify;\"><a href=\"https:\/\/www.facebook.com\/pages\/Los-invitados-de-Heidy\/892159284204965?ref=hl\">https:\/\/www.facebook.com\/pages\/Los-invitados-de-Heidy\/892159284204965?ref=hl<\/a><\/p>\n<p style=\"font-weight: 400; text-align: justify;\"><strong>Entrevista realizada por Heidy Sandoval Ruiz<\/strong><\/p>\n<p style=\"font-weight: 400; text-align: justify;\"><strong><em>Toda publicaci\u00f3n es responsabilidad de la Administraci\u00f3n<\/em><\/strong><\/p>\n","protected":false},"excerpt":{"rendered":"<div class=\"mh-excerpt\"><p>En esta fecha se celebra el\u00a0\u201cD\u00eda del Periodista\u201d por lo que quisimos traer a ustedes en la \u201cCara amiga de los invitados de Heidy\u201d la <a class=\"mh-excerpt-more\" href=\"https:\/\/heidysandovalruiz.com\/?p=5513\" title=\"La cara amiga de \u00abJulio Edgar Garc\u00eda\u00bb\">[&#8230;]<\/a><\/p>\n<\/div>","protected":false},"author":4,"featured_media":5516,"comment_status":"closed","ping_status":"closed","sticky":false,"template":"","format":"standard","meta":{"footnotes":""},"categories":[16],"tags":[379],"class_list":["post-5513","post","type-post","status-publish","format-standard","has-post-thumbnail","hentry","category-la-cara-amiga","tag-la-cara-amiga-de-julio-edgar"],"_links":{"self":[{"href":"https:\/\/heidysandovalruiz.com\/index.php?rest_route=\/wp\/v2\/posts\/5513","targetHints":{"allow":["GET"]}}],"collection":[{"href":"https:\/\/heidysandovalruiz.com\/index.php?rest_route=\/wp\/v2\/posts"}],"about":[{"href":"https:\/\/heidysandovalruiz.com\/index.php?rest_route=\/wp\/v2\/types\/post"}],"author":[{"embeddable":true,"href":"https:\/\/heidysandovalruiz.com\/index.php?rest_route=\/wp\/v2\/users\/4"}],"replies":[{"embeddable":true,"href":"https:\/\/heidysandovalruiz.com\/index.php?rest_route=%2Fwp%2Fv2%2Fcomments&post=5513"}],"version-history":[{"count":5,"href":"https:\/\/heidysandovalruiz.com\/index.php?rest_route=\/wp\/v2\/posts\/5513\/revisions"}],"predecessor-version":[{"id":5526,"href":"https:\/\/heidysandovalruiz.com\/index.php?rest_route=\/wp\/v2\/posts\/5513\/revisions\/5526"}],"wp:featuredmedia":[{"embeddable":true,"href":"https:\/\/heidysandovalruiz.com\/index.php?rest_route=\/wp\/v2\/media\/5516"}],"wp:attachment":[{"href":"https:\/\/heidysandovalruiz.com\/index.php?rest_route=%2Fwp%2Fv2%2Fmedia&parent=5513"}],"wp:term":[{"taxonomy":"category","embeddable":true,"href":"https:\/\/heidysandovalruiz.com\/index.php?rest_route=%2Fwp%2Fv2%2Fcategories&post=5513"},{"taxonomy":"post_tag","embeddable":true,"href":"https:\/\/heidysandovalruiz.com\/index.php?rest_route=%2Fwp%2Fv2%2Ftags&post=5513"}],"curies":[{"name":"wp","href":"https:\/\/api.w.org\/{rel}","templated":true}]}}