{"id":5528,"date":"2017-12-07T04:19:52","date_gmt":"2017-12-07T04:19:52","guid":{"rendered":"http:\/\/heidysandovalruiz.com\/?p=5528"},"modified":"2017-12-07T04:26:58","modified_gmt":"2017-12-07T04:26:58","slug":"la-cara-amiga-de-sofi","status":"publish","type":"post","link":"https:\/\/heidysandovalruiz.com\/?p=5528","title":{"rendered":"La cara amiga de \u00abSofi\u00bb"},"content":{"rendered":"<p style=\"text-align: justify;\">En esta oportunidad presento en \u201c<strong>La cara amiga de los invitados de Heidy<\/strong>\u201d a Sofi una joven hija de padre japon\u00e9s y madre guatemalteca, quien estuvo de visita en su pa\u00eds natal Guatemala luego de a\u00f1os de ausencia, a reencontrarse con sus ra\u00edces. Es artista, cantante soprano e int\u00e9rprete del piano. Su nombre Satoko Tajima conocida art\u00edsticamente como \u00a0(Sof\u00ed).\u00a0 Ella accedi\u00f3 a conversar con nosotros y para ello contamos con el apoyo del Maestro Lester Homero God\u00ednez quien nos proporcion\u00f3 las instalaciones del Centro Cultural Universitario para reunirnos y realizar esta entrevista.\u00a0 Gracias a la licenciada Ana Francisca Espa\u00f1a quien fue el enlace para poder llevar a cabo este trabajo. Deseamos muchos \u00e9xitos en su carrera.<\/p>\n<p><iframe loading=\"lazy\" src=\"https:\/\/www.youtube.com\/embed\/UUktiLl2Y84?ecver=1\" width=\"560\" height=\"315\" frameborder=\"0\" allowfullscreen=\"allowfullscreen\"><\/iframe><\/p>\n<p style=\"text-align: center;\"><a href=\"https:\/\/heidysandovalruiz.com\/wp-content\/uploads\/2017\/12\/DSC03943.jpg\"><img loading=\"lazy\" decoding=\"async\" class=\"aligncenter size-medium wp-image-5532\" src=\"https:\/\/heidysandovalruiz.com\/wp-content\/uploads\/2017\/12\/DSC03943-300x200.jpg\" alt=\"DSC03943\" width=\"300\" height=\"200\" srcset=\"https:\/\/heidysandovalruiz.com\/wp-content\/uploads\/2017\/12\/DSC03943-300x200.jpg 300w, https:\/\/heidysandovalruiz.com\/wp-content\/uploads\/2017\/12\/DSC03943-1024x683.jpg 1024w\" sizes=\"auto, (max-width: 300px) 100vw, 300px\" \/><\/a> <a href=\"https:\/\/heidysandovalruiz.com\/wp-content\/uploads\/2017\/12\/DSC03946.jpg\"><img loading=\"lazy\" decoding=\"async\" class=\"aligncenter size-medium wp-image-5533\" src=\"https:\/\/heidysandovalruiz.com\/wp-content\/uploads\/2017\/12\/DSC03946-300x200.jpg\" alt=\"DSC03946\" width=\"300\" height=\"200\" srcset=\"https:\/\/heidysandovalruiz.com\/wp-content\/uploads\/2017\/12\/DSC03946-300x200.jpg 300w, https:\/\/heidysandovalruiz.com\/wp-content\/uploads\/2017\/12\/DSC03946-1024x683.jpg 1024w\" sizes=\"auto, (max-width: 300px) 100vw, 300px\" \/><\/a> <a href=\"https:\/\/heidysandovalruiz.com\/wp-content\/uploads\/2017\/12\/DSC03951.jpg\"><img loading=\"lazy\" decoding=\"async\" class=\"aligncenter size-medium wp-image-5534\" src=\"https:\/\/heidysandovalruiz.com\/wp-content\/uploads\/2017\/12\/DSC03951-300x200.jpg\" alt=\"DSC03951\" width=\"300\" height=\"200\" srcset=\"https:\/\/heidysandovalruiz.com\/wp-content\/uploads\/2017\/12\/DSC03951-300x200.jpg 300w, https:\/\/heidysandovalruiz.com\/wp-content\/uploads\/2017\/12\/DSC03951-1024x683.jpg 1024w\" sizes=\"auto, (max-width: 300px) 100vw, 300px\" \/><\/a> <a href=\"https:\/\/heidysandovalruiz.com\/wp-content\/uploads\/2017\/12\/DSC03969.jpg\"><img loading=\"lazy\" decoding=\"async\" class=\"aligncenter size-medium wp-image-5535\" src=\"https:\/\/heidysandovalruiz.com\/wp-content\/uploads\/2017\/12\/DSC03969-300x200.jpg\" alt=\"DSC03969\" width=\"300\" height=\"200\" srcset=\"https:\/\/heidysandovalruiz.com\/wp-content\/uploads\/2017\/12\/DSC03969-300x200.jpg 300w, https:\/\/heidysandovalruiz.com\/wp-content\/uploads\/2017\/12\/DSC03969-1024x683.jpg 1024w\" sizes=\"auto, (max-width: 300px) 100vw, 300px\" \/><\/a> <a href=\"https:\/\/heidysandovalruiz.com\/wp-content\/uploads\/2017\/12\/DSC03981.jpg\"><img loading=\"lazy\" decoding=\"async\" class=\"aligncenter size-medium wp-image-5536\" src=\"https:\/\/heidysandovalruiz.com\/wp-content\/uploads\/2017\/12\/DSC03981-300x200.jpg\" alt=\"DSC03981\" width=\"300\" height=\"200\" srcset=\"https:\/\/heidysandovalruiz.com\/wp-content\/uploads\/2017\/12\/DSC03981-300x200.jpg 300w, https:\/\/heidysandovalruiz.com\/wp-content\/uploads\/2017\/12\/DSC03981-1024x683.jpg 1024w\" sizes=\"auto, (max-width: 300px) 100vw, 300px\" \/><\/a><\/p>\n<p style=\"text-align: justify;\">Les invitamos para que se unan al grupo de \u00ab<strong>Artistas de Guatemala para el Mundo<\/strong>\u00bb en este link <a href=\"http:\/\/on.fb.me\/1sn2wSf\">http:\/\/on.fb.me\/1sn2wSf<\/a>\u00a0 el cual tiene como prop\u00f3sito compartir videos, fotos, an\u00e9cdotas y todo lo de nuestros artistas en las diferentes d\u00e9cadas.<\/p>\n<p style=\"text-align: justify;\">Hemos creado el grupo <strong>\u201cLas entrevistas de Heidy\u201d<\/strong> que pueden localizar en<\/p>\n<p style=\"text-align: justify;\"><a href=\"https:\/\/www.facebook.com\/groups\/1443599465933701\/\">https:\/\/www.facebook.com\/groups\/1443599465933701\/<\/a><\/p>\n<p style=\"text-align: justify;\">Tambi\u00e9n ponemos a su disposici\u00f3n el grupo \u201c<strong>Un siglo de anuncios y algo m\u00e1s\u2026\u201d, <\/strong>un espacio donde pueden compartir o comentar los post que se publiquen <a href=\"http:\/\/on.fb.me\/1vASm2g\">http:\/\/on.fb.me\/1vASm2g<\/a><\/p>\n<p style=\"text-align: justify;\">Las entrevistas las pueden leer en los siguientes links:<\/p>\n<p style=\"text-align: justify;\"><a href=\"http:\/\/www.heidysandovalruiz.com\">http:\/\/www.heidysandovalruiz.com<\/a><\/p>\n<p style=\"text-align: justify;\"><a href=\"http:\/\/lasentrevistasdeheidy.blogspot.com\">http:\/\/lasentrevistasdeheidy.blogspot.com<\/a><\/p>\n<p style=\"text-align: justify;\"><a href=\"https:\/\/www.facebook.com\/pages\/Los-invitados-de-Heidy\/892159284204965?ref=hl\">https:\/\/www.facebook.com\/pages\/Los-invitados-de-Heidy\/892159284204965?ref=hl<\/a><\/p>\n<p style=\"text-align: justify;\"><strong>Entrevista realizada por Heidy Sandoval Ruiz<\/strong><\/p>\n","protected":false},"excerpt":{"rendered":"<div class=\"mh-excerpt\"><p>En esta oportunidad presento en \u201cLa cara amiga de los invitados de Heidy\u201d a Sofi una joven hija de padre japon\u00e9s y madre guatemalteca, quien <a class=\"mh-excerpt-more\" href=\"https:\/\/heidysandovalruiz.com\/?p=5528\" title=\"La cara amiga de \u00abSofi\u00bb\">[&#8230;]<\/a><\/p>\n<\/div>","protected":false},"author":4,"featured_media":5529,"comment_status":"closed","ping_status":"closed","sticky":false,"template":"","format":"standard","meta":{"footnotes":""},"categories":[16],"tags":[380],"class_list":["post-5528","post","type-post","status-publish","format-standard","has-post-thumbnail","hentry","category-la-cara-amiga","tag-la-cara-amiga-de-sofi"],"_links":{"self":[{"href":"https:\/\/heidysandovalruiz.com\/index.php?rest_route=\/wp\/v2\/posts\/5528","targetHints":{"allow":["GET"]}}],"collection":[{"href":"https:\/\/heidysandovalruiz.com\/index.php?rest_route=\/wp\/v2\/posts"}],"about":[{"href":"https:\/\/heidysandovalruiz.com\/index.php?rest_route=\/wp\/v2\/types\/post"}],"author":[{"embeddable":true,"href":"https:\/\/heidysandovalruiz.com\/index.php?rest_route=\/wp\/v2\/users\/4"}],"replies":[{"embeddable":true,"href":"https:\/\/heidysandovalruiz.com\/index.php?rest_route=%2Fwp%2Fv2%2Fcomments&post=5528"}],"version-history":[{"count":3,"href":"https:\/\/heidysandovalruiz.com\/index.php?rest_route=\/wp\/v2\/posts\/5528\/revisions"}],"predecessor-version":[{"id":5537,"href":"https:\/\/heidysandovalruiz.com\/index.php?rest_route=\/wp\/v2\/posts\/5528\/revisions\/5537"}],"wp:featuredmedia":[{"embeddable":true,"href":"https:\/\/heidysandovalruiz.com\/index.php?rest_route=\/wp\/v2\/media\/5529"}],"wp:attachment":[{"href":"https:\/\/heidysandovalruiz.com\/index.php?rest_route=%2Fwp%2Fv2%2Fmedia&parent=5528"}],"wp:term":[{"taxonomy":"category","embeddable":true,"href":"https:\/\/heidysandovalruiz.com\/index.php?rest_route=%2Fwp%2Fv2%2Fcategories&post=5528"},{"taxonomy":"post_tag","embeddable":true,"href":"https:\/\/heidysandovalruiz.com\/index.php?rest_route=%2Fwp%2Fv2%2Ftags&post=5528"}],"curies":[{"name":"wp","href":"https:\/\/api.w.org\/{rel}","templated":true}]}}