{"id":557,"date":"2013-11-22T01:18:14","date_gmt":"2013-11-22T01:18:14","guid":{"rendered":"http:\/\/heidysandovalruiz.com\/?p=557"},"modified":"2014-01-16T22:50:18","modified_gmt":"2014-01-16T22:50:18","slug":"la-cara-amiga-de-fidel-funes","status":"publish","type":"post","link":"https:\/\/heidysandovalruiz.com\/?p=557","title":{"rendered":"La cara amiga de \u00abFidel Funes\u00bb"},"content":{"rendered":"<p style=\"text-align: justify;\"><span style=\"color: #003366;\">El martes 10 de septiembre, artistas y amigos compartieron con el Maestro <strong>Fidel Funes<\/strong> la celebraci\u00f3n de sus 33 a\u00f1os con la Marimba Orquesta que el tan profesional y din\u00e1micamente dirige.\u00a0 En la \u201c<strong>Cara amiga de nuestros invitados con Fidel Funes<\/strong>\u201d, un hombre luchador y constante, que ha logrado un nombre dentro del ambiente art\u00edstico porque su esfuerzo y entusiasmo le han llevado a donde se encuentra.<\/span><\/p>\n<p style=\"text-align: justify;\"><span style=\"color: #003366;\">Fidel Funes naci\u00f3 en El Tumbador, San Marcos, y desde muy peque\u00f1o so\u00f1\u00f3 con triunfar y dirigir una Marimba Orquesta, lo cual ha logrado con su tenacidad y con el apoyo de su familia, la cual es prioridad para \u00e9l.<\/span><\/p>\n<p style=\"text-align: justify;\"><span style=\"color: #003366;\">Pero nuestro invitado, tambi\u00e9n particip\u00f3 en otros grupos como Happy Boy s, La Gran Continental, la India Maya y con el Maestro Lester God\u00ednez en la Marimba de Concierto de Bellas Artes.<\/span><\/p>\n<p style=\"text-align: justify;\"><span style=\"color: #003366;\">Fidel Funes ha logrado que cada aniversario sea una fiesta musical, raz\u00f3n por la que cada a\u00f1o celebra a lo grande con invitados internacionales, entre ellos La Sonor\u00edsima Siguaray, Leo Dan, Los Flamers, Eduardo Nu\u00f1ez, Rigo Tovar, Los Tigres del Norte, Cornelio Reyna, Grupo Miramar, Lyla y su Perla del Mar, La sonora dinamita, Miguel \u00c1ngel y su Grupo Miramar y muchos artistas que han sido parte de los momentos especiales de cada aniversario de este grupo musical.<\/span><\/p>\n<p style=\"text-align: justify;\"><span style=\"color: #003366;\">Tambi\u00e9n nos sorprendi\u00f3 con su participaci\u00f3n en pel\u00edculas mexicanas como \u201cCamino al infierno\u201d, \u201cTres veces mojado\u201d y la \u201cJaula de oro\u201d junto a los Tigres del Norte.<\/span><\/p>\n<p style=\"text-align: justify;\"><span style=\"color: #003366;\">En los 33 a\u00f1os de llevar su alegr\u00eda y m\u00fasica a los guatemaltecos, Fidel se mantiene a la vanguardia de los cambios musicales, pues es un artista que le gusta actualizarse para mantenerse en el gusto del p\u00fablico.<\/span><\/p>\n<p style=\"text-align: justify;\"><span style=\"color: #003366;\">Muchos son los reconocimientos que ha recibido Fidel Funes a lo largo de estos 33 a\u00f1os, pero sin duda alguna su entusiasmo y pensando en atraer a los j\u00f3venes, la propuesta musical que present\u00f3 a los medios de comunicaci\u00f3n es verdaderamente espectacular, pues en su nuevo CD invit\u00f3 a participar a Tavo B\u00e1rcenas, Francisco Paez, vocalista de Malacates Tr\u00e9bol Shop, Pablo Cristiani y Mr. Fer vocalista del grupo Los Miseria Cumbia Band y Melky Fern\u00e1ndez, cantante de La Sonora Dinamita.\u00a0<\/span><\/p>\n<p style=\"text-align: justify;\"><span style=\"color: #003366;\">En este nuevo material que por supuesto tiene el sello Difosa Vypro, tambi\u00e9n se cont\u00f3 con la colaboraci\u00f3n de B\u00e1sico \u00b7 con un remix que est\u00e1 buen\u00edsimo.<\/span><\/p>\n<p style=\"text-align: justify;\"><span style=\"color: #003366;\">Le deseamos a Fidel Funes y su Marimba Orquesta todo el \u00e9xito en esta nueva producci\u00f3n y que siga siendo el hombre sencillo y amigable que conocemos.<\/span><\/p>\n","protected":false},"excerpt":{"rendered":"<div class=\"mh-excerpt\"><p>El martes 10 de septiembre, artistas y amigos compartieron con el Maestro Fidel Funes la celebraci\u00f3n de sus 33 a\u00f1os con la Marimba Orquesta que <a class=\"mh-excerpt-more\" href=\"https:\/\/heidysandovalruiz.com\/?p=557\" title=\"La cara amiga de \u00abFidel Funes\u00bb\">[&#8230;]<\/a><\/p>\n<\/div>","protected":false},"author":4,"featured_media":560,"comment_status":"closed","ping_status":"closed","sticky":false,"template":"","format":"standard","meta":{"footnotes":""},"categories":[16],"tags":[39],"class_list":["post-557","post","type-post","status-publish","format-standard","has-post-thumbnail","hentry","category-la-cara-amiga","tag-la-cara-amiga-de-fidel-funes"],"_links":{"self":[{"href":"https:\/\/heidysandovalruiz.com\/index.php?rest_route=\/wp\/v2\/posts\/557","targetHints":{"allow":["GET"]}}],"collection":[{"href":"https:\/\/heidysandovalruiz.com\/index.php?rest_route=\/wp\/v2\/posts"}],"about":[{"href":"https:\/\/heidysandovalruiz.com\/index.php?rest_route=\/wp\/v2\/types\/post"}],"author":[{"embeddable":true,"href":"https:\/\/heidysandovalruiz.com\/index.php?rest_route=\/wp\/v2\/users\/4"}],"replies":[{"embeddable":true,"href":"https:\/\/heidysandovalruiz.com\/index.php?rest_route=%2Fwp%2Fv2%2Fcomments&post=557"}],"version-history":[{"count":2,"href":"https:\/\/heidysandovalruiz.com\/index.php?rest_route=\/wp\/v2\/posts\/557\/revisions"}],"predecessor-version":[{"id":610,"href":"https:\/\/heidysandovalruiz.com\/index.php?rest_route=\/wp\/v2\/posts\/557\/revisions\/610"}],"wp:featuredmedia":[{"embeddable":true,"href":"https:\/\/heidysandovalruiz.com\/index.php?rest_route=\/wp\/v2\/media\/560"}],"wp:attachment":[{"href":"https:\/\/heidysandovalruiz.com\/index.php?rest_route=%2Fwp%2Fv2%2Fmedia&parent=557"}],"wp:term":[{"taxonomy":"category","embeddable":true,"href":"https:\/\/heidysandovalruiz.com\/index.php?rest_route=%2Fwp%2Fv2%2Fcategories&post=557"},{"taxonomy":"post_tag","embeddable":true,"href":"https:\/\/heidysandovalruiz.com\/index.php?rest_route=%2Fwp%2Fv2%2Ftags&post=557"}],"curies":[{"name":"wp","href":"https:\/\/api.w.org\/{rel}","templated":true}]}}