{"id":5596,"date":"2018-02-12T03:48:00","date_gmt":"2018-02-12T03:48:00","guid":{"rendered":"http:\/\/heidysandovalruiz.com\/?p=5596"},"modified":"2018-02-12T03:52:03","modified_gmt":"2018-02-12T03:52:03","slug":"pinceladas-de-mujer-de-dania-patricia","status":"publish","type":"post","link":"https:\/\/heidysandovalruiz.com\/?p=5596","title":{"rendered":"\u00abPinceladas de Mujer\u00bb de Dania Patricia"},"content":{"rendered":"<p style=\"font-weight: 400; text-align: justify;\">El pasado 9 de febrero se llev\u00f3 a cabo la \u201c<strong>Exposici\u00f3n Pinceladas de Mujer<\/strong>\u201d de la artista Dania Patricia Aguirre.\u00a0 Dicha actividad se realiz\u00f3 auspiciada por la Biblioteca Nacional y la Fraternidad Normalista.\u00a0 El marco de este evento fue el vest\u00edbulo de la Biblioteca Nacional \u201cLuis Cardoza y Arag\u00f3n\u201d.<\/p>\n<p style=\"font-weight: 400; text-align: justify;\">Los asistentes pudieron disfrutar de una tarde-noche de pintura, poes\u00eda y m\u00fasica pues se cont\u00f3 con la presencia de artistas que ofrecieron al p\u00fablico su poemas, entre ellos: Fluvia Nissi, Carlos Vallejo, Adonis de Le\u00f3n, Erwin Orozco y Hugo Ossorio.\u00a0 La parte musical estuvo a cargo de Carlos Cu\u00e9llar \u201cla voz rom\u00e1ntica\u201d, Mariann Roc\u00edo y Ariel Morales.<\/p>\n<p style=\"font-weight: 400; text-align: justify;\">El evento fue organizado por la Fraternidad Normalista en el marco de la \u201cExposici\u00f3n Literaria de autores normalistas\u201d, bajo la direcci\u00f3n del Dr. Edgar Laparra y la directora de la Biblioteca Nacional Licda. llonka Matute. Tambi\u00e9n se cont\u00f3 con la presencia del cr\u00edtico de arte el maestro Ernesto Boesche.<\/p>\n<p style=\"font-weight: 400; text-align: justify;\">La exposici\u00f3n estar\u00e1 abierta durante el mes de febrero en horario de 8 a 16 horas.\u00a0 Las pinturas realizadas por la artista Aguirre, est\u00e1n a la venta para los coleccionistas que les gusta adquirir trabajos hechos con amor y calidad.<\/p>\n<p style=\"font-weight: 400; text-align: justify;\">Hugo Ossorio de Chiquimula tuvo a su cargo la conducci\u00f3n del evento.<\/p>\n<figure id=\"attachment_5599\" aria-describedby=\"caption-attachment-5599\" style=\"width: 300px\" class=\"wp-caption alignright\"><a href=\"https:\/\/heidysandovalruiz.com\/wp-content\/uploads\/2018\/02\/Adonis-de-Le\u00f3n.jpg\"><img loading=\"lazy\" decoding=\"async\" class=\"size-medium wp-image-5599\" src=\"https:\/\/heidysandovalruiz.com\/wp-content\/uploads\/2018\/02\/Adonis-de-Le\u00f3n-300x200.jpg\" alt=\"Adonis de Le\u00f3n\" width=\"300\" height=\"200\" srcset=\"https:\/\/heidysandovalruiz.com\/wp-content\/uploads\/2018\/02\/Adonis-de-Le\u00f3n-300x200.jpg 300w, https:\/\/heidysandovalruiz.com\/wp-content\/uploads\/2018\/02\/Adonis-de-Le\u00f3n.jpg 600w\" sizes=\"auto, (max-width: 300px) 100vw, 300px\" \/><\/a><figcaption id=\"caption-attachment-5599\" class=\"wp-caption-text\"><strong>Adonis de Le\u00f3n<\/strong><\/figcaption><\/figure>\n<p style=\"font-weight: 400; text-align: justify;\">El poeta Adonis De Le\u00f3n dedic\u00f3 un poema a la expositora titul\u00e1ndolo \u201cPINCELADAS DE MUJER\u00bb el cual escribi\u00f3 en el momento de la presentaci\u00f3n.<\/p>\n<ul>\n<li style=\"font-weight: 400; text-align: justify;\">Son tus pinceladas de mujer<\/li>\n<li style=\"font-weight: 400; text-align: justify;\">Tu l\u00ednea mirada<\/li>\n<li style=\"font-weight: 400; text-align: justify;\">Tu tecnicolor sonrisa<\/li>\n<li style=\"font-weight: 400; text-align: justify;\">El prisma de tu imagen<\/li>\n<li style=\"font-weight: 400; text-align: justify;\">Son tus detalles en mi lienzo vida<\/li>\n<li style=\"font-weight: 400; text-align: justify;\">Son pinceladas de musa<\/li>\n<li style=\"font-weight: 400; text-align: justify;\">De talism\u00e1n<\/li>\n<li style=\"font-weight: 400; text-align: justify;\">Son dichas de mi alma<\/li>\n<li style=\"font-weight: 400; text-align: justify;\">Pinceladas de mujer&#8230;<\/li>\n<li style=\"font-weight: 400; text-align: justify;\">Eres t\u00fa, la mejor de esas pinceladas<\/li>\n<li style=\"font-weight: 400; text-align: justify;\">La sonrisa bien pintada, que se hace hoy en mis adentros, como en una pared, donde pones tus pinturas<\/li>\n<li style=\"font-weight: 400; text-align: justify;\">Tus pinturas de sonrisa<\/li>\n<li style=\"font-weight: 400; text-align: justify;\">Pinceladas de mujer&#8230;<\/li>\n<\/ul>\n<p style=\"font-weight: 400; text-align: justify;\">Auguramos a Dania Patricia muchos \u00e9xitos en su actividad art\u00edstica.<\/p>\n<p style=\"font-weight: 400; text-align: justify;\">Fotograf\u00edas:\u00a0<strong>Roy El\u00edas<\/strong><\/p>\n<p style=\"font-weight: 400; text-align: justify;\">Pueden leer la maravillosa historia de\u00a0<strong>Dania Patricia Aguirre<\/strong>\u00a0en la que conocer\u00e1n\u00a0que ella fue nombrada \u201cHija Predilecta de Esquipulas\u201d adem\u00e1s, sus pinturas han sido llevadas a Estados Unidos, M\u00e9xico, Venezuela, Rep\u00fablica Dominicana, Italia, Suiza, Argentina, Hait\u00ed y recientemente a Portugal.\u00a0\u00a0Nuestra invitada nos contar\u00e1 de esto y mucho m\u00e1s.en cualquiera de los siguientes links:\u00a0\u00a0\u00a0o\u00a0<\/p>\n<p style=\"font-weight: 400; text-align: center;\"><a href=\"https:\/\/heidysandovalruiz.com\/wp-content\/uploads\/2018\/02\/27751778_1763120760398974_1493415563934557569_n.jpg\"><img loading=\"lazy\" decoding=\"async\" class=\"aligncenter size-medium wp-image-5600\" src=\"https:\/\/heidysandovalruiz.com\/wp-content\/uploads\/2018\/02\/27751778_1763120760398974_1493415563934557569_n-133x300.jpg\" alt=\"27751778_1763120760398974_1493415563934557569_n\" width=\"133\" height=\"300\" srcset=\"https:\/\/heidysandovalruiz.com\/wp-content\/uploads\/2018\/02\/27751778_1763120760398974_1493415563934557569_n-133x300.jpg 133w, https:\/\/heidysandovalruiz.com\/wp-content\/uploads\/2018\/02\/27751778_1763120760398974_1493415563934557569_n.jpg 425w\" sizes=\"auto, (max-width: 133px) 100vw, 133px\" \/><\/a><\/p>\n<p style=\"font-weight: 400; text-align: center;\"><a href=\"https:\/\/heidysandovalruiz.com\/wp-content\/uploads\/2018\/02\/27858083_1764639940247056_1297417577898730245_n.jpg\"><img loading=\"lazy\" decoding=\"async\" class=\"aligncenter size-medium wp-image-5601\" src=\"https:\/\/heidysandovalruiz.com\/wp-content\/uploads\/2018\/02\/27858083_1764639940247056_1297417577898730245_n-300x200.jpg\" alt=\"27858083_1764639940247056_1297417577898730245_n\" width=\"300\" height=\"200\" srcset=\"https:\/\/heidysandovalruiz.com\/wp-content\/uploads\/2018\/02\/27858083_1764639940247056_1297417577898730245_n-300x200.jpg 300w, https:\/\/heidysandovalruiz.com\/wp-content\/uploads\/2018\/02\/27858083_1764639940247056_1297417577898730245_n.jpg 600w\" sizes=\"auto, (max-width: 300px) 100vw, 300px\" \/><\/a><\/p>\n<p style=\"font-weight: 400; text-align: center;\"><a href=\"https:\/\/heidysandovalruiz.com\/wp-content\/uploads\/2018\/02\/27972297_1764603143584069_751348596843916731_n.jpg\"><img loading=\"lazy\" decoding=\"async\" class=\"aligncenter size-medium wp-image-5602\" src=\"https:\/\/heidysandovalruiz.com\/wp-content\/uploads\/2018\/02\/27972297_1764603143584069_751348596843916731_n-300x200.jpg\" alt=\"27972297_1764603143584069_751348596843916731_n\" width=\"300\" height=\"200\" srcset=\"https:\/\/heidysandovalruiz.com\/wp-content\/uploads\/2018\/02\/27972297_1764603143584069_751348596843916731_n-300x200.jpg 300w, https:\/\/heidysandovalruiz.com\/wp-content\/uploads\/2018\/02\/27972297_1764603143584069_751348596843916731_n.jpg 600w\" sizes=\"auto, (max-width: 300px) 100vw, 300px\" \/><\/a><\/p>\n<figure id=\"attachment_5603\" aria-describedby=\"caption-attachment-5603\" style=\"width: 300px\" class=\"wp-caption aligncenter\"><a href=\"https:\/\/heidysandovalruiz.com\/wp-content\/uploads\/2018\/02\/27654850_1764640370247013_6363154739294860378_n.jpg\"><img loading=\"lazy\" decoding=\"async\" class=\"wp-image-5603 size-medium\" src=\"https:\/\/heidysandovalruiz.com\/wp-content\/uploads\/2018\/02\/27654850_1764640370247013_6363154739294860378_n-300x274.jpg\" alt=\"27654850_1764640370247013_6363154739294860378_n\" width=\"300\" height=\"274\" srcset=\"https:\/\/heidysandovalruiz.com\/wp-content\/uploads\/2018\/02\/27654850_1764640370247013_6363154739294860378_n-300x274.jpg 300w, https:\/\/heidysandovalruiz.com\/wp-content\/uploads\/2018\/02\/27654850_1764640370247013_6363154739294860378_n.jpg 438w\" sizes=\"auto, (max-width: 300px) 100vw, 300px\" \/><\/a><figcaption id=\"caption-attachment-5603\" class=\"wp-caption-text\"><strong>Poeta Erwin Orozco<\/strong><\/figcaption><\/figure>\n<figure id=\"attachment_5604\" aria-describedby=\"caption-attachment-5604\" style=\"width: 300px\" class=\"wp-caption aligncenter\"><a href=\"https:\/\/heidysandovalruiz.com\/wp-content\/uploads\/2018\/02\/27752499_1764640576913659_6965974591161203813_n.jpg\"><img loading=\"lazy\" decoding=\"async\" class=\"wp-image-5604 size-medium\" src=\"https:\/\/heidysandovalruiz.com\/wp-content\/uploads\/2018\/02\/27752499_1764640576913659_6965974591161203813_n-300x200.jpg\" alt=\"27752499_1764640576913659_6965974591161203813_n\" width=\"300\" height=\"200\" srcset=\"https:\/\/heidysandovalruiz.com\/wp-content\/uploads\/2018\/02\/27752499_1764640576913659_6965974591161203813_n-300x200.jpg 300w, https:\/\/heidysandovalruiz.com\/wp-content\/uploads\/2018\/02\/27752499_1764640576913659_6965974591161203813_n.jpg 450w\" sizes=\"auto, (max-width: 300px) 100vw, 300px\" \/><\/a><figcaption id=\"caption-attachment-5604\" class=\"wp-caption-text\"><strong>Fluvia Nissi<\/strong><\/figcaption><\/figure>\n<figure id=\"attachment_5605\" aria-describedby=\"caption-attachment-5605\" style=\"width: 300px\" class=\"wp-caption aligncenter\"><a href=\"https:\/\/heidysandovalruiz.com\/wp-content\/uploads\/2018\/02\/El-Maestro-Ernesto-Boesche.jpg\"><img loading=\"lazy\" decoding=\"async\" class=\"wp-image-5605 size-medium\" src=\"https:\/\/heidysandovalruiz.com\/wp-content\/uploads\/2018\/02\/El-Maestro-Ernesto-Boesche-300x200.jpg\" alt=\"El Maestro Ernesto Boesche\" width=\"300\" height=\"200\" srcset=\"https:\/\/heidysandovalruiz.com\/wp-content\/uploads\/2018\/02\/El-Maestro-Ernesto-Boesche-300x200.jpg 300w, https:\/\/heidysandovalruiz.com\/wp-content\/uploads\/2018\/02\/El-Maestro-Ernesto-Boesche.jpg 600w\" sizes=\"auto, (max-width: 300px) 100vw, 300px\" \/><\/a><figcaption id=\"caption-attachment-5605\" class=\"wp-caption-text\"><strong>La artista con el maestro Ernesto Boesch<\/strong><\/figcaption><\/figure>\n<figure id=\"attachment_5606\" aria-describedby=\"caption-attachment-5606\" style=\"width: 300px\" class=\"wp-caption aligncenter\"><a href=\"https:\/\/heidysandovalruiz.com\/wp-content\/uploads\/2018\/02\/27752072_1764640853580298_2325822436654732042_n.jpg\"><img loading=\"lazy\" decoding=\"async\" class=\"wp-image-5606 size-medium\" src=\"https:\/\/heidysandovalruiz.com\/wp-content\/uploads\/2018\/02\/27752072_1764640853580298_2325822436654732042_n-300x252.jpg\" alt=\"27752072_1764640853580298_2325822436654732042_n\" width=\"300\" height=\"252\" srcset=\"https:\/\/heidysandovalruiz.com\/wp-content\/uploads\/2018\/02\/27752072_1764640853580298_2325822436654732042_n-300x252.jpg 300w, https:\/\/heidysandovalruiz.com\/wp-content\/uploads\/2018\/02\/27752072_1764640853580298_2325822436654732042_n.jpg 386w\" sizes=\"auto, (max-width: 300px) 100vw, 300px\" \/><\/a><figcaption id=\"caption-attachment-5606\" class=\"wp-caption-text\"><strong>Carlos Cu\u00e9llar<\/strong><\/figcaption><\/figure>\n<figure id=\"attachment_5607\" aria-describedby=\"caption-attachment-5607\" style=\"width: 223px\" class=\"wp-caption aligncenter\"><a href=\"https:\/\/heidysandovalruiz.com\/wp-content\/uploads\/2018\/02\/27858344_1764640450247005_5792020764230214493_n.jpg\"><img loading=\"lazy\" decoding=\"async\" class=\"wp-image-5607 size-medium\" src=\"https:\/\/heidysandovalruiz.com\/wp-content\/uploads\/2018\/02\/27858344_1764640450247005_5792020764230214493_n-223x300.jpg\" alt=\"27858344_1764640450247005_5792020764230214493_n\" width=\"223\" height=\"300\" srcset=\"https:\/\/heidysandovalruiz.com\/wp-content\/uploads\/2018\/02\/27858344_1764640450247005_5792020764230214493_n-223x300.jpg 223w, https:\/\/heidysandovalruiz.com\/wp-content\/uploads\/2018\/02\/27858344_1764640450247005_5792020764230214493_n.jpg 322w\" sizes=\"auto, (max-width: 223px) 100vw, 223px\" \/><\/a><figcaption id=\"caption-attachment-5607\" class=\"wp-caption-text\"><strong>Mariann Roc\u00edo<\/strong><\/figcaption><\/figure>\n<figure id=\"attachment_5608\" aria-describedby=\"caption-attachment-5608\" style=\"width: 300px\" class=\"wp-caption aligncenter\"><a href=\"https:\/\/heidysandovalruiz.com\/wp-content\/uploads\/2018\/02\/27654619_1764640826913634_9147220834957442006_n.jpg\"><img loading=\"lazy\" decoding=\"async\" class=\"wp-image-5608 size-medium\" src=\"https:\/\/heidysandovalruiz.com\/wp-content\/uploads\/2018\/02\/27654619_1764640826913634_9147220834957442006_n-300x210.jpg\" alt=\"27654619_1764640826913634_9147220834957442006_n\" width=\"300\" height=\"210\" srcset=\"https:\/\/heidysandovalruiz.com\/wp-content\/uploads\/2018\/02\/27654619_1764640826913634_9147220834957442006_n-300x210.jpg 300w, https:\/\/heidysandovalruiz.com\/wp-content\/uploads\/2018\/02\/27654619_1764640826913634_9147220834957442006_n.jpg 518w\" sizes=\"auto, (max-width: 300px) 100vw, 300px\" \/><\/a><figcaption id=\"caption-attachment-5608\" class=\"wp-caption-text\"><strong>La artista con la Directora de la Bibliotcea Nacional <\/strong><\/figcaption><\/figure>\n<figure id=\"attachment_5609\" aria-describedby=\"caption-attachment-5609\" style=\"width: 300px\" class=\"wp-caption aligncenter\"><a href=\"https:\/\/heidysandovalruiz.com\/wp-content\/uploads\/2018\/02\/27858299_1764640156913701_8629644243971536314_n.jpg\"><img loading=\"lazy\" decoding=\"async\" class=\"wp-image-5609 size-medium\" src=\"https:\/\/heidysandovalruiz.com\/wp-content\/uploads\/2018\/02\/27858299_1764640156913701_8629644243971536314_n-300x297.jpg\" alt=\"27858299_1764640156913701_8629644243971536314_n\" width=\"300\" height=\"297\" srcset=\"https:\/\/heidysandovalruiz.com\/wp-content\/uploads\/2018\/02\/27858299_1764640156913701_8629644243971536314_n-300x297.jpg 300w, https:\/\/heidysandovalruiz.com\/wp-content\/uploads\/2018\/02\/27858299_1764640156913701_8629644243971536314_n-150x150.jpg 150w, https:\/\/heidysandovalruiz.com\/wp-content\/uploads\/2018\/02\/27858299_1764640156913701_8629644243971536314_n.jpg 404w\" sizes=\"auto, (max-width: 300px) 100vw, 300px\" \/><\/a><figcaption id=\"caption-attachment-5609\" class=\"wp-caption-text\"><strong>Dr. Edgar Laparra<\/strong><\/figcaption><\/figure>\n<figure id=\"attachment_5610\" aria-describedby=\"caption-attachment-5610\" style=\"width: 300px\" class=\"wp-caption aligncenter\"><a href=\"https:\/\/heidysandovalruiz.com\/wp-content\/uploads\/2018\/02\/27858318_1764640090247041_2013108456367826956_n.jpg\"><img loading=\"lazy\" decoding=\"async\" class=\"size-medium wp-image-5610\" src=\"https:\/\/heidysandovalruiz.com\/wp-content\/uploads\/2018\/02\/27858318_1764640090247041_2013108456367826956_n-300x209.jpg\" alt=\"Presentador Hugo Ossorio de Chiquimula \" width=\"300\" height=\"209\" srcset=\"https:\/\/heidysandovalruiz.com\/wp-content\/uploads\/2018\/02\/27858318_1764640090247041_2013108456367826956_n-300x209.jpg 300w, https:\/\/heidysandovalruiz.com\/wp-content\/uploads\/2018\/02\/27858318_1764640090247041_2013108456367826956_n.jpg 466w\" sizes=\"auto, (max-width: 300px) 100vw, 300px\" \/><\/a><figcaption id=\"caption-attachment-5610\" class=\"wp-caption-text\"><strong>Presentador Hugo Ossorio de Chiquimula<\/strong><\/figcaption><\/figure>\n","protected":false},"excerpt":{"rendered":"<div class=\"mh-excerpt\"><p>El pasado 9 de febrero se llev\u00f3 a cabo la \u201cExposici\u00f3n Pinceladas de Mujer\u201d de la artista Dania Patricia Aguirre.\u00a0 Dicha actividad se realiz\u00f3 auspiciada <a class=\"mh-excerpt-more\" href=\"https:\/\/heidysandovalruiz.com\/?p=5596\" title=\"\u00abPinceladas de Mujer\u00bb de Dania Patricia\">[&#8230;]<\/a><\/p>\n<\/div>","protected":false},"author":4,"featured_media":5598,"comment_status":"closed","ping_status":"closed","sticky":false,"template":"","format":"standard","meta":{"footnotes":""},"categories":[63],"tags":[385],"class_list":["post-5596","post","type-post","status-publish","format-standard","has-post-thumbnail","hentry","category-varios","tag-exitosa-exposicion-de-dania-patricia"],"_links":{"self":[{"href":"https:\/\/heidysandovalruiz.com\/index.php?rest_route=\/wp\/v2\/posts\/5596","targetHints":{"allow":["GET"]}}],"collection":[{"href":"https:\/\/heidysandovalruiz.com\/index.php?rest_route=\/wp\/v2\/posts"}],"about":[{"href":"https:\/\/heidysandovalruiz.com\/index.php?rest_route=\/wp\/v2\/types\/post"}],"author":[{"embeddable":true,"href":"https:\/\/heidysandovalruiz.com\/index.php?rest_route=\/wp\/v2\/users\/4"}],"replies":[{"embeddable":true,"href":"https:\/\/heidysandovalruiz.com\/index.php?rest_route=%2Fwp%2Fv2%2Fcomments&post=5596"}],"version-history":[{"count":2,"href":"https:\/\/heidysandovalruiz.com\/index.php?rest_route=\/wp\/v2\/posts\/5596\/revisions"}],"predecessor-version":[{"id":5611,"href":"https:\/\/heidysandovalruiz.com\/index.php?rest_route=\/wp\/v2\/posts\/5596\/revisions\/5611"}],"wp:featuredmedia":[{"embeddable":true,"href":"https:\/\/heidysandovalruiz.com\/index.php?rest_route=\/wp\/v2\/media\/5598"}],"wp:attachment":[{"href":"https:\/\/heidysandovalruiz.com\/index.php?rest_route=%2Fwp%2Fv2%2Fmedia&parent=5596"}],"wp:term":[{"taxonomy":"category","embeddable":true,"href":"https:\/\/heidysandovalruiz.com\/index.php?rest_route=%2Fwp%2Fv2%2Fcategories&post=5596"},{"taxonomy":"post_tag","embeddable":true,"href":"https:\/\/heidysandovalruiz.com\/index.php?rest_route=%2Fwp%2Fv2%2Ftags&post=5596"}],"curies":[{"name":"wp","href":"https:\/\/api.w.org\/{rel}","templated":true}]}}