{"id":5629,"date":"2018-02-22T01:42:39","date_gmt":"2018-02-22T01:42:39","guid":{"rendered":"http:\/\/heidysandovalruiz.com\/?p=5629"},"modified":"2018-02-22T01:53:18","modified_gmt":"2018-02-22T01:53:18","slug":"la-cara-amiga-de-brendy-boj","status":"publish","type":"post","link":"https:\/\/heidysandovalruiz.com\/?p=5629","title":{"rendered":"La cara amiga de \u00abBrendy Boj\u00bb"},"content":{"rendered":"<p style=\"text-align: justify;\">En la \u201c<strong>Cara amiga de los invitados de Heidy<\/strong>\u201d, en esta oportunidad comparto la historia una joven que al contar con tan solo 11 a\u00f1os ya impart\u00eda sus conocimientos musicales con el instrumento del arpa. Presento a ustedes a <strong>Brendy Boj<\/strong> destacada arpista quien nos contar\u00e1 parte de su trayectoria y aspectos de su vida y como ella decide que ser arpista es su vocaci\u00f3n.<\/p>\n<p style=\"text-align: justify;\">Doy la bienvenida a este espacio donde se puede decir lo que se quiere y en otros lados no se puede.<\/p>\n<p style=\"text-align: justify;\">Para dar inicio a nuestra entrevista quiero preguntarte <strong>\u00bfC\u00f3mo recuerdas tu ni\u00f1ez, la relaci\u00f3n con tus padres como fue esa \u00e9poca y d\u00f3nde transcurre esta etapa de tu vida?<\/strong> Siempre fui una ni\u00f1a muy amada y querida por mi familia, soy la primera hija y quiz\u00e1s por ello siempre he sido muy protectora con mis hermanos, mi infancia fue diferente porque no jugaba con mu\u00f1ecas, disfrutaba m\u00e1s de resolver problemas de matem\u00e1tica y leer, me encanaba ir a estudiar, aprender, recuerdo con mucho cari\u00f1o a mis maestros y les agradezco todo lo que me ense\u00f1aron porque gracias a ellos he llegado hasta aqu\u00ed, he sido Bendecida por Dios al regalarme a los mejores padres del mundo, cari\u00f1osos, bondadosos, responsables, honestos y quienes siempre me han apoyado en mis sue\u00f1os y metas, en todo momento ellos estan a mi lado y yo los am\u00f3 profundamente. En ella centro Hist\u00f3rico de Guatemala viv\u00ed mi ni\u00f1ez.<\/p>\n<p style=\"text-align: justify;\"><strong>\u00bfSentiste desde muy peque\u00f1a gusto por el arte?<\/strong> En ese momento no sab\u00eda que era lo que pasaba pero la m\u00fasica ha marcado en mi vida desde que nac\u00ed al ser hija de dos maestros de la m\u00fasica.<\/p>\n<p style=\"text-align: justify;\"><strong>\u00bfC\u00f3mo recuerdas esa inquietud art\u00edstica?<\/strong> Me gustaba ayudar a calificar los ex\u00e1menes de mi pap\u00e1 y sab\u00eda todas las respuestas de memoria, asimilaba muy f\u00e1cil todo lo relacionado con la m\u00fasica y fue mi pap\u00e1 quien me ense\u00f1\u00f3 mis primeros conocimientos musicales, siempre insisti\u00f3 en que yo ten\u00eda talento aunque en ese momento no imaginaba lo que ser\u00eda de mi vida.<\/p>\n<p style=\"text-align: justify;\"><strong>\u00bfC\u00f3mo te apasionas por el arpa y no por otro instrumento musical?<\/strong> En realidad so\u00f1aba con ser violinista (y nunca he tocado un viol\u00edn), el arpa lleg\u00f3 a m\u00ed vida de forma inesperada cuando ten\u00eda 10 a\u00f1os la escuch\u00e9 por primera vez en el Conservatorio Nacional tocada por mi maestra y me encant\u00f3, no quer\u00eda hacer nada m\u00e1s que ir a estudiar arpa toda la tarde en el Conservatorio, pasaba muchas horas sin darme cuenta en ese sal\u00f3n de clases.<a href=\"https:\/\/heidysandovalruiz.com\/wp-content\/uploads\/2018\/02\/13412947_971525832946096_8466908511705607776_n.jpg\"><img loading=\"lazy\" decoding=\"async\" class=\"size-medium wp-image-5631 alignright\" src=\"https:\/\/heidysandovalruiz.com\/wp-content\/uploads\/2018\/02\/13412947_971525832946096_8466908511705607776_n-300x250.jpg\" alt=\"13412947_971525832946096_8466908511705607776_n\" width=\"300\" height=\"250\" srcset=\"https:\/\/heidysandovalruiz.com\/wp-content\/uploads\/2018\/02\/13412947_971525832946096_8466908511705607776_n-300x250.jpg 300w, https:\/\/heidysandovalruiz.com\/wp-content\/uploads\/2018\/02\/13412947_971525832946096_8466908511705607776_n.jpg 960w\" sizes=\"auto, (max-width: 300px) 100vw, 300px\" \/><\/a><\/p>\n<p style=\"text-align: justify;\"><strong>Cu\u00e9ntanos \u00bfQui\u00e9n te da la oportunidad para conocer y ejecutar este instrumento?<\/strong> Mi maestra Floridalma Robles Q.E.P me ense\u00f1\u00f3 con mucho amor y disciplina, durante un a\u00f1o recib\u00ed de ella todo el conocimiento que pudo darme, adem\u00e1s so\u00f1aba con graduar a un alumno y me exig\u00eda porque vio en m\u00ed algo que yo no imaginaba que ten\u00eda habilidades musicales, ella fallece al a\u00f1o siguiente pero antes me hizo prometerle que jam\u00e1s dejar\u00eda de estudiar arpa, durante varios a\u00f1os segu\u00ed en el Conservatorio estudiando con los alumnos avanzados, hasta que tuve la oportunidad que conocer a Patrice Fisher quien me ofrece ense\u00f1ar en el Proyecto Arpas en Armon\u00eda en Antigua Guatemala, y decide ayudarme a seguir con mis estudios de arpa y desde entonces ella ha sido mi maestra por v\u00eda skype.<\/p>\n<p style=\"text-align: justify;\"><strong>\u00bfD\u00f3nde inicias a impartir conocimientos de arpa?<\/strong> Inici\u00e9 a dar clases a los 16 a\u00f1os en el Sitio Antigua Guatemala, gracias a que Patrice Fisher me da la oportunidad de hacerme cargo de este proyecto que ella funda pero que no puede atender porque vive en Estados Unidos. Empec\u00e9 trabajando con ni\u00f1os \u00fanicamente pero despu\u00e9s se acercaron j\u00f3venes y adultos con la intenci\u00f3n de aprender y me pareci\u00f3 interesante y un reto personal darles clases. Y viajaba todos los domingos para poder dar clases.<\/p>\n<p style=\"text-align: justify;\"><strong>\u00bfQui\u00e9n te motiva para acercarte a tocar puertas en el Centro Cultural Metropolitano?<\/strong> Debido a que a la Antigua llegaban muchos alumnos de la ciudad decid\u00ed que era la oportunidad de buscar la expansi\u00f3n del proyecto fue entonces que conoc\u00ed a la licenciada Lorena Rojas y fue ella quien abri\u00f3 las puertas al proyecto de Arpas en Armon\u00eda, nos ofreci\u00f3 un espacio f\u00edsico para las clases y desde el a\u00f1o 2006 nos han apoyado como direcci\u00f3n general del Centro Hist\u00f3rico a que las clases de arpa contin\u00faen en las instalaciones del Centro Cultural Metropolitano y Casa Ibarg\u00fcen.<\/p>\n<p style=\"text-align: justify;\"><strong><a href=\"https:\/\/heidysandovalruiz.com\/wp-content\/uploads\/2018\/02\/18403125_1446329755388290_6257884775734799700_n.jpg\"><img loading=\"lazy\" decoding=\"async\" class=\"size-medium wp-image-5632 alignleft\" src=\"https:\/\/heidysandovalruiz.com\/wp-content\/uploads\/2018\/02\/18403125_1446329755388290_6257884775734799700_n-300x225.jpg\" alt=\"18403125_1446329755388290_6257884775734799700_n\" width=\"300\" height=\"225\" srcset=\"https:\/\/heidysandovalruiz.com\/wp-content\/uploads\/2018\/02\/18403125_1446329755388290_6257884775734799700_n-300x225.jpg 300w, https:\/\/heidysandovalruiz.com\/wp-content\/uploads\/2018\/02\/18403125_1446329755388290_6257884775734799700_n.jpg 960w\" sizes=\"auto, (max-width: 300px) 100vw, 300px\" \/><\/a>\u00bfPuedes definirnos \u201cArpas en Armon\u00eda\u201d?<\/strong> Arpas en Armon\u00eda es un grupo de ni\u00f1os, j\u00f3venes y adultos que comparten su amor y pasi\u00f3n por la m\u00fasica y el instrumento. No solamente una agrupaci\u00f3n musical sino que una verdadera familia. Arpas en Armon\u00eda es mi vida.<\/p>\n<p style=\"text-align: justify;\"><strong>\u00bfCu\u00e1ntas personas lo integran?<\/strong> Actualmente en la agrupaci\u00f3n hay 15 m\u00fasicos incluyendo percusi\u00f3n y una flauta transversal.<\/p>\n<p style=\"text-align: justify;\"><strong>\u00bfQui\u00e9nes pueden optar a ser parte de este proyecto?<\/strong> Cualquier persona que tenga el deseo de aprender es bienvenido a partir de 5 a\u00f1os todos pueden intentarlo.<\/p>\n<p style=\"text-align: justify;\"><strong>\u00bfCu\u00e1ntas arpistas hay en Guatemala?<\/strong> No sabr\u00eda decirte con exactitud pero si hay otras personas que tocan arpa en el pa\u00eds.<\/p>\n<p style=\"text-align: justify;\"><strong>Y por cierto \u00bfHay varias academias para su ense\u00f1anza?<\/strong> Es poco probable que existan otras academias por que el costo de las arpas no es tan accesible es por eso que nosotros vivimos a base de donaciones, lo que si es cierto es que Arpas en Armon\u00eda cumple 15 a\u00f1os de Fundaci\u00f3n en noviembre del 2018 y que estos a\u00f1os han sido fundamental para la ense\u00f1anza de sus miembros ya que muchos de ellos son arpistas con otras agrupaciones y solistas.<\/p>\n<p style=\"text-align: justify;\"><strong>\u00bfEn qu\u00e9 lugares se ha presentado \u201cArpas en Armon\u00eda\u201d?<\/strong> Son incontables los escenarios en los que hemos estado a lo largo de nuestra trayectoria hemos viajado a nivel Nacional a diferentes departamentos como Solol\u00e1, Retalhuleu, San Marcos, Antigua, Amatitl\u00e1n, Palencia, Suchitoto El Salvador, Interfer, Entamalarte, Palacio Nacional de la Cultura, Festival del Centro Hist\u00f3rico, Festival internacional de Arte de la USAC, Facultad de Humanidades de la USAC, entre otros.<\/p>\n<p style=\"text-align: justify;\"><strong>\u00bfQu\u00e9 tipo de m\u00fasica podemos escuchar en su repertorio?<\/strong> M\u00fasica guatemalteca, latin jazz, m\u00fasica latinoamericana, m\u00fasica tradicional para arpa, m\u00fasica popular, hacemos adaptaciones a nuestras arpas y tratamos de tener un repertorio ampli\u00f3 y para todos los gustos.<a href=\"https:\/\/heidysandovalruiz.com\/wp-content\/uploads\/2018\/02\/14642175_1245902668764334_1532860047519776047_n.jpg\"><img loading=\"lazy\" decoding=\"async\" class=\"size-medium wp-image-5633 alignright\" src=\"https:\/\/heidysandovalruiz.com\/wp-content\/uploads\/2018\/02\/14642175_1245902668764334_1532860047519776047_n-225x300.jpg\" alt=\"14642175_1245902668764334_1532860047519776047_n\" width=\"225\" height=\"300\" srcset=\"https:\/\/heidysandovalruiz.com\/wp-content\/uploads\/2018\/02\/14642175_1245902668764334_1532860047519776047_n-225x300.jpg 225w, https:\/\/heidysandovalruiz.com\/wp-content\/uploads\/2018\/02\/14642175_1245902668764334_1532860047519776047_n.jpg 720w\" sizes=\"auto, (max-width: 225px) 100vw, 225px\" \/><\/a><\/p>\n<p style=\"text-align: justify;\"><strong>\u00bfQu\u00e9 tan f\u00e1cil o dif\u00edcil ha sido para ti mantener este grupo?<\/strong> Han sido muchos a\u00f1os de dedicaci\u00f3n incondicional a este proyecto, hemos tenido algunos donativos de m\u00fasica, instrumentos, pero no son suficientes para el mantenimiento, reparaci\u00f3n y compra de instrumentos, por lo que nos ha tocado duro pero no dejamos de creer que lograremos ser un proyecto s\u00f3lido econ\u00f3micamente, que nos permita seguir haciendo m\u00fasica y compartirlas con todas las personas posibles. A\u00fan as\u00ed no me arrepiento de todo lo que hago porque este proyecto es parte fundamental de mi vida y me llena much\u00edsimo dar clases y tocar en cada concierto con mis alumnos.<\/p>\n<p style=\"text-align: justify;\"><strong>\u00bfQu\u00e9 es lo que te gusta proyectar a los alumnos?<\/strong> El amor, la generosidad, de compartir con los m\u00e1s necesitados el talento que Dios les ha dado por esa raz\u00f3n hacemos labor social en hospitales, asilos donde llegamos a darles un momento de distracci\u00f3n de una realidad muchas veces inhumana.<\/p>\n<p style=\"text-align: justify;\"><strong>Por cierto \u00bfHay m\u00e1s arpistas mujeres u hombres?<\/strong> En nuestro proyecto somos 10 mujeres y 3 hombres.<\/p>\n<p style=\"text-align: justify;\"><strong>\u00bfCu\u00e1nto tiempo se lleva un alumno para ejecutar el instrumento?<\/strong> La meta es que en la primera clase salga tocando una canci\u00f3n con una mano por lo menos.<\/p>\n<p style=\"text-align: justify;\"><strong>\u00bfCu\u00e9ntanos de esa experiencia que impartes clases de arpa v\u00eda Skype?<\/strong> Es incre\u00edble el uso de la tecnolog\u00eda para aprender doy y recibo clases por Skype y eso me permite seguir creciendo musicalmente y ayudar a otras personas que tienen el mismo deseo de aprender pero no tienen a una persona cerca que pueda ense\u00f1arles es muy f\u00e1cil y nos ahorra tiempo de movilizarnos.<\/p>\n<p style=\"text-align: justify;\"><strong>\u00bfHas tenido la oportunidad de viajar fuera de Guatemala? \u00bfLo has hecho individual o con el grupo?<\/strong> Si he viajado como instrumentista de algunos grupos y de forma individual tambi\u00e9n.<\/p>\n<p style=\"text-align: justify;\"><strong>\u00bfHan realizado ensambles de arpas con otros instrumentos y voces?<\/strong> Si claro pertenezco a otras agrupaciones y funcionamos diferentes instrumentos, y siempre estamos pensando en innovar e invitar a amigos que quieran trabajar con nosotros.<\/p>\n<p style=\"text-align: justify;\"><strong><a href=\"https:\/\/heidysandovalruiz.com\/wp-content\/uploads\/2018\/02\/26907648_1684212218266708_1014262326135845475_n.jpg\"><img loading=\"lazy\" decoding=\"async\" class=\"size-medium wp-image-5634 alignleft\" src=\"https:\/\/heidysandovalruiz.com\/wp-content\/uploads\/2018\/02\/26907648_1684212218266708_1014262326135845475_n-300x225.jpg\" alt=\"26907648_1684212218266708_1014262326135845475_n\" width=\"300\" height=\"225\" srcset=\"https:\/\/heidysandovalruiz.com\/wp-content\/uploads\/2018\/02\/26907648_1684212218266708_1014262326135845475_n-300x225.jpg 300w, https:\/\/heidysandovalruiz.com\/wp-content\/uploads\/2018\/02\/26907648_1684212218266708_1014262326135845475_n.jpg 960w\" sizes=\"auto, (max-width: 300px) 100vw, 300px\" \/><\/a>Si te digo \u201cCordavox\u201d \u00bfQu\u00e9 traigo a tu mente?<\/strong> Es el primer proyecto que quise hace como arpista solista al lado de mi amiga Andrea Pellecer, es una sensaci\u00f3n inexplicable cuando hacemos m\u00fasica juntas re\u00edmos, hacemos bromas, compartimos nuestro d\u00eda a d\u00eda y es m\u00e1s un deleite personal que otro trabajo. Despu\u00e9s se nos uni\u00f3 Gary Quintana en la percusi\u00f3n y los 3 somos un verdadero equipo de amigos que disfrutan de hacer m\u00fasica y compartir buenos momentos.<\/p>\n<p style=\"text-align: justify;\"><strong>\u00bfCu\u00e1l es el gran sue\u00f1o que Brendy quiere ver realizado?<\/strong> Que Arpas en Armon\u00eda tenga su disco, su propio equipo de audio y un transporte donde puedan ir las arpas y los m\u00fasicos juntos.<\/p>\n<p style=\"text-align: justify;\"><strong>\u00bfPuedes enviar un mensaje a quienes lean esta entrevista?<\/strong> Que los sue\u00f1os deben perseguirse y luchar por ellos, de vivir cada d\u00eda al m\u00e1ximo como si fuera el \u00faltimo y disfrutar de las cosas buenas y malas que Dios nos d\u00e9 porque eso nos har\u00e1 mejores personas.<\/p>\n<p style=\"text-align: justify;\"><strong><span style=\"color: #ff0000;\">Si alguien quiere ayudar al proyecto Arpas en Armon\u00eda todo es bienvenido y nos pueden contactar al 42160422, arpasbrendy@gmail.com, Arpas en Armon\u00eda Guatemala en Facebook.<\/span><\/strong><\/p>\n<p style=\"text-align: justify;\">Agradezco a Brendy Boj el habernos compartido parte de su historia profesional y personal. Admirable conocer a una artista que desde muy peque\u00f1a se apasion\u00f3 por el arpa que se ha convertido en su fiel compa\u00f1era.<\/p>\n<p><iframe loading=\"lazy\" src=\"https:\/\/www.youtube.com\/embed\/cWerCwZZcHc\" width=\"560\" height=\"315\" frameborder=\"0\" allowfullscreen=\"allowfullscreen\"><\/iframe><\/p>\n<p><iframe loading=\"lazy\" src=\"https:\/\/www.youtube.com\/embed\/b4U71GchBNU\" width=\"560\" height=\"315\" frameborder=\"0\" allowfullscreen=\"allowfullscreen\"><\/iframe><\/p>\n<p style=\"text-align: justify;\">Les invitamos para que se unan al grupo de <strong>\u00abArtistas de Guatemala para el Mundo\u00bb<\/strong> en este link <a href=\"http:\/\/on.fb.me\/1sn2wSf\">http:\/\/on.fb.me\/1sn2wSf<\/a> el cual tiene como prop\u00f3sito compartir videos, fotos, an\u00e9cdotas y todo lo de nuestros artistas en las diferentes d\u00e9cadas.<\/p>\n<p style=\"text-align: justify;\">Hemos creado el grupo \u201c<strong>Las entrevistas de Heidy<\/strong>\u201d que pueden localizar en<\/p>\n<p style=\"text-align: justify;\"><a href=\"https:\/\/www.facebook.com\/groups\/1443599465933701\/\">https:\/\/www.facebook.com\/groups\/1443599465933701\/<\/a><\/p>\n<p style=\"text-align: justify;\">Tambi\u00e9n ponemos a su disposici\u00f3n el grupo \u201c<strong>Un siglo de anuncios y algo m\u00e1s\u2026\u201d<\/strong>, un espacio donde pueden compartir o comentar los post que se publiquen <a href=\"http:\/\/on.fb.me\/1vASm2g\">http:\/\/on.fb.me\/1vASm2g<\/a><\/p>\n<p style=\"text-align: justify;\"><strong>Las entrevistas las pueden leer en los siguientes links:<\/strong><\/p>\n<p style=\"text-align: justify;\"><a href=\"http:\/\/www.heidysandovalruiz.com\">http:\/\/www.heidysandovalruiz.com<\/a><\/p>\n<p style=\"text-align: justify;\"><a href=\"http:\/\/lasentrevistasdeheidy.blogspot.com\">http:\/\/lasentrevistasdeheidy.blogspot.com<\/a><\/p>\n<p style=\"text-align: justify;\"><a href=\"https:\/\/www.facebook.com\/pages\/Los-invitados-de-Heidy\/892159284204965?ref=hl\">https:\/\/www.facebook.com\/pages\/Los-invitados-de-Heidy\/892159284204965?ref=hl<\/a><\/p>\n<p style=\"text-align: justify;\">Entrevista realizada por Heidy Sandoval Ruiz<\/p>\n<p style=\"text-align: justify;\">Toda publicaci\u00f3n es responsabilidad de la Administraci\u00f3n<\/p>\n","protected":false},"excerpt":{"rendered":"<div class=\"mh-excerpt\"><p>En la \u201cCara amiga de los invitados de Heidy\u201d, en esta oportunidad comparto la historia una joven que al contar con tan solo 11 a\u00f1os <a class=\"mh-excerpt-more\" href=\"https:\/\/heidysandovalruiz.com\/?p=5629\" title=\"La cara amiga de \u00abBrendy Boj\u00bb\">[&#8230;]<\/a><\/p>\n<\/div>","protected":false},"author":4,"featured_media":5630,"comment_status":"closed","ping_status":"closed","sticky":false,"template":"","format":"standard","meta":{"footnotes":""},"categories":[16],"tags":[388],"class_list":["post-5629","post","type-post","status-publish","format-standard","has-post-thumbnail","hentry","category-la-cara-amiga","tag-la-cara-amiga-de-brendy-boj"],"_links":{"self":[{"href":"https:\/\/heidysandovalruiz.com\/index.php?rest_route=\/wp\/v2\/posts\/5629","targetHints":{"allow":["GET"]}}],"collection":[{"href":"https:\/\/heidysandovalruiz.com\/index.php?rest_route=\/wp\/v2\/posts"}],"about":[{"href":"https:\/\/heidysandovalruiz.com\/index.php?rest_route=\/wp\/v2\/types\/post"}],"author":[{"embeddable":true,"href":"https:\/\/heidysandovalruiz.com\/index.php?rest_route=\/wp\/v2\/users\/4"}],"replies":[{"embeddable":true,"href":"https:\/\/heidysandovalruiz.com\/index.php?rest_route=%2Fwp%2Fv2%2Fcomments&post=5629"}],"version-history":[{"count":3,"href":"https:\/\/heidysandovalruiz.com\/index.php?rest_route=\/wp\/v2\/posts\/5629\/revisions"}],"predecessor-version":[{"id":5637,"href":"https:\/\/heidysandovalruiz.com\/index.php?rest_route=\/wp\/v2\/posts\/5629\/revisions\/5637"}],"wp:featuredmedia":[{"embeddable":true,"href":"https:\/\/heidysandovalruiz.com\/index.php?rest_route=\/wp\/v2\/media\/5630"}],"wp:attachment":[{"href":"https:\/\/heidysandovalruiz.com\/index.php?rest_route=%2Fwp%2Fv2%2Fmedia&parent=5629"}],"wp:term":[{"taxonomy":"category","embeddable":true,"href":"https:\/\/heidysandovalruiz.com\/index.php?rest_route=%2Fwp%2Fv2%2Fcategories&post=5629"},{"taxonomy":"post_tag","embeddable":true,"href":"https:\/\/heidysandovalruiz.com\/index.php?rest_route=%2Fwp%2Fv2%2Ftags&post=5629"}],"curies":[{"name":"wp","href":"https:\/\/api.w.org\/{rel}","templated":true}]}}