{"id":5639,"date":"2018-02-26T02:06:41","date_gmt":"2018-02-26T02:06:41","guid":{"rendered":"http:\/\/heidysandovalruiz.com\/?p=5639"},"modified":"2018-02-26T02:08:52","modified_gmt":"2018-02-26T02:08:52","slug":"la-cara-amiga-de-magda-angelica","status":"publish","type":"post","link":"https:\/\/heidysandovalruiz.com\/?p=5639","title":{"rendered":"La cara amiga de \u00abMagda Ang\u00e9lica\u00bb"},"content":{"rendered":"<p style=\"font-weight: 400; text-align: justify;\">En la \u201c<strong>Cara amiga de los invitados de Heidy<\/strong>\u201d, presento en esta oportunidad a una de las j\u00f3venes artistas m\u00e1s destacadas de nuestro pa\u00eds. So\u00f1adora y apasionada por lo que realiza\u00a0<strong>Magda Angelica<\/strong>\u00a0contar\u00e1 en este espacio parte de su vida personal y art\u00edstica y de algunos temas que conversar\u00e1 por primera vez.\u00a0\u00a0Hija \u00fanica, transmiti\u00f3 a sus padres desde peque\u00f1a su gusto por la m\u00fasica.\u00a0\u00a0El a\u00f1o 2015 fue uno de los m\u00e1s importantes en su carrera al presentarse en Paraguay con la canci\u00f3n \u201cAbuela sangre\u201d.\u00a0\u00a0De esto y de mucho m\u00e1s conoceremos en la historia de nuestra invitada.\u00a0\u00a0Bienvenida a este espacio donde se puede decir lo que se quiere y en otros lados no se puede.<\/p>\n<p style=\"font-weight: 400; text-align: justify;\"><strong>\u00bfC\u00f3mo fue la ni\u00f1ez de Magda Ang\u00e9lica? \u00bfQu\u00e9 recuerdos vienen a tu mente al lado de tus padres?\u00a0<\/strong>Soy hija \u00fanica, entonces crec\u00ed entre adultos. Somos una familia muy peque\u00f1a, por lo que pr\u00e1cticamente yo era la \u00fanica ni\u00f1a. Eso creo que me hizo madurar m\u00e1s r\u00e1pido, adaptarme al mundo de los adultos.<\/p>\n<p style=\"font-weight: 400; text-align: justify;\">Mi mam\u00e1 siempre estuvo conmigo apoy\u00e1ndome, mi pap\u00e1 era un hombre poco expresivo, pero le encantaba la m\u00fasica. El compon\u00eda m\u00fasica y tocaba varios instrumentos. Mi mam\u00e1 tambi\u00e9n tocaba teclado.<\/p>\n<p style=\"font-weight: 400; text-align: justify;\"><strong>\u00bfQu\u00e9 puedes contarnos de que creciste con dos mujeres Kaqchikeles?\u00a0<\/strong>Ellas marcaron fuertemente mi vida y mi infancia. A trav\u00e9s de ellas descubr\u00ed que hab\u00eda otra forma diferente de interpretar la vida, el mundo. Ellas me ense\u00f1aron su idioma, que era una forma de complicidad, para que mis pap\u00e1s no entendieran lo que habl\u00e1bamos. Era nuestra forma de decir cosas en secreto.<\/p>\n<p style=\"font-weight: 400; text-align: justify;\">Aunque no me hablaban de su espiritualidad, ellas la dejaron fuertemente marcada en m\u00ed.<\/p>\n<p style=\"font-weight: 400; text-align: justify;\"><strong>\u00bfTe gust\u00f3 la m\u00fasica desde peque\u00f1a? \u00bfC\u00f3mo te apoyaron tus pap\u00e1s?\u00a0<\/strong>Si, desde peque\u00f1a creo que la m\u00fasica ha sido, es y ser\u00e1 mi forma m\u00e1s grande y sagrada de expresi\u00f3n. Desde ni\u00f1a quise cantar.<\/p>\n<p style=\"font-weight: 400; text-align: justify;\">Siempre hubo m\u00fasica en mi casa.\u00a0\u00a0A mi mam\u00e1 le encantaba la \u00f3pera y siempre la pon\u00eda. Mi pap\u00e1 tambi\u00e9n estuvo siempre rodeado de m\u00fasica y adem\u00e1s compon\u00eda y tocaba instrumentos.<\/p>\n<p style=\"font-weight: 400; text-align: justify;\"><strong>\u00bfC\u00f3mo recuerdas tus momentos en el colegio?\u00a0\u00a0\u00bfD\u00f3nde estudiabas?\u00a0<\/strong>Estudi\u00e9 en el Colegio Belga. All\u00ed fue donde empec\u00e9 a desarrollarme en la m\u00fasica a trav\u00e9s de los concursos de canto. Hubo una madre en particular, la madre Yolanda que me dijo que siempre siguiera adelante con mi m\u00fasica, que nunca me detuviera.<\/p>\n<p style=\"font-weight: 400; text-align: justify;\">Ahora yo creo que no es natural para la vida de ning\u00fan ser humano estudiar en un colegio s\u00f3lo de hombres o s\u00f3lo de mujeres porque as\u00ed no es el mundo. Creo que desde nuestra infancia es importante convivir entre g\u00e9neros y lograr relaciones m\u00e1s justas.<a href=\"https:\/\/heidysandovalruiz.com\/wp-content\/uploads\/2018\/02\/401658_10150450388403026_1691099892_n.jpg\"><img loading=\"lazy\" decoding=\"async\" class=\"size-medium wp-image-5641 alignright\" src=\"https:\/\/heidysandovalruiz.com\/wp-content\/uploads\/2018\/02\/401658_10150450388403026_1691099892_n-300x270.jpg\" alt=\"401658_10150450388403026_1691099892_n\" width=\"300\" height=\"270\" srcset=\"https:\/\/heidysandovalruiz.com\/wp-content\/uploads\/2018\/02\/401658_10150450388403026_1691099892_n-300x270.jpg 300w, https:\/\/heidysandovalruiz.com\/wp-content\/uploads\/2018\/02\/401658_10150450388403026_1691099892_n.jpg 700w\" sizes=\"auto, (max-width: 300px) 100vw, 300px\" \/><\/a><\/p>\n<p style=\"font-weight: 400; text-align: justify;\"><strong>Si te menciono \u201cJard\u00edn Interior\u201d \u00bfQu\u00e9 traigo a tu mente?\u00a0<\/strong>Es el nombre de mi primer disco. Fue una gran ilusi\u00f3n para m\u00ed tenerlo en mis manos, fue el inicio de mi carrera en la m\u00fasica y tambi\u00e9n el s\u00edmbolo de ese espacio interno lleno de misterios y tesoros.<\/p>\n<p style=\"font-weight: 400; text-align: justify;\"><strong>\u00bfA qu\u00e9 artista admirabas desde peque\u00f1a e imitabas?\u00a0<\/strong>A varios artistas. De peque\u00f1a me gustaba la m\u00fasica pop. As\u00ed que recuerdo que los primeros artistas que admiraba eran artistas infantiles como Enrique y Ana. Me encantaban.<\/p>\n<p style=\"font-weight: 400; text-align: justify;\"><strong>\u00bfA qu\u00e9 edad decides empezar a componer canciones? \u00bfQu\u00e9 te inclino a hacerlo?\u00a0<\/strong>A los 7 a\u00f1os hice mi primera canci\u00f3n. Fue para participar en un concurso de canto en el colegio Belga.<\/p>\n<p style=\"font-weight: 400; text-align: justify;\"><strong>\u00bfEn d\u00f3nde recibes clases de canto? \u00bfQui\u00e9nes son tus maestros?\u00a0<\/strong>En Guatemala, con Marina Prado Bola\u00f1os, Ramiro Valiente y Ang\u00e9lica Rosa. Luego me traslad\u00e9 varios a\u00f1os a M\u00e9xico donde recib\u00ed clases con Willy Guti\u00e9rrez, Manuel Pe\u00f1a e Iraida Noriega.<\/p>\n<p style=\"font-weight: 400; text-align: justify;\"><strong>\u00bfCu\u00e1l es el primer el escenario en el que te presentas profesionalmente? \u00bfRecuerdas ese momento?\u00a0<\/strong>Bueno, recuerdo una misa de 15 a\u00f1os en la que me llamaron para cantar, yo ten\u00eda 13 a\u00f1os. Esa vez me pagaron Q20.00 y compr\u00e9 un regalo para mi mam\u00e1 que todav\u00eda conserva.<\/p>\n<p style=\"font-weight: 400; text-align: justify;\">Luego empec\u00e9 a grabar jingles en estudios profesionales y posteriormente a cantar con otros artistas, a alternar con ellos. Altern\u00e9 con Laura Paussinni, recuerdo que esa experiencia fue muy linda para m\u00ed.<\/p>\n<p style=\"font-weight: 400; text-align: justify;\"><strong>\u00bfCu\u00e1les fueron los primeros premios que recibiste por tu trabajo?\u00a0<\/strong>El premio Tzig, a artista revelaci\u00f3n otorgado por la C\u00e1mara Guatemalteca de Locutores y el Arco Iris Maya, tambi\u00e9n como artista revelaci\u00f3n.<\/p>\n<p style=\"font-weight: 400; text-align: justify;\"><strong><a href=\"https:\/\/heidysandovalruiz.com\/wp-content\/uploads\/2018\/02\/12347818_10153459783228026_5992998201897888406_n.jpg\"><img loading=\"lazy\" decoding=\"async\" class=\"size-medium wp-image-5642 alignleft\" src=\"https:\/\/heidysandovalruiz.com\/wp-content\/uploads\/2018\/02\/12347818_10153459783228026_5992998201897888406_n-300x300.jpg\" alt=\"12347818_10153459783228026_5992998201897888406_n\" width=\"300\" height=\"300\" srcset=\"https:\/\/heidysandovalruiz.com\/wp-content\/uploads\/2018\/02\/12347818_10153459783228026_5992998201897888406_n-300x300.jpg 300w, https:\/\/heidysandovalruiz.com\/wp-content\/uploads\/2018\/02\/12347818_10153459783228026_5992998201897888406_n-150x150.jpg 150w, https:\/\/heidysandovalruiz.com\/wp-content\/uploads\/2018\/02\/12347818_10153459783228026_5992998201897888406_n.jpg 662w\" sizes=\"auto, (max-width: 300px) 100vw, 300px\" \/><\/a>Has tenido la oportunidad de viajar a varias partes del mundo \u00bfA cu\u00e1ntas ciudades has llevado tu arte? \u00bfCantas en kaqchiquel cuando te presentas fuera?\u00a0<\/strong>S\u00ed, he hecho conciertos en M\u00e9xico, Panam\u00e1, Costa Rica, tambi\u00e9n mi m\u00fasica ha sido parte de proyectos documentales en Australia, M\u00e9xico y Estados Unidos.<\/p>\n<p style=\"font-weight: 400; text-align: justify;\">Asimismo, gan\u00e9 reconocimientos a mejor canci\u00f3n y video en festivales en Uruguay y Paraguay. Cuando viajo s\u00ed canto en kakchiquel, es una forma de hacer un homenaje a mis ra\u00edces y a la Cosmovisi\u00f3n de un pueblo profundamente sabio.<\/p>\n<p style=\"font-weight: 400; text-align: justify;\"><strong>\u00bfPuedes hablarnos de Ilhuikatzin?\u00a0<\/strong>Es mi cuarto disco. Marc\u00f3 un momento muy importante porque fue cuando naci\u00f3 mi hija. Entonces este disco marca esta transici\u00f3n y tambi\u00e9n un momento de mucha felicidad.<\/p>\n<p style=\"font-weight: 400; text-align: justify;\">Participaron grandes m\u00fasicos y creo que es de mis producciones mejor logradas.<\/p>\n<p style=\"font-weight: 400; text-align: justify;\"><strong>\u00bfC\u00f3mo defines el concepto de fusiones sonoras?\u00a0<\/strong>Creo que es una forma de hacer puentes entre culturas y pensamientos diversos. Los ritmos y los sonidos son s\u00edmbolos muy importantes que conllevan el esp\u00edritu y el alma de todos los pueblos. As\u00ed que fusionar sonidos es hacer puente entre las almas.<\/p>\n<p style=\"font-weight: 400; text-align: justify;\"><strong>\u201cThe Global Change Music Project\u201d es uno de los eventos m\u00e1s importantes en el que has participado \u00bfCu\u00e9ntanos de esta experiencia?\u00a0<\/strong>Es un proyecto australiano en el que participamos 193 compositores del mundo. Fue algo muy especial para m\u00ed porque los productores encontraron mi m\u00fasica en las redes y de all\u00ed me invitaron a participar. Ten\u00edamos que mandar un tema propio y aparte hacer una improvisaci\u00f3n con una sola nota, que luego unieron con todas las dem\u00e1s para crear un tema en conjunto. Todo era para dar un mensaje de protecci\u00f3n al planeta.<\/p>\n<p style=\"font-weight: 400; text-align: justify;\"><strong>Desde 1990 que grabaste tu primer cassete a la fecha \u00bfCu\u00e1ntas producciones llevas ya?\u00a0<\/strong>El cassette fue mi primera grabaci\u00f3n y se la vend\u00ed a mis compa\u00f1eras de colegio antes de tenerlo para poderlo financiar. En 1996 fue la producci\u00f3n de mi primer disco, Jard\u00edn interior. Hasta la fecha tengo 5 discos.<a href=\"https:\/\/heidysandovalruiz.com\/wp-content\/uploads\/2018\/02\/311860_10150332909328026_1546438991_n.jpg\"><img loading=\"lazy\" decoding=\"async\" class=\"size-medium wp-image-5643 alignright\" src=\"https:\/\/heidysandovalruiz.com\/wp-content\/uploads\/2018\/02\/311860_10150332909328026_1546438991_n-300x229.jpg\" alt=\"311860_10150332909328026_1546438991_n\" width=\"300\" height=\"229\" srcset=\"https:\/\/heidysandovalruiz.com\/wp-content\/uploads\/2018\/02\/311860_10150332909328026_1546438991_n-300x229.jpg 300w, https:\/\/heidysandovalruiz.com\/wp-content\/uploads\/2018\/02\/311860_10150332909328026_1546438991_n.jpg 720w\" sizes=\"auto, (max-width: 300px) 100vw, 300px\" \/><\/a><\/p>\n<p style=\"font-weight: 400; text-align: justify;\"><strong>\u00bfQu\u00e9 sorpresas hay para tu pr\u00f3xima producci\u00f3n?\u00a0<\/strong>Estoy trabajando un nuevo disco con la producci\u00f3n de Francisco P\u00e1ez de Malacates. En este disco seguimos experimentando con las fusiones de ritmos y est\u00e1 inspirado en las esencias profundas de la naturaleza y su relaci\u00f3n con nuestra vida.<\/p>\n<p style=\"font-weight: 400; text-align: justify;\"><strong>\u00bfCon qu\u00e9 artistas has realizado ensamble de voces?\u00a0<\/strong>Con Yomira John de Panam\u00e1, Sol Ruiz de Espa\u00f1a. En Guatemala, con Francisco P\u00e1ez, Tavo B\u00e1rcenas, Rebeca Lane y el grupo Ajkeem.<\/p>\n<p style=\"font-weight: 400; text-align: justify;\"><strong>En la IV Edici\u00f3n del Festival de la Canci\u00f3n Punta del Este, en Uruguay y el Festival Internacional de la Canci\u00f3n de Asunci\u00f3n, en Paraguay, participas con la canci\u00f3n \u201cAbuela Sangre\u201d \u00bfC\u00f3mo vives ese triunfo?\u00a0<\/strong>Con mucha alegr\u00eda de traer a Guatemala una buena noticia en un momento donde se viv\u00eda una crisis pol\u00edtica muy fuerte en el pa\u00eds.<strong>\u00a0<\/strong>Yo iba con la idea de vivir la experiencia, de conocer las propuestas de los otros artistas. El ganar ese premio representando a Guatemala ha sido de las mejores experiencias que he tenido en la m\u00fasica.<\/p>\n<p style=\"font-weight: 400; text-align: justify;\"><strong>Hemos hablado con la artista pero y la mujer \u00bfQu\u00e9 haces cuando no est\u00e1s en la actividad musical?\u00a0<\/strong>Soy mam\u00e1, tambi\u00e9n trabajo como investigadora en temas de arte en la Universidad Rafael Land\u00edvar. Tambi\u00e9n estoy en el campo de la academia.<\/p>\n<p style=\"font-weight: 400; text-align: justify;\"><strong>\u00bfTe gustar\u00eda que tu hija siga tus pasos en el ambiente art\u00edstico?\u00a0<\/strong>Ella ya est\u00e1 en su camino propio! Est\u00e1 en danza, estudia piano y le gusta la guitarra. Yo respetar\u00e9 el camino que ella quiera seguir y la apoyar\u00e9.<\/p>\n<p style=\"font-weight: 400; text-align: justify;\"><strong>\u00bfQu\u00e9 proyectos tienes para este 2018?\u00a0<\/strong>Tengo el proyecto del nuevo disco y tambi\u00e9n seguir con un taller que he venido desarrollando que se llama \u201cDescubre tu canto de poder\u201d, es orientado a todas las personas que deseen explorar su creatividad y re encontrar su propia voz. Esta ha sido una hermosa experiencia donde las personas componen una canci\u00f3n principalmente dirigida a s\u00ed mismas, para que cuando la vuelvan a escuchar recuerden y sientan toda su fuerza y esperanza en la vida.<\/p>\n<p style=\"font-weight: 400; text-align: justify;\"><strong><a href=\"https:\/\/heidysandovalruiz.com\/wp-content\/uploads\/2018\/02\/1934876_154008268025_5661389_n.jpg\"><img loading=\"lazy\" decoding=\"async\" class=\"size-medium wp-image-5644 alignleft\" src=\"https:\/\/heidysandovalruiz.com\/wp-content\/uploads\/2018\/02\/1934876_154008268025_5661389_n-300x131.jpg\" alt=\"1934876_154008268025_5661389_n\" width=\"300\" height=\"131\" srcset=\"https:\/\/heidysandovalruiz.com\/wp-content\/uploads\/2018\/02\/1934876_154008268025_5661389_n-300x131.jpg 300w, https:\/\/heidysandovalruiz.com\/wp-content\/uploads\/2018\/02\/1934876_154008268025_5661389_n.jpg 604w\" sizes=\"auto, (max-width: 300px) 100vw, 300px\" \/><\/a>\u00bfPuedes enviar un mensaje para las personas que lean esta entrevista?\u00a0<\/strong>Pues que busquemos siempre espacios para encontrarnos, desde una mirada plena y sincera. Solo desde el encuentro y trascendiendo los prejuicios, podremos sanar como sociedad.<\/p>\n<p>Muy agradecida con Magda Ang\u00e9lica una artista que ama a su hija, su familia, su profesi\u00f3n e irradia una gran vibra positiva.\u00a0 \u00c9xitos en todos tus proyectos.<\/p>\n<p><iframe loading=\"lazy\" src=\"https:\/\/www.youtube.com\/embed\/77ieMkGMCuo\" width=\"560\" height=\"315\" frameborder=\"0\" allowfullscreen=\"allowfullscreen\"><\/iframe><\/p>\n<p><iframe loading=\"lazy\" src=\"https:\/\/www.youtube.com\/embed\/0Ad_vSmOKEo\" width=\"560\" height=\"315\" frameborder=\"0\" allowfullscreen=\"allowfullscreen\"><\/iframe><\/p>\n<p><iframe loading=\"lazy\" src=\"https:\/\/www.youtube.com\/embed\/tHVobC7tUoo\" width=\"560\" height=\"315\" frameborder=\"0\" allowfullscreen=\"allowfullscreen\"><\/iframe><\/p>\n<p>Les invitamos para que se unan al grupo de \u00ab<strong>Artistas de Guatemala para el Mundo<\/strong>\u00bb en este link\u00a0<a href=\"http:\/\/on.fb.me\/1sn2wSf\">http:\/\/on.fb.me\/1sn2wSf<\/a>\u00a0\u00a0el cual tiene como prop\u00f3sito compartir videos, fotos, an\u00e9cdotas y todo lo de nuestros artistas en las diferentes d\u00e9cadas.<\/p>\n<p style=\"font-weight: 400; text-align: justify;\">Hemos creado el grupo\u00a0<strong>\u201cLas entrevistas de Heidy\u201d<\/strong>\u00a0que pueden localizar en<\/p>\n<p style=\"font-weight: 400; text-align: justify;\"><a href=\"https:\/\/www.facebook.com\/groups\/1443599465933701\/\">https:\/\/www.facebook.com\/groups\/1443599465933701\/<\/a><\/p>\n<p style=\"font-weight: 400; text-align: justify;\">Tambi\u00e9n ponemos a su disposici\u00f3n el grupo \u201c<strong>Un siglo de anuncios y algo m\u00e1s\u2026\u201d,\u00a0<\/strong>un espacio donde pueden compartir o comentar los post que se publiquen\u00a0<a href=\"http:\/\/on.fb.me\/1vASm2g\">http:\/\/on.fb.me\/1vASm2g<\/a><\/p>\n<p style=\"font-weight: 400; text-align: justify;\">Las entrevistas las pueden leer en los siguientes links:<\/p>\n<p style=\"font-weight: 400; text-align: justify;\"><a href=\"http:\/\/www.heidysandovalruiz.com\/\">http:\/\/www.heidysandovalruiz.com<\/a><\/p>\n<p style=\"font-weight: 400; text-align: justify;\"><a href=\"http:\/\/lasentrevistasdeheidy.blogspot.com\/\">http:\/\/lasentrevistasdeheidy.blogspot.com<\/a><\/p>\n<p style=\"font-weight: 400; text-align: justify;\"><a href=\"https:\/\/www.facebook.com\/pages\/Los-invitados-de-Heidy\/892159284204965?ref=hl\">https:\/\/www.facebook.com\/pages\/Los-invitados-de-Heidy\/892159284204965?ref=hl<\/a><\/p>\n<p style=\"font-weight: 400; text-align: justify;\"><strong>Entrevista realizada por Heidy Sandoval Ruiz<\/strong><\/p>\n<p style=\"font-weight: 400; text-align: justify;\"><strong><em>Toda publicaci\u00f3n es responsabilidad de la Administraci\u00f3n<\/em><\/strong><\/p>\n","protected":false},"excerpt":{"rendered":"<div class=\"mh-excerpt\"><p>En la \u201cCara amiga de los invitados de Heidy\u201d, presento en esta oportunidad a una de las j\u00f3venes artistas m\u00e1s destacadas de nuestro pa\u00eds. So\u00f1adora <a class=\"mh-excerpt-more\" href=\"https:\/\/heidysandovalruiz.com\/?p=5639\" title=\"La cara amiga de \u00abMagda Ang\u00e9lica\u00bb\">[&#8230;]<\/a><\/p>\n<\/div>","protected":false},"author":4,"featured_media":5640,"comment_status":"closed","ping_status":"closed","sticky":false,"template":"","format":"standard","meta":{"footnotes":""},"categories":[16],"tags":[389],"class_list":["post-5639","post","type-post","status-publish","format-standard","has-post-thumbnail","hentry","category-la-cara-amiga","tag-la-cara-amiga-de-magda-angelica"],"_links":{"self":[{"href":"https:\/\/heidysandovalruiz.com\/index.php?rest_route=\/wp\/v2\/posts\/5639","targetHints":{"allow":["GET"]}}],"collection":[{"href":"https:\/\/heidysandovalruiz.com\/index.php?rest_route=\/wp\/v2\/posts"}],"about":[{"href":"https:\/\/heidysandovalruiz.com\/index.php?rest_route=\/wp\/v2\/types\/post"}],"author":[{"embeddable":true,"href":"https:\/\/heidysandovalruiz.com\/index.php?rest_route=\/wp\/v2\/users\/4"}],"replies":[{"embeddable":true,"href":"https:\/\/heidysandovalruiz.com\/index.php?rest_route=%2Fwp%2Fv2%2Fcomments&post=5639"}],"version-history":[{"count":2,"href":"https:\/\/heidysandovalruiz.com\/index.php?rest_route=\/wp\/v2\/posts\/5639\/revisions"}],"predecessor-version":[{"id":5646,"href":"https:\/\/heidysandovalruiz.com\/index.php?rest_route=\/wp\/v2\/posts\/5639\/revisions\/5646"}],"wp:featuredmedia":[{"embeddable":true,"href":"https:\/\/heidysandovalruiz.com\/index.php?rest_route=\/wp\/v2\/media\/5640"}],"wp:attachment":[{"href":"https:\/\/heidysandovalruiz.com\/index.php?rest_route=%2Fwp%2Fv2%2Fmedia&parent=5639"}],"wp:term":[{"taxonomy":"category","embeddable":true,"href":"https:\/\/heidysandovalruiz.com\/index.php?rest_route=%2Fwp%2Fv2%2Fcategories&post=5639"},{"taxonomy":"post_tag","embeddable":true,"href":"https:\/\/heidysandovalruiz.com\/index.php?rest_route=%2Fwp%2Fv2%2Ftags&post=5639"}],"curies":[{"name":"wp","href":"https:\/\/api.w.org\/{rel}","templated":true}]}}