{"id":5659,"date":"2018-03-04T05:38:18","date_gmt":"2018-03-04T05:38:18","guid":{"rendered":"http:\/\/heidysandovalruiz.com\/?p=5659"},"modified":"2018-03-04T05:40:30","modified_gmt":"2018-03-04T05:40:30","slug":"la-cara-amiga-de-fluvia-nissi","status":"publish","type":"post","link":"https:\/\/heidysandovalruiz.com\/?p=5659","title":{"rendered":"La cara amiga de \u00abFluvia Nissi\u00bb"},"content":{"rendered":"<p style=\"text-align: justify;\">En \u201c<strong>La cara amiga de los invitados de Heidy<\/strong>\u201d comparto la entrevista con Fluvia Felisa Porras Ram\u00edrez, una poetisa conocida en el ambiente art\u00edstico como: \u201c<strong>Fluvia Nissi<\/strong>\u201d, quien a muy corta edad, ya demostraba su inter\u00e9s por el arte de la escritura. El a\u00f1o 2013 fallece su esposo, y es el punto en el que ella resurge como poetisa. Nuestra invitada nos contar\u00e1 su historia.<\/p>\n<p style=\"text-align: justify;\"><strong>\u00bfC\u00f3mo recuerdas tu ni\u00f1ez?<\/strong> Fui una ni\u00f1a inquieta y traviesa, pero ten\u00eda momentos en los que me gustaba estar sola. Algunas veces escrib\u00eda mis tristezas o alegr\u00edas, y me apasionaba mucho leer, sumergirme en las historias. Me gustaba pensar en muchas cosas, era muy fantasiosa. Me encantaba hacer castillos en el aire: como dec\u00eda mi madre. Ser otra persona por medio de la lectura, y dejar volar mi pensamiento. Tambi\u00e9n me gustaba dibujar; algo que lamento no haber cultivado.<\/p>\n<p style=\"text-align: justify;\"><strong>\u00bfTienes hermanos?<\/strong> Tengo solamente una hermana, dos a\u00f1os menor. Ella fue quien siempre me cuid\u00f3, aunque yo fuera la mayor. Siempre recuerdo como sal\u00eda en mi defensa.<\/p>\n<p style=\"text-align: justify;\"><strong>\u00bfEn d\u00f3nde radicas en esta etapa de tu vida?<\/strong> Los primeros siete a\u00f1os recuerdo que vivimos en la zona 8 de la ciudad capital, a una cuadra del colegio: Liceo Salesiano. Luego nos fuimos a la zona 12 de la Colonia Reformita, donde viv\u00ed, hasta hace dos a\u00f1os.<\/p>\n<p style=\"text-align: justify;\"><strong>\u00bfQu\u00e9 recuerdas de ese lugar?<\/strong> Principalmente recuerdo la Reformita, mis amigos y yo, corriendo por las calles, jugando pelota, bicicleta. Pero lo m\u00e1s divertido era jugar en los charcos y en el lodo bajo la lluvia. Disfrut\u00e9 mucho mi ni\u00f1ez porque jugu\u00e9 desde mu\u00f1ecas, hasta los famosos cincos, que algunos conocen como canicas. Jugu\u00e9 a la comidita, a las rondas, cuerda, trompo, avi\u00f3n, y todos esos juegos sanos de esa \u00e9poca que muchos a\u00f1oramos. Entonces no hab\u00eda tantos carros en las calles de la Reformita como ahora y era tan divertido correr con entera libertad, e incluso, irse por otras cuadras que no fuera la propia, con la confianza de que nada malo iba pasarte.<\/p>\n<p style=\"text-align: justify;\"><strong>\u00bfD\u00f3nde realizas tus estudios?<\/strong> La primaria la estudi\u00e9 en la Escuela Jos\u00e9 Felipe Flores, en la zona 11 de la capital. All\u00ed recuerdo a mi maestra Lesbia Mancham\u00e9 de Morales, una excelente maestra, que no se limit\u00f3 a impartir conocimientos. Con ella aprend\u00ed a zurcir, a tejer, a bordar, a hacer flores de naturaleza muerta, de tela, de papel. Aprend\u00ed a hacer aretes, anillos, collares en mostacilla. S\u00e9 por ella, pegar botones, hacer ruedos de faldas, o pantalones, s\u00e9 hacer una blusa, en fin, aprend\u00ed tantas cosas; que vivo agradecida con mi maestra.<\/p>\n<p style=\"text-align: justify;\">Los b\u00e1sicos los estudi\u00e9 en la escuela de aplicaci\u00f3n Dr. Carlos Mart\u00ednez Dur\u00e1n, a la par de la USAC. Me gradu\u00e9 de Maestra de Educaci\u00f3n Primaria en el Instituto Normal Central para Se\u00f1oritas Bel\u00e9n, d\u00f3nde tuve las mejores vivencias, los a\u00f1os maravillosos de mi juventud. Y finalmente me gradu\u00e9 de T\u00e9cnica en Administraci\u00f3n Educativa y Profesora de Educaci\u00f3n Media as\u00ed como de Licenciada en Pedagog\u00eda y Administraci\u00f3n Educativa, en la Facultad de Humanidades de la Universidad de San Carlos de Guatemala, d\u00f3nde tambi\u00e9n estudio actualmente una maestr\u00eda en Docencia Superior.<a href=\"https:\/\/heidysandovalruiz.com\/wp-content\/uploads\/2018\/03\/28512745_1880244485350461_326055062_n.jpg\"><img loading=\"lazy\" decoding=\"async\" class=\"size-medium wp-image-5661 alignright\" src=\"https:\/\/heidysandovalruiz.com\/wp-content\/uploads\/2018\/03\/28512745_1880244485350461_326055062_n-225x300.jpg\" alt=\"28512745_1880244485350461_326055062_n\" width=\"225\" height=\"300\" srcset=\"https:\/\/heidysandovalruiz.com\/wp-content\/uploads\/2018\/03\/28512745_1880244485350461_326055062_n-225x300.jpg 225w, https:\/\/heidysandovalruiz.com\/wp-content\/uploads\/2018\/03\/28512745_1880244485350461_326055062_n.jpg 720w\" sizes=\"auto, (max-width: 225px) 100vw, 225px\" \/><\/a><\/p>\n<p style=\"text-align: justify;\"><strong>\u00bfY tu juventud c\u00f3mo la recuerdas? \u00bfQu\u00e9 te gustaba hacer?<\/strong> La adolescencia, como su nombre bien lo dice, es una edad en la que las personas adolecen; y a m\u00ed me peg\u00f3 fuerte. Fui una adolescente muy sensible, es all\u00ed donde mis pensamientos comienzan a ser demasiado profundos. Comenc\u00e9 a percibir el mundo de manera distinta. Mi coraz\u00f3n se duele de muchas cosas de la vida, y tambi\u00e9n ve la grandeza del mundo. Fue como un despertar, pero en ese proceso hubo mucho sufrimiento. De pronto, una ma\u00f1ana, despierto y me doy cuenta que mis padres no son eternos, que la vida no es f\u00e1cil, que el mundo no es uno, que son muchos mundos como seres pensantes hay, y que yo solamente soy un peque\u00f1o punto en la inmensidad del universo.<\/p>\n<p style=\"text-align: justify;\">Comienzo a preguntarme \u00bfqui\u00e9n soy, que hago aqu\u00ed, por qu\u00e9, para qu\u00e9, c\u00f3mo? Y mi cabeza se llena de tantos pensamientos, que me caus\u00f3 un desajuste tremendo. \u00a1Y la poes\u00eda, siempre la poes\u00eda, es quien me salva, me da la calma y me trae la paz! C\u00f3mo toda adolescente, me gust\u00f3 bailar, hacer deporte y compartir con mis amistades. Pero siempre prefer\u00eda estar m\u00e1s en casa y leer, escribir o meditar. Recuerdo que me hice famosa por hacer cartas para los novios de mis amigas. Muchas amigas, conquistaron con mis letras, y es divertido encontrarnos ahora y compartir esas an\u00e9cdotas.<\/p>\n<p style=\"text-align: justify;\"><strong>\u00bfCu\u00e1l fue el primer poema que declamaste?<\/strong> En realidad siempre escrib\u00ed pero no declamaba. Es hasta hace unos ocho meses, que me atrevo a leer mi poes\u00eda en un evento de pintura, arte y poes\u00eda, donde realizo mi primera participaci\u00f3n, y el primer poema que le\u00ed fue \u201cLibre soy\u201d. \u00c9ste poema, define mi sentir al escribir poes\u00eda. Nada como sentir libertad. Sentir que nadie te ata, pero, sobre todo, que no te atas t\u00fa misma con la preocupaci\u00f3n del qu\u00e9 dir\u00e1n, o qu\u00e9 pensar\u00e1n. Yo tengo un mundo imaginario, un mundo de sue\u00f1os en donde fabrico mis versos y los expreso sin miedo, porque aun cuando las reglas digan: que no soy poeta, yo lo siento en mi coraz\u00f3n, y hasta que alguien que no es humano, no diga lo contrario, ning\u00fan humano puede asegurar, que se es poeta s\u00f3lo cuando se rima o se tiene m\u00e9trica.<\/p>\n<p style=\"text-align: center;\"><strong>LIBRE SOY<\/strong><\/p>\n<p style=\"text-align: center;\"><strong>Yo no vengo de lugares extra\u00f1os,<\/strong><\/p>\n<p style=\"text-align: center;\"><strong>vuelvo, de mi mundo imaginario<\/strong><\/p>\n<p style=\"text-align: center;\"><strong>que no son castillos, ni mansiones,<\/strong><\/p>\n<p style=\"text-align: center;\"><strong>son mis sue\u00f1os, mis versos, mis pasiones.<\/strong><\/p>\n<p style=\"text-align: center;\"><strong>Mis letras son el coraz\u00f3n lleno de flores,<\/strong><\/p>\n<p style=\"text-align: center;\"><strong>de sonrisas y a veces sinsabores.<\/strong><\/p>\n<p style=\"text-align: center;\"><strong>Son mis versos un di\u00e1logo indiscreto<\/strong><\/p>\n<p style=\"text-align: center;\"><strong>de mi mente con todo lo existente.<\/strong><\/p>\n<p style=\"text-align: center;\"><strong>Todos creen leer mi pensamiento<\/strong><\/p>\n<p style=\"text-align: center;\"><strong>o escucharlo de pronto en mi silencio,<\/strong><\/p>\n<p style=\"text-align: center;\"><strong>no se esfuercen, soy diversa, soy cambiante,<\/strong><\/p>\n<p style=\"text-align: center;\"><strong>inimaginable, impredecible, indescifrable.<\/strong><\/p>\n<p style=\"text-align: center;\"><strong>Libre soy, no me debo a los preceptos<\/strong><\/p>\n<p style=\"text-align: center;\"><strong>que otros hombres grabaron en el tiempo,<\/strong><\/p>\n<p style=\"text-align: center;\"><strong>soy poeta aunque no rimen hoy mis letras<\/strong><\/p>\n<p style=\"text-align: center;\"><strong>aunque la m\u00e9trica no sea la perfecta.<\/strong><\/p>\n<p style=\"text-align: center;\"><strong>Poetizar para m\u00ed, es don del cielo,<\/strong><\/p>\n<p style=\"text-align: center;\"><strong>es sentir y presentir, desde mi adentro<\/strong><\/p>\n<p style=\"text-align: center;\"><strong>es cadencia que se mueve en cada verso<\/strong><\/p>\n<p style=\"text-align: center;\"><strong>es el ritmo que libera el pensamiento.<\/strong><\/p>\n<p style=\"text-align: center;\"><strong>\u00a1Si es un arte o no, juzguen ustedes<\/strong><\/p>\n<p style=\"text-align: center;\"><strong>soy feliz y soy poeta, aunque me nieguen<\/strong><\/p>\n<p style=\"text-align: center;\"><strong>porque ser o no ser, no es mi dilema<\/strong><\/p>\n<p style=\"text-align: center;\"><strong>cuando se quiere ser se es, aunque se exceda!<\/strong><\/p>\n<p style=\"text-align: center;\"><strong>Fluvia Nissi.<\/strong><\/p>\n<p style=\"text-align: justify;\"><strong>Guau este poema puede describir a muchas de nosotras y \u00bfDesde cu\u00e1ndo escribes poemas? \u00bfRecuerdas el primero que escribiste?<\/strong> Escribo desde los 9 a\u00f1os, Recuerdo que desde entonces, escrib\u00eda algunos versos, pero a esa edad hubo un concurso sobre pensamientos, a Tec\u00fan Um\u00e1n. Era por aula y yo quise participar. La maestra entreg\u00f3 una hoja y dijo: escriban ahora lo que se les ocurra. Y yo escrib\u00ed<\/p>\n<p style=\"text-align: center;\"><strong>Tec\u00fan Um\u00e1n cuando ca\u00edste muerto<\/strong><\/p>\n<p style=\"text-align: center;\"><strong>La tierra tembl\u00f3 de dolor<\/strong><\/p>\n<p style=\"text-align: center;\"><strong>La monja blanca llor\u00f3 en la monta\u00f1a<\/strong><\/p>\n<p style=\"text-align: center;\"><strong>Y el ave nacional, muri\u00f3 junto a ti.<\/strong><\/p>\n<p style=\"text-align: justify;\"><a href=\"https:\/\/heidysandovalruiz.com\/wp-content\/uploads\/2018\/03\/28535513_1880245098683733_880188320_n.jpg\"><img loading=\"lazy\" decoding=\"async\" class=\"size-full wp-image-5662 alignleft\" src=\"https:\/\/heidysandovalruiz.com\/wp-content\/uploads\/2018\/03\/28535513_1880245098683733_880188320_n.jpg\" alt=\"28535513_1880245098683733_880188320_n\" width=\"253\" height=\"260\" \/><\/a>Fue mi primer pensamiento y estaba orgullosa. La maestra qued\u00f3 satisfecha, pero la directora no, ni las dem\u00e1s maestras. Dijeron que yo lo hab\u00eda copiado, que alguien me hab\u00eda dicho qu\u00e9 escribir, y aunque obtuve el primer lugar, nunca me dieron el premio. Fue terrible para mi coraz\u00f3n de ni\u00f1a.<\/p>\n<p style=\"text-align: justify;\"><strong>\u00bfQui\u00e9n te bautiz\u00f3 como \u201cFluvia Nissi\u201d?<\/strong> Este nombre lo utilic\u00e9 para abrir mi perfil de Facebook, el cual hice con fines de compartir con los compa\u00f1eros de la Universidad. Se me hizo muy lindo el nombre Nissi que significa: \u201cJehov\u00e1 es mi bandera\u201d. Siempre pongo a Dios primero, en todo lo que hago. La gente comenz\u00f3 a leer mi poes\u00eda como Fluvia Nissi, y ahora soy reconocida con ese nombre.<\/p>\n<p style=\"text-align: justify;\"><strong>Puedes contarnos \u00bfC\u00f3mo fue que resurges en el campo de la poes\u00eda?<\/strong> Dej\u00e9 de escribir en mi juventud, porque a veces las personas, e incluso la familia, se burla o no le gusta. En octubre del a\u00f1o 2013 fallece mi esposo, a los cuatro meses de su muerte escribo un poema. Y me doy cuenta que eso me da calma, y comienzo a escribir todas las noches. Entonces mi poes\u00eda era muy dolorosa, reflejaba mi sentir y yo publicaba como an\u00f3nima.<\/p>\n<p style=\"text-align: justify;\">Es el poeta peruano Carlos Garrido Chalem quien por casualidad llega a mi perfil, y al leer mi poes\u00eda me invita a ser parte de la Uni\u00f3n Hispanomundial de Escritores, de d\u00f3nde es presidente. Me dice que sabe reconocer cuando alguien tiene talento y que necesito pulirlo. Desde entonces, publico ya con mi nombre Fluvia Nissi, y he logrado la amistad de personas de todo el mundo, que me honran con seguir mis publicaciones.<\/p>\n<p style=\"text-align: justify;\"><strong>\u00bfHas participado en concursos de poes\u00eda?<\/strong> Por motivos de salud en los \u00faltimos a\u00f1os y por falta de tiempo, no lo hago. Solamente en 2014, particip\u00e9 en un concurso en la Facultad de Humanidades, d\u00f3nde tuve la oportunidad de ver tres de mis poemas en la Antolog\u00eda Frente al Silencio. As\u00ed mismo me dieron la oportunidad entre m\u00e1s de 50 poetas, de leer al p\u00fablico tres de mis poemas.<\/p>\n<p style=\"text-align: center;\"><strong>\u00c1MATE MUJER<\/strong><\/p>\n<p style=\"text-align: center;\"><strong>\u00c1mate mujer tal cual eres<\/strong><\/p>\n<p style=\"text-align: center;\"><strong>porque tu cuerpo es el Ed\u00e9n,<\/strong><\/p>\n<p style=\"text-align: center;\"><strong>porque tus formas de mujer<\/strong><\/p>\n<p style=\"text-align: center;\"><strong>son sagradas fuentes de placer.<\/strong><\/p>\n<p style=\"text-align: center;\"><strong>Ama la talla de tu cuerpo,<\/strong><\/p>\n<p style=\"text-align: center;\"><strong>porque el amor, cuando te ve,<\/strong><\/p>\n<p style=\"text-align: center;\"><strong>resplandece en la grandeza<\/strong><\/p>\n<p style=\"text-align: center;\"><strong>o peque\u00f1ez de tu desnudez.<\/strong><\/p>\n<p style=\"text-align: center;\"><strong>Ama tus cordilleras mujer<\/strong><\/p>\n<p style=\"text-align: center;\"><strong>y el desborde de tus caminos<\/strong><\/p>\n<p style=\"text-align: center;\"><strong>porque con los a\u00f1os tu esencia,<\/strong><\/p>\n<p style=\"text-align: center;\"><strong>se guarda en la experiencia.<\/strong><\/p>\n<p style=\"text-align: center;\"><strong>\u00c1mate mujer sin prejuicios,<\/strong><\/p>\n<p style=\"text-align: center;\"><strong>que en la flacidez de tu cuerpo<\/strong><\/p>\n<p style=\"text-align: center;\"><strong>y las huellas del tiempo en tu piel<\/strong><\/p>\n<p style=\"text-align: center;\"><strong>aun hay deseo, hay nuevo florecer.<\/strong><\/p>\n<p style=\"text-align: center;\"><strong>\u00a1\u00c1mate hoy, \u00e1mate siempre<\/strong><\/p>\n<p style=\"text-align: center;\"><strong>mujer mayor, mujer madura,<\/strong><\/p>\n<p style=\"text-align: center;\"><strong>no te desprecies en infortuna<\/strong><\/p>\n<p style=\"text-align: center;\"><strong>porque bendita eres en tu ser!<\/strong><\/p>\n<p style=\"text-align: justify;\">Escribo poes\u00eda social, escribo superaci\u00f3n, un poco de todo, pero en realidad la mayor\u00eda de mis poemas, son rom\u00e1nticos, sensuales. Es un tema que me fluye sin mayor esfuerzo, tengo mil ideas cuando pienso en el amor, y en la capacidad del ser humano de amarse desde la mirada. Me gusta tambi\u00e9n escribirle a la mujer, sobre todo a la mujer madura, que debe estar orgullosa y sentirse valorada. Debe saber que tiene derecho a ser amada, pero antes debe amarse ella primero.<\/p>\n<p style=\"text-align: center;\"><strong>Regoc\u00edjate<\/strong><\/p>\n<p style=\"text-align: center;\"><strong>\u00a1Regoc\u00edjate amor,<\/strong><br \/>\n<strong> en mi nuevo florecer,<\/strong><br \/>\n<strong> en mi segunda primavera<\/strong><br \/>\n<strong> deja tus r\u00edos correr!<\/strong><\/p>\n<p style=\"text-align: center;\"><strong>\u00a1Puede ser que de pronto<\/strong><br \/>\n<strong> la vida cese en mi vergel,<\/strong><br \/>\n<strong> ahora reverdece,<\/strong><br \/>\n<strong> ven&#8230; regoc\u00edjate en \u00e9l!<\/strong><\/p>\n<p style=\"text-align: center;\"><strong>\u00a1Besa el clavel en mis labios<\/strong><br \/>\n<strong> deja que destilen su miel,<\/strong><br \/>\n<strong> liba el sabor con ternura<\/strong><br \/>\n<strong> todav\u00eda se eriza mi piel!<\/strong><\/p>\n<p style=\"text-align: center;\"><strong>\u00a1Desnuda, sin oro ni plata<\/strong><br \/>\n<strong> sin adornos de oropel<\/strong><br \/>\n<strong> soy todav\u00eda hermosa;<\/strong><br \/>\n<strong> arde mi tarde&#8230; si me sabes querer!<\/strong><\/p>\n<p style=\"text-align: center;\"><strong>Apetencia<\/strong><\/p>\n<p style=\"text-align: center;\"><strong>Cuando culmine nuestro festejo<\/strong><br \/>\n<strong> deja algo tuyo en m\u00ed<\/strong><br \/>\n<strong> ll\u00e9vate algo de m\u00ed,<\/strong><br \/>\n<strong> continuemos en la distancia<\/strong><br \/>\n<strong> adosados en permanente sentir.<\/strong><\/p>\n<p style=\"text-align: center;\"><strong>No dejemos el fuego al olvido<\/strong><br \/>\n<strong> ni guardado en el rinc\u00f3n del ayer,<\/strong><br \/>\n<strong> perc\u00edbeme a\u00fan de lejos<\/strong><br \/>\n<strong> que esta apetencia de amarnos<\/strong><br \/>\n<strong> siempre estar\u00e1 en la piel.<\/strong><\/p>\n<p style=\"text-align: justify;\"><strong>\u00bfTu inspiraci\u00f3n po\u00e9tica a que personas va dirigida?<\/strong> A todo aquel que guste y disfrute de la poes\u00eda. Creo que desde el poeta m\u00e1s culto o el que utiliza un lenguaje rebuscado, hasta el que escribe de manera sencilla, tiene algo que transmitir, porque es su alma la que habla.<\/p>\n<p style=\"text-align: justify;\"><strong>\u00bfCu\u00e1ntos poemas has escrito?<\/strong> Exactamente no los s\u00e9, pero creo que alrededor de 1,500. Escribo constantemente.<\/p>\n<p style=\"text-align: justify;\"><strong><a href=\"https:\/\/heidysandovalruiz.com\/wp-content\/uploads\/2018\/03\/28534383_1880248578683385_1467574693_n.jpg\"><img loading=\"lazy\" decoding=\"async\" class=\"size-medium wp-image-5664 alignleft\" src=\"https:\/\/heidysandovalruiz.com\/wp-content\/uploads\/2018\/03\/28534383_1880248578683385_1467574693_n-300x300.jpg\" alt=\"28534383_1880248578683385_1467574693_n\" width=\"300\" height=\"300\" srcset=\"https:\/\/heidysandovalruiz.com\/wp-content\/uploads\/2018\/03\/28534383_1880248578683385_1467574693_n-300x300.jpg 300w, https:\/\/heidysandovalruiz.com\/wp-content\/uploads\/2018\/03\/28534383_1880248578683385_1467574693_n-150x150.jpg 150w, https:\/\/heidysandovalruiz.com\/wp-content\/uploads\/2018\/03\/28534383_1880248578683385_1467574693_n.jpg 960w\" sizes=\"auto, (max-width: 300px) 100vw, 300px\" \/><\/a>\u00bfQu\u00e9 es lo que m\u00e1s te inspira?<\/strong> Me inspira el amor. Me inspira el amor desde su manifestaci\u00f3n en la creaci\u00f3n. Desde su mirada puesta en el ser humano, desde su bondad en la costilla de Ad\u00e1n desde el momento en que Ad\u00e1n y Eva fueron uno. Sublimo el amor del Creador.<\/p>\n<p style=\"text-align: justify;\">Sublimo el sentimiento de dos, y la fusi\u00f3n de los cuerpos, ese calor en la piel, ese cosquilleo en las entra\u00f1as, esa pasi\u00f3n tierna y desenfrenada, que los une en alma, coraz\u00f3n y cuerpo\u2026eso que Dios dej\u00f3, como un hermoso regalo a los seres humanos.<\/p>\n<p style=\"text-align: justify;\"><strong>\u00bfTienes o has pensado publicar alg\u00fan poemario?<\/strong> Tengo ya un poemario que espero publicar \u00e9ste a\u00f1o. Creo que no ha sido mi momento, pero si quiero dejar mi poes\u00eda plasmada en un recuerdo, para que quienes gusten de mis letras, puedan conservarlo.<\/p>\n<p style=\"text-align: justify;\"><strong>Dentro de los poetas nacionales \u00bfTienes alg\u00fan preferido?<\/strong> Siempre Miguel \u00c1ngel Asturias. Luis de Li\u00f3n, Luz M\u00e9ndez de la Vega.<\/p>\n<p style=\"text-align: justify;\"><strong>\u00bfTe gusta la docencia? \u00bfLa impartes actualmente?<\/strong> La docencia y la poes\u00eda son mi pasi\u00f3n. No me veo en otra labor que no sea la de la docencia. Y s\u00ed, actualmente laboro en la Facultad de Humanidades de la USAC, en el departamento de Educaci\u00f3n Virtual, donde imparto cursos de las carreras y elaboro m\u00f3dulos para la educaci\u00f3n a distancia.<\/p>\n<p style=\"text-align: justify;\"><strong>\u00bfAparte de la poes\u00eda qu\u00e9 le gusta a Fluvia?<\/strong> Me gusta leer sobre educaci\u00f3n, modernidad y nuevas tendencias educativas. Compartir con mis nietas. Y la verdad ocupo mucho tiempo en mi trabajo y es poco lo que me queda para otras actividades, pero soy muy feliz en lo que hago.<\/p>\n<p style=\"text-align: justify;\"><strong>\u00bfC\u00f3mo es la relaci\u00f3n con tus hijos? \u00bfAlguno hered\u00f3 el gusto por la poes\u00eda?<\/strong> Tenemos una buena relaci\u00f3n. Considero que he sido bendecida con mis hijos. Ninguno de los dos escribe poes\u00eda, pero son muy buenos para la redacci\u00f3n.<a href=\"https:\/\/heidysandovalruiz.com\/wp-content\/uploads\/2018\/03\/28741047_1880246322016944_1223624552_n.jpg\"><img loading=\"lazy\" decoding=\"async\" class=\"size-medium wp-image-5665 alignright\" src=\"https:\/\/heidysandovalruiz.com\/wp-content\/uploads\/2018\/03\/28741047_1880246322016944_1223624552_n-169x300.jpg\" alt=\"28741047_1880246322016944_1223624552_n\" width=\"169\" height=\"300\" srcset=\"https:\/\/heidysandovalruiz.com\/wp-content\/uploads\/2018\/03\/28741047_1880246322016944_1223624552_n-169x300.jpg 169w, https:\/\/heidysandovalruiz.com\/wp-content\/uploads\/2018\/03\/28741047_1880246322016944_1223624552_n.jpg 540w\" sizes=\"auto, (max-width: 169px) 100vw, 169px\" \/><\/a><\/p>\n<p style=\"text-align: justify;\"><strong>\u00bfPuedes contarnos como Fluvia disfruta el papel de abuela?<\/strong> Ser abuela es lo mejor que me ha pasado. Y aunque parece una frase trillada, es la verdad, y es honesto cuando los abuelos lo decimos. Nada es m\u00e1s hermoso que ver en ellos una extensi\u00f3n de ti, disfrutarlos como no disfrutaste a tus propios hijos. Es maravilloso decir: que Daniela y Alisson, son un regalo de Dios. Me encanta ense\u00f1arles versos para ni\u00f1os, y disfruto ver como se esfuerzan en declamar. Escucharlas cantar y bailar. Es lo m\u00e1ximo.<\/p>\n<p style=\"text-align: justify;\"><strong>\u00bfQu\u00e9 te pareci\u00f3 participar en la exposici\u00f3n \u201cPinceladas de mujer\u201d?<\/strong> Una experiencia enriquecedora. Ser parte de un evento que tuvo tanto \u00e9xito, es un recuerdo para enmarcar. Aparte, hice amistades que nunca imagin\u00e9. Conoc\u00ed el coraz\u00f3n de Dania Patricia Aguirre, una mujer con mucha entereza, talentosa y muy humana. Sus cuadros, de una belleza inigualable. Compart\u00ed adem\u00e1s con poetas como Adonis de Le\u00f3n y Erwin Osorio, con mucho talento. Y c\u00f3mo no mencionar a Carlos Cuellar, Mariann Roc\u00edo que nos deleitaron con su voz. Y a nuestro conductor estrella Hugo Ossorio . Creo que cabe mencionar a todos, porque de verdad fue un evento de lujo. Los y las guatemaltecas, deber\u00edamos todos participar m\u00e1s en estas actividades y valorar el talento.<\/p>\n<p style=\"text-align: justify;\"><strong>\u00bfCrees que la pintura y la poes\u00eda pueden fusionarse?<\/strong> Por supuesto que s\u00ed, son manifestaciones del pensamiento, del sentir creativo y por qu\u00e9 no decirlo del esp\u00edritu. El arte es belleza, una pintura es un poema que se dice con formas, con texturas y colores; en un poema pintas escenas con versos.<\/p>\n<p style=\"text-align: justify;\"><strong>\u00bfQu\u00e9 proyectos tienes para este 2018?<\/strong> Quiero publicar mi primer poemario y participar en cuanto evento pueda. Quiero llevar mi poes\u00eda y acompa\u00f1ar a pintores m\u00fasicos y poetas, en la difusi\u00f3n del arte.<\/p>\n<p style=\"text-align: justify;\">El arte puede salvar el coraz\u00f3n de mucha gente. Escribir, pintar, cantar, hacer esculturas y otros tipos de arte, son alicientes al alma. Siempre digo que la poes\u00eda me salva. Y cuando digo eso no es s\u00f3lo una frase, es la verdad. La poes\u00eda me ha levantado de muchas ca\u00eddas, es la mejor terapia.<\/p>\n<p style=\"text-align: justify;\"><strong>\u00bfPuedes enviar un mensaje a quienes lean esta entrevista?<\/strong> Quiero agradecer el tiempo valioso que se tomaron al leer \u00e9sta entrevista y por supuesto agradecer a ti Heidy Sandoval, por permitirme \u00e9ste espacio. Quiero tambi\u00e9n agradecer a quienes me siguen y gustan de mi poes\u00eda. Y quiero decirles que lean, que no se cansen de leer, de aprender, pero que tambi\u00e9n escriban. No importa si no son poetas. Hay mucho que aprender y muchos temas para escribir. Y quienes tienen el don de la pintura, del canto o de otra rama del arte, cult\u00edvenlo. Hacer arte es darle sentido al alma, es ser due\u00f1o, soberano del propio sentir, y darlo a conocer sin importarnos las cr\u00edticas o las opiniones en contra, es trascender barreras del mundo, que s\u00f3lo los valientes somos capaces de lograr.<\/p>\n<p style=\"text-align: justify;\">Agradezco a Fluvia el haber compartido su maravillosa historia con quienes leen esta entrevista, conocimos a la mujer, a la artista y madre, que tiene pasi\u00f3n por la poes\u00eda y por todo lo que realiza.<\/p>\n<p style=\"text-align: justify;\">Les invitamos para que se unan al grupo de \u00ab<strong>Artistas de Guatemala para el Mundo<\/strong>\u00bb en este link <a href=\"http:\/\/on.fb.me\/1sn2wSf\">http:\/\/on.fb.me\/1sn2wSf<\/a> el cual tiene como prop\u00f3sito compartir videos, fotos, an\u00e9cdotas y todo lo de nuestros artistas en las diferentes d\u00e9cadas.<\/p>\n<p style=\"text-align: justify;\">Hemos creado el grupo \u201c<strong>Las entrevistas de Heidy<\/strong>\u201d que pueden localizar en<\/p>\n<p style=\"text-align: justify;\"><a href=\"https:\/\/www.facebook.com\/groups\/1443599465933701\/\">https:\/\/www.facebook.com\/groups\/1443599465933701\/<\/a><\/p>\n<p style=\"text-align: justify;\">Tambi\u00e9n ponemos a su disposici\u00f3n el grupo \u201cUn siglo de anuncios y algo m\u00e1s\u2026\u201d, un espacio donde pueden compartir o comentar los post que se publiquen <a href=\"http:\/\/on.fb.me\/1vASm2g\">http:\/\/on.fb.me\/1vASm2g<\/a><\/p>\n<p><strong>Las entrevistas las pueden leer en los siguientes links:<\/strong><\/p>\n<p><a href=\"http:\/\/www.heidysandovalruiz.com\">http:\/\/www.heidysandovalruiz.com<\/a><\/p>\n<p><a href=\"http:\/\/lasentrevistasdeheidy.blogspot.com\">http:\/\/lasentrevistasdeheidy.blogspot.com<\/a><\/p>\n<p><a href=\"https:\/\/www.facebook.com\/pages\/Los-invitados-de-Heidy\/892159284204965?ref=hl\">https:\/\/www.facebook.com\/pages\/Los-invitados-de-Heidy\/892159284204965?ref=hl<\/a><\/p>\n<p><strong>Entrevista realizada por Heidy Sandoval Ruiz<\/strong><\/p>\n<p>Toda publicaci\u00f3n es responsabilidad de la Administraci\u00f3n<\/p>\n","protected":false},"excerpt":{"rendered":"<div class=\"mh-excerpt\"><p>En \u201cLa cara amiga de los invitados de Heidy\u201d comparto la entrevista con Fluvia Felisa Porras Ram\u00edrez, una poetisa conocida en el ambiente art\u00edstico como: <a class=\"mh-excerpt-more\" href=\"https:\/\/heidysandovalruiz.com\/?p=5659\" title=\"La cara amiga de \u00abFluvia Nissi\u00bb\">[&#8230;]<\/a><\/p>\n<\/div>","protected":false},"author":4,"featured_media":5660,"comment_status":"closed","ping_status":"closed","sticky":false,"template":"","format":"standard","meta":{"footnotes":""},"categories":[16],"tags":[391],"class_list":["post-5659","post","type-post","status-publish","format-standard","has-post-thumbnail","hentry","category-la-cara-amiga","tag-la-cara-amiga-de-fluvia-nissi"],"_links":{"self":[{"href":"https:\/\/heidysandovalruiz.com\/index.php?rest_route=\/wp\/v2\/posts\/5659","targetHints":{"allow":["GET"]}}],"collection":[{"href":"https:\/\/heidysandovalruiz.com\/index.php?rest_route=\/wp\/v2\/posts"}],"about":[{"href":"https:\/\/heidysandovalruiz.com\/index.php?rest_route=\/wp\/v2\/types\/post"}],"author":[{"embeddable":true,"href":"https:\/\/heidysandovalruiz.com\/index.php?rest_route=\/wp\/v2\/users\/4"}],"replies":[{"embeddable":true,"href":"https:\/\/heidysandovalruiz.com\/index.php?rest_route=%2Fwp%2Fv2%2Fcomments&post=5659"}],"version-history":[{"count":3,"href":"https:\/\/heidysandovalruiz.com\/index.php?rest_route=\/wp\/v2\/posts\/5659\/revisions"}],"predecessor-version":[{"id":5668,"href":"https:\/\/heidysandovalruiz.com\/index.php?rest_route=\/wp\/v2\/posts\/5659\/revisions\/5668"}],"wp:featuredmedia":[{"embeddable":true,"href":"https:\/\/heidysandovalruiz.com\/index.php?rest_route=\/wp\/v2\/media\/5660"}],"wp:attachment":[{"href":"https:\/\/heidysandovalruiz.com\/index.php?rest_route=%2Fwp%2Fv2%2Fmedia&parent=5659"}],"wp:term":[{"taxonomy":"category","embeddable":true,"href":"https:\/\/heidysandovalruiz.com\/index.php?rest_route=%2Fwp%2Fv2%2Fcategories&post=5659"},{"taxonomy":"post_tag","embeddable":true,"href":"https:\/\/heidysandovalruiz.com\/index.php?rest_route=%2Fwp%2Fv2%2Ftags&post=5659"}],"curies":[{"name":"wp","href":"https:\/\/api.w.org\/{rel}","templated":true}]}}