{"id":5669,"date":"2018-03-07T05:04:14","date_gmt":"2018-03-07T05:04:14","guid":{"rendered":"http:\/\/heidysandovalruiz.com\/?p=5669"},"modified":"2018-03-07T05:04:14","modified_gmt":"2018-03-07T05:04:14","slug":"sandra-corina-mendez-el-rol-de-la-mujer-y-el-8-de-marzo","status":"publish","type":"post","link":"https:\/\/heidysandovalruiz.com\/?p=5669","title":{"rendered":"Sandra Corina M\u00e9ndez: \u00abEl rol de la mujer y el 8 de marzo\u00bb"},"content":{"rendered":"<p style=\"font-weight: 400; text-align: justify;\">En \u201c<strong>La cara amiga de los invitados de Heidy<\/strong>\u201d, presento en esta oportunidad la entrevista realizada a la licenciada\u00a0<strong>Sandra Corina M\u00e9ndez<\/strong>, una profesional involucrada en el rol que desempe\u00f1a la mujer, ya que el d\u00eda de ma\u00f1ana se celebra precisamente el \u201cD\u00eda Internacional de la Mujer\u201d, ella nos platicar\u00e1 de este tema.\u00a0\u00a0Bienvenida Sandra a este espacio que adem\u00e1s de ser una ventana para promover nuestro arte, tambi\u00e9n es un medio para compartir temas de inter\u00e9s general.<\/p>\n<p style=\"font-weight: 400; text-align: justify;\">Para dar inicio a la entrevista puedes comentarnos\u00a0<strong>\u00bfC\u00f3mo define Sandra el rol que desempe\u00f1a la mujer en nuestro pa\u00eds?<\/strong>\u00a0El rol que desempe\u00f1a la mujer en nuestro pa\u00eds es muy importante, porque participa en el sistema productivo de una manera eficiente y con mucha responsabilidad, tiene 4 tareas, es una profesional, ama de casa, madre y esposa a la vez.<\/p>\n<p style=\"font-weight: 400; text-align: justify;\"><strong>\u00bfQu\u00e9 interpretaciones se dan por el \u201cD\u00eda Internacional de la Mujer?\u00a0<\/strong>En las organizaciones es una reivindicaci\u00f3n de derechos\u00a0\u00a0y una demanda al Estado por los derechos de las mujeres, como el caso de las ni\u00f1as del Hogar Seguro Virgen de la Asunci\u00f3n y otros casos que han quedado en la impunidad.<\/p>\n<p style=\"font-weight: 400; text-align: justify;\"><strong>\u00bfC\u00f3mo se ha involucrado en el desarrollo de la mujer guatemalteca la Universidad de San Carlos de Guatemala?<\/strong>\u00a0Con la creaci\u00f3n del Instituto Universitario de la Mujer de San Carlos de Guatemala-IUMUSAC- que se inici\u00f3 en el a\u00f1o 2005 y la Pol\u00edtica de Equidad de G\u00e9nero en la Educaci\u00f3n Superior PPEGES, que fue aprobada en el a\u00f1o 2008 con esto se fortalece el eje transversal de Equidad de G\u00e9nero en la Administraci\u00f3n, Investigaci\u00f3n, Docencia y Extensi\u00f3n universitaria, a trav\u00e9s\u00a0\u00a0de las representaciones dentro de la institucionalidad para el avance de las mujeres desde el Estado y la sociedad civil organizada.<\/p>\n<p style=\"font-weight: 400; text-align: justify;\"><strong>\u00bfCrees que tenga representatividad el papel de la mujer en los diferentes organismos del estado?<\/strong>\u00a0Si, a trav\u00e9s\u00a0\u00a0de la institucionalidad,\u00a0\u00a0a trav\u00e9s del Estado la SEPREM, IUMUSAC, ONAM\u00a0\u00a0y en los diferentes ministerios y secretarias.<\/p>\n<p style=\"font-weight: 400; text-align: justify;\"><strong>Desde tu punto de vista \u00bfQu\u00e9 opini\u00f3n te merece el trabajo que realizan muchas mujeres en campos que hasta ahora han sido exclusivos del hombre?<\/strong>\u00a0Actualmente se da la oportunidad laboral en igualdad de condiciones para hombres y mujeres, sin embargo la mujer tiene una corresponsabilidad\u00a0 social en su triple rol, productivo, reproductivo, social y pol\u00edtico.\u00a0Lamentablemente, la mujer trabaja igual o m\u00e1s que los hombres algunas veces y con menos sueldos por la inequidad de g\u00e9nero que se vive en la mayor\u00eda de instituciones, por la falta de conciencia social.<a href=\"https:\/\/heidysandovalruiz.com\/wp-content\/uploads\/2018\/03\/28821759_1614613188634808_1884011750_o1.jpg\"><img loading=\"lazy\" decoding=\"async\" class=\"size-medium wp-image-5672 alignright\" src=\"https:\/\/heidysandovalruiz.com\/wp-content\/uploads\/2018\/03\/28821759_1614613188634808_1884011750_o1-300x198.jpg\" alt=\"28821759_1614613188634808_1884011750_o\" width=\"300\" height=\"198\" srcset=\"https:\/\/heidysandovalruiz.com\/wp-content\/uploads\/2018\/03\/28821759_1614613188634808_1884011750_o1-300x198.jpg 300w, https:\/\/heidysandovalruiz.com\/wp-content\/uploads\/2018\/03\/28821759_1614613188634808_1884011750_o1-1024x675.jpg 1024w, https:\/\/heidysandovalruiz.com\/wp-content\/uploads\/2018\/03\/28821759_1614613188634808_1884011750_o1.jpg 1280w\" sizes=\"auto, (max-width: 300px) 100vw, 300px\" \/><\/a><\/p>\n<p style=\"font-weight: 400; text-align: justify;\"><strong>\u00bfC\u00f3mo crees que los hombres consideran el papel de un ama de casa como trabajo o como obligaci\u00f3n?<\/strong>\u00a0La mayor\u00eda piensa\u00a0\u00a0que es una obligaci\u00f3n porque\u00a0\u00a0no es remunerado, no se le da el valor\u00a0\u00a0que se merece el trabajo que realizan las mujeres dentro del hogar.<\/p>\n<p style=\"font-weight: 400; text-align: justify;\"><strong>\u00bfQu\u00e9 avances ha habido en el papel de la mujer ante la sociedad en comparaci\u00f3n con el siglo pasado?\u00a0<\/strong>La incorporaci\u00f3n\u00a0\u00a0al mercado laboral, participaci\u00f3n de la mujer en el \u00e1mbito p\u00fablico y pol\u00edtico,\u00a0\u00a0en los marcos normativos nacionales\u00a0\u00a0e internacionales.<\/p>\n<p style=\"font-weight: 400; text-align: justify;\"><strong>\u00bfC\u00f3mo calificar\u00edas el papel desempe\u00f1ado por las mujeres que han sido presidentas en otros pa\u00edses?\u00a0<\/strong>Ha sido\u00a0\u00a0buena la participaci\u00f3n con iniciativas muy importantes para el desarrollo de los pa\u00edses.<\/p>\n<p style=\"font-weight: 400; text-align: justify;\"><strong>\u00bfCu\u00e1les se consideran las principales causas que generan la violencia contra la mujer?<\/strong>\u00a0Las relaciones de poder entre hombres y mujeres, las sociedades patriarcales, inestabilidad econ\u00f3mica, crimen organizado, la Misoginia, (odio hacia\u00a0\u00a0la mujer por el hecho de ser mujer).<\/p>\n<p style=\"font-weight: 400; text-align: justify;\"><strong>\u00bfCu\u00e1ndo una mujer es discriminada a d\u00f3nde puede acudir?\u00a0<\/strong>DEMI, CODISRA, PDH, ESVET.<\/p>\n<p style=\"font-weight: 400; text-align: justify;\"><strong>A prop\u00f3sito de ese tema \u00bfQu\u00e9 tipos de discriminaci\u00f3n puede sufrir una mujer?<\/strong>\u00a0Discriminaci\u00f3n racial, \u00e9tnica, por sexo, por discapacidad.<\/p>\n<p style=\"font-weight: 400; text-align: justify;\"><strong>\u00bfC\u00f3mo se puede calificar la participaci\u00f3n de las mujeres en los t\u00f3picos de discriminaci\u00f3n: ap\u00e1tica o activa?\u00a0<\/strong>En los dos rubros, pero no toda la sociedad en su sentido.<\/p>\n<p style=\"font-weight: 400; text-align: justify;\"><strong><a href=\"https:\/\/heidysandovalruiz.com\/wp-content\/uploads\/2018\/03\/28879665_1614575155305278_291428223_o.jpg\"><img loading=\"lazy\" decoding=\"async\" class=\"size-medium wp-image-5673 alignleft\" src=\"https:\/\/heidysandovalruiz.com\/wp-content\/uploads\/2018\/03\/28879665_1614575155305278_291428223_o-300x217.jpg\" alt=\"28879665_1614575155305278_291428223_o\" width=\"300\" height=\"217\" srcset=\"https:\/\/heidysandovalruiz.com\/wp-content\/uploads\/2018\/03\/28879665_1614575155305278_291428223_o-300x217.jpg 300w, https:\/\/heidysandovalruiz.com\/wp-content\/uploads\/2018\/03\/28879665_1614575155305278_291428223_o-1024x740.jpg 1024w, https:\/\/heidysandovalruiz.com\/wp-content\/uploads\/2018\/03\/28879665_1614575155305278_291428223_o.jpg 1063w\" sizes=\"auto, (max-width: 300px) 100vw, 300px\" \/><\/a>\u00bfQu\u00e9 actividad tiene programada la USAC para este 8 de marzo?\u00a0<\/strong>Tienen varias actividades programadas las compa\u00f1eras de la AEU y la Comisi\u00f3n de la Mujer de la USAC y otras unidades acad\u00e9micas,\u00a0\u00a0una de las m\u00e1s relevantes la caminata el 7 de marzo en los alrededores de la USAC a partir de las 2:00 de la tarde, el Instituto Universitario de la Mujer- IUMUSAC-\u00a0\u00a0tiene programado un\u00a0\u00a0Reconocimiento pos-morten a la Licda. Miriam Ileana Maldonado Batres en el MUSAC por su brillante trayectoria\u00a0\u00a0como fundadora y directora\u00a0\u00a0del 2005 al 2015 el d\u00eda 8 a las 10:00 de la ma\u00f1ana,\u00a0\u00a0se ha invitado a organizaciones de mujeres y\u00a0\u00a0otras unidades acad\u00e9micas.<\/p>\n<p style=\"font-weight: 400; text-align: justify;\"><strong>\u00bfPuedes enviar un mensaje especialmente a las mujeres que lean esta entrevista?<\/strong>\u00a0Que se preparen acad\u00e9micamente, que tengan una mayor participaci\u00f3n en todos los \u00e1mbitos, que luchen por sus sue\u00f1os y que denuncien cualquier tipo de violencia de la cu\u00e1l sean v\u00edctimas, luchar por ser escuchadas\u00a0\u00a0\u00a0por las autoridades e instancias de gobierno.<\/p>\n<p style=\"font-weight: 400; text-align: justify;\">Agradezco a la licenciada Sandra Corina M\u00e9ndez, por habernos brindado informaci\u00f3n relacionada con el tema de la mujer por celebrarse ma\u00f1ana tan significativa fecha.<\/p>\n<p style=\"font-weight: 400; text-align: justify;\">Les invitamos para que se unan al grupo de \u00ab<strong>Artistas de Guatemala para el Mundo<\/strong>\u00bb en este link\u00a0<a href=\"http:\/\/on.fb.me\/1sn2wSf\">http:\/\/on.fb.me\/1sn2wSf<\/a>\u00a0\u00a0el cual tiene como prop\u00f3sito compartir videos, fotos, an\u00e9cdotas y todo lo de nuestros artistas en las diferentes d\u00e9cadas.<\/p>\n<p style=\"font-weight: 400; text-align: justify;\">Hemos creado el grupo\u00a0<strong>\u201cLas entrevistas de Heidy\u201d<\/strong>\u00a0que pueden localizar en<\/p>\n<p style=\"font-weight: 400; text-align: justify;\"><a href=\"https:\/\/www.facebook.com\/groups\/1443599465933701\/\">https:\/\/www.facebook.com\/groups\/1443599465933701\/<\/a><\/p>\n<p style=\"font-weight: 400; text-align: justify;\">Tambi\u00e9n ponemos a su disposici\u00f3n el grupo \u201c<strong>Un siglo de anuncios y algo m\u00e1s\u2026\u201d,\u00a0<\/strong>un espacio donde pueden compartir o comentar los post que se publiquen\u00a0<a href=\"http:\/\/on.fb.me\/1vASm2g\">http:\/\/on.fb.me\/1vASm2g<\/a><\/p>\n<p style=\"font-weight: 400; text-align: justify;\">Las entrevistas las pueden leer en los siguientes links:<\/p>\n<p style=\"font-weight: 400; text-align: justify;\"><a href=\"http:\/\/www.heidysandovalruiz.com\/\">http:\/\/www.heidysandovalruiz.com<\/a><\/p>\n<p style=\"font-weight: 400; text-align: justify;\"><a href=\"http:\/\/lasentrevistasdeheidy.blogspot.com\/\">http:\/\/lasentrevistasdeheidy.blogspot.com<\/a><\/p>\n<p style=\"font-weight: 400; text-align: justify;\"><a href=\"https:\/\/www.facebook.com\/pages\/Los-invitados-de-Heidy\/892159284204965?ref=hl\">https:\/\/www.facebook.com\/pages\/Los-invitados-de-Heidy\/892159284204965?ref=hl<\/a><\/p>\n<p style=\"font-weight: 400; text-align: justify;\">\n<p style=\"font-weight: 400; text-align: justify;\"><strong>Entrevista realizada por Heidy Sandoval Ruiz<\/strong><\/p>\n<p style=\"font-weight: 400; text-align: justify;\"><strong><em>Toda publicaci\u00f3n es responsabilidad de la Administraci\u00f3n<\/em><\/strong><\/p>\n","protected":false},"excerpt":{"rendered":"<div class=\"mh-excerpt\"><p>En \u201cLa cara amiga de los invitados de Heidy\u201d, presento en esta oportunidad la entrevista realizada a la licenciada\u00a0Sandra Corina M\u00e9ndez, una profesional involucrada en <a class=\"mh-excerpt-more\" href=\"https:\/\/heidysandovalruiz.com\/?p=5669\" title=\"Sandra Corina M\u00e9ndez: \u00abEl rol de la mujer y el 8 de marzo\u00bb\">[&#8230;]<\/a><\/p>\n<\/div>","protected":false},"author":4,"featured_media":5671,"comment_status":"closed","ping_status":"closed","sticky":false,"template":"","format":"standard","meta":{"footnotes":""},"categories":[16],"tags":[392],"class_list":["post-5669","post","type-post","status-publish","format-standard","has-post-thumbnail","hentry","category-la-cara-amiga","tag-sandra-corina-mendez-el-rol-de-la-mujer-y-el-8-de-marzo"],"_links":{"self":[{"href":"https:\/\/heidysandovalruiz.com\/index.php?rest_route=\/wp\/v2\/posts\/5669","targetHints":{"allow":["GET"]}}],"collection":[{"href":"https:\/\/heidysandovalruiz.com\/index.php?rest_route=\/wp\/v2\/posts"}],"about":[{"href":"https:\/\/heidysandovalruiz.com\/index.php?rest_route=\/wp\/v2\/types\/post"}],"author":[{"embeddable":true,"href":"https:\/\/heidysandovalruiz.com\/index.php?rest_route=\/wp\/v2\/users\/4"}],"replies":[{"embeddable":true,"href":"https:\/\/heidysandovalruiz.com\/index.php?rest_route=%2Fwp%2Fv2%2Fcomments&post=5669"}],"version-history":[{"count":1,"href":"https:\/\/heidysandovalruiz.com\/index.php?rest_route=\/wp\/v2\/posts\/5669\/revisions"}],"predecessor-version":[{"id":5674,"href":"https:\/\/heidysandovalruiz.com\/index.php?rest_route=\/wp\/v2\/posts\/5669\/revisions\/5674"}],"wp:featuredmedia":[{"embeddable":true,"href":"https:\/\/heidysandovalruiz.com\/index.php?rest_route=\/wp\/v2\/media\/5671"}],"wp:attachment":[{"href":"https:\/\/heidysandovalruiz.com\/index.php?rest_route=%2Fwp%2Fv2%2Fmedia&parent=5669"}],"wp:term":[{"taxonomy":"category","embeddable":true,"href":"https:\/\/heidysandovalruiz.com\/index.php?rest_route=%2Fwp%2Fv2%2Fcategories&post=5669"},{"taxonomy":"post_tag","embeddable":true,"href":"https:\/\/heidysandovalruiz.com\/index.php?rest_route=%2Fwp%2Fv2%2Ftags&post=5669"}],"curies":[{"name":"wp","href":"https:\/\/api.w.org\/{rel}","templated":true}]}}