{"id":5717,"date":"2018-03-21T20:57:41","date_gmt":"2018-03-21T20:57:41","guid":{"rendered":"http:\/\/heidysandovalruiz.com\/?p=5717"},"modified":"2018-03-21T21:36:52","modified_gmt":"2018-03-21T21:36:52","slug":"este-21-de-marzo-se-celebra-el-dia-mundial-del-sindrome-de-down","status":"publish","type":"post","link":"https:\/\/heidysandovalruiz.com\/?p=5717","title":{"rendered":"Este 21 de marzo se celebra el \u00abD\u00eda Mundial del S\u00edndrome de Down\u00bb"},"content":{"rendered":"<p>CUANDO SEA GRANDE QUIERO SER UN \u201cNI\u00d1O ESPECIAL\u201d<\/p>\n<p>Por Maurizio Colombo.<\/p>\n<p style=\"text-align: justify;\">(En la celebraci\u00f3n del D\u00eda mundial del \u201cSindrome de Down\u00bb, comparto una nota que escrib\u00ed hace tiempo, para un evento art\u00edstico donde participaban tambi\u00e9n ni\u00f1os diferentemente h\u00e1biles).<\/p>\n<p style=\"text-align: justify;\">Hace unos d\u00edas fui invitado a una exhibici\u00f3n en el Museo Ixchel, un encuentro de dos mundos, artistas guatemaltecos de distintas disciplinas unieron sus talentos para dialogar con obras de artistas italianos, en el proyecto colectivo \u201c<strong>GUATEMALA ES GUATEMALA<\/strong>\u201d, iniciativa visionaria de Brenda Estrada. No entro en merito para describir el excelente valor art\u00edstico de las obras exhibida en la muestra. Lo que me impact\u00f3 fue la visi\u00f3n de una seria de pinturas o dise\u00f1os colorados, hechos por algunos \u201cni\u00f1os especiales\u201d guatemaltecos.<\/p>\n<p style=\"text-align: justify;\">Personalmente reviv\u00ed las mismas emociones e impacto, cuando en mi juventud en Paris vi por la primera vez, todas juntas, una cantidad incre\u00edbles de obras del \u201cImpresionismo\u201d: excitaci\u00f3n, entusiasmo, conmoci\u00f3n, turbamiento; confieso que por la emoci\u00f3n llor\u00e9, quer\u00eda regresar a Italia y empezar a pintar aquellos cielos donde el viento era presente, manifiesto, revelado por la an\u00e1rquica danza de las nubes. Fue la revelaci\u00f3n sagrada del \u201cArte\u201d, con la \u201cA\u201d may\u00fascula. Lo mismo pas\u00f3 en el Museo Ixchel. A parte revivir las misma emociones, fue una cachetada tremenda a mi presumido ego de \u201cartista\u201d, estos ni\u00f1os, con su inocencia expresiva, con su libertad sin reglas est\u00e9ticas, con su imaginaci\u00f3n fant\u00e1stica de im\u00e1genes derivadas de la realidad, la re-interpretan trasfiguradas por la creatividad que no conoce frenos o inhibiciones; me quitaron la m\u00e1scara de la soberbia art\u00edstica, me bajaron del pedestal y me regresaron al ef\u00edmero mundo. Me han indicado que el arte es un cuento, una historia que se puede contar sin artificios. Ellos son la abstracci\u00f3n sublime, el regreso del gesto primordial en un juego de formas simples que asumen una vida propia, bailan, gritan, r\u00eden, un canto que lee lo real, dando vida a cosas inanimadas, transfigur\u00e1ndolas en elementos m\u00e1gicos, donde en el mundo de la fantas\u00eda, el inveros\u00edmil y lo incre\u00edble devienen posibles y realizables. Esos ni\u00f1os especiales son un don para las personas que tienes la suerte de rodearlos. Personalmente me dieron una clase de humildad y de realismo: \u00a1Gracias peque\u00f1os \u00e1ngeles!<\/p>\n<p style=\"text-align: justify;\"><strong>Cuando sea grande quiero ser un \u201cNI\u00d1O ESPECIAL\u201d.<\/strong><\/p>\n<p style=\"text-align: justify;\">Maurizio Colombo<\/p>\n<p style=\"text-align: justify;\">(La s\u00edndrome de Down es un don: no solo para las personas que la tiene, sino para aquella que las rodean. Creo que todos recordamos cosa dijo el zorro al Peque\u00f1o Principito, precisamente \u00ablo esencial es invisible a los ojos\u00bb. Era esto que no pod\u00eda entender. Estos ni\u00f1os me lo revelaron y explicaron. Como se lee en el libro de Antoine de Saint-Exup\u00e9ry, tambi\u00e9n la rosa ense\u00f1\u00f3 algo al<\/p>\n<p style=\"text-align: justify;\">Principito, o sea, que habr\u00eda debido soportar algunas orugas si quer\u00eda ver volar las mariposas.<\/p>\n<p style=\"text-align: justify;\">m.c.<\/p>\n","protected":false},"excerpt":{"rendered":"<div class=\"mh-excerpt\"><p>CUANDO SEA GRANDE QUIERO SER UN \u201cNI\u00d1O ESPECIAL\u201d Por Maurizio Colombo. (En la celebraci\u00f3n del D\u00eda mundial del \u201cSindrome de Down\u00bb, comparto una nota que <a class=\"mh-excerpt-more\" href=\"https:\/\/heidysandovalruiz.com\/?p=5717\" title=\"Este 21 de marzo se celebra el \u00abD\u00eda Mundial del S\u00edndrome de Down\u00bb\">[&#8230;]<\/a><\/p>\n<\/div>","protected":false},"author":4,"featured_media":5718,"comment_status":"closed","ping_status":"closed","sticky":false,"template":"","format":"standard","meta":{"footnotes":""},"categories":[63],"tags":[395,396],"class_list":["post-5717","post","type-post","status-publish","format-standard","has-post-thumbnail","hentry","category-varios","tag-cuando-sea-grande-quiero-ser-un-nino-especial","tag-este-21-de-marzo-se-celebra-el-dia-mundial-del-sindrome-de-down"],"_links":{"self":[{"href":"https:\/\/heidysandovalruiz.com\/index.php?rest_route=\/wp\/v2\/posts\/5717","targetHints":{"allow":["GET"]}}],"collection":[{"href":"https:\/\/heidysandovalruiz.com\/index.php?rest_route=\/wp\/v2\/posts"}],"about":[{"href":"https:\/\/heidysandovalruiz.com\/index.php?rest_route=\/wp\/v2\/types\/post"}],"author":[{"embeddable":true,"href":"https:\/\/heidysandovalruiz.com\/index.php?rest_route=\/wp\/v2\/users\/4"}],"replies":[{"embeddable":true,"href":"https:\/\/heidysandovalruiz.com\/index.php?rest_route=%2Fwp%2Fv2%2Fcomments&post=5717"}],"version-history":[{"count":2,"href":"https:\/\/heidysandovalruiz.com\/index.php?rest_route=\/wp\/v2\/posts\/5717\/revisions"}],"predecessor-version":[{"id":5720,"href":"https:\/\/heidysandovalruiz.com\/index.php?rest_route=\/wp\/v2\/posts\/5717\/revisions\/5720"}],"wp:featuredmedia":[{"embeddable":true,"href":"https:\/\/heidysandovalruiz.com\/index.php?rest_route=\/wp\/v2\/media\/5718"}],"wp:attachment":[{"href":"https:\/\/heidysandovalruiz.com\/index.php?rest_route=%2Fwp%2Fv2%2Fmedia&parent=5717"}],"wp:term":[{"taxonomy":"category","embeddable":true,"href":"https:\/\/heidysandovalruiz.com\/index.php?rest_route=%2Fwp%2Fv2%2Fcategories&post=5717"},{"taxonomy":"post_tag","embeddable":true,"href":"https:\/\/heidysandovalruiz.com\/index.php?rest_route=%2Fwp%2Fv2%2Ftags&post=5717"}],"curies":[{"name":"wp","href":"https:\/\/api.w.org\/{rel}","templated":true}]}}