{"id":5721,"date":"2018-03-27T22:53:39","date_gmt":"2018-03-27T22:53:39","guid":{"rendered":"http:\/\/heidysandovalruiz.com\/?p=5721"},"modified":"2018-03-29T00:46:49","modified_gmt":"2018-03-29T00:46:49","slug":"obra-itinerante-jesus-de-nazaret","status":"publish","type":"post","link":"https:\/\/heidysandovalruiz.com\/?p=5721","title":{"rendered":"Obra itinerante \u00abJes\u00fas de Nazaret\u00bb"},"content":{"rendered":"<p style=\"text-align: justify;\">Cada Viernes Santo se realiza desde hace m\u00e1s de 25 a\u00f1os, \u201c<strong>Jes\u00fas de Nazaret<\/strong>\u201d, obra de teatro itinerante que recorre el Centro Hist\u00f3rico desde el atrio de la Catedral Metropolitana a la Iglesia El Calvario a partir de las 9 horas.\u00a0 Para conocer m\u00e1s de esta importante actividad donde participan cientos de guatemaltecos,\u00a0 es Ana Mar\u00eda Bravo\u00a0 en \u201c<strong>La cara amiga de los invitados de Heidy<\/strong>\u201d quien nos contar\u00e1 como surge esta idea y su sentir por la celebraci\u00f3n de los 26 a\u00f1os que arriban el pr\u00f3ximo 30 de marzo. Asimismo, les informo que aparte de los actores, se unen en la 14 calle ciento cincuenta romanos del Escuadr\u00f3n de Romanos de El Calvario.<\/p>\n<p style=\"text-align: justify;\">Hola Ana Mar\u00eda ya conoces la tem\u00e1tica de nuestras entrevistas, por lo que para iniciar quiero preguntarte <strong>\u00bfC\u00f3mo surge la inquietud de realizar una obra itinerante?<\/strong> Pensando en la infinidad de favores que Dios nos brinda sin parar.\u00a0 Viendo que en algunas regiones del pa\u00eds realizaban el Viacrucis, con personas que no eran actores y en la Ciudad existiendo actores no lo hac\u00edamos.<\/p>\n<p style=\"text-align: justify;\"><strong>\u00bfRecuerdas la primera vez que se realiz\u00f3?<\/strong> S\u00ed, fue durante dos a\u00f1os realizado frente al atrio de El Calvario. De all\u00ed, Monse\u00f1or Efra\u00edn Hern\u00e1ndez, p\u00e1rroco en ese entonces de la Parroquia, me dijo que si lo pod\u00eda realizar de la Catedral Metropolitana al Calvario.\u00a0 Y es que desde un principio ped\u00ed autorizaci\u00f3n a la Iglesia para poder hacerlo.<\/p>\n<p style=\"text-align: justify;\"><strong>\u00bfQu\u00e9 artistas han participado desde sus inicios<\/strong>? Hasta la fecha el primer actor Luis Garist\u00fa, quien siempre encarna a JESUS DE NAZARET.<\/p>\n<p style=\"text-align: justify;\"><strong>\u00bfQui\u00e9n selecciona el recorrido?<\/strong> Yo lo dise\u00f1\u00e9 pensando en dar facilidad al p\u00fablico para que lo llegara a ver desde un punto estrat\u00e9gico.<\/p>\n<figure id=\"attachment_5723\" aria-describedby=\"caption-attachment-5723\" style=\"width: 300px\" class=\"wp-caption alignright\"><a href=\"https:\/\/heidysandovalruiz.com\/wp-content\/uploads\/2018\/03\/29066712_1707119449373992_2357746537934618624_n.jpg\"><img loading=\"lazy\" decoding=\"async\" class=\"wp-image-5723 size-medium\" src=\"https:\/\/heidysandovalruiz.com\/wp-content\/uploads\/2018\/03\/29066712_1707119449373992_2357746537934618624_n-300x169.jpg\" alt=\"29066712_1707119449373992_2357746537934618624_n\" width=\"300\" height=\"169\" srcset=\"https:\/\/heidysandovalruiz.com\/wp-content\/uploads\/2018\/03\/29066712_1707119449373992_2357746537934618624_n-300x169.jpg 300w, https:\/\/heidysandovalruiz.com\/wp-content\/uploads\/2018\/03\/29066712_1707119449373992_2357746537934618624_n.jpg 960w\" sizes=\"auto, (max-width: 300px) 100vw, 300px\" \/><\/a><figcaption id=\"caption-attachment-5723\" class=\"wp-caption-text\">Luis Garist\u00fa en el papel de Jes\u00fas de Nazaret<\/figcaption><\/figure>\n<p style=\"text-align: justify;\"><strong>\u00bfCu\u00e1ntas personas participan en esta actividad?\u00a0 \u00bfEs ad-honorem?<\/strong> Un poco m\u00e1s de 25 actores y no actores. Y s\u00ed, es totalmente ad-honorem, ni yo como productora y directora gano nada, al contrario, tengo que aportar todo lo que necesito para la presentaci\u00f3n. Te cuento que en la obra de JESUS DE NAZARET, aparte de los m\u00e1s de los actores, se unen en la 14 calle ciento cincuenta romanos del Escuadr\u00f3n de Romanos de El Calvario.<\/p>\n<p style=\"text-align: justify;\"><strong>\u00bfCu\u00e1nto tiempo se lleva el recorrido de la Catedral al Calvario?<\/strong> Dos horas y media.<\/p>\n<p style=\"text-align: justify;\"><strong>\u00bfPuedes compartirnos cu\u00e1l es el tema de la obra?<\/strong> Es un Viacrucis en vivo.\u00a0 Los momentos vividos por JESUS DE NAZARET d\u00edas previos a su crucifixi\u00f3n.\u00a0 Desde su llegada a Jerusal\u00e9n el domingo de ramos hasta su crucifixi\u00f3n y descendimiento de la cruz el Viernes Santo.<\/p>\n<p style=\"text-align: justify;\"><strong>\u00bfQu\u00e9 dificultades has encontrado para llevar a cabo la obra?<\/strong> Te imaginas.\u00a0 Conseguir lugar para ensayos, convocar a actores y no actores para participar.\u00a0 Actualmente, sacar licencia.\u00a0 Cumplir con los requerimientos de CONRED, los cuales considero necesarios.\u00a0 Ver las necesidades de vestuario y elementos que se usan para su desarrollo. Conseguir cruces y mobiliario de la Iglesia de San Francisco para la Santa Cena, que se dramatiza frente a esa Iglesia. Ahora, elaborar uniformes para las personas que colaboran con el orden del Viacrucis, conseguir permisos para acompa\u00f1amiento de seguridad. Convocar al Escuadr\u00f3n de Romanos de El Calvario, etc.<\/p>\n<p style=\"text-align: justify;\"><strong>\u00bfLos participantes realizan ensayos previos?<\/strong> Por supuesto, de lo contrario no se podr\u00eda presentar.<\/p>\n<p style=\"text-align: justify;\"><strong>\u00bfQu\u00e9 significado tiene para ti presentar esta obra por m\u00e1s de 25 a\u00f1os<\/strong>? La satisfacci\u00f3n de haber contribuido con el pueblo cristiano de Guatemala para que sientan con m\u00e1s fervor el principal d\u00eda de Semana Santa, lo cual se traduce al mensaje que Dios envi\u00f3 a la humanidad a trav\u00e9s de su hijo Jesucristo: AMAOS LOS UNOS A LOS OTROS PARA QUE LA PAZ REINE ENTRE LOS HOMBRES.<\/p>\n<p style=\"text-align: justify;\"><strong><a href=\"https:\/\/heidysandovalruiz.com\/wp-content\/uploads\/2018\/03\/29133242_1707119302707340_7919044791805935616_n.jpg\"><img loading=\"lazy\" decoding=\"async\" class=\"size-medium wp-image-5724 alignleft\" src=\"https:\/\/heidysandovalruiz.com\/wp-content\/uploads\/2018\/03\/29133242_1707119302707340_7919044791805935616_n-273x300.jpg\" alt=\"29133242_1707119302707340_7919044791805935616_n\" width=\"273\" height=\"300\" srcset=\"https:\/\/heidysandovalruiz.com\/wp-content\/uploads\/2018\/03\/29133242_1707119302707340_7919044791805935616_n-273x300.jpg 273w, https:\/\/heidysandovalruiz.com\/wp-content\/uploads\/2018\/03\/29133242_1707119302707340_7919044791805935616_n.jpg 875w\" sizes=\"auto, (max-width: 273px) 100vw, 273px\" \/><\/a>\u00bfTienes an\u00e9cdotas que a m\u00e1s de 25 a\u00f1os te hayan sucedido?<\/strong> Una muy importante.\u00a0 Est\u00e1bamos a celebrar la Santa Cena, cuando algo sucedi\u00f3 en el equipo de sonido.\u00a0 Como la obra va grabada, par\u00f3 la grabaci\u00f3n y se qued\u00f3 en seco la voz de los actores.\u00a0 Con ello paraba tambi\u00e9n la musicalizaci\u00f3n de la obra.\u00a0 Pero a Dios gracias, y como es una obra para El, se solucion\u00f3 el problema con la pericia de mis hijos y la ayuda de uno que otro que sab\u00edan de esta tecnolog\u00eda.\u00a0 No pas\u00f3 a m\u00e1s, pues los actores realmente dicen sus parlamentos tal y como debe ser.<\/p>\n<p style=\"text-align: justify;\"><strong>\u00bfQu\u00e9 requisitos deben llenar las personas que participan?<\/strong> Tener el deseo de realizar sus personajes como se necesita.\u00a0 Cumplir con los ensayos y seguir mi direcci\u00f3n. B\u00e1sicamente concentrarse en su actuaci\u00f3n, pues \u00e9sta tiene que ser recibida por el p\u00fablico con toda la entrega espiritual del momento.<\/p>\n<p style=\"text-align: justify;\"><strong>A prop\u00f3sito si hay personas interesadas \u00bfTodav\u00eda pueden inscribirse?<\/strong> El elenco, a Dios gracias, ya est\u00e1 conformado.\u00a0 Pero si hay alguna persona a quien le atrajera el deseo de participar, que escriban a tu correo, ya que pueden incluirse como pueblo.<\/p>\n<p style=\"text-align: justify;\"><strong>\u00bfLa obra est\u00e1 apoyada por alguna iglesia?<\/strong> De hecho la Parroquia de Nuestra Se\u00f1ora de los Remedios El Calvario, bajo la Direcci\u00f3n Espiritual del Padre Manuel Chil\u00edn, presta su gran apoyo, pues es la que proporciona las cruces, ramos y el espacio para realizar la crucifixi\u00f3n y descendimiento de Jes\u00fas, as\u00ed como la solicitud de permiso al Centro Hist\u00f3rico. El Escuadr\u00f3n de Romanos de la Parroquia acompa\u00f1a al Viacrucis desde San Francisco hasta El Calvario.\u00a0 La Iglesia de San Francisco me presta la mesa, dos bancas y mantel para la celebraci\u00f3n de la Santa Cena.<\/p>\n<p style=\"text-align: justify;\"><strong>\u00bfQui\u00e9n elabora el vestuario?<\/strong>\u00a0 Distintos realizadores de acuerdo al tiempo con que cuentan y yo me encargo del gasto.<a href=\"https:\/\/heidysandovalruiz.com\/wp-content\/uploads\/2018\/03\/29101573_1707119406040663_2514865456758652928_n.jpg\"><img loading=\"lazy\" decoding=\"async\" class=\"size-medium wp-image-5725 alignright\" src=\"https:\/\/heidysandovalruiz.com\/wp-content\/uploads\/2018\/03\/29101573_1707119406040663_2514865456758652928_n-300x169.jpg\" alt=\"29101573_1707119406040663_2514865456758652928_n\" width=\"300\" height=\"169\" srcset=\"https:\/\/heidysandovalruiz.com\/wp-content\/uploads\/2018\/03\/29101573_1707119406040663_2514865456758652928_n-300x169.jpg 300w, https:\/\/heidysandovalruiz.com\/wp-content\/uploads\/2018\/03\/29101573_1707119406040663_2514865456758652928_n.jpg 960w\" sizes=\"auto, (max-width: 300px) 100vw, 300px\" \/><\/a><\/p>\n<p style=\"text-align: justify;\"><strong>\u00bfDeseas agregar algo m\u00e1s?<\/strong> S\u00ed.\u00a0 Que agradezco altamente la colaboraci\u00f3n de los medios de comunicaci\u00f3n, que a\u00f1o con a\u00f1o me prestan su apoyo para divulgar este evento que se presenta con el fin de llevar el mensaje de Dios al pueblo cristiano de Guatemala.\u00a0 Gracias a ti, Heidy que contribuyes a enaltecer la actividad art\u00edstico-cultural del pa\u00eds.<\/p>\n<p style=\"text-align: justify;\">Agradezco a nuestra querida amiga Ana Mar\u00eda Bravo la informaci\u00f3n que nos ha proporcionado y deseamos que este Viernes Santo como los a\u00f1os anteriores su actividad sea un \u00e9xito.<\/p>\n<p style=\"text-align: justify;\">Les invitamos para que se unan al grupo de \u201cArtistas de Guatemala para el Mundo\u201d en este link <a href=\"http:\/\/on.fb.me\/1sn2wSf\">http:\/\/on.fb.me\/1sn2wSf<\/a> \u00a0\u00a0\u00a0el cual tiene como prop\u00f3sito compartir videos, fotos, an\u00e9cdotas y todo lo de nuestros artistas en las diferentes d\u00e9cadas.<\/p>\n<p style=\"text-align: justify;\">Hemos creado el grupo \u201c<strong>Las entrevistas de Heidy<\/strong>\u201d que pueden localizar en<\/p>\n<p style=\"text-align: justify;\"><a href=\"https:\/\/www.facebook.com\/groups\/1443599465933701\/\">https:\/\/www.facebook.com\/groups\/1443599465933701\/<\/a><\/p>\n<p style=\"text-align: justify;\">Tambi\u00e9n ponemos a su disposici\u00f3n el grupo \u201c<strong>Un siglo de anuncios y algo m\u00e1s\u2026\u201d,<\/strong> un espacio donde pueden compartir o comentar los post que se publiquen <a href=\"http:\/\/on.fb.me\/1vASm2g\">http:\/\/on.fb.me\/1vASm2g<\/a><\/p>\n<p style=\"text-align: justify;\"><strong>Las entrevistas las pueden leer en los siguientes links:<\/strong><\/p>\n<p style=\"text-align: justify;\"><a href=\"http:\/\/www.heidysandovalruiz.com\">http:\/\/www.heidysandovalruiz.com<\/a><\/p>\n<p style=\"text-align: justify;\"><a href=\"http:\/\/lasentrevistasdeheidy.blogspot.com\">http:\/\/lasentrevistasdeheidy.blogspot.com<\/a><\/p>\n<p style=\"text-align: justify;\"><a href=\"https:\/\/www.facebook.com\/pages\/Los-invitados-de-Heidy\/892159284204965?ref=hl\">https:\/\/www.facebook.com\/pages\/Los-invitados-de-Heidy\/892159284204965?ref=hl<\/a><\/p>\n<p style=\"text-align: justify;\"><strong>Entrevista realizada por Heidy Sandoval Ruiz<\/strong><\/p>\n","protected":false},"excerpt":{"rendered":"<div class=\"mh-excerpt\"><p>Cada Viernes Santo se realiza desde hace m\u00e1s de 25 a\u00f1os, \u201cJes\u00fas de Nazaret\u201d, obra de teatro itinerante que recorre el Centro Hist\u00f3rico desde el <a class=\"mh-excerpt-more\" href=\"https:\/\/heidysandovalruiz.com\/?p=5721\" title=\"Obra itinerante \u00abJes\u00fas de Nazaret\u00bb\">[&#8230;]<\/a><\/p>\n<\/div>","protected":false},"author":4,"featured_media":5722,"comment_status":"closed","ping_status":"closed","sticky":false,"template":"","format":"standard","meta":{"footnotes":""},"categories":[63],"tags":[397],"class_list":["post-5721","post","type-post","status-publish","format-standard","has-post-thumbnail","hentry","category-varios","tag-obra-itinerante-jesus-de-nazaret"],"_links":{"self":[{"href":"https:\/\/heidysandovalruiz.com\/index.php?rest_route=\/wp\/v2\/posts\/5721","targetHints":{"allow":["GET"]}}],"collection":[{"href":"https:\/\/heidysandovalruiz.com\/index.php?rest_route=\/wp\/v2\/posts"}],"about":[{"href":"https:\/\/heidysandovalruiz.com\/index.php?rest_route=\/wp\/v2\/types\/post"}],"author":[{"embeddable":true,"href":"https:\/\/heidysandovalruiz.com\/index.php?rest_route=\/wp\/v2\/users\/4"}],"replies":[{"embeddable":true,"href":"https:\/\/heidysandovalruiz.com\/index.php?rest_route=%2Fwp%2Fv2%2Fcomments&post=5721"}],"version-history":[{"count":4,"href":"https:\/\/heidysandovalruiz.com\/index.php?rest_route=\/wp\/v2\/posts\/5721\/revisions"}],"predecessor-version":[{"id":5729,"href":"https:\/\/heidysandovalruiz.com\/index.php?rest_route=\/wp\/v2\/posts\/5721\/revisions\/5729"}],"wp:featuredmedia":[{"embeddable":true,"href":"https:\/\/heidysandovalruiz.com\/index.php?rest_route=\/wp\/v2\/media\/5722"}],"wp:attachment":[{"href":"https:\/\/heidysandovalruiz.com\/index.php?rest_route=%2Fwp%2Fv2%2Fmedia&parent=5721"}],"wp:term":[{"taxonomy":"category","embeddable":true,"href":"https:\/\/heidysandovalruiz.com\/index.php?rest_route=%2Fwp%2Fv2%2Fcategories&post=5721"},{"taxonomy":"post_tag","embeddable":true,"href":"https:\/\/heidysandovalruiz.com\/index.php?rest_route=%2Fwp%2Fv2%2Ftags&post=5721"}],"curies":[{"name":"wp","href":"https:\/\/api.w.org\/{rel}","templated":true}]}}